{"id":3124,"date":"2024-09-04T12:03:00","date_gmt":"2024-09-04T10:03:00","guid":{"rendered":"https:\/\/aliso.fr\/reseau\/?p=3124"},"modified":"2025-09-04T12:12:40","modified_gmt":"2025-09-04T10:12:40","slug":"solidarite-aliso","status":"publish","type":"post","link":"https:\/\/aliso.fr\/reseau\/solidarite-aliso\/","title":{"rendered":"SOLIDARITE &amp; ALISO"},"content":{"rendered":"\n<p>Entre 2021 et 2023, un groupe interne \u00e0 ALISO a travaill\u00e9 sur la r\u00e9alisation d\u2019un Fonds de Solidarit\u00e9 (FDS) pour les adh\u00e9rents d\u2019ALISO.<\/p>\n\n\n\n<p>Au-del\u00e0 d\u2019apporter un soutien financier (minime dans un premier temps), le FDS permettrait de tester une forme de gestion autonome et relevant des principes de base de l\u2019ESS (1 personne morale = 1 voix, l\u2019ensemble des participants peut d\u00e9cider, valoriser r\u00e9ellement la co-construction dans les actes etc. ). Compl\u00e9tement \u00ab&nbsp;autonome&nbsp;\u00bb dans sa gestion, avec l\u2019\u00e9quipe salariale comme soutien \u00e0 la mise en place et la logistique, il ne serait pas ind\u00e9pendant d\u2019ALISO. La gestion comptable avec la cr\u00e9ation d\u2019un compte propre serait bien diff\u00e9renci\u00e9e (et entrerait dans notre logique de compta analytique) mais le FDS n\u2019aurait pas de statut juridique propre. <\/p>\n\n\n\n<p>Ce travail a \u00e9t\u00e9 pr\u00e9sent\u00e9 lors de l&rsquo;AG 2022. Demandant des pr\u00e9cisions et ouvrant un d\u00e9bat autour de la solidarit\u00e9, sa mise en oeuvre a \u00e9t\u00e9 repouss\u00e9e.<\/p>\n\n\n\n<p>Au printemps 2023, la derni\u00e8re AG et le CA qui l&rsquo;a suivie (autrement dit l&rsquo;ensemble des adh\u00e9rents) ont act\u00e9 que la solidarit\u00e9 ne se limite pas au Fonds de Solidarit\u00e9. En parall\u00e8le du travail sur sa mise en oeuvre, en tant qu&rsquo;outil concret de solidarit\u00e9, il semble n\u00e9cessaire de revenir sur la notion de solidarit\u00e9 dans le r\u00e9seau : Comment la percevons nous ? Comment l&rsquo;exprimons nous ? Qu&rsquo;en attendons nous ? Concr\u00e8tement, que cela signifie-t-il ? Quelle \u00e9nergie y consacrons nous ? Quels positionnements et engagements sommes nous pr\u00eats \u00e0 prendre les uns et les autres pour \u00eatre solidaires ? Jusqu&rsquo;o\u00f9 ? En quel nom ? De notre association ? De notre personne ? Et en r\u00e9seau, on fait comment alors ?  <\/p>\n\n\n\n<p>JANVIER 2024, La question de la solidarit\u00e9 continue d&rsquo;int\u00e9resser et de questionner, dans le r\u00e9seau. L&rsquo;heure est venue de lancer l&rsquo;appel \u00e0 cotisation pour tester l&rsquo;outil du fonds de solidarit\u00e9 et de poursuivre les travaux sur cette th\u00e9matique transversale et intrins\u00e8que \u00e0 ALISO, notamment avec la r\u00e9union du groupe solidarit\u00e9 qui invite \u00e0 exp\u00e9rimenter diff\u00e9rents outils et modes de recherche pour trouver la d\u00e9finition concr\u00e8te adapt\u00e9e au r\u00e9seau.<\/p>\n\n\n\n<p>En attendant de trouver les r\u00e9ponses \u00e0 ces questions, voici un rappel de quelques exemples d&rsquo;expressions concr\u00e8tes de la solidarit\u00e9 existante dans le r\u00e9seau, \u00e0 travers ces liens : <br><a href=\"https:\/\/aliso.fr\/reseau\/faire-reseau-ou-vivre-un-tutorat\/\">tutorat<\/a> <br><a href=\"https:\/\/aliso.fr\/reseau\/info-reseau-emplois-asso\/\">Au sujet des emplois associatifs <\/a><\/p>\n\n\n\n<p>Vous en avez d&rsquo;autres \u00e0 nous partager ? \u00e0 nous rappeler ? <br>Vous avez envie d&rsquo;aller plus loin sur cette th\u00e9matique ? <br>Ecrivez <a href=\"&#109;&#97;&#x69;&#x6c;&#116;&#111;&#x3a;&#x6c;&#97;&#117;&#x72;&#x65;&#109;&#97;&#x73;&#x73;&#111;&#110;&#x40;&#x61;&#108;&#105;&#x73;&#x6f;&#46;&#102;&#x72;\">ici.<\/a><\/p>\n\n\n\n<figure class=\"wp-block-gallery has-nested-images columns-default is-cropped wp-block-gallery-1 is-layout-flex wp-block-gallery-is-layout-flex\">\n<figure class=\"wp-block-image size-large\"><img loading=\"lazy\" decoding=\"async\" width=\"233\" height=\"330\" data-id=\"2227\" src=\"https:\/\/aliso.fr\/reseau\/wp-content\/uploads\/sites\/4\/2024\/01\/1-2-233x330.png\" alt=\"\" class=\"wp-image-2227\" srcset=\"https:\/\/aliso.fr\/reseau\/wp-content\/uploads\/sites\/4\/2024\/01\/1-2-233x330.png 233w, https:\/\/aliso.fr\/reseau\/wp-content\/uploads\/sites\/4\/2024\/01\/1-2-134x190.png 134w, https:\/\/aliso.fr\/reseau\/wp-content\/uploads\/sites\/4\/2024\/01\/1-2-768x1086.png 768w, https:\/\/aliso.fr\/reseau\/wp-content\/uploads\/sites\/4\/2024\/01\/1-2-1086x1536.png 1086w, https:\/\/aliso.fr\/reseau\/wp-content\/uploads\/sites\/4\/2024\/01\/1-2-1320x1867.png 1320w, https:\/\/aliso.fr\/reseau\/wp-content\/uploads\/sites\/4\/2024\/01\/1-2.png 1414w\" sizes=\"auto, (max-width: 233px) 100vw, 233px\" \/><\/figure>\n<\/figure>\n\n\n\n<figure class=\"wp-block-image\"><img loading=\"lazy\" decoding=\"async\" width=\"224\" height=\"225\" src=\"https:\/\/aliso.fr\/reseau\/wp-content\/uploads\/sites\/4\/2023\/11\/solidarite.png\" alt=\"\" class=\"wp-image-2007\" srcset=\"https:\/\/aliso.fr\/reseau\/wp-content\/uploads\/sites\/4\/2023\/11\/solidarite.png 224w, https:\/\/aliso.fr\/reseau\/wp-content\/uploads\/sites\/4\/2023\/11\/solidarite-189x190.png 189w, https:\/\/aliso.fr\/reseau\/wp-content\/uploads\/sites\/4\/2023\/11\/solidarite-150x150.png 150w, https:\/\/aliso.fr\/reseau\/wp-content\/uploads\/sites\/4\/2023\/11\/solidarite-125x125.png 125w\" sizes=\"auto, (max-width: 224px) 100vw, 224px\" \/><\/figure>\n\n\n\n<figure class=\"wp-block-image is-resized\"><img loading=\"lazy\" decoding=\"async\" width=\"233\" height=\"330\" src=\"https:\/\/aliso.fr\/reseau\/wp-content\/uploads\/sites\/4\/2024\/04\/Presentation-FDS-mars-2024-233x330.png\" alt=\"\" class=\"wp-image-2319\" style=\"width:402px;height:auto\" srcset=\"https:\/\/aliso.fr\/reseau\/wp-content\/uploads\/sites\/4\/2024\/04\/Presentation-FDS-mars-2024-233x330.png 233w, https:\/\/aliso.fr\/reseau\/wp-content\/uploads\/sites\/4\/2024\/04\/Presentation-FDS-mars-2024-134x190.png 134w, https:\/\/aliso.fr\/reseau\/wp-content\/uploads\/sites\/4\/2024\/04\/Presentation-FDS-mars-2024-768x1086.png 768w, https:\/\/aliso.fr\/reseau\/wp-content\/uploads\/sites\/4\/2024\/04\/Presentation-FDS-mars-2024-1086x1536.png 1086w, https:\/\/aliso.fr\/reseau\/wp-content\/uploads\/sites\/4\/2024\/04\/Presentation-FDS-mars-2024-1448x2048.png 1448w, https:\/\/aliso.fr\/reseau\/wp-content\/uploads\/sites\/4\/2024\/04\/Presentation-FDS-mars-2024-1320x1867.png 1320w, https:\/\/aliso.fr\/reseau\/wp-content\/uploads\/sites\/4\/2024\/04\/Presentation-FDS-mars-2024.png 1587w\" sizes=\"auto, (max-width: 233px) 100vw, 233px\" \/><\/figure>\n","protected":false},"excerpt":{"rendered":"<p>Entre 2021 et 2023, un groupe interne \u00e0 ALISO a travaill\u00e9 sur la r\u00e9alisation d\u2019un Fonds de Solidarit\u00e9 (FDS) pour les adh\u00e9rents d\u2019ALISO. Au-del\u00e0 d\u2019apporter un soutien financier (minime dans un premier temps), le FDS permettrait de tester une forme de gestion autonome et relevant des principes de base de l\u2019ESS (1 personne morale =&#8230; <a class=\"excerpt-read-more button\" href=\"https:\/\/aliso.fr\/reseau\/solidarite-aliso\/\" title=\"ReadSOLIDARITE &amp; ALISO\">En savoir plus &raquo;<\/a><\/p>\n","protected":false},"author":3,"featured_media":3125,"comment_status":"closed","ping_status":"open","sticky":false,"template":"","format":"standard","meta":{"footnotes":""},"categories":[3,7],"tags":[],"class_list":["post-3124","post","type-post","status-publish","format-standard","has-post-thumbnail","hentry","category-actualite","category-nos-actions"],"yoast_head":"<!-- This site is optimized with the Yoast SEO plugin v27.4 - https:\/\/yoast.com\/product\/yoast-seo-wordpress\/ -->\n<title>SOLIDARITE &amp; ALISO - Aliso R\u00e9seau<\/title>\n<meta name=\"robots\" content=\"index, follow, max-snippet:-1, max-image-preview:large, max-video-preview:-1\" \/>\n<link rel=\"canonical\" href=\"https:\/\/aliso.fr\/reseau\/solidarite-aliso\/\" \/>\n<meta property=\"og:locale\" content=\"fr_FR\" \/>\n<meta property=\"og:type\" content=\"article\" \/>\n<meta property=\"og:title\" content=\"SOLIDARITE &amp; ALISO - Aliso R\u00e9seau\" \/>\n<meta property=\"og:description\" content=\"Entre 2021 et 2023, un groupe interne \u00e0 ALISO a travaill\u00e9 sur la r\u00e9alisation d\u2019un Fonds de Solidarit\u00e9 (FDS) pour les adh\u00e9rents d\u2019ALISO. Au-del\u00e0 d\u2019apporter un soutien financier (minime dans un premier temps), le FDS permettrait de tester une forme de gestion autonome et relevant des principes de base de l\u2019ESS (1 personne morale =... En savoir plus &raquo;\" \/>\n<meta property=\"og:url\" content=\"https:\/\/aliso.fr\/reseau\/solidarite-aliso\/\" \/>\n<meta property=\"og:site_name\" content=\"Aliso R\u00e9seau\" \/>\n<meta property=\"article:published_time\" content=\"2024-09-04T10:03:00+00:00\" \/>\n<meta property=\"article:modified_time\" content=\"2025-09-04T10:12:40+00:00\" \/>\n<meta property=\"og:image\" content=\"https:\/\/aliso.fr\/reseau\/wp-content\/uploads\/sites\/4\/2025\/09\/Logo-ALISO-couleur.png\" \/>\n\t<meta property=\"og:image:width\" content=\"341\" \/>\n\t<meta property=\"og:image:height\" content=\"467\" \/>\n\t<meta property=\"og:image:type\" content=\"image\/png\" \/>\n<meta name=\"author\" content=\"laure\" \/>\n<meta name=\"twitter:card\" content=\"summary_large_image\" \/>\n<script type=\"application\/ld+json\" class=\"yoast-schema-graph\">{\"@context\":\"https:\\\/\\\/schema.org\",\"@graph\":[{\"@type\":\"Article\",\"@id\":\"https:\\\/\\\/aliso.fr\\\/reseau\\\/solidarite-aliso\\\/#article\",\"isPartOf\":{\"@id\":\"https:\\\/\\\/aliso.fr\\\/reseau\\\/solidarite-aliso\\\/\"},\"author\":{\"name\":\"laure\",\"@id\":\"https:\\\/\\\/aliso.fr\\\/reseau\\\/#\\\/schema\\\/person\\\/056af145b9c52eee21a9f739489104a5\"},\"headline\":\"SOLIDARITE &amp; ALISO\",\"datePublished\":\"2024-09-04T10:03:00+00:00\",\"dateModified\":\"2025-09-04T10:12:40+00:00\",\"mainEntityOfPage\":{\"@id\":\"https:\\\/\\\/aliso.fr\\\/reseau\\\/solidarite-aliso\\\/\"},\"wordCount\":430,\"publisher\":{\"@id\":\"https:\\\/\\\/aliso.fr\\\/reseau\\\/#organization\"},\"image\":{\"@id\":\"https:\\\/\\\/aliso.fr\\\/reseau\\\/solidarite-aliso\\\/#primaryimage\"},\"thumbnailUrl\":\"https:\\\/\\\/aliso.fr\\\/reseau\\\/wp-content\\\/uploads\\\/sites\\\/4\\\/2025\\\/09\\\/Logo-ALISO-couleur.png\",\"articleSection\":[\"Actualit\u00e9\",\"Nos actions\"],\"inLanguage\":\"fr-FR\"},{\"@type\":\"WebPage\",\"@id\":\"https:\\\/\\\/aliso.fr\\\/reseau\\\/solidarite-aliso\\\/\",\"url\":\"https:\\\/\\\/aliso.fr\\\/reseau\\\/solidarite-aliso\\\/\",\"name\":\"SOLIDARITE &amp; ALISO - Aliso R\u00e9seau\",\"isPartOf\":{\"@id\":\"https:\\\/\\\/aliso.fr\\\/reseau\\\/#website\"},\"primaryImageOfPage\":{\"@id\":\"https:\\\/\\\/aliso.fr\\\/reseau\\\/solidarite-aliso\\\/#primaryimage\"},\"image\":{\"@id\":\"https:\\\/\\\/aliso.fr\\\/reseau\\\/solidarite-aliso\\\/#primaryimage\"},\"thumbnailUrl\":\"https:\\\/\\\/aliso.fr\\\/reseau\\\/wp-content\\\/uploads\\\/sites\\\/4\\\/2025\\\/09\\\/Logo-ALISO-couleur.png\",\"datePublished\":\"2024-09-04T10:03:00+00:00\",\"dateModified\":\"2025-09-04T10:12:40+00:00\",\"breadcrumb\":{\"@id\":\"https:\\\/\\\/aliso.fr\\\/reseau\\\/solidarite-aliso\\\/#breadcrumb\"},\"inLanguage\":\"fr-FR\",\"potentialAction\":[{\"@type\":\"ReadAction\",\"target\":[\"https:\\\/\\\/aliso.fr\\\/reseau\\\/solidarite-aliso\\\/\"]}]},{\"@type\":\"ImageObject\",\"inLanguage\":\"fr-FR\",\"@id\":\"https:\\\/\\\/aliso.fr\\\/reseau\\\/solidarite-aliso\\\/#primaryimage\",\"url\":\"https:\\\/\\\/aliso.fr\\\/reseau\\\/wp-content\\\/uploads\\\/sites\\\/4\\\/2025\\\/09\\\/Logo-ALISO-couleur.png\",\"contentUrl\":\"https:\\\/\\\/aliso.fr\\\/reseau\\\/wp-content\\\/uploads\\\/sites\\\/4\\\/2025\\\/09\\\/Logo-ALISO-couleur.png\",\"width\":341,\"height\":467},{\"@type\":\"BreadcrumbList\",\"@id\":\"https:\\\/\\\/aliso.fr\\\/reseau\\\/solidarite-aliso\\\/#breadcrumb\",\"itemListElement\":[{\"@type\":\"ListItem\",\"position\":1,\"name\":\"Accueil\",\"item\":\"https:\\\/\\\/aliso.fr\\\/reseau\\\/\"},{\"@type\":\"ListItem\",\"position\":2,\"name\":\"Actualit\u00e9\",\"item\":\"https:\\\/\\\/aliso.fr\\\/reseau\\\/actualite\\\/\"},{\"@type\":\"ListItem\",\"position\":3,\"name\":\"SOLIDARITE &amp; ALISO\"}]},{\"@type\":\"WebSite\",\"@id\":\"https:\\\/\\\/aliso.fr\\\/reseau\\\/#website\",\"url\":\"https:\\\/\\\/aliso.fr\\\/reseau\\\/\",\"name\":\"Aliso R\u00e9seau\",\"description\":\"R\u00e9seau Creusois des acteurs du lien social\",\"publisher\":{\"@id\":\"https:\\\/\\\/aliso.fr\\\/reseau\\\/#organization\"},\"potentialAction\":[{\"@type\":\"SearchAction\",\"target\":{\"@type\":\"EntryPoint\",\"urlTemplate\":\"https:\\\/\\\/aliso.fr\\\/reseau\\\/?s={search_term_string}\"},\"query-input\":{\"@type\":\"PropertyValueSpecification\",\"valueRequired\":true,\"valueName\":\"search_term_string\"}}],\"inLanguage\":\"fr-FR\"},{\"@type\":\"Organization\",\"@id\":\"https:\\\/\\\/aliso.fr\\\/reseau\\\/#organization\",\"name\":\"Aliso R\u00e9seau\",\"url\":\"https:\\\/\\\/aliso.fr\\\/reseau\\\/\",\"logo\":{\"@type\":\"ImageObject\",\"inLanguage\":\"fr-FR\",\"@id\":\"https:\\\/\\\/aliso.fr\\\/reseau\\\/#\\\/schema\\\/logo\\\/image\\\/\",\"url\":\"https:\\\/\\\/aliso.fr\\\/reseau\\\/wp-content\\\/uploads\\\/sites\\\/4\\\/2022\\\/01\\\/Logo-ALISO-Reseau-2.png\",\"contentUrl\":\"https:\\\/\\\/aliso.fr\\\/reseau\\\/wp-content\\\/uploads\\\/sites\\\/4\\\/2022\\\/01\\\/Logo-ALISO-Reseau-2.png\",\"width\":900,\"height\":970,\"caption\":\"Aliso R\u00e9seau\"},\"image\":{\"@id\":\"https:\\\/\\\/aliso.fr\\\/reseau\\\/#\\\/schema\\\/logo\\\/image\\\/\"}},{\"@type\":\"Person\",\"@id\":\"https:\\\/\\\/aliso.fr\\\/reseau\\\/#\\\/schema\\\/person\\\/056af145b9c52eee21a9f739489104a5\",\"name\":\"laure\"}]}<\/script>\n<!-- \/ Yoast SEO plugin. -->","yoast_head_json":{"title":"SOLIDARITE &amp; ALISO - Aliso R\u00e9seau","robots":{"index":"index","follow":"follow","max-snippet":"max-snippet:-1","max-image-preview":"max-image-preview:large","max-video-preview":"max-video-preview:-1"},"canonical":"https:\/\/aliso.fr\/reseau\/solidarite-aliso\/","og_locale":"fr_FR","og_type":"article","og_title":"SOLIDARITE &amp; ALISO - Aliso R\u00e9seau","og_description":"Entre 2021 et 2023, un groupe interne \u00e0 ALISO a travaill\u00e9 sur la r\u00e9alisation d\u2019un Fonds de Solidarit\u00e9 (FDS) pour les adh\u00e9rents d\u2019ALISO. Au-del\u00e0 d\u2019apporter un soutien financier (minime dans un premier temps), le FDS permettrait de tester une forme de gestion autonome et relevant des principes de base de l\u2019ESS (1 personne morale =... En savoir plus &raquo;","og_url":"https:\/\/aliso.fr\/reseau\/solidarite-aliso\/","og_site_name":"Aliso R\u00e9seau","article_published_time":"2024-09-04T10:03:00+00:00","article_modified_time":"2025-09-04T10:12:40+00:00","og_image":[{"width":341,"height":467,"url":"https:\/\/aliso.fr\/reseau\/wp-content\/uploads\/sites\/4\/2025\/09\/Logo-ALISO-couleur.png","type":"image\/png"}],"author":"laure","twitter_card":"summary_large_image","schema":{"@context":"https:\/\/schema.org","@graph":[{"@type":"Article","@id":"https:\/\/aliso.fr\/reseau\/solidarite-aliso\/#article","isPartOf":{"@id":"https:\/\/aliso.fr\/reseau\/solidarite-aliso\/"},"author":{"name":"laure","@id":"https:\/\/aliso.fr\/reseau\/#\/schema\/person\/056af145b9c52eee21a9f739489104a5"},"headline":"SOLIDARITE &amp; ALISO","datePublished":"2024-09-04T10:03:00+00:00","dateModified":"2025-09-04T10:12:40+00:00","mainEntityOfPage":{"@id":"https:\/\/aliso.fr\/reseau\/solidarite-aliso\/"},"wordCount":430,"publisher":{"@id":"https:\/\/aliso.fr\/reseau\/#organization"},"image":{"@id":"https:\/\/aliso.fr\/reseau\/solidarite-aliso\/#primaryimage"},"thumbnailUrl":"https:\/\/aliso.fr\/reseau\/wp-content\/uploads\/sites\/4\/2025\/09\/Logo-ALISO-couleur.png","articleSection":["Actualit\u00e9","Nos actions"],"inLanguage":"fr-FR"},{"@type":"WebPage","@id":"https:\/\/aliso.fr\/reseau\/solidarite-aliso\/","url":"https:\/\/aliso.fr\/reseau\/solidarite-aliso\/","name":"SOLIDARITE &amp; ALISO - Aliso R\u00e9seau","isPartOf":{"@id":"https:\/\/aliso.fr\/reseau\/#website"},"primaryImageOfPage":{"@id":"https:\/\/aliso.fr\/reseau\/solidarite-aliso\/#primaryimage"},"image":{"@id":"https:\/\/aliso.fr\/reseau\/solidarite-aliso\/#primaryimage"},"thumbnailUrl":"https:\/\/aliso.fr\/reseau\/wp-content\/uploads\/sites\/4\/2025\/09\/Logo-ALISO-couleur.png","datePublished":"2024-09-04T10:03:00+00:00","dateModified":"2025-09-04T10:12:40+00:00","breadcrumb":{"@id":"https:\/\/aliso.fr\/reseau\/solidarite-aliso\/#breadcrumb"},"inLanguage":"fr-FR","potentialAction":[{"@type":"ReadAction","target":["https:\/\/aliso.fr\/reseau\/solidarite-aliso\/"]}]},{"@type":"ImageObject","inLanguage":"fr-FR","@id":"https:\/\/aliso.fr\/reseau\/solidarite-aliso\/#primaryimage","url":"https:\/\/aliso.fr\/reseau\/wp-content\/uploads\/sites\/4\/2025\/09\/Logo-ALISO-couleur.png","contentUrl":"https:\/\/aliso.fr\/reseau\/wp-content\/uploads\/sites\/4\/2025\/09\/Logo-ALISO-couleur.png","width":341,"height":467},{"@type":"BreadcrumbList","@id":"https:\/\/aliso.fr\/reseau\/solidarite-aliso\/#breadcrumb","itemListElement":[{"@type":"ListItem","position":1,"name":"Accueil","item":"https:\/\/aliso.fr\/reseau\/"},{"@type":"ListItem","position":2,"name":"Actualit\u00e9","item":"https:\/\/aliso.fr\/reseau\/actualite\/"},{"@type":"ListItem","position":3,"name":"SOLIDARITE &amp; ALISO"}]},{"@type":"WebSite","@id":"https:\/\/aliso.fr\/reseau\/#website","url":"https:\/\/aliso.fr\/reseau\/","name":"Aliso R\u00e9seau","description":"R\u00e9seau Creusois des acteurs du lien social","publisher":{"@id":"https:\/\/aliso.fr\/reseau\/#organization"},"potentialAction":[{"@type":"SearchAction","target":{"@type":"EntryPoint","urlTemplate":"https:\/\/aliso.fr\/reseau\/?s={search_term_string}"},"query-input":{"@type":"PropertyValueSpecification","valueRequired":true,"valueName":"search_term_string"}}],"inLanguage":"fr-FR"},{"@type":"Organization","@id":"https:\/\/aliso.fr\/reseau\/#organization","name":"Aliso R\u00e9seau","url":"https:\/\/aliso.fr\/reseau\/","logo":{"@type":"ImageObject","inLanguage":"fr-FR","@id":"https:\/\/aliso.fr\/reseau\/#\/schema\/logo\/image\/","url":"https:\/\/aliso.fr\/reseau\/wp-content\/uploads\/sites\/4\/2022\/01\/Logo-ALISO-Reseau-2.png","contentUrl":"https:\/\/aliso.fr\/reseau\/wp-content\/uploads\/sites\/4\/2022\/01\/Logo-ALISO-Reseau-2.png","width":900,"height":970,"caption":"Aliso R\u00e9seau"},"image":{"@id":"https:\/\/aliso.fr\/reseau\/#\/schema\/logo\/image\/"}},{"@type":"Person","@id":"https:\/\/aliso.fr\/reseau\/#\/schema\/person\/056af145b9c52eee21a9f739489104a5","name":"laure"}]}},"_links":{"self":[{"href":"https:\/\/aliso.fr\/reseau\/wp-json\/wp\/v2\/posts\/3124","targetHints":{"allow":["GET"]}}],"collection":[{"href":"https:\/\/aliso.fr\/reseau\/wp-json\/wp\/v2\/posts"}],"about":[{"href":"https:\/\/aliso.fr\/reseau\/wp-json\/wp\/v2\/types\/post"}],"author":[{"embeddable":true,"href":"https:\/\/aliso.fr\/reseau\/wp-json\/wp\/v2\/users\/3"}],"replies":[{"embeddable":true,"href":"https:\/\/aliso.fr\/reseau\/wp-json\/wp\/v2\/comments?post=3124"}],"version-history":[{"count":1,"href":"https:\/\/aliso.fr\/reseau\/wp-json\/wp\/v2\/posts\/3124\/revisions"}],"predecessor-version":[{"id":3126,"href":"https:\/\/aliso.fr\/reseau\/wp-json\/wp\/v2\/posts\/3124\/revisions\/3126"}],"wp:featuredmedia":[{"embeddable":true,"href":"https:\/\/aliso.fr\/reseau\/wp-json\/wp\/v2\/media\/3125"}],"wp:attachment":[{"href":"https:\/\/aliso.fr\/reseau\/wp-json\/wp\/v2\/media?parent=3124"}],"wp:term":[{"taxonomy":"category","embeddable":true,"href":"https:\/\/aliso.fr\/reseau\/wp-json\/wp\/v2\/categories?post=3124"},{"taxonomy":"post_tag","embeddable":true,"href":"https:\/\/aliso.fr\/reseau\/wp-json\/wp\/v2\/tags?post=3124"}],"curies":[{"name":"wp","href":"https:\/\/api.w.org\/{rel}","templated":true}]}}