{"id":3157,"date":"2025-10-07T15:44:24","date_gmt":"2025-10-07T13:44:24","guid":{"rendered":"https:\/\/aliso.fr\/reseau\/?p=3157"},"modified":"2025-10-09T12:32:03","modified_gmt":"2025-10-09T10:32:03","slug":"hygiene-numerique-pour-quoi-faire","status":"publish","type":"post","link":"https:\/\/aliso.fr\/reseau\/hygiene-numerique-pour-quoi-faire\/","title":{"rendered":"Hygi\u00e8ne num\u00e9rique : Pour quoi faire ?"},"content":{"rendered":"\n<p><strong>\ud83d\udea8 Ne sous-estimez pas les cybermenaces !<\/strong><\/p>\n\n\n\n<p>Lors de notre dernier <strong>groupe m\u00e9tier des responsables administratifs et comptables<\/strong>, nous avons eu une sensibilisation qui a fait l\u2019effet d\u2019un signal d\u2019alerte : <strong>aucune structure n\u2019est trop petite pour \u00eatre cibl\u00e9e par une cyberattaque. <\/strong>On a des exemples dans le r\u00e9seau. Et&#8230; on peut tout perdre !<br><br>Nos structures manipulent des donn\u00e9es pr\u00e9cieuses : celles de nos adh\u00e9rents, de nos partenaires, parfois d\u2019enfants. Ce patrimoine m\u00e9rite toute notre vigilance.<\/p>\n\n\n\n<p>\ud83d\udc49 En 2024, l\u2019<strong>hame\u00e7onnage (phishing)<\/strong> reste la menace la plus fr\u00e9quente. Et les attaques ne visent pas seulement les grandes organisations : les cybercriminels s\u2019attaquent aux structures les plus vuln\u00e9rables, souvent par opportunisme car elles sont moins vigilantes.<\/p>\n\n\n\n<p>La bonne nouvelle ? <strong>80 % des risques peuvent \u00eatre \u00e9vit\u00e9s gr\u00e2ce \u00e0 des gestes simple<\/strong>s.<\/p>\n\n\n\n<p><a href=\"https:\/\/haveibeenpwned.com\/\">V\u00c9RIFIEZ ICI SI VOTRE ADRESSE MAIL A D\u00c9J\u00c0 \u00c9T\u00c9 PIRAT\u00c9E<\/a><\/p>\n\n\n\n<h2 class=\"wp-block-heading\"><strong>\u2705 Nos conseils essentiels<\/strong><\/h2>\n\n\n\n<ul class=\"wp-block-list\">\n<li><strong>Des mots de passe solides + la double authentification<\/strong> : premi\u00e8re barri\u00e8re contre les intrusions.<\/li>\n\n\n\n<li><strong>Mettre \u00e0 jour r\u00e9guli\u00e8rement vos logiciels<\/strong> : chaque salari\u00e9 doit pouvoir le faire.<\/li>\n\n\n\n<li><strong>Sauvegarder vos donn\u00e9es sur plusieurs supports<\/strong> : cloud, disque dur externe, cl\u00e9 USB d\u00e9connect\u00e9e\u2026 et si possible une copie hors du lieu de travail.<\/li>\n\n\n\n<li><strong>Vigilance face aux mails suspects<\/strong> : ne cliquez pas, n\u2019ouvrez pas de pi\u00e8ces jointes douteuses.<\/li>\n\n\n\n<li><strong>Former et sensibiliser vos \u00e9quipes<\/strong> : d\u00e9finissez une proc\u00e9dure claire en cas d\u2019incident.<\/li>\n<\/ul>\n\n\n\n<p>Ces gestes simples permettent de r\u00e9duire fortement les risques li\u00e9s au phishing, au ransomware, au vol de donn\u00e9es\u2026 et m\u00eame \u00e0 l\u2019erreur humaine.<\/p>\n\n\n\n<h1 class=\"wp-block-heading\"><strong>\ud83d\ude80 Et maintenant, on agit ?<\/strong><\/h1>\n\n\n\n<p>ALISO peut vous proposer :<\/p>\n\n\n\n<ul class=\"wp-block-list\">\n<li><strong>Une s\u00e9ance de sensibilisation collective en 2026<\/strong><\/li>\n\n\n\n<li><strong>Un accompagnement individuel<\/strong>, si vous le souhaitez<\/li>\n<\/ul>\n\n\n\n<p>\ud83d\udce9 Pour en savoir plus ou manifester votre int\u00e9r\u00eat, \u00e9crivez \u00e0 <a href=\"&#x6d;&#x61;&#x69;&#x6c;&#x74;&#111;&#58;&#99;&#104;ris&#x74;&#x65;&#x6c;&#x6c;&#x65;&#x61;&#117;&#102;&#97;ure&#x40;&#x61;&#x6c;&#x69;&#x73;&#x6f;&#46;&#102;&#114;\"><strong>ch&#114;&#105;&#115;&#116;&#x65;&#x6c;&#x6c;&#x65;&#x61;uf&#97;&#117;&#114;&#101;&#x40;&#x61;&#x6c;&#x69;&#x73;o&#46;&#102;&#114;<\/strong><\/a> ou contactez directement l\u2019\u00e9quipe ALISO. On vous attend.<\/p>\n\n\n\n<p><\/p>\n","protected":false},"excerpt":{"rendered":"<p>\ud83d\udea8 Ne sous-estimez pas les cybermenaces ! Lors de notre dernier groupe m\u00e9tier des responsables administratifs et comptables, nous avons eu une sensibilisation qui a fait l\u2019effet d\u2019un signal d\u2019alerte : aucune structure n\u2019est trop petite pour \u00eatre cibl\u00e9e par une cyberattaque. On a des exemples dans le r\u00e9seau. Et&#8230; on peut tout perdre !&#8230; <a class=\"excerpt-read-more button\" href=\"https:\/\/aliso.fr\/reseau\/hygiene-numerique-pour-quoi-faire\/\" title=\"ReadHygi\u00e8ne num\u00e9rique : Pour quoi faire ?\">En savoir plus &raquo;<\/a><\/p>\n","protected":false},"author":3,"featured_media":3158,"comment_status":"closed","ping_status":"open","sticky":false,"template":"","format":"standard","meta":{"footnotes":""},"categories":[3,7],"tags":[],"class_list":["post-3157","post","type-post","status-publish","format-standard","has-post-thumbnail","hentry","category-actualite","category-nos-actions"],"yoast_head":"<!-- This site is optimized with the Yoast SEO plugin v27.4 - https:\/\/yoast.com\/product\/yoast-seo-wordpress\/ -->\n<title>Hygi\u00e8ne num\u00e9rique : Pour quoi faire ? - Aliso R\u00e9seau<\/title>\n<meta name=\"robots\" content=\"index, follow, max-snippet:-1, max-image-preview:large, max-video-preview:-1\" \/>\n<link rel=\"canonical\" href=\"https:\/\/aliso.fr\/reseau\/hygiene-numerique-pour-quoi-faire\/\" \/>\n<meta property=\"og:locale\" content=\"fr_FR\" \/>\n<meta property=\"og:type\" content=\"article\" \/>\n<meta property=\"og:title\" content=\"Hygi\u00e8ne num\u00e9rique : Pour quoi faire ? - Aliso R\u00e9seau\" \/>\n<meta property=\"og:description\" content=\"\ud83d\udea8 Ne sous-estimez pas les cybermenaces ! Lors de notre dernier groupe m\u00e9tier des responsables administratifs et comptables, nous avons eu une sensibilisation qui a fait l\u2019effet d\u2019un signal d\u2019alerte : aucune structure n\u2019est trop petite pour \u00eatre cibl\u00e9e par une cyberattaque. On a des exemples dans le r\u00e9seau. Et&#8230; on peut tout perdre !... En savoir plus &raquo;\" \/>\n<meta property=\"og:url\" content=\"https:\/\/aliso.fr\/reseau\/hygiene-numerique-pour-quoi-faire\/\" \/>\n<meta property=\"og:site_name\" content=\"Aliso R\u00e9seau\" \/>\n<meta property=\"article:published_time\" content=\"2025-10-07T13:44:24+00:00\" \/>\n<meta property=\"article:modified_time\" content=\"2025-10-09T10:32:03+00:00\" \/>\n<meta property=\"og:image\" content=\"https:\/\/aliso.fr\/reseau\/wp-content\/uploads\/sites\/4\/2025\/10\/cybercriminaliteimage.jpg\" \/>\n\t<meta property=\"og:image:width\" content=\"1920\" \/>\n\t<meta property=\"og:image:height\" content=\"1248\" \/>\n\t<meta property=\"og:image:type\" content=\"image\/jpeg\" \/>\n<meta name=\"author\" content=\"laure\" \/>\n<meta name=\"twitter:card\" content=\"summary_large_image\" \/>\n<script type=\"application\/ld+json\" class=\"yoast-schema-graph\">{\"@context\":\"https:\\\/\\\/schema.org\",\"@graph\":[{\"@type\":\"Article\",\"@id\":\"https:\\\/\\\/aliso.fr\\\/reseau\\\/hygiene-numerique-pour-quoi-faire\\\/#article\",\"isPartOf\":{\"@id\":\"https:\\\/\\\/aliso.fr\\\/reseau\\\/hygiene-numerique-pour-quoi-faire\\\/\"},\"author\":{\"name\":\"laure\",\"@id\":\"https:\\\/\\\/aliso.fr\\\/reseau\\\/#\\\/schema\\\/person\\\/056af145b9c52eee21a9f739489104a5\"},\"headline\":\"Hygi\u00e8ne num\u00e9rique : Pour quoi faire ?\",\"datePublished\":\"2025-10-07T13:44:24+00:00\",\"dateModified\":\"2025-10-09T10:32:03+00:00\",\"mainEntityOfPage\":{\"@id\":\"https:\\\/\\\/aliso.fr\\\/reseau\\\/hygiene-numerique-pour-quoi-faire\\\/\"},\"wordCount\":318,\"publisher\":{\"@id\":\"https:\\\/\\\/aliso.fr\\\/reseau\\\/#organization\"},\"image\":{\"@id\":\"https:\\\/\\\/aliso.fr\\\/reseau\\\/hygiene-numerique-pour-quoi-faire\\\/#primaryimage\"},\"thumbnailUrl\":\"https:\\\/\\\/aliso.fr\\\/reseau\\\/wp-content\\\/uploads\\\/sites\\\/4\\\/2025\\\/10\\\/cybercriminaliteimage.jpg\",\"articleSection\":[\"Actualit\u00e9\",\"Nos actions\"],\"inLanguage\":\"fr-FR\"},{\"@type\":\"WebPage\",\"@id\":\"https:\\\/\\\/aliso.fr\\\/reseau\\\/hygiene-numerique-pour-quoi-faire\\\/\",\"url\":\"https:\\\/\\\/aliso.fr\\\/reseau\\\/hygiene-numerique-pour-quoi-faire\\\/\",\"name\":\"Hygi\u00e8ne num\u00e9rique : Pour quoi faire ? - Aliso R\u00e9seau\",\"isPartOf\":{\"@id\":\"https:\\\/\\\/aliso.fr\\\/reseau\\\/#website\"},\"primaryImageOfPage\":{\"@id\":\"https:\\\/\\\/aliso.fr\\\/reseau\\\/hygiene-numerique-pour-quoi-faire\\\/#primaryimage\"},\"image\":{\"@id\":\"https:\\\/\\\/aliso.fr\\\/reseau\\\/hygiene-numerique-pour-quoi-faire\\\/#primaryimage\"},\"thumbnailUrl\":\"https:\\\/\\\/aliso.fr\\\/reseau\\\/wp-content\\\/uploads\\\/sites\\\/4\\\/2025\\\/10\\\/cybercriminaliteimage.jpg\",\"datePublished\":\"2025-10-07T13:44:24+00:00\",\"dateModified\":\"2025-10-09T10:32:03+00:00\",\"breadcrumb\":{\"@id\":\"https:\\\/\\\/aliso.fr\\\/reseau\\\/hygiene-numerique-pour-quoi-faire\\\/#breadcrumb\"},\"inLanguage\":\"fr-FR\",\"potentialAction\":[{\"@type\":\"ReadAction\",\"target\":[\"https:\\\/\\\/aliso.fr\\\/reseau\\\/hygiene-numerique-pour-quoi-faire\\\/\"]}]},{\"@type\":\"ImageObject\",\"inLanguage\":\"fr-FR\",\"@id\":\"https:\\\/\\\/aliso.fr\\\/reseau\\\/hygiene-numerique-pour-quoi-faire\\\/#primaryimage\",\"url\":\"https:\\\/\\\/aliso.fr\\\/reseau\\\/wp-content\\\/uploads\\\/sites\\\/4\\\/2025\\\/10\\\/cybercriminaliteimage.jpg\",\"contentUrl\":\"https:\\\/\\\/aliso.fr\\\/reseau\\\/wp-content\\\/uploads\\\/sites\\\/4\\\/2025\\\/10\\\/cybercriminaliteimage.jpg\",\"width\":1920,\"height\":1248},{\"@type\":\"BreadcrumbList\",\"@id\":\"https:\\\/\\\/aliso.fr\\\/reseau\\\/hygiene-numerique-pour-quoi-faire\\\/#breadcrumb\",\"itemListElement\":[{\"@type\":\"ListItem\",\"position\":1,\"name\":\"Accueil\",\"item\":\"https:\\\/\\\/aliso.fr\\\/reseau\\\/\"},{\"@type\":\"ListItem\",\"position\":2,\"name\":\"Actualit\u00e9\",\"item\":\"https:\\\/\\\/aliso.fr\\\/reseau\\\/actualite\\\/\"},{\"@type\":\"ListItem\",\"position\":3,\"name\":\"Hygi\u00e8ne num\u00e9rique : Pour quoi faire ?\"}]},{\"@type\":\"WebSite\",\"@id\":\"https:\\\/\\\/aliso.fr\\\/reseau\\\/#website\",\"url\":\"https:\\\/\\\/aliso.fr\\\/reseau\\\/\",\"name\":\"Aliso R\u00e9seau\",\"description\":\"R\u00e9seau Creusois des acteurs du lien social\",\"publisher\":{\"@id\":\"https:\\\/\\\/aliso.fr\\\/reseau\\\/#organization\"},\"potentialAction\":[{\"@type\":\"SearchAction\",\"target\":{\"@type\":\"EntryPoint\",\"urlTemplate\":\"https:\\\/\\\/aliso.fr\\\/reseau\\\/?s={search_term_string}\"},\"query-input\":{\"@type\":\"PropertyValueSpecification\",\"valueRequired\":true,\"valueName\":\"search_term_string\"}}],\"inLanguage\":\"fr-FR\"},{\"@type\":\"Organization\",\"@id\":\"https:\\\/\\\/aliso.fr\\\/reseau\\\/#organization\",\"name\":\"Aliso R\u00e9seau\",\"url\":\"https:\\\/\\\/aliso.fr\\\/reseau\\\/\",\"logo\":{\"@type\":\"ImageObject\",\"inLanguage\":\"fr-FR\",\"@id\":\"https:\\\/\\\/aliso.fr\\\/reseau\\\/#\\\/schema\\\/logo\\\/image\\\/\",\"url\":\"https:\\\/\\\/aliso.fr\\\/reseau\\\/wp-content\\\/uploads\\\/sites\\\/4\\\/2022\\\/01\\\/Logo-ALISO-Reseau-2.png\",\"contentUrl\":\"https:\\\/\\\/aliso.fr\\\/reseau\\\/wp-content\\\/uploads\\\/sites\\\/4\\\/2022\\\/01\\\/Logo-ALISO-Reseau-2.png\",\"width\":900,\"height\":970,\"caption\":\"Aliso R\u00e9seau\"},\"image\":{\"@id\":\"https:\\\/\\\/aliso.fr\\\/reseau\\\/#\\\/schema\\\/logo\\\/image\\\/\"}},{\"@type\":\"Person\",\"@id\":\"https:\\\/\\\/aliso.fr\\\/reseau\\\/#\\\/schema\\\/person\\\/056af145b9c52eee21a9f739489104a5\",\"name\":\"laure\"}]}<\/script>\n<!-- \/ Yoast SEO plugin. -->","yoast_head_json":{"title":"Hygi\u00e8ne num\u00e9rique : Pour quoi faire ? - Aliso R\u00e9seau","robots":{"index":"index","follow":"follow","max-snippet":"max-snippet:-1","max-image-preview":"max-image-preview:large","max-video-preview":"max-video-preview:-1"},"canonical":"https:\/\/aliso.fr\/reseau\/hygiene-numerique-pour-quoi-faire\/","og_locale":"fr_FR","og_type":"article","og_title":"Hygi\u00e8ne num\u00e9rique : Pour quoi faire ? - Aliso R\u00e9seau","og_description":"\ud83d\udea8 Ne sous-estimez pas les cybermenaces ! Lors de notre dernier groupe m\u00e9tier des responsables administratifs et comptables, nous avons eu une sensibilisation qui a fait l\u2019effet d\u2019un signal d\u2019alerte : aucune structure n\u2019est trop petite pour \u00eatre cibl\u00e9e par une cyberattaque. On a des exemples dans le r\u00e9seau. Et&#8230; on peut tout perdre !... En savoir plus &raquo;","og_url":"https:\/\/aliso.fr\/reseau\/hygiene-numerique-pour-quoi-faire\/","og_site_name":"Aliso R\u00e9seau","article_published_time":"2025-10-07T13:44:24+00:00","article_modified_time":"2025-10-09T10:32:03+00:00","og_image":[{"width":1920,"height":1248,"url":"https:\/\/aliso.fr\/reseau\/wp-content\/uploads\/sites\/4\/2025\/10\/cybercriminaliteimage.jpg","type":"image\/jpeg"}],"author":"laure","twitter_card":"summary_large_image","schema":{"@context":"https:\/\/schema.org","@graph":[{"@type":"Article","@id":"https:\/\/aliso.fr\/reseau\/hygiene-numerique-pour-quoi-faire\/#article","isPartOf":{"@id":"https:\/\/aliso.fr\/reseau\/hygiene-numerique-pour-quoi-faire\/"},"author":{"name":"laure","@id":"https:\/\/aliso.fr\/reseau\/#\/schema\/person\/056af145b9c52eee21a9f739489104a5"},"headline":"Hygi\u00e8ne num\u00e9rique : Pour quoi faire ?","datePublished":"2025-10-07T13:44:24+00:00","dateModified":"2025-10-09T10:32:03+00:00","mainEntityOfPage":{"@id":"https:\/\/aliso.fr\/reseau\/hygiene-numerique-pour-quoi-faire\/"},"wordCount":318,"publisher":{"@id":"https:\/\/aliso.fr\/reseau\/#organization"},"image":{"@id":"https:\/\/aliso.fr\/reseau\/hygiene-numerique-pour-quoi-faire\/#primaryimage"},"thumbnailUrl":"https:\/\/aliso.fr\/reseau\/wp-content\/uploads\/sites\/4\/2025\/10\/cybercriminaliteimage.jpg","articleSection":["Actualit\u00e9","Nos actions"],"inLanguage":"fr-FR"},{"@type":"WebPage","@id":"https:\/\/aliso.fr\/reseau\/hygiene-numerique-pour-quoi-faire\/","url":"https:\/\/aliso.fr\/reseau\/hygiene-numerique-pour-quoi-faire\/","name":"Hygi\u00e8ne num\u00e9rique : Pour quoi faire ? - Aliso R\u00e9seau","isPartOf":{"@id":"https:\/\/aliso.fr\/reseau\/#website"},"primaryImageOfPage":{"@id":"https:\/\/aliso.fr\/reseau\/hygiene-numerique-pour-quoi-faire\/#primaryimage"},"image":{"@id":"https:\/\/aliso.fr\/reseau\/hygiene-numerique-pour-quoi-faire\/#primaryimage"},"thumbnailUrl":"https:\/\/aliso.fr\/reseau\/wp-content\/uploads\/sites\/4\/2025\/10\/cybercriminaliteimage.jpg","datePublished":"2025-10-07T13:44:24+00:00","dateModified":"2025-10-09T10:32:03+00:00","breadcrumb":{"@id":"https:\/\/aliso.fr\/reseau\/hygiene-numerique-pour-quoi-faire\/#breadcrumb"},"inLanguage":"fr-FR","potentialAction":[{"@type":"ReadAction","target":["https:\/\/aliso.fr\/reseau\/hygiene-numerique-pour-quoi-faire\/"]}]},{"@type":"ImageObject","inLanguage":"fr-FR","@id":"https:\/\/aliso.fr\/reseau\/hygiene-numerique-pour-quoi-faire\/#primaryimage","url":"https:\/\/aliso.fr\/reseau\/wp-content\/uploads\/sites\/4\/2025\/10\/cybercriminaliteimage.jpg","contentUrl":"https:\/\/aliso.fr\/reseau\/wp-content\/uploads\/sites\/4\/2025\/10\/cybercriminaliteimage.jpg","width":1920,"height":1248},{"@type":"BreadcrumbList","@id":"https:\/\/aliso.fr\/reseau\/hygiene-numerique-pour-quoi-faire\/#breadcrumb","itemListElement":[{"@type":"ListItem","position":1,"name":"Accueil","item":"https:\/\/aliso.fr\/reseau\/"},{"@type":"ListItem","position":2,"name":"Actualit\u00e9","item":"https:\/\/aliso.fr\/reseau\/actualite\/"},{"@type":"ListItem","position":3,"name":"Hygi\u00e8ne num\u00e9rique : Pour quoi faire ?"}]},{"@type":"WebSite","@id":"https:\/\/aliso.fr\/reseau\/#website","url":"https:\/\/aliso.fr\/reseau\/","name":"Aliso R\u00e9seau","description":"R\u00e9seau Creusois des acteurs du lien social","publisher":{"@id":"https:\/\/aliso.fr\/reseau\/#organization"},"potentialAction":[{"@type":"SearchAction","target":{"@type":"EntryPoint","urlTemplate":"https:\/\/aliso.fr\/reseau\/?s={search_term_string}"},"query-input":{"@type":"PropertyValueSpecification","valueRequired":true,"valueName":"search_term_string"}}],"inLanguage":"fr-FR"},{"@type":"Organization","@id":"https:\/\/aliso.fr\/reseau\/#organization","name":"Aliso R\u00e9seau","url":"https:\/\/aliso.fr\/reseau\/","logo":{"@type":"ImageObject","inLanguage":"fr-FR","@id":"https:\/\/aliso.fr\/reseau\/#\/schema\/logo\/image\/","url":"https:\/\/aliso.fr\/reseau\/wp-content\/uploads\/sites\/4\/2022\/01\/Logo-ALISO-Reseau-2.png","contentUrl":"https:\/\/aliso.fr\/reseau\/wp-content\/uploads\/sites\/4\/2022\/01\/Logo-ALISO-Reseau-2.png","width":900,"height":970,"caption":"Aliso R\u00e9seau"},"image":{"@id":"https:\/\/aliso.fr\/reseau\/#\/schema\/logo\/image\/"}},{"@type":"Person","@id":"https:\/\/aliso.fr\/reseau\/#\/schema\/person\/056af145b9c52eee21a9f739489104a5","name":"laure"}]}},"_links":{"self":[{"href":"https:\/\/aliso.fr\/reseau\/wp-json\/wp\/v2\/posts\/3157","targetHints":{"allow":["GET"]}}],"collection":[{"href":"https:\/\/aliso.fr\/reseau\/wp-json\/wp\/v2\/posts"}],"about":[{"href":"https:\/\/aliso.fr\/reseau\/wp-json\/wp\/v2\/types\/post"}],"author":[{"embeddable":true,"href":"https:\/\/aliso.fr\/reseau\/wp-json\/wp\/v2\/users\/3"}],"replies":[{"embeddable":true,"href":"https:\/\/aliso.fr\/reseau\/wp-json\/wp\/v2\/comments?post=3157"}],"version-history":[{"count":2,"href":"https:\/\/aliso.fr\/reseau\/wp-json\/wp\/v2\/posts\/3157\/revisions"}],"predecessor-version":[{"id":3180,"href":"https:\/\/aliso.fr\/reseau\/wp-json\/wp\/v2\/posts\/3157\/revisions\/3180"}],"wp:featuredmedia":[{"embeddable":true,"href":"https:\/\/aliso.fr\/reseau\/wp-json\/wp\/v2\/media\/3158"}],"wp:attachment":[{"href":"https:\/\/aliso.fr\/reseau\/wp-json\/wp\/v2\/media?parent=3157"}],"wp:term":[{"taxonomy":"category","embeddable":true,"href":"https:\/\/aliso.fr\/reseau\/wp-json\/wp\/v2\/categories?post=3157"},{"taxonomy":"post_tag","embeddable":true,"href":"https:\/\/aliso.fr\/reseau\/wp-json\/wp\/v2\/tags?post=3157"}],"curies":[{"name":"wp","href":"https:\/\/api.w.org\/{rel}","templated":true}]}}