{"id":3161,"date":"2025-10-07T16:34:18","date_gmt":"2025-10-07T14:34:18","guid":{"rendered":"https:\/\/aliso.fr\/reseau\/?p=3161"},"modified":"2025-10-09T12:49:09","modified_gmt":"2025-10-09T10:49:09","slug":"16-octobre-le-grand-rdv-pour-les-benevoles","status":"publish","type":"post","link":"https:\/\/aliso.fr\/reseau\/16-octobre-le-grand-rdv-pour-les-benevoles\/","title":{"rendered":"16 OCTOBRE : Le grand RDV pour les b\u00e9n\u00e9voles"},"content":{"rendered":"\n<p>Comme on vous en a d\u00e9j\u00e0 parl\u00e9, Jeudi 16 octobre 2025, on vous accueille \u00e0 9h30 \u00e0 la Salle de la Mairie de Gu\u00e9ret jusqu&rsquo;\u00e0 17h : \u00ab\u00a0Les associations fa\u00e7onnent le territoire-et inversement.\u00a0\u00bb<br><br>Au programme : une journ\u00e9e de recherche ouverte et de partage autour de la vie de vos associations sur le territoire, \u00e0 partir d&rsquo;ateliers participatifs et t\u00e9moignages de recherches en cours. <br>Que v\u00e9hiculent et que permettent vos associations ? Leur r\u00f4le de facilitation ? leur fragilit\u00e9 ? Ce qu&rsquo;elles favorisent ? Leurs facteurs de p\u00e9rennit\u00e9 ?<\/p>\n\n\n\n<p>Le Caf\u00e9 de l&rsquo;Espace, D\u00e9clic, Les Plateaux Limousins, membres du r\u00e9seau, mobilis\u00e9s autour d&rsquo;une recherche aux c\u00f4t\u00e9s des chercheuses et chercheurs du RER et du CREFAD d&rsquo;Auvergne, soutenus par le DLA, ALISO, l&rsquo;Institut Fran\u00e7ais du Monde Associatif et les conseillers d&rsquo;\u00e9ducation populaire et de jeunesse de la DSDEN de la Creuse, vous attendent avec h\u00e2te.<br><br>Ce temps fort est ouvert au r\u00e9seau et bien au-del\u00e0 pour tenter de comprendre l&rsquo;\u00e8re que nous traversons.<br>C&rsquo;est aussi un rendez-vous o\u00f9 pourront s&rsquo;exprimer des soifs d&rsquo;actions et de poursuites sur ces th\u00e9matiques.<br><br>On compte sur votre participation pour nourrir ces discussions constructives, au profit de la sant\u00e9 du monde associatif ! <br><a href=\"https:\/\/nuage.aliso.fr\/index.php\/apps\/forms\/s\/zkAjyGMbRe7EP3RNaDSW5KwW\" target=\"_blank\" rel=\"noreferrer noopener\">Pour vous inscrire : c&rsquo;est l\u00e0!<\/a><\/p>\n\n\n\n<p><a href=\"https:\/\/aliso.fr\/initiatives\/16-oct-journee-recherche-ouverte-les-associations-faconnent-le-territoire-et-inversement\/\" target=\"_blank\" rel=\"noreferrer noopener\">Et pour lire le programme et l&rsquo;article d&rsquo;ALISO Initiatives sur le sujet, c&rsquo;est l\u00e0 ! <\/a><br><\/p>\n","protected":false},"excerpt":{"rendered":"<p>Comme on vous en a d\u00e9j\u00e0 parl\u00e9, Jeudi 16 octobre 2025, on vous accueille \u00e0 9h30 \u00e0 la Salle de la Mairie de Gu\u00e9ret jusqu&rsquo;\u00e0 17h : \u00ab\u00a0Les associations fa\u00e7onnent le territoire-et inversement.\u00a0\u00bb Au programme : une journ\u00e9e de recherche ouverte et de partage autour de la vie de vos associations sur le territoire, \u00e0&#8230; <a class=\"excerpt-read-more button\" href=\"https:\/\/aliso.fr\/reseau\/16-octobre-le-grand-rdv-pour-les-benevoles\/\" title=\"Read16 OCTOBRE : Le grand RDV pour les b\u00e9n\u00e9voles\">En savoir plus &raquo;<\/a><\/p>\n","protected":false},"author":3,"featured_media":3163,"comment_status":"closed","ping_status":"open","sticky":false,"template":"","format":"standard","meta":{"footnotes":""},"categories":[3,7],"tags":[],"class_list":["post-3161","post","type-post","status-publish","format-standard","has-post-thumbnail","hentry","category-actualite","category-nos-actions"],"yoast_head":"<!-- This site is optimized with the Yoast SEO plugin v27.4 - https:\/\/yoast.com\/product\/yoast-seo-wordpress\/ -->\n<title>16 OCTOBRE : Le grand RDV pour les b\u00e9n\u00e9voles - Aliso R\u00e9seau<\/title>\n<meta name=\"robots\" content=\"index, follow, max-snippet:-1, max-image-preview:large, max-video-preview:-1\" \/>\n<link rel=\"canonical\" href=\"https:\/\/aliso.fr\/reseau\/16-octobre-le-grand-rdv-pour-les-benevoles\/\" \/>\n<meta property=\"og:locale\" content=\"fr_FR\" \/>\n<meta property=\"og:type\" content=\"article\" \/>\n<meta property=\"og:title\" content=\"16 OCTOBRE : Le grand RDV pour les b\u00e9n\u00e9voles - Aliso R\u00e9seau\" \/>\n<meta property=\"og:description\" content=\"Comme on vous en a d\u00e9j\u00e0 parl\u00e9, Jeudi 16 octobre 2025, on vous accueille \u00e0 9h30 \u00e0 la Salle de la Mairie de Gu\u00e9ret jusqu&rsquo;\u00e0 17h : \u00ab\u00a0Les associations fa\u00e7onnent le territoire-et inversement.\u00a0\u00bb Au programme : une journ\u00e9e de recherche ouverte et de partage autour de la vie de vos associations sur le territoire, \u00e0... En savoir plus &raquo;\" \/>\n<meta property=\"og:url\" content=\"https:\/\/aliso.fr\/reseau\/16-octobre-le-grand-rdv-pour-les-benevoles\/\" \/>\n<meta property=\"og:site_name\" content=\"Aliso R\u00e9seau\" \/>\n<meta property=\"article:published_time\" content=\"2025-10-07T14:34:18+00:00\" \/>\n<meta property=\"article:modified_time\" content=\"2025-10-09T10:49:09+00:00\" \/>\n<meta property=\"og:image\" content=\"https:\/\/aliso.fr\/reseau\/wp-content\/uploads\/sites\/4\/2025\/10\/social-media-3846597_1280.png\" \/>\n\t<meta property=\"og:image:width\" content=\"1280\" \/>\n\t<meta property=\"og:image:height\" content=\"807\" \/>\n\t<meta property=\"og:image:type\" content=\"image\/png\" \/>\n<meta name=\"author\" content=\"laure\" \/>\n<meta name=\"twitter:card\" content=\"summary_large_image\" \/>\n<script type=\"application\/ld+json\" class=\"yoast-schema-graph\">{\"@context\":\"https:\\\/\\\/schema.org\",\"@graph\":[{\"@type\":\"Article\",\"@id\":\"https:\\\/\\\/aliso.fr\\\/reseau\\\/16-octobre-le-grand-rdv-pour-les-benevoles\\\/#article\",\"isPartOf\":{\"@id\":\"https:\\\/\\\/aliso.fr\\\/reseau\\\/16-octobre-le-grand-rdv-pour-les-benevoles\\\/\"},\"author\":{\"name\":\"laure\",\"@id\":\"https:\\\/\\\/aliso.fr\\\/reseau\\\/#\\\/schema\\\/person\\\/056af145b9c52eee21a9f739489104a5\"},\"headline\":\"16 OCTOBRE : Le grand RDV pour les b\u00e9n\u00e9voles\",\"datePublished\":\"2025-10-07T14:34:18+00:00\",\"dateModified\":\"2025-10-09T10:49:09+00:00\",\"mainEntityOfPage\":{\"@id\":\"https:\\\/\\\/aliso.fr\\\/reseau\\\/16-octobre-le-grand-rdv-pour-les-benevoles\\\/\"},\"wordCount\":244,\"publisher\":{\"@id\":\"https:\\\/\\\/aliso.fr\\\/reseau\\\/#organization\"},\"image\":{\"@id\":\"https:\\\/\\\/aliso.fr\\\/reseau\\\/16-octobre-le-grand-rdv-pour-les-benevoles\\\/#primaryimage\"},\"thumbnailUrl\":\"https:\\\/\\\/aliso.fr\\\/reseau\\\/wp-content\\\/uploads\\\/sites\\\/4\\\/2025\\\/10\\\/social-media-3846597_1280.png\",\"articleSection\":[\"Actualit\u00e9\",\"Nos actions\"],\"inLanguage\":\"fr-FR\"},{\"@type\":\"WebPage\",\"@id\":\"https:\\\/\\\/aliso.fr\\\/reseau\\\/16-octobre-le-grand-rdv-pour-les-benevoles\\\/\",\"url\":\"https:\\\/\\\/aliso.fr\\\/reseau\\\/16-octobre-le-grand-rdv-pour-les-benevoles\\\/\",\"name\":\"16 OCTOBRE : Le grand RDV pour les b\u00e9n\u00e9voles - Aliso R\u00e9seau\",\"isPartOf\":{\"@id\":\"https:\\\/\\\/aliso.fr\\\/reseau\\\/#website\"},\"primaryImageOfPage\":{\"@id\":\"https:\\\/\\\/aliso.fr\\\/reseau\\\/16-octobre-le-grand-rdv-pour-les-benevoles\\\/#primaryimage\"},\"image\":{\"@id\":\"https:\\\/\\\/aliso.fr\\\/reseau\\\/16-octobre-le-grand-rdv-pour-les-benevoles\\\/#primaryimage\"},\"thumbnailUrl\":\"https:\\\/\\\/aliso.fr\\\/reseau\\\/wp-content\\\/uploads\\\/sites\\\/4\\\/2025\\\/10\\\/social-media-3846597_1280.png\",\"datePublished\":\"2025-10-07T14:34:18+00:00\",\"dateModified\":\"2025-10-09T10:49:09+00:00\",\"breadcrumb\":{\"@id\":\"https:\\\/\\\/aliso.fr\\\/reseau\\\/16-octobre-le-grand-rdv-pour-les-benevoles\\\/#breadcrumb\"},\"inLanguage\":\"fr-FR\",\"potentialAction\":[{\"@type\":\"ReadAction\",\"target\":[\"https:\\\/\\\/aliso.fr\\\/reseau\\\/16-octobre-le-grand-rdv-pour-les-benevoles\\\/\"]}]},{\"@type\":\"ImageObject\",\"inLanguage\":\"fr-FR\",\"@id\":\"https:\\\/\\\/aliso.fr\\\/reseau\\\/16-octobre-le-grand-rdv-pour-les-benevoles\\\/#primaryimage\",\"url\":\"https:\\\/\\\/aliso.fr\\\/reseau\\\/wp-content\\\/uploads\\\/sites\\\/4\\\/2025\\\/10\\\/social-media-3846597_1280.png\",\"contentUrl\":\"https:\\\/\\\/aliso.fr\\\/reseau\\\/wp-content\\\/uploads\\\/sites\\\/4\\\/2025\\\/10\\\/social-media-3846597_1280.png\",\"width\":1280,\"height\":807},{\"@type\":\"BreadcrumbList\",\"@id\":\"https:\\\/\\\/aliso.fr\\\/reseau\\\/16-octobre-le-grand-rdv-pour-les-benevoles\\\/#breadcrumb\",\"itemListElement\":[{\"@type\":\"ListItem\",\"position\":1,\"name\":\"Accueil\",\"item\":\"https:\\\/\\\/aliso.fr\\\/reseau\\\/\"},{\"@type\":\"ListItem\",\"position\":2,\"name\":\"Actualit\u00e9\",\"item\":\"https:\\\/\\\/aliso.fr\\\/reseau\\\/actualite\\\/\"},{\"@type\":\"ListItem\",\"position\":3,\"name\":\"16 OCTOBRE : Le grand RDV pour les b\u00e9n\u00e9voles\"}]},{\"@type\":\"WebSite\",\"@id\":\"https:\\\/\\\/aliso.fr\\\/reseau\\\/#website\",\"url\":\"https:\\\/\\\/aliso.fr\\\/reseau\\\/\",\"name\":\"Aliso R\u00e9seau\",\"description\":\"R\u00e9seau Creusois des acteurs du lien social\",\"publisher\":{\"@id\":\"https:\\\/\\\/aliso.fr\\\/reseau\\\/#organization\"},\"potentialAction\":[{\"@type\":\"SearchAction\",\"target\":{\"@type\":\"EntryPoint\",\"urlTemplate\":\"https:\\\/\\\/aliso.fr\\\/reseau\\\/?s={search_term_string}\"},\"query-input\":{\"@type\":\"PropertyValueSpecification\",\"valueRequired\":true,\"valueName\":\"search_term_string\"}}],\"inLanguage\":\"fr-FR\"},{\"@type\":\"Organization\",\"@id\":\"https:\\\/\\\/aliso.fr\\\/reseau\\\/#organization\",\"name\":\"Aliso R\u00e9seau\",\"url\":\"https:\\\/\\\/aliso.fr\\\/reseau\\\/\",\"logo\":{\"@type\":\"ImageObject\",\"inLanguage\":\"fr-FR\",\"@id\":\"https:\\\/\\\/aliso.fr\\\/reseau\\\/#\\\/schema\\\/logo\\\/image\\\/\",\"url\":\"https:\\\/\\\/aliso.fr\\\/reseau\\\/wp-content\\\/uploads\\\/sites\\\/4\\\/2022\\\/01\\\/Logo-ALISO-Reseau-2.png\",\"contentUrl\":\"https:\\\/\\\/aliso.fr\\\/reseau\\\/wp-content\\\/uploads\\\/sites\\\/4\\\/2022\\\/01\\\/Logo-ALISO-Reseau-2.png\",\"width\":900,\"height\":970,\"caption\":\"Aliso R\u00e9seau\"},\"image\":{\"@id\":\"https:\\\/\\\/aliso.fr\\\/reseau\\\/#\\\/schema\\\/logo\\\/image\\\/\"}},{\"@type\":\"Person\",\"@id\":\"https:\\\/\\\/aliso.fr\\\/reseau\\\/#\\\/schema\\\/person\\\/056af145b9c52eee21a9f739489104a5\",\"name\":\"laure\"}]}<\/script>\n<!-- \/ Yoast SEO plugin. -->","yoast_head_json":{"title":"16 OCTOBRE : Le grand RDV pour les b\u00e9n\u00e9voles - Aliso R\u00e9seau","robots":{"index":"index","follow":"follow","max-snippet":"max-snippet:-1","max-image-preview":"max-image-preview:large","max-video-preview":"max-video-preview:-1"},"canonical":"https:\/\/aliso.fr\/reseau\/16-octobre-le-grand-rdv-pour-les-benevoles\/","og_locale":"fr_FR","og_type":"article","og_title":"16 OCTOBRE : Le grand RDV pour les b\u00e9n\u00e9voles - Aliso R\u00e9seau","og_description":"Comme on vous en a d\u00e9j\u00e0 parl\u00e9, Jeudi 16 octobre 2025, on vous accueille \u00e0 9h30 \u00e0 la Salle de la Mairie de Gu\u00e9ret jusqu&rsquo;\u00e0 17h : \u00ab\u00a0Les associations fa\u00e7onnent le territoire-et inversement.\u00a0\u00bb Au programme : une journ\u00e9e de recherche ouverte et de partage autour de la vie de vos associations sur le territoire, \u00e0... En savoir plus &raquo;","og_url":"https:\/\/aliso.fr\/reseau\/16-octobre-le-grand-rdv-pour-les-benevoles\/","og_site_name":"Aliso R\u00e9seau","article_published_time":"2025-10-07T14:34:18+00:00","article_modified_time":"2025-10-09T10:49:09+00:00","og_image":[{"width":1280,"height":807,"url":"https:\/\/aliso.fr\/reseau\/wp-content\/uploads\/sites\/4\/2025\/10\/social-media-3846597_1280.png","type":"image\/png"}],"author":"laure","twitter_card":"summary_large_image","schema":{"@context":"https:\/\/schema.org","@graph":[{"@type":"Article","@id":"https:\/\/aliso.fr\/reseau\/16-octobre-le-grand-rdv-pour-les-benevoles\/#article","isPartOf":{"@id":"https:\/\/aliso.fr\/reseau\/16-octobre-le-grand-rdv-pour-les-benevoles\/"},"author":{"name":"laure","@id":"https:\/\/aliso.fr\/reseau\/#\/schema\/person\/056af145b9c52eee21a9f739489104a5"},"headline":"16 OCTOBRE : Le grand RDV pour les b\u00e9n\u00e9voles","datePublished":"2025-10-07T14:34:18+00:00","dateModified":"2025-10-09T10:49:09+00:00","mainEntityOfPage":{"@id":"https:\/\/aliso.fr\/reseau\/16-octobre-le-grand-rdv-pour-les-benevoles\/"},"wordCount":244,"publisher":{"@id":"https:\/\/aliso.fr\/reseau\/#organization"},"image":{"@id":"https:\/\/aliso.fr\/reseau\/16-octobre-le-grand-rdv-pour-les-benevoles\/#primaryimage"},"thumbnailUrl":"https:\/\/aliso.fr\/reseau\/wp-content\/uploads\/sites\/4\/2025\/10\/social-media-3846597_1280.png","articleSection":["Actualit\u00e9","Nos actions"],"inLanguage":"fr-FR"},{"@type":"WebPage","@id":"https:\/\/aliso.fr\/reseau\/16-octobre-le-grand-rdv-pour-les-benevoles\/","url":"https:\/\/aliso.fr\/reseau\/16-octobre-le-grand-rdv-pour-les-benevoles\/","name":"16 OCTOBRE : Le grand RDV pour les b\u00e9n\u00e9voles - Aliso R\u00e9seau","isPartOf":{"@id":"https:\/\/aliso.fr\/reseau\/#website"},"primaryImageOfPage":{"@id":"https:\/\/aliso.fr\/reseau\/16-octobre-le-grand-rdv-pour-les-benevoles\/#primaryimage"},"image":{"@id":"https:\/\/aliso.fr\/reseau\/16-octobre-le-grand-rdv-pour-les-benevoles\/#primaryimage"},"thumbnailUrl":"https:\/\/aliso.fr\/reseau\/wp-content\/uploads\/sites\/4\/2025\/10\/social-media-3846597_1280.png","datePublished":"2025-10-07T14:34:18+00:00","dateModified":"2025-10-09T10:49:09+00:00","breadcrumb":{"@id":"https:\/\/aliso.fr\/reseau\/16-octobre-le-grand-rdv-pour-les-benevoles\/#breadcrumb"},"inLanguage":"fr-FR","potentialAction":[{"@type":"ReadAction","target":["https:\/\/aliso.fr\/reseau\/16-octobre-le-grand-rdv-pour-les-benevoles\/"]}]},{"@type":"ImageObject","inLanguage":"fr-FR","@id":"https:\/\/aliso.fr\/reseau\/16-octobre-le-grand-rdv-pour-les-benevoles\/#primaryimage","url":"https:\/\/aliso.fr\/reseau\/wp-content\/uploads\/sites\/4\/2025\/10\/social-media-3846597_1280.png","contentUrl":"https:\/\/aliso.fr\/reseau\/wp-content\/uploads\/sites\/4\/2025\/10\/social-media-3846597_1280.png","width":1280,"height":807},{"@type":"BreadcrumbList","@id":"https:\/\/aliso.fr\/reseau\/16-octobre-le-grand-rdv-pour-les-benevoles\/#breadcrumb","itemListElement":[{"@type":"ListItem","position":1,"name":"Accueil","item":"https:\/\/aliso.fr\/reseau\/"},{"@type":"ListItem","position":2,"name":"Actualit\u00e9","item":"https:\/\/aliso.fr\/reseau\/actualite\/"},{"@type":"ListItem","position":3,"name":"16 OCTOBRE : Le grand RDV pour les b\u00e9n\u00e9voles"}]},{"@type":"WebSite","@id":"https:\/\/aliso.fr\/reseau\/#website","url":"https:\/\/aliso.fr\/reseau\/","name":"Aliso R\u00e9seau","description":"R\u00e9seau Creusois des acteurs du lien social","publisher":{"@id":"https:\/\/aliso.fr\/reseau\/#organization"},"potentialAction":[{"@type":"SearchAction","target":{"@type":"EntryPoint","urlTemplate":"https:\/\/aliso.fr\/reseau\/?s={search_term_string}"},"query-input":{"@type":"PropertyValueSpecification","valueRequired":true,"valueName":"search_term_string"}}],"inLanguage":"fr-FR"},{"@type":"Organization","@id":"https:\/\/aliso.fr\/reseau\/#organization","name":"Aliso R\u00e9seau","url":"https:\/\/aliso.fr\/reseau\/","logo":{"@type":"ImageObject","inLanguage":"fr-FR","@id":"https:\/\/aliso.fr\/reseau\/#\/schema\/logo\/image\/","url":"https:\/\/aliso.fr\/reseau\/wp-content\/uploads\/sites\/4\/2022\/01\/Logo-ALISO-Reseau-2.png","contentUrl":"https:\/\/aliso.fr\/reseau\/wp-content\/uploads\/sites\/4\/2022\/01\/Logo-ALISO-Reseau-2.png","width":900,"height":970,"caption":"Aliso R\u00e9seau"},"image":{"@id":"https:\/\/aliso.fr\/reseau\/#\/schema\/logo\/image\/"}},{"@type":"Person","@id":"https:\/\/aliso.fr\/reseau\/#\/schema\/person\/056af145b9c52eee21a9f739489104a5","name":"laure"}]}},"_links":{"self":[{"href":"https:\/\/aliso.fr\/reseau\/wp-json\/wp\/v2\/posts\/3161","targetHints":{"allow":["GET"]}}],"collection":[{"href":"https:\/\/aliso.fr\/reseau\/wp-json\/wp\/v2\/posts"}],"about":[{"href":"https:\/\/aliso.fr\/reseau\/wp-json\/wp\/v2\/types\/post"}],"author":[{"embeddable":true,"href":"https:\/\/aliso.fr\/reseau\/wp-json\/wp\/v2\/users\/3"}],"replies":[{"embeddable":true,"href":"https:\/\/aliso.fr\/reseau\/wp-json\/wp\/v2\/comments?post=3161"}],"version-history":[{"count":3,"href":"https:\/\/aliso.fr\/reseau\/wp-json\/wp\/v2\/posts\/3161\/revisions"}],"predecessor-version":[{"id":3181,"href":"https:\/\/aliso.fr\/reseau\/wp-json\/wp\/v2\/posts\/3161\/revisions\/3181"}],"wp:featuredmedia":[{"embeddable":true,"href":"https:\/\/aliso.fr\/reseau\/wp-json\/wp\/v2\/media\/3163"}],"wp:attachment":[{"href":"https:\/\/aliso.fr\/reseau\/wp-json\/wp\/v2\/media?parent=3161"}],"wp:term":[{"taxonomy":"category","embeddable":true,"href":"https:\/\/aliso.fr\/reseau\/wp-json\/wp\/v2\/categories?post=3161"},{"taxonomy":"post_tag","embeddable":true,"href":"https:\/\/aliso.fr\/reseau\/wp-json\/wp\/v2\/tags?post=3161"}],"curies":[{"name":"wp","href":"https:\/\/api.w.org\/{rel}","templated":true}]}}