{"id":3168,"date":"2025-10-07T16:57:38","date_gmt":"2025-10-07T14:57:38","guid":{"rendered":"https:\/\/aliso.fr\/reseau\/?p=3168"},"modified":"2025-10-08T10:12:15","modified_gmt":"2025-10-08T08:12:15","slug":"11-octobre-mobilisation-nationale","status":"publish","type":"post","link":"https:\/\/aliso.fr\/reseau\/11-octobre-mobilisation-nationale\/","title":{"rendered":"11 OCTOBRE : MOBILISATION NATIONALE"},"content":{"rendered":"\n<p>On vous propose un extrait de la plaquette de 16 pages qui explique la mobilisation initi\u00e9e par Le Mouvement Associatif ci-dessous.<br><br>Pour vous joindre ou suivre la mobilisation : <br>&#8211; A Gu\u00e9ret avec plusieurs r\u00e9seaux associatifs dont ALISO \u00e0 11h :<a href=\"https:\/\/mobilisation11octobre.gogocarto.fr\/map#\/fiche\/Conference-de-Presse-et-temps-dechange\/3j\/@46.171,1.874,12z?cat=all\"> <\/a><a href=\"https:\/\/mobilisation11octobre.gogocarto.fr\/map#\/fiche\/Conference-de-Presse-et-temps-dechange\/3j\/@46.171,1.874,12z?cat=all\" target=\"_blank\" rel=\"noreferrer noopener\">https:\/\/mobilisation11octobre.gogocarto.fr\/map#\/fiche\/Conference-de-Presse-et-temps-dechange\/3j\/@46.171,1.874,12z?cat=all <\/a><\/p>\n\n\n\n<p>Pour poursuivre en actions suite \u00e0 cette initiative : <br>&#8211; A Gu\u00e9ret avec ALISO, TELA et L&rsquo;ARCHIPEL le 2 d\u00e9cembre 2025 (plus d&rsquo;infos \u00e0 venir) : <a href=\"https:\/\/mobilisation11octobre.gogocarto.fr\/map#\/fiche\/CONVERGENCE-ASSOCIATIVE-2-DECEMBRE\/3d\/@46.29,1.31,9z?cat=all@e\" target=\"_blank\" rel=\"noreferrer noopener\">https:\/\/mobilisation11octobre.gogocarto.fr\/map#\/fiche\/CONVERGENCE-ASSOCIATIVE-2-DECEMBRE\/3d\/@46.29,1.31,9z?cat=all@e<\/a><\/p>\n\n\n\n<figure class=\"wp-block-embed is-type-wp-embed is-provider-le-mouvement-associatif wp-block-embed-le-mouvement-associatif\"><div class=\"wp-block-embed__wrapper\">\n<blockquote class=\"wp-embedded-content\" data-secret=\"DRBSrbMZVr\"><a href=\"https:\/\/lemouvementassociatif.org\/mobilisation-du-11-octobre\/\">Mobilisation du 11 octobre<\/a><\/blockquote><iframe loading=\"lazy\" class=\"wp-embedded-content\" sandbox=\"allow-scripts\" security=\"restricted\" style=\"position: absolute; visibility: hidden;\" title=\"\u00ab\u00a0Mobilisation du 11 octobre\u00a0\u00bb &#8212; Le Mouvement associatif\" src=\"https:\/\/lemouvementassociatif.org\/mobilisation-du-11-octobre\/embed\/#?secret=DRBSrbMZVr\" data-secret=\"DRBSrbMZVr\" width=\"600\" height=\"338\" frameborder=\"0\" marginwidth=\"0\" marginheight=\"0\" scrolling=\"no\"><\/iframe>\n<\/div><\/figure>\n\n\n\n<p>\u00ab\u00a0&#8230;Pourquoi cette journ\u00e9e de mobilisation ?<br>LE 11 OCTOBRE, LES ASSOCIATIONS SE MOBILISENT CAR LEUR SITUATION FINANCI\u00c8RE S\u2019EST<br>CONSID\u00c9RABLEMENT D\u00c9GRAD\u00c9E ET QUE LES AUTRES FORMES D\u2019INTERPELLATION N\u2019ONT PAS ABOUTI.<br>En effet, les donn\u00e9es r\u00e9centes sont sans \u00e9quivoque : la tr\u00e9sorerie des associations est en forte baisse,<br>les financements se rar\u00e9fient et diminuent, tandis que les opportunit\u00e9s d\u2019emploi se r\u00e9duisent.<br>Ces constats sont document\u00e9s par diff\u00e9rentes enqu\u00eates (1).<br><br>L\u2019une des plus r\u00e9centes, men\u00e9e par l\u2019ORVA des Hauts-de-France \u00e0 la demande du Mouvement associatif, du R\u00e9seau National des Maisons des Associations et d\u2019Hexop\u00e9e, s\u2019appuie sur 5 557 t\u00e9moignages de dirigeants d\u2019associations de toutes tailles, de tous secteurs d\u2019activit\u00e9s et de toutes r\u00e9gions.<br><\/p>\n\n\n\n<p>En quelques chiffres, cette enqu\u00eate nous r\u00e9v\u00e8le (2) :<br>31 %<br>des associations employeuses disposent d\u2019une tr\u00e9sorerie inf\u00e9rieure \u00e0 trois mois, ce qui les rend particuli\u00e8rement vuln\u00e9rables.<\/p>\n\n\n\n<p>23 %<br>des associations ont des probl\u00e8mes de tr\u00e9sorerie de mani\u00e8re r\u00e9currente et 31 % de mani\u00e8re ponctuelle.<\/p>\n\n\n\n<p>Pr\u00e8s de la moiti\u00e9 des renouvellements de subvention n\u2019ont pas encore abouti :<br>5 % des demandes ont d\u2019ores et d\u00e9j\u00e0 \u00e9t\u00e9 refus\u00e9es<br>et 25 % des subventions d\u00e9j\u00e0 attribu\u00e9es sont en l\u00e9g\u00e8re baisse et 20 % en forte baisse.<\/p>\n\n\n\n<p>28 %<br>des associations d\u00e9clarent diminuer leurs activit\u00e9s,<br>18 % ne remplacent pas les d\u00e9parts<br>de leurs employ\u00e9s ; 16 % annulent ou retardent<br>leurs recrutements et 8 % pensent \u00e0 entamer<br>un plan de sauvegarde avant m\u00eame que les<br>coupes budg\u00e9taires ne produisent leur effet.<\/p>\n\n\n\n<p><br>D\u2019autres donn\u00e9es pr\u00e9cisent les effets des \u00e9conomies r\u00e9alis\u00e9es par les budgets successifs sur le secteur<br>de l\u2019\u00c9conomie Sociale et Solidaire. Selon l\u2019UDES (3), le budget 2025 menace directement plus de 186 000 emplois dans le secteur de l\u2019ESS. D\u2019apr\u00e8s les donn\u00e9es du Bulletin Officiel des Annonces Civiles et Commerciales (BODACC),<br>1 052 proc\u00e9dures collectives concernent des associations en difficult\u00e9, dont 462 liquidations, un chiffre qui a doubl\u00e9 depuis 2022. La collecte de donn\u00e9es documentant les difficult\u00e9s du secteur associatif se poursuit avec le lancement d\u2019une cellule de liaison et d\u2019accompagnement des structures de l\u2019ESS et le deuxi\u00e8me volet de l\u2019enqu\u00eate sur la sant\u00e9 financi\u00e8re des associations, co-port\u00e9e par le Mouvement associatif.<\/p>\n\n\n\n<p><br>\u00c0 la crise budg\u00e9taire et aux coupes, s\u2019ajoute une \u00e9volution structurelle importante du financement associatif qui accentue la d\u00e9gradation de la sant\u00e9 financi\u00e8re des associations. En effet, m\u00eame si la part globale des financements publics dans les ressources associatives reste relativement stable sur le long<br>terme, leur mode d\u2019attribution a profond\u00e9ment \u00e9volu\u00e9.<br>Les subventions pluriannuelles, qui assurent une continuit\u00e9, sont de plus en plus remplac\u00e9es par<br>des financements ponctuels li\u00e9s aux appels \u00e0 projets et aux march\u00e9s publics. Selon le Conseil \u00e9conomique, social et environnemental, la part des subventions publiques dans les ressources des associations a chut\u00e9 de 41 % entre 2005 et 2020, passant de 34 % \u00e0 20 % (4).<br><\/p>\n\n\n\n<p><\/p>\n\n\n\n<p><\/p>\n\n\n\n<p>1 &#8211; \u00c9tude r\u00e9alis\u00e9e par Recherches &amp; Solidarit\u00e9s en f\u00e9vrier 2023 :<br>\u00ab les associations face \u00e0 l\u2019inflation \u00bb<br>Consultation du Conseil \u00e9conomique, social et environnemental<br>pour l\u2019avis du 28 mai 2024 : \u00ab Renforcer le financement des associations :<br>une urgence d\u00e9mocratique \u00bb.<br>2 &#8211; Enqu\u00eate de mars 2025 du RNMA, d\u2019Hexop\u00e9e et du Mouvement associatif<br>\u00ab La sant\u00e9 financi\u00e8re des associations : un constat alarmant \u00bb<br>3 &#8211; https:\/\/www.udes.fr\/actualites\/budget-2025-leconomie-sociale-solidaire-en-peril-<br>186-000-emplois-menaces-par-plf-plfss<br>4 &#8211; Avis du CESE \u201cRenforcer le financement des associations :<br>une urgence d\u00e9mocratique\u201d, 28 mai 2024.<br>Se mobiliser oui,<br>mais par o\u00f9 commencer ?<br>\u00c7A NE TIENT PLUS ! (5) <a href=\"https:\/\/nuage.aliso.fr\/index.php\/s\/7qjdmwKCRzpQyo6\" target=\"_blank\" rel=\"noreferrer noopener\">Retrouver L&rsquo;int\u00e9gralit\u00e9 du document ici<\/a><br>L\u2019ensemble de ces chiffres traduit une r\u00e9alit\u00e9 inqui\u00e9tante : les associations sont fragilis\u00e9es dans<br>leur fonctionnement quotidien, menac\u00e9es dans leur capacit\u00e9 \u00e0 maintenir leurs activit\u00e9s et leurs emplois. &#8230;.\u00a0\u00bb<\/p>\n","protected":false},"excerpt":{"rendered":"<p>On vous propose un extrait de la plaquette de 16 pages qui explique la mobilisation initi\u00e9e par Le Mouvement Associatif ci-dessous. Pour vous joindre ou suivre la mobilisation : &#8211; A Gu\u00e9ret avec plusieurs r\u00e9seaux associatifs dont ALISO \u00e0 11h : https:\/\/mobilisation11octobre.gogocarto.fr\/map#\/fiche\/Conference-de-Presse-et-temps-dechange\/3j\/@46.171,1.874,12z?cat=all Pour poursuivre en actions suite \u00e0 cette initiative : &#8211; A Gu\u00e9ret avec&#8230; <a class=\"excerpt-read-more button\" href=\"https:\/\/aliso.fr\/reseau\/11-octobre-mobilisation-nationale\/\" title=\"Read11 OCTOBRE : MOBILISATION NATIONALE\">En savoir plus &raquo;<\/a><\/p>\n","protected":false},"author":3,"featured_media":3169,"comment_status":"closed","ping_status":"open","sticky":false,"template":"","format":"standard","meta":{"footnotes":""},"categories":[3,7],"tags":[],"class_list":["post-3168","post","type-post","status-publish","format-standard","has-post-thumbnail","hentry","category-actualite","category-nos-actions"],"yoast_head":"<!-- This site is optimized with the Yoast SEO plugin v27.4 - https:\/\/yoast.com\/product\/yoast-seo-wordpress\/ -->\n<title>11 OCTOBRE : MOBILISATION NATIONALE - Aliso R\u00e9seau<\/title>\n<meta name=\"robots\" content=\"index, follow, max-snippet:-1, max-image-preview:large, max-video-preview:-1\" \/>\n<link rel=\"canonical\" href=\"https:\/\/aliso.fr\/reseau\/11-octobre-mobilisation-nationale\/\" \/>\n<meta property=\"og:locale\" content=\"fr_FR\" \/>\n<meta property=\"og:type\" content=\"article\" \/>\n<meta property=\"og:title\" content=\"11 OCTOBRE : MOBILISATION NATIONALE - Aliso R\u00e9seau\" \/>\n<meta property=\"og:description\" content=\"On vous propose un extrait de la plaquette de 16 pages qui explique la mobilisation initi\u00e9e par Le Mouvement Associatif ci-dessous. Pour vous joindre ou suivre la mobilisation : &#8211; A Gu\u00e9ret avec plusieurs r\u00e9seaux associatifs dont ALISO \u00e0 11h : https:\/\/mobilisation11octobre.gogocarto.fr\/map#\/fiche\/Conference-de-Presse-et-temps-dechange\/3j\/@46.171,1.874,12z?cat=all Pour poursuivre en actions suite \u00e0 cette initiative : &#8211; A Gu\u00e9ret avec... En savoir plus &raquo;\" \/>\n<meta property=\"og:url\" content=\"https:\/\/aliso.fr\/reseau\/11-octobre-mobilisation-nationale\/\" \/>\n<meta property=\"og:site_name\" content=\"Aliso R\u00e9seau\" \/>\n<meta property=\"article:published_time\" content=\"2025-10-07T14:57:38+00:00\" \/>\n<meta property=\"article:modified_time\" content=\"2025-10-08T08:12:15+00:00\" \/>\n<meta property=\"og:image\" content=\"https:\/\/aliso.fr\/reseau\/wp-content\/uploads\/sites\/4\/2025\/10\/LMA_Mobilisation-assos-11-10_Flyer_REGION_148x210mm-scaled.jpg\" \/>\n\t<meta property=\"og:image:width\" content=\"1839\" \/>\n\t<meta property=\"og:image:height\" content=\"2560\" \/>\n\t<meta property=\"og:image:type\" content=\"image\/jpeg\" \/>\n<meta name=\"author\" content=\"laure\" \/>\n<meta name=\"twitter:card\" content=\"summary_large_image\" \/>\n<script type=\"application\/ld+json\" class=\"yoast-schema-graph\">{\"@context\":\"https:\\\/\\\/schema.org\",\"@graph\":[{\"@type\":\"Article\",\"@id\":\"https:\\\/\\\/aliso.fr\\\/reseau\\\/11-octobre-mobilisation-nationale\\\/#article\",\"isPartOf\":{\"@id\":\"https:\\\/\\\/aliso.fr\\\/reseau\\\/11-octobre-mobilisation-nationale\\\/\"},\"author\":{\"name\":\"laure\",\"@id\":\"https:\\\/\\\/aliso.fr\\\/reseau\\\/#\\\/schema\\\/person\\\/056af145b9c52eee21a9f739489104a5\"},\"headline\":\"11 OCTOBRE : MOBILISATION NATIONALE\",\"datePublished\":\"2025-10-07T14:57:38+00:00\",\"dateModified\":\"2025-10-08T08:12:15+00:00\",\"mainEntityOfPage\":{\"@id\":\"https:\\\/\\\/aliso.fr\\\/reseau\\\/11-octobre-mobilisation-nationale\\\/\"},\"wordCount\":725,\"publisher\":{\"@id\":\"https:\\\/\\\/aliso.fr\\\/reseau\\\/#organization\"},\"image\":{\"@id\":\"https:\\\/\\\/aliso.fr\\\/reseau\\\/11-octobre-mobilisation-nationale\\\/#primaryimage\"},\"thumbnailUrl\":\"https:\\\/\\\/aliso.fr\\\/reseau\\\/wp-content\\\/uploads\\\/sites\\\/4\\\/2025\\\/10\\\/LMA_Mobilisation-assos-11-10_Flyer_REGION_148x210mm-scaled.jpg\",\"articleSection\":[\"Actualit\u00e9\",\"Nos actions\"],\"inLanguage\":\"fr-FR\"},{\"@type\":\"WebPage\",\"@id\":\"https:\\\/\\\/aliso.fr\\\/reseau\\\/11-octobre-mobilisation-nationale\\\/\",\"url\":\"https:\\\/\\\/aliso.fr\\\/reseau\\\/11-octobre-mobilisation-nationale\\\/\",\"name\":\"11 OCTOBRE : MOBILISATION NATIONALE - Aliso R\u00e9seau\",\"isPartOf\":{\"@id\":\"https:\\\/\\\/aliso.fr\\\/reseau\\\/#website\"},\"primaryImageOfPage\":{\"@id\":\"https:\\\/\\\/aliso.fr\\\/reseau\\\/11-octobre-mobilisation-nationale\\\/#primaryimage\"},\"image\":{\"@id\":\"https:\\\/\\\/aliso.fr\\\/reseau\\\/11-octobre-mobilisation-nationale\\\/#primaryimage\"},\"thumbnailUrl\":\"https:\\\/\\\/aliso.fr\\\/reseau\\\/wp-content\\\/uploads\\\/sites\\\/4\\\/2025\\\/10\\\/LMA_Mobilisation-assos-11-10_Flyer_REGION_148x210mm-scaled.jpg\",\"datePublished\":\"2025-10-07T14:57:38+00:00\",\"dateModified\":\"2025-10-08T08:12:15+00:00\",\"breadcrumb\":{\"@id\":\"https:\\\/\\\/aliso.fr\\\/reseau\\\/11-octobre-mobilisation-nationale\\\/#breadcrumb\"},\"inLanguage\":\"fr-FR\",\"potentialAction\":[{\"@type\":\"ReadAction\",\"target\":[\"https:\\\/\\\/aliso.fr\\\/reseau\\\/11-octobre-mobilisation-nationale\\\/\"]}]},{\"@type\":\"ImageObject\",\"inLanguage\":\"fr-FR\",\"@id\":\"https:\\\/\\\/aliso.fr\\\/reseau\\\/11-octobre-mobilisation-nationale\\\/#primaryimage\",\"url\":\"https:\\\/\\\/aliso.fr\\\/reseau\\\/wp-content\\\/uploads\\\/sites\\\/4\\\/2025\\\/10\\\/LMA_Mobilisation-assos-11-10_Flyer_REGION_148x210mm-scaled.jpg\",\"contentUrl\":\"https:\\\/\\\/aliso.fr\\\/reseau\\\/wp-content\\\/uploads\\\/sites\\\/4\\\/2025\\\/10\\\/LMA_Mobilisation-assos-11-10_Flyer_REGION_148x210mm-scaled.jpg\",\"width\":1839,\"height\":2560},{\"@type\":\"BreadcrumbList\",\"@id\":\"https:\\\/\\\/aliso.fr\\\/reseau\\\/11-octobre-mobilisation-nationale\\\/#breadcrumb\",\"itemListElement\":[{\"@type\":\"ListItem\",\"position\":1,\"name\":\"Accueil\",\"item\":\"https:\\\/\\\/aliso.fr\\\/reseau\\\/\"},{\"@type\":\"ListItem\",\"position\":2,\"name\":\"Actualit\u00e9\",\"item\":\"https:\\\/\\\/aliso.fr\\\/reseau\\\/actualite\\\/\"},{\"@type\":\"ListItem\",\"position\":3,\"name\":\"11 OCTOBRE : MOBILISATION NATIONALE\"}]},{\"@type\":\"WebSite\",\"@id\":\"https:\\\/\\\/aliso.fr\\\/reseau\\\/#website\",\"url\":\"https:\\\/\\\/aliso.fr\\\/reseau\\\/\",\"name\":\"Aliso R\u00e9seau\",\"description\":\"R\u00e9seau Creusois des acteurs du lien social\",\"publisher\":{\"@id\":\"https:\\\/\\\/aliso.fr\\\/reseau\\\/#organization\"},\"potentialAction\":[{\"@type\":\"SearchAction\",\"target\":{\"@type\":\"EntryPoint\",\"urlTemplate\":\"https:\\\/\\\/aliso.fr\\\/reseau\\\/?s={search_term_string}\"},\"query-input\":{\"@type\":\"PropertyValueSpecification\",\"valueRequired\":true,\"valueName\":\"search_term_string\"}}],\"inLanguage\":\"fr-FR\"},{\"@type\":\"Organization\",\"@id\":\"https:\\\/\\\/aliso.fr\\\/reseau\\\/#organization\",\"name\":\"Aliso R\u00e9seau\",\"url\":\"https:\\\/\\\/aliso.fr\\\/reseau\\\/\",\"logo\":{\"@type\":\"ImageObject\",\"inLanguage\":\"fr-FR\",\"@id\":\"https:\\\/\\\/aliso.fr\\\/reseau\\\/#\\\/schema\\\/logo\\\/image\\\/\",\"url\":\"https:\\\/\\\/aliso.fr\\\/reseau\\\/wp-content\\\/uploads\\\/sites\\\/4\\\/2022\\\/01\\\/Logo-ALISO-Reseau-2.png\",\"contentUrl\":\"https:\\\/\\\/aliso.fr\\\/reseau\\\/wp-content\\\/uploads\\\/sites\\\/4\\\/2022\\\/01\\\/Logo-ALISO-Reseau-2.png\",\"width\":900,\"height\":970,\"caption\":\"Aliso R\u00e9seau\"},\"image\":{\"@id\":\"https:\\\/\\\/aliso.fr\\\/reseau\\\/#\\\/schema\\\/logo\\\/image\\\/\"}},{\"@type\":\"Person\",\"@id\":\"https:\\\/\\\/aliso.fr\\\/reseau\\\/#\\\/schema\\\/person\\\/056af145b9c52eee21a9f739489104a5\",\"name\":\"laure\"}]}<\/script>\n<!-- \/ Yoast SEO plugin. -->","yoast_head_json":{"title":"11 OCTOBRE : MOBILISATION NATIONALE - Aliso R\u00e9seau","robots":{"index":"index","follow":"follow","max-snippet":"max-snippet:-1","max-image-preview":"max-image-preview:large","max-video-preview":"max-video-preview:-1"},"canonical":"https:\/\/aliso.fr\/reseau\/11-octobre-mobilisation-nationale\/","og_locale":"fr_FR","og_type":"article","og_title":"11 OCTOBRE : MOBILISATION NATIONALE - Aliso R\u00e9seau","og_description":"On vous propose un extrait de la plaquette de 16 pages qui explique la mobilisation initi\u00e9e par Le Mouvement Associatif ci-dessous. Pour vous joindre ou suivre la mobilisation : &#8211; A Gu\u00e9ret avec plusieurs r\u00e9seaux associatifs dont ALISO \u00e0 11h : https:\/\/mobilisation11octobre.gogocarto.fr\/map#\/fiche\/Conference-de-Presse-et-temps-dechange\/3j\/@46.171,1.874,12z?cat=all Pour poursuivre en actions suite \u00e0 cette initiative : &#8211; A Gu\u00e9ret avec... En savoir plus &raquo;","og_url":"https:\/\/aliso.fr\/reseau\/11-octobre-mobilisation-nationale\/","og_site_name":"Aliso R\u00e9seau","article_published_time":"2025-10-07T14:57:38+00:00","article_modified_time":"2025-10-08T08:12:15+00:00","og_image":[{"width":1839,"height":2560,"url":"https:\/\/aliso.fr\/reseau\/wp-content\/uploads\/sites\/4\/2025\/10\/LMA_Mobilisation-assos-11-10_Flyer_REGION_148x210mm-scaled.jpg","type":"image\/jpeg"}],"author":"laure","twitter_card":"summary_large_image","schema":{"@context":"https:\/\/schema.org","@graph":[{"@type":"Article","@id":"https:\/\/aliso.fr\/reseau\/11-octobre-mobilisation-nationale\/#article","isPartOf":{"@id":"https:\/\/aliso.fr\/reseau\/11-octobre-mobilisation-nationale\/"},"author":{"name":"laure","@id":"https:\/\/aliso.fr\/reseau\/#\/schema\/person\/056af145b9c52eee21a9f739489104a5"},"headline":"11 OCTOBRE : MOBILISATION NATIONALE","datePublished":"2025-10-07T14:57:38+00:00","dateModified":"2025-10-08T08:12:15+00:00","mainEntityOfPage":{"@id":"https:\/\/aliso.fr\/reseau\/11-octobre-mobilisation-nationale\/"},"wordCount":725,"publisher":{"@id":"https:\/\/aliso.fr\/reseau\/#organization"},"image":{"@id":"https:\/\/aliso.fr\/reseau\/11-octobre-mobilisation-nationale\/#primaryimage"},"thumbnailUrl":"https:\/\/aliso.fr\/reseau\/wp-content\/uploads\/sites\/4\/2025\/10\/LMA_Mobilisation-assos-11-10_Flyer_REGION_148x210mm-scaled.jpg","articleSection":["Actualit\u00e9","Nos actions"],"inLanguage":"fr-FR"},{"@type":"WebPage","@id":"https:\/\/aliso.fr\/reseau\/11-octobre-mobilisation-nationale\/","url":"https:\/\/aliso.fr\/reseau\/11-octobre-mobilisation-nationale\/","name":"11 OCTOBRE : MOBILISATION NATIONALE - Aliso R\u00e9seau","isPartOf":{"@id":"https:\/\/aliso.fr\/reseau\/#website"},"primaryImageOfPage":{"@id":"https:\/\/aliso.fr\/reseau\/11-octobre-mobilisation-nationale\/#primaryimage"},"image":{"@id":"https:\/\/aliso.fr\/reseau\/11-octobre-mobilisation-nationale\/#primaryimage"},"thumbnailUrl":"https:\/\/aliso.fr\/reseau\/wp-content\/uploads\/sites\/4\/2025\/10\/LMA_Mobilisation-assos-11-10_Flyer_REGION_148x210mm-scaled.jpg","datePublished":"2025-10-07T14:57:38+00:00","dateModified":"2025-10-08T08:12:15+00:00","breadcrumb":{"@id":"https:\/\/aliso.fr\/reseau\/11-octobre-mobilisation-nationale\/#breadcrumb"},"inLanguage":"fr-FR","potentialAction":[{"@type":"ReadAction","target":["https:\/\/aliso.fr\/reseau\/11-octobre-mobilisation-nationale\/"]}]},{"@type":"ImageObject","inLanguage":"fr-FR","@id":"https:\/\/aliso.fr\/reseau\/11-octobre-mobilisation-nationale\/#primaryimage","url":"https:\/\/aliso.fr\/reseau\/wp-content\/uploads\/sites\/4\/2025\/10\/LMA_Mobilisation-assos-11-10_Flyer_REGION_148x210mm-scaled.jpg","contentUrl":"https:\/\/aliso.fr\/reseau\/wp-content\/uploads\/sites\/4\/2025\/10\/LMA_Mobilisation-assos-11-10_Flyer_REGION_148x210mm-scaled.jpg","width":1839,"height":2560},{"@type":"BreadcrumbList","@id":"https:\/\/aliso.fr\/reseau\/11-octobre-mobilisation-nationale\/#breadcrumb","itemListElement":[{"@type":"ListItem","position":1,"name":"Accueil","item":"https:\/\/aliso.fr\/reseau\/"},{"@type":"ListItem","position":2,"name":"Actualit\u00e9","item":"https:\/\/aliso.fr\/reseau\/actualite\/"},{"@type":"ListItem","position":3,"name":"11 OCTOBRE : MOBILISATION NATIONALE"}]},{"@type":"WebSite","@id":"https:\/\/aliso.fr\/reseau\/#website","url":"https:\/\/aliso.fr\/reseau\/","name":"Aliso R\u00e9seau","description":"R\u00e9seau Creusois des acteurs du lien social","publisher":{"@id":"https:\/\/aliso.fr\/reseau\/#organization"},"potentialAction":[{"@type":"SearchAction","target":{"@type":"EntryPoint","urlTemplate":"https:\/\/aliso.fr\/reseau\/?s={search_term_string}"},"query-input":{"@type":"PropertyValueSpecification","valueRequired":true,"valueName":"search_term_string"}}],"inLanguage":"fr-FR"},{"@type":"Organization","@id":"https:\/\/aliso.fr\/reseau\/#organization","name":"Aliso R\u00e9seau","url":"https:\/\/aliso.fr\/reseau\/","logo":{"@type":"ImageObject","inLanguage":"fr-FR","@id":"https:\/\/aliso.fr\/reseau\/#\/schema\/logo\/image\/","url":"https:\/\/aliso.fr\/reseau\/wp-content\/uploads\/sites\/4\/2022\/01\/Logo-ALISO-Reseau-2.png","contentUrl":"https:\/\/aliso.fr\/reseau\/wp-content\/uploads\/sites\/4\/2022\/01\/Logo-ALISO-Reseau-2.png","width":900,"height":970,"caption":"Aliso R\u00e9seau"},"image":{"@id":"https:\/\/aliso.fr\/reseau\/#\/schema\/logo\/image\/"}},{"@type":"Person","@id":"https:\/\/aliso.fr\/reseau\/#\/schema\/person\/056af145b9c52eee21a9f739489104a5","name":"laure"}]}},"_links":{"self":[{"href":"https:\/\/aliso.fr\/reseau\/wp-json\/wp\/v2\/posts\/3168","targetHints":{"allow":["GET"]}}],"collection":[{"href":"https:\/\/aliso.fr\/reseau\/wp-json\/wp\/v2\/posts"}],"about":[{"href":"https:\/\/aliso.fr\/reseau\/wp-json\/wp\/v2\/types\/post"}],"author":[{"embeddable":true,"href":"https:\/\/aliso.fr\/reseau\/wp-json\/wp\/v2\/users\/3"}],"replies":[{"embeddable":true,"href":"https:\/\/aliso.fr\/reseau\/wp-json\/wp\/v2\/comments?post=3168"}],"version-history":[{"count":2,"href":"https:\/\/aliso.fr\/reseau\/wp-json\/wp\/v2\/posts\/3168\/revisions"}],"predecessor-version":[{"id":3171,"href":"https:\/\/aliso.fr\/reseau\/wp-json\/wp\/v2\/posts\/3168\/revisions\/3171"}],"wp:featuredmedia":[{"embeddable":true,"href":"https:\/\/aliso.fr\/reseau\/wp-json\/wp\/v2\/media\/3169"}],"wp:attachment":[{"href":"https:\/\/aliso.fr\/reseau\/wp-json\/wp\/v2\/media?parent=3168"}],"wp:term":[{"taxonomy":"category","embeddable":true,"href":"https:\/\/aliso.fr\/reseau\/wp-json\/wp\/v2\/categories?post=3168"},{"taxonomy":"post_tag","embeddable":true,"href":"https:\/\/aliso.fr\/reseau\/wp-json\/wp\/v2\/tags?post=3168"}],"curies":[{"name":"wp","href":"https:\/\/api.w.org\/{rel}","templated":true}]}}