{"id":3172,"date":"2025-10-08T10:19:16","date_gmt":"2025-10-08T08:19:16","guid":{"rendered":"https:\/\/aliso.fr\/reseau\/?p=3172"},"modified":"2025-10-08T16:30:22","modified_gmt":"2025-10-08T14:30:22","slug":"creuse-les-associations-en-colere","status":"publish","type":"post","link":"https:\/\/aliso.fr\/reseau\/creuse-les-associations-en-colere\/","title":{"rendered":"CREUSE &#8211; \u00ab Les associations en col\u00e8re \u00bb"},"content":{"rendered":"\n<p>Elles vous donnent RDV Samedi 11 Octobre 2025 \u00e0 11 h &#8211; La Quincaillerie Num\u00e9rique \u00e0 Gu\u00e9ret &#8211; Pour un point presse :<\/p>\n\n\n\n<p>Nous, repr\u00e9sentant.es des r\u00e9seaux ALISO, le CDOS, l\u2019ARCHIPEL, l\u2019UDAF et TELA,<br>d\u2019associations et structures creusoises, \u0153uvrant dans les domaines de la<br>cr\u00e9ation sous toutes ses formes, de l\u2019\u00e9ducation populaire, de la jeunesse et de<br>l\u2019\u00e9conomie sociale et solidaire (ESS), d\u00e9fendant la mixit\u00e9 sociale, les droits<br>culturels et les valeurs de solidarit\u00e9, tiennent \u00e0 pousser un cri de col\u00e8re tant le<br>sens de leurs missions, de leurs actions et leurs engagements sont pi\u00e9tin\u00e9s.<\/p>\n\n\n\n<p>Les raisons de la col\u00e8re sont multiples : manque de reconnaissance, bonne \u00e0 tout<br>faire, pr\u00e9carit\u00e9 p\u00e9renne, variable d\u2019ajustement etc.<br>Mais ce qui fait aujourd\u2019hui d\u00e9border le vase de notre col\u00e8re, ce sont les<br>pr\u00e9visions budg\u00e9taires. En effet, il est pr\u00e9vu que les fonds \u00ab jeunesse \u00bb, \u00ab sport \u00bb<br>\u00ab vie associative \u00bb soient amput\u00e9s de 300 millions d\u2019Euros, que l\u2019enveloppe<br>consacr\u00e9e \u00e0 la solidarit\u00e9, l\u2019insertion et \u00e0 l\u2019\u00e9galit\u00e9 des chances soit amput\u00e9e de<br>1,7 Milliards d\u2019Euros*.<\/p>\n\n\n\n<p>Or il se trouve que les associations que nous repr\u00e9sentons, c\u2019est environ 20% de<br>l\u2019emploi priv\u00e9 en Creuse et plus de 30 000 personnes b\u00e9n\u00e9voles qui se retrouvent<br>r\u00e9guli\u00e8rement pour agir, s\u2019impliquer dans la soci\u00e9t\u00e9 et exprimer leur citoyennet\u00e9<br>tout au long de l\u2019ann\u00e9e. L\u2019ESS c\u2019est plus de 2.6 millions d\u2019emplois en France avec<br>des postes qualifi\u00e9s, impossible \u00e0 d\u00e9localiser et qui exerce une mission d\u2019int\u00e9r\u00eat<br>g\u00e9n\u00e9rale.<br>Ces valeurs d\u2019int\u00e9r\u00eat g\u00e9n\u00e9ral se d\u00e9clinent chaque jour dans nos actions et sur nos<br>territoires, du hameau au village en passant par nos quartiers. Le droit de<br>chaque personne \u00e0 participer \u00e0 la vie sociale &amp; culturelle, \u00e0 vivre et \u00e0 exprimer<br>sa culture et ses r\u00e9f\u00e9rences, dans le respect des droits humains fondamentaux,<br>est essentiel. Le ciment du \u00ab vivre ensemble \u00bb ce sont nos associations.<br>Nous sommes en col\u00e8re et comme dit le proverbe \u00ab qui apaise la col\u00e8re \u00e9teint<br>un feu \u00bb.<\/p>\n\n\n\n<p>* In \u00ab le journal de l\u2019animation sept \u2013 oct 2025 \u00bb<\/p>\n\n\n\n<p>Rejoignez-nous \u00e0 la Conf\u00e9rence de Presse organis\u00e9e<br>le 11 octobre 2025 \u00e0 La Quincaillerie \u00e0 Gu\u00e9ret<br><a href=\"https:\/\/aliso.fr\/reseau\/11-octobre-mobilisation-nationale\/\" target=\"_blank\" rel=\"noreferrer noopener\">Pour en savoir plus sur l&rsquo;appel national du Mouvement Associatif c&rsquo;est ici.<\/a><\/p>\n","protected":false},"excerpt":{"rendered":"<p>Elles vous donnent RDV Samedi 11 Octobre 2025 \u00e0 11 h &#8211; La Quincaillerie Num\u00e9rique \u00e0 Gu\u00e9ret &#8211; Pour un point presse : Nous, repr\u00e9sentant.es des r\u00e9seaux ALISO, le CDOS, l\u2019ARCHIPEL, l\u2019UDAF et TELA,d\u2019associations et structures creusoises, \u0153uvrant dans les domaines de lacr\u00e9ation sous toutes ses formes, de l\u2019\u00e9ducation populaire, de la jeunesse et del\u2019\u00e9conomie&#8230; <a class=\"excerpt-read-more button\" href=\"https:\/\/aliso.fr\/reseau\/creuse-les-associations-en-colere\/\" title=\"ReadCREUSE &#8211; \u00ab Les associations en col\u00e8re \u00bb\">En savoir plus &raquo;<\/a><\/p>\n","protected":false},"author":3,"featured_media":3169,"comment_status":"closed","ping_status":"open","sticky":false,"template":"","format":"standard","meta":{"footnotes":""},"categories":[3,7],"tags":[],"class_list":["post-3172","post","type-post","status-publish","format-standard","has-post-thumbnail","hentry","category-actualite","category-nos-actions"],"yoast_head":"<!-- This site is optimized with the Yoast SEO plugin v27.4 - https:\/\/yoast.com\/product\/yoast-seo-wordpress\/ -->\n<title>CREUSE - \u00ab Les associations en col\u00e8re \u00bb - Aliso R\u00e9seau<\/title>\n<meta name=\"robots\" content=\"index, follow, max-snippet:-1, max-image-preview:large, max-video-preview:-1\" \/>\n<link rel=\"canonical\" href=\"https:\/\/aliso.fr\/reseau\/creuse-les-associations-en-colere\/\" \/>\n<meta property=\"og:locale\" content=\"fr_FR\" \/>\n<meta property=\"og:type\" content=\"article\" \/>\n<meta property=\"og:title\" content=\"CREUSE - \u00ab Les associations en col\u00e8re \u00bb - Aliso R\u00e9seau\" \/>\n<meta property=\"og:description\" content=\"Elles vous donnent RDV Samedi 11 Octobre 2025 \u00e0 11 h &#8211; La Quincaillerie Num\u00e9rique \u00e0 Gu\u00e9ret &#8211; Pour un point presse : Nous, repr\u00e9sentant.es des r\u00e9seaux ALISO, le CDOS, l\u2019ARCHIPEL, l\u2019UDAF et TELA,d\u2019associations et structures creusoises, \u0153uvrant dans les domaines de lacr\u00e9ation sous toutes ses formes, de l\u2019\u00e9ducation populaire, de la jeunesse et del\u2019\u00e9conomie... En savoir plus &raquo;\" \/>\n<meta property=\"og:url\" content=\"https:\/\/aliso.fr\/reseau\/creuse-les-associations-en-colere\/\" \/>\n<meta property=\"og:site_name\" content=\"Aliso R\u00e9seau\" \/>\n<meta property=\"article:published_time\" content=\"2025-10-08T08:19:16+00:00\" \/>\n<meta property=\"article:modified_time\" content=\"2025-10-08T14:30:22+00:00\" \/>\n<meta property=\"og:image\" content=\"https:\/\/aliso.fr\/reseau\/wp-content\/uploads\/sites\/4\/2025\/10\/LMA_Mobilisation-assos-11-10_Flyer_REGION_148x210mm-scaled.jpg\" \/>\n\t<meta property=\"og:image:width\" content=\"1839\" \/>\n\t<meta property=\"og:image:height\" content=\"2560\" \/>\n\t<meta property=\"og:image:type\" content=\"image\/jpeg\" \/>\n<meta name=\"author\" content=\"laure\" \/>\n<meta name=\"twitter:card\" content=\"summary_large_image\" \/>\n<script type=\"application\/ld+json\" class=\"yoast-schema-graph\">{\"@context\":\"https:\\\/\\\/schema.org\",\"@graph\":[{\"@type\":\"Article\",\"@id\":\"https:\\\/\\\/aliso.fr\\\/reseau\\\/creuse-les-associations-en-colere\\\/#article\",\"isPartOf\":{\"@id\":\"https:\\\/\\\/aliso.fr\\\/reseau\\\/creuse-les-associations-en-colere\\\/\"},\"author\":{\"name\":\"laure\",\"@id\":\"https:\\\/\\\/aliso.fr\\\/reseau\\\/#\\\/schema\\\/person\\\/056af145b9c52eee21a9f739489104a5\"},\"headline\":\"CREUSE &#8211; \u00ab Les associations en col\u00e8re \u00bb\",\"datePublished\":\"2025-10-08T08:19:16+00:00\",\"dateModified\":\"2025-10-08T14:30:22+00:00\",\"mainEntityOfPage\":{\"@id\":\"https:\\\/\\\/aliso.fr\\\/reseau\\\/creuse-les-associations-en-colere\\\/\"},\"wordCount\":384,\"publisher\":{\"@id\":\"https:\\\/\\\/aliso.fr\\\/reseau\\\/#organization\"},\"image\":{\"@id\":\"https:\\\/\\\/aliso.fr\\\/reseau\\\/creuse-les-associations-en-colere\\\/#primaryimage\"},\"thumbnailUrl\":\"https:\\\/\\\/aliso.fr\\\/reseau\\\/wp-content\\\/uploads\\\/sites\\\/4\\\/2025\\\/10\\\/LMA_Mobilisation-assos-11-10_Flyer_REGION_148x210mm-scaled.jpg\",\"articleSection\":[\"Actualit\u00e9\",\"Nos actions\"],\"inLanguage\":\"fr-FR\"},{\"@type\":\"WebPage\",\"@id\":\"https:\\\/\\\/aliso.fr\\\/reseau\\\/creuse-les-associations-en-colere\\\/\",\"url\":\"https:\\\/\\\/aliso.fr\\\/reseau\\\/creuse-les-associations-en-colere\\\/\",\"name\":\"CREUSE - \u00ab Les associations en col\u00e8re \u00bb - Aliso R\u00e9seau\",\"isPartOf\":{\"@id\":\"https:\\\/\\\/aliso.fr\\\/reseau\\\/#website\"},\"primaryImageOfPage\":{\"@id\":\"https:\\\/\\\/aliso.fr\\\/reseau\\\/creuse-les-associations-en-colere\\\/#primaryimage\"},\"image\":{\"@id\":\"https:\\\/\\\/aliso.fr\\\/reseau\\\/creuse-les-associations-en-colere\\\/#primaryimage\"},\"thumbnailUrl\":\"https:\\\/\\\/aliso.fr\\\/reseau\\\/wp-content\\\/uploads\\\/sites\\\/4\\\/2025\\\/10\\\/LMA_Mobilisation-assos-11-10_Flyer_REGION_148x210mm-scaled.jpg\",\"datePublished\":\"2025-10-08T08:19:16+00:00\",\"dateModified\":\"2025-10-08T14:30:22+00:00\",\"breadcrumb\":{\"@id\":\"https:\\\/\\\/aliso.fr\\\/reseau\\\/creuse-les-associations-en-colere\\\/#breadcrumb\"},\"inLanguage\":\"fr-FR\",\"potentialAction\":[{\"@type\":\"ReadAction\",\"target\":[\"https:\\\/\\\/aliso.fr\\\/reseau\\\/creuse-les-associations-en-colere\\\/\"]}]},{\"@type\":\"ImageObject\",\"inLanguage\":\"fr-FR\",\"@id\":\"https:\\\/\\\/aliso.fr\\\/reseau\\\/creuse-les-associations-en-colere\\\/#primaryimage\",\"url\":\"https:\\\/\\\/aliso.fr\\\/reseau\\\/wp-content\\\/uploads\\\/sites\\\/4\\\/2025\\\/10\\\/LMA_Mobilisation-assos-11-10_Flyer_REGION_148x210mm-scaled.jpg\",\"contentUrl\":\"https:\\\/\\\/aliso.fr\\\/reseau\\\/wp-content\\\/uploads\\\/sites\\\/4\\\/2025\\\/10\\\/LMA_Mobilisation-assos-11-10_Flyer_REGION_148x210mm-scaled.jpg\",\"width\":1839,\"height\":2560},{\"@type\":\"BreadcrumbList\",\"@id\":\"https:\\\/\\\/aliso.fr\\\/reseau\\\/creuse-les-associations-en-colere\\\/#breadcrumb\",\"itemListElement\":[{\"@type\":\"ListItem\",\"position\":1,\"name\":\"Accueil\",\"item\":\"https:\\\/\\\/aliso.fr\\\/reseau\\\/\"},{\"@type\":\"ListItem\",\"position\":2,\"name\":\"Actualit\u00e9\",\"item\":\"https:\\\/\\\/aliso.fr\\\/reseau\\\/actualite\\\/\"},{\"@type\":\"ListItem\",\"position\":3,\"name\":\"CREUSE &#8211; \u00ab Les associations en col\u00e8re \u00bb\"}]},{\"@type\":\"WebSite\",\"@id\":\"https:\\\/\\\/aliso.fr\\\/reseau\\\/#website\",\"url\":\"https:\\\/\\\/aliso.fr\\\/reseau\\\/\",\"name\":\"Aliso R\u00e9seau\",\"description\":\"R\u00e9seau Creusois des acteurs du lien social\",\"publisher\":{\"@id\":\"https:\\\/\\\/aliso.fr\\\/reseau\\\/#organization\"},\"potentialAction\":[{\"@type\":\"SearchAction\",\"target\":{\"@type\":\"EntryPoint\",\"urlTemplate\":\"https:\\\/\\\/aliso.fr\\\/reseau\\\/?s={search_term_string}\"},\"query-input\":{\"@type\":\"PropertyValueSpecification\",\"valueRequired\":true,\"valueName\":\"search_term_string\"}}],\"inLanguage\":\"fr-FR\"},{\"@type\":\"Organization\",\"@id\":\"https:\\\/\\\/aliso.fr\\\/reseau\\\/#organization\",\"name\":\"Aliso R\u00e9seau\",\"url\":\"https:\\\/\\\/aliso.fr\\\/reseau\\\/\",\"logo\":{\"@type\":\"ImageObject\",\"inLanguage\":\"fr-FR\",\"@id\":\"https:\\\/\\\/aliso.fr\\\/reseau\\\/#\\\/schema\\\/logo\\\/image\\\/\",\"url\":\"https:\\\/\\\/aliso.fr\\\/reseau\\\/wp-content\\\/uploads\\\/sites\\\/4\\\/2022\\\/01\\\/Logo-ALISO-Reseau-2.png\",\"contentUrl\":\"https:\\\/\\\/aliso.fr\\\/reseau\\\/wp-content\\\/uploads\\\/sites\\\/4\\\/2022\\\/01\\\/Logo-ALISO-Reseau-2.png\",\"width\":900,\"height\":970,\"caption\":\"Aliso R\u00e9seau\"},\"image\":{\"@id\":\"https:\\\/\\\/aliso.fr\\\/reseau\\\/#\\\/schema\\\/logo\\\/image\\\/\"}},{\"@type\":\"Person\",\"@id\":\"https:\\\/\\\/aliso.fr\\\/reseau\\\/#\\\/schema\\\/person\\\/056af145b9c52eee21a9f739489104a5\",\"name\":\"laure\"}]}<\/script>\n<!-- \/ Yoast SEO plugin. -->","yoast_head_json":{"title":"CREUSE - \u00ab Les associations en col\u00e8re \u00bb - Aliso R\u00e9seau","robots":{"index":"index","follow":"follow","max-snippet":"max-snippet:-1","max-image-preview":"max-image-preview:large","max-video-preview":"max-video-preview:-1"},"canonical":"https:\/\/aliso.fr\/reseau\/creuse-les-associations-en-colere\/","og_locale":"fr_FR","og_type":"article","og_title":"CREUSE - \u00ab Les associations en col\u00e8re \u00bb - Aliso R\u00e9seau","og_description":"Elles vous donnent RDV Samedi 11 Octobre 2025 \u00e0 11 h &#8211; La Quincaillerie Num\u00e9rique \u00e0 Gu\u00e9ret &#8211; Pour un point presse : Nous, repr\u00e9sentant.es des r\u00e9seaux ALISO, le CDOS, l\u2019ARCHIPEL, l\u2019UDAF et TELA,d\u2019associations et structures creusoises, \u0153uvrant dans les domaines de lacr\u00e9ation sous toutes ses formes, de l\u2019\u00e9ducation populaire, de la jeunesse et del\u2019\u00e9conomie... En savoir plus &raquo;","og_url":"https:\/\/aliso.fr\/reseau\/creuse-les-associations-en-colere\/","og_site_name":"Aliso R\u00e9seau","article_published_time":"2025-10-08T08:19:16+00:00","article_modified_time":"2025-10-08T14:30:22+00:00","og_image":[{"width":1839,"height":2560,"url":"https:\/\/aliso.fr\/reseau\/wp-content\/uploads\/sites\/4\/2025\/10\/LMA_Mobilisation-assos-11-10_Flyer_REGION_148x210mm-scaled.jpg","type":"image\/jpeg"}],"author":"laure","twitter_card":"summary_large_image","schema":{"@context":"https:\/\/schema.org","@graph":[{"@type":"Article","@id":"https:\/\/aliso.fr\/reseau\/creuse-les-associations-en-colere\/#article","isPartOf":{"@id":"https:\/\/aliso.fr\/reseau\/creuse-les-associations-en-colere\/"},"author":{"name":"laure","@id":"https:\/\/aliso.fr\/reseau\/#\/schema\/person\/056af145b9c52eee21a9f739489104a5"},"headline":"CREUSE &#8211; \u00ab Les associations en col\u00e8re \u00bb","datePublished":"2025-10-08T08:19:16+00:00","dateModified":"2025-10-08T14:30:22+00:00","mainEntityOfPage":{"@id":"https:\/\/aliso.fr\/reseau\/creuse-les-associations-en-colere\/"},"wordCount":384,"publisher":{"@id":"https:\/\/aliso.fr\/reseau\/#organization"},"image":{"@id":"https:\/\/aliso.fr\/reseau\/creuse-les-associations-en-colere\/#primaryimage"},"thumbnailUrl":"https:\/\/aliso.fr\/reseau\/wp-content\/uploads\/sites\/4\/2025\/10\/LMA_Mobilisation-assos-11-10_Flyer_REGION_148x210mm-scaled.jpg","articleSection":["Actualit\u00e9","Nos actions"],"inLanguage":"fr-FR"},{"@type":"WebPage","@id":"https:\/\/aliso.fr\/reseau\/creuse-les-associations-en-colere\/","url":"https:\/\/aliso.fr\/reseau\/creuse-les-associations-en-colere\/","name":"CREUSE - \u00ab Les associations en col\u00e8re \u00bb - Aliso R\u00e9seau","isPartOf":{"@id":"https:\/\/aliso.fr\/reseau\/#website"},"primaryImageOfPage":{"@id":"https:\/\/aliso.fr\/reseau\/creuse-les-associations-en-colere\/#primaryimage"},"image":{"@id":"https:\/\/aliso.fr\/reseau\/creuse-les-associations-en-colere\/#primaryimage"},"thumbnailUrl":"https:\/\/aliso.fr\/reseau\/wp-content\/uploads\/sites\/4\/2025\/10\/LMA_Mobilisation-assos-11-10_Flyer_REGION_148x210mm-scaled.jpg","datePublished":"2025-10-08T08:19:16+00:00","dateModified":"2025-10-08T14:30:22+00:00","breadcrumb":{"@id":"https:\/\/aliso.fr\/reseau\/creuse-les-associations-en-colere\/#breadcrumb"},"inLanguage":"fr-FR","potentialAction":[{"@type":"ReadAction","target":["https:\/\/aliso.fr\/reseau\/creuse-les-associations-en-colere\/"]}]},{"@type":"ImageObject","inLanguage":"fr-FR","@id":"https:\/\/aliso.fr\/reseau\/creuse-les-associations-en-colere\/#primaryimage","url":"https:\/\/aliso.fr\/reseau\/wp-content\/uploads\/sites\/4\/2025\/10\/LMA_Mobilisation-assos-11-10_Flyer_REGION_148x210mm-scaled.jpg","contentUrl":"https:\/\/aliso.fr\/reseau\/wp-content\/uploads\/sites\/4\/2025\/10\/LMA_Mobilisation-assos-11-10_Flyer_REGION_148x210mm-scaled.jpg","width":1839,"height":2560},{"@type":"BreadcrumbList","@id":"https:\/\/aliso.fr\/reseau\/creuse-les-associations-en-colere\/#breadcrumb","itemListElement":[{"@type":"ListItem","position":1,"name":"Accueil","item":"https:\/\/aliso.fr\/reseau\/"},{"@type":"ListItem","position":2,"name":"Actualit\u00e9","item":"https:\/\/aliso.fr\/reseau\/actualite\/"},{"@type":"ListItem","position":3,"name":"CREUSE &#8211; \u00ab Les associations en col\u00e8re \u00bb"}]},{"@type":"WebSite","@id":"https:\/\/aliso.fr\/reseau\/#website","url":"https:\/\/aliso.fr\/reseau\/","name":"Aliso R\u00e9seau","description":"R\u00e9seau Creusois des acteurs du lien social","publisher":{"@id":"https:\/\/aliso.fr\/reseau\/#organization"},"potentialAction":[{"@type":"SearchAction","target":{"@type":"EntryPoint","urlTemplate":"https:\/\/aliso.fr\/reseau\/?s={search_term_string}"},"query-input":{"@type":"PropertyValueSpecification","valueRequired":true,"valueName":"search_term_string"}}],"inLanguage":"fr-FR"},{"@type":"Organization","@id":"https:\/\/aliso.fr\/reseau\/#organization","name":"Aliso R\u00e9seau","url":"https:\/\/aliso.fr\/reseau\/","logo":{"@type":"ImageObject","inLanguage":"fr-FR","@id":"https:\/\/aliso.fr\/reseau\/#\/schema\/logo\/image\/","url":"https:\/\/aliso.fr\/reseau\/wp-content\/uploads\/sites\/4\/2022\/01\/Logo-ALISO-Reseau-2.png","contentUrl":"https:\/\/aliso.fr\/reseau\/wp-content\/uploads\/sites\/4\/2022\/01\/Logo-ALISO-Reseau-2.png","width":900,"height":970,"caption":"Aliso R\u00e9seau"},"image":{"@id":"https:\/\/aliso.fr\/reseau\/#\/schema\/logo\/image\/"}},{"@type":"Person","@id":"https:\/\/aliso.fr\/reseau\/#\/schema\/person\/056af145b9c52eee21a9f739489104a5","name":"laure"}]}},"_links":{"self":[{"href":"https:\/\/aliso.fr\/reseau\/wp-json\/wp\/v2\/posts\/3172","targetHints":{"allow":["GET"]}}],"collection":[{"href":"https:\/\/aliso.fr\/reseau\/wp-json\/wp\/v2\/posts"}],"about":[{"href":"https:\/\/aliso.fr\/reseau\/wp-json\/wp\/v2\/types\/post"}],"author":[{"embeddable":true,"href":"https:\/\/aliso.fr\/reseau\/wp-json\/wp\/v2\/users\/3"}],"replies":[{"embeddable":true,"href":"https:\/\/aliso.fr\/reseau\/wp-json\/wp\/v2\/comments?post=3172"}],"version-history":[{"count":2,"href":"https:\/\/aliso.fr\/reseau\/wp-json\/wp\/v2\/posts\/3172\/revisions"}],"predecessor-version":[{"id":3177,"href":"https:\/\/aliso.fr\/reseau\/wp-json\/wp\/v2\/posts\/3172\/revisions\/3177"}],"wp:featuredmedia":[{"embeddable":true,"href":"https:\/\/aliso.fr\/reseau\/wp-json\/wp\/v2\/media\/3169"}],"wp:attachment":[{"href":"https:\/\/aliso.fr\/reseau\/wp-json\/wp\/v2\/media?parent=3172"}],"wp:term":[{"taxonomy":"category","embeddable":true,"href":"https:\/\/aliso.fr\/reseau\/wp-json\/wp\/v2\/categories?post=3172"},{"taxonomy":"post_tag","embeddable":true,"href":"https:\/\/aliso.fr\/reseau\/wp-json\/wp\/v2\/tags?post=3172"}],"curies":[{"name":"wp","href":"https:\/\/api.w.org\/{rel}","templated":true}]}}