{"id":3174,"date":"2025-10-07T16:31:25","date_gmt":"2025-10-07T14:31:25","guid":{"rendered":"https:\/\/aliso.fr\/reseau\/?p=3174"},"modified":"2025-10-09T12:52:08","modified_gmt":"2025-10-09T10:52:08","slug":"2-decembre-convergence-associative","status":"publish","type":"post","link":"https:\/\/aliso.fr\/reseau\/2-decembre-convergence-associative\/","title":{"rendered":"2 D\u00c9CEMBRE : CONVERGENCE ASSOCIATIVE"},"content":{"rendered":"\n<p>ALISO, L&rsquo;ARCHIPEL et TELA travaillent ensemble \u00e0 pr\u00e9parer une journ\u00e9e de convergence associative \u00e0 vivre avec vous, le monde associatif creusois de nos r\u00e9seaux, et peut-\u00eatre m\u00eame plus, le 2 d\u00e9cembre prochain.<br><br>On vous sait tr\u00e8s sollicit\u00e9es entre votre votre engagement associatif, votre travail, les diff\u00e9rents mouvements sociaux de mobilisation, les initiatives citoyennes et la vie des r\u00e9seaux. On vous sait aussi parfois soucieux, parfois d\u00e9munis (et comment ne pas l&rsquo;\u00eatre) mais volontaires pour tenir la barre dans la temp\u00eate. Cette journ\u00e9e s&rsquo;inscrit dans une p\u00e9riode o\u00f9 l&rsquo;avenir de la vie associative interroge et inqui\u00e8te mais o\u00f9 ce doute est aussi moteur de cr\u00e9ativit\u00e9 et de convergence collective. A nous de mettre toute cette \u00e9nergie au profit de la vie sur nos territoires ! <\/p>\n\n\n\n<p>Cette date vient faire suite \u00e0 de nombreux appels et invitations depuis la rentr\u00e9e sur la m\u00eame pr\u00e9occupation : Trouvez des alternatives pour optimiser la vie associative de demain et se mettre en action.<\/p>\n\n\n\n<p>Parmi ces dates, on peut citer :<br>&#8211; le 6 septembre <a href=\"https:\/\/www.lamontagne.fr\/aubusson-23200\/loisirs\/l-archipel-fete-son-developpement-avec-des-concerts-gratuits-a-aubusson-et-fursac_14743649\/\" target=\"_blank\" rel=\"noreferrer noopener\">(f\u00eates des portes ouvertes de L&rsquo;ARCHIPEL<\/a> o\u00f9 le travail pour les musiques actuelles a \u00e9t\u00e9 mis \u00e0 l&rsquo;honneur, d\u00e9fendant le travail en cours pour faire reconna\u00eetre la Creuse comme terre d&rsquo;accueil et de production des musiques actuelles et interrogeant sur l&rsquo;avenir des possibles en la mati\u00e8re) ,  <br>&#8211; le 23 septembre <a href=\"https:\/\/aliso.fr\/reseau\/23-septembre-quid-du-financement-des-asso-de-demain\/\" target=\"_blank\" rel=\"noreferrer noopener\">(journ\u00e9e repouss\u00e9e initi\u00e9e par TELA : ETHIQUE ET POLITIQUE &#8211; Quid du financement des associations de demain ? <\/a>), <br>&#8211; le 10 octobre (TELAGORA POLITIQUE : retour des municipa&rsquo;listes propos\u00e9 par TELA), <br>&#8211; le 11 octobre (<a href=\"https:\/\/aliso.fr\/reseau\/creuse-les-associations-en-colere\/\" target=\"_blank\" rel=\"noreferrer noopener\">appel du mouvement associatif : \u00ab\u00a0Ca ne tient plus!\u00a0\u00bb)<\/a>, <br>&#8211; le 16 octobre (j<a href=\"https:\/\/aliso.fr\/initiatives\/16-oct-journee-recherche-ouverte-les-associations-faconnent-le-territoire-et-inversement\/\" target=\"_blank\" rel=\"noreferrer noopener\">ourn\u00e9e de recherche ouverte organis\u00e9e par ALISO et nombreux partenaires participants dans le cadre du DLA : les associations fa\u00e7onnent le territoire-et inversement<\/a>.). <\/p>\n\n\n\n<p>Ce nouveau rendez-vous du 2 d\u00e9cembre est une invitation \u00e0 nous r\u00e9unir et \u00e0 converger pour soigner l&rsquo;avenir de nos associations, outils pr\u00e9cieux des citoyens et citoyennes que nous sommes, ensemble. Le programme de la journ\u00e9e nous encouragera \u00e0 discuter de ce qu&rsquo;on veut en faire et y vivre, pour ouvrir des pistes d&rsquo;actions concr\u00e8tes. B\u00e9n\u00e9voles, administrateur.ice.s, \u00e9lu.e.s, partenaires technicien.ne.s concern\u00e9.e.s, salari\u00e9.e.s : on vous envoie bient\u00f4t les infos. Votre participation enrichira la journ\u00e9e alors, en attendant, merci d&rsquo;avance de noter et retenir cette date. <br><br>Ce qu&rsquo;on peut d\u00e9j\u00e0 vous dire &#8230;<br>&#8211; C&rsquo;est toute la journ\u00e9e, mais avec des temps distincts de travail : le matin en pl\u00e9ni\u00e8re, l&rsquo;apr\u00e8s-midi en groupes sur des ateliers de travail. <br>&#8211; Au moins 2 sujets \u00e9thiques et politiques (non partisans : au sens de la vie de la cit\u00e9, citoyenne) sont au c\u0153ur de ce regroupement : quel r\u00f4le et quel pouvoir d\u00e9tenons nous pour agir aujourd&rsquo;hui sur notre territoire ? quels moyens financiers avons nous aujourd&rsquo;hui et quelles alternatives souhaitons nous d\u00e9fendre, d\u00e9velopper ou solliciter ? <br>&#8211; On vous attend nombreux, et on aura avec nous des invit\u00e9.e.s ressources.<br>&#8211; Ca se passera \u00e0 Gu\u00e9ret.<\/p>\n\n\n\n<p><br><br><\/p>\n","protected":false},"excerpt":{"rendered":"<p>ALISO, L&rsquo;ARCHIPEL et TELA travaillent ensemble \u00e0 pr\u00e9parer une journ\u00e9e de convergence associative \u00e0 vivre avec vous, le monde associatif creusois de nos r\u00e9seaux, et peut-\u00eatre m\u00eame plus, le 2 d\u00e9cembre prochain. On vous sait tr\u00e8s sollicit\u00e9es entre votre votre engagement associatif, votre travail, les diff\u00e9rents mouvements sociaux de mobilisation, les initiatives citoyennes et la&#8230; <a class=\"excerpt-read-more button\" href=\"https:\/\/aliso.fr\/reseau\/2-decembre-convergence-associative\/\" title=\"Read2 D\u00c9CEMBRE : CONVERGENCE ASSOCIATIVE\">En savoir plus &raquo;<\/a><\/p>\n","protected":false},"author":3,"featured_media":3178,"comment_status":"closed","ping_status":"open","sticky":false,"template":"","format":"standard","meta":{"footnotes":""},"categories":[3,7],"tags":[],"class_list":["post-3174","post","type-post","status-publish","format-standard","has-post-thumbnail","hentry","category-actualite","category-nos-actions"],"yoast_head":"<!-- This site is optimized with the Yoast SEO plugin v27.4 - https:\/\/yoast.com\/product\/yoast-seo-wordpress\/ -->\n<title>2 D\u00c9CEMBRE : CONVERGENCE ASSOCIATIVE - Aliso R\u00e9seau<\/title>\n<meta name=\"robots\" content=\"index, follow, max-snippet:-1, max-image-preview:large, max-video-preview:-1\" \/>\n<link rel=\"canonical\" href=\"https:\/\/aliso.fr\/reseau\/2-decembre-convergence-associative\/\" \/>\n<meta property=\"og:locale\" content=\"fr_FR\" \/>\n<meta property=\"og:type\" content=\"article\" \/>\n<meta property=\"og:title\" content=\"2 D\u00c9CEMBRE : CONVERGENCE ASSOCIATIVE - Aliso R\u00e9seau\" \/>\n<meta property=\"og:description\" content=\"ALISO, L&rsquo;ARCHIPEL et TELA travaillent ensemble \u00e0 pr\u00e9parer une journ\u00e9e de convergence associative \u00e0 vivre avec vous, le monde associatif creusois de nos r\u00e9seaux, et peut-\u00eatre m\u00eame plus, le 2 d\u00e9cembre prochain. On vous sait tr\u00e8s sollicit\u00e9es entre votre votre engagement associatif, votre travail, les diff\u00e9rents mouvements sociaux de mobilisation, les initiatives citoyennes et la... En savoir plus &raquo;\" \/>\n<meta property=\"og:url\" content=\"https:\/\/aliso.fr\/reseau\/2-decembre-convergence-associative\/\" \/>\n<meta property=\"og:site_name\" content=\"Aliso R\u00e9seau\" \/>\n<meta property=\"article:published_time\" content=\"2025-10-07T14:31:25+00:00\" \/>\n<meta property=\"article:modified_time\" content=\"2025-10-09T10:52:08+00:00\" \/>\n<meta property=\"og:image\" content=\"https:\/\/aliso.fr\/reseau\/wp-content\/uploads\/sites\/4\/2025\/10\/image-convergence-2-decembre.png\" \/>\n\t<meta property=\"og:image:width\" content=\"2000\" \/>\n\t<meta property=\"og:image:height\" content=\"1414\" \/>\n\t<meta property=\"og:image:type\" content=\"image\/png\" \/>\n<meta name=\"author\" content=\"laure\" \/>\n<meta name=\"twitter:card\" content=\"summary_large_image\" \/>\n<script type=\"application\/ld+json\" class=\"yoast-schema-graph\">{\"@context\":\"https:\\\/\\\/schema.org\",\"@graph\":[{\"@type\":\"Article\",\"@id\":\"https:\\\/\\\/aliso.fr\\\/reseau\\\/2-decembre-convergence-associative\\\/#article\",\"isPartOf\":{\"@id\":\"https:\\\/\\\/aliso.fr\\\/reseau\\\/2-decembre-convergence-associative\\\/\"},\"author\":{\"name\":\"laure\",\"@id\":\"https:\\\/\\\/aliso.fr\\\/reseau\\\/#\\\/schema\\\/person\\\/056af145b9c52eee21a9f739489104a5\"},\"headline\":\"2 D\u00c9CEMBRE : CONVERGENCE ASSOCIATIVE\",\"datePublished\":\"2025-10-07T14:31:25+00:00\",\"dateModified\":\"2025-10-09T10:52:08+00:00\",\"mainEntityOfPage\":{\"@id\":\"https:\\\/\\\/aliso.fr\\\/reseau\\\/2-decembre-convergence-associative\\\/\"},\"wordCount\":535,\"publisher\":{\"@id\":\"https:\\\/\\\/aliso.fr\\\/reseau\\\/#organization\"},\"image\":{\"@id\":\"https:\\\/\\\/aliso.fr\\\/reseau\\\/2-decembre-convergence-associative\\\/#primaryimage\"},\"thumbnailUrl\":\"https:\\\/\\\/aliso.fr\\\/reseau\\\/wp-content\\\/uploads\\\/sites\\\/4\\\/2025\\\/10\\\/image-convergence-2-decembre.png\",\"articleSection\":[\"Actualit\u00e9\",\"Nos actions\"],\"inLanguage\":\"fr-FR\"},{\"@type\":\"WebPage\",\"@id\":\"https:\\\/\\\/aliso.fr\\\/reseau\\\/2-decembre-convergence-associative\\\/\",\"url\":\"https:\\\/\\\/aliso.fr\\\/reseau\\\/2-decembre-convergence-associative\\\/\",\"name\":\"2 D\u00c9CEMBRE : CONVERGENCE ASSOCIATIVE - Aliso R\u00e9seau\",\"isPartOf\":{\"@id\":\"https:\\\/\\\/aliso.fr\\\/reseau\\\/#website\"},\"primaryImageOfPage\":{\"@id\":\"https:\\\/\\\/aliso.fr\\\/reseau\\\/2-decembre-convergence-associative\\\/#primaryimage\"},\"image\":{\"@id\":\"https:\\\/\\\/aliso.fr\\\/reseau\\\/2-decembre-convergence-associative\\\/#primaryimage\"},\"thumbnailUrl\":\"https:\\\/\\\/aliso.fr\\\/reseau\\\/wp-content\\\/uploads\\\/sites\\\/4\\\/2025\\\/10\\\/image-convergence-2-decembre.png\",\"datePublished\":\"2025-10-07T14:31:25+00:00\",\"dateModified\":\"2025-10-09T10:52:08+00:00\",\"breadcrumb\":{\"@id\":\"https:\\\/\\\/aliso.fr\\\/reseau\\\/2-decembre-convergence-associative\\\/#breadcrumb\"},\"inLanguage\":\"fr-FR\",\"potentialAction\":[{\"@type\":\"ReadAction\",\"target\":[\"https:\\\/\\\/aliso.fr\\\/reseau\\\/2-decembre-convergence-associative\\\/\"]}]},{\"@type\":\"ImageObject\",\"inLanguage\":\"fr-FR\",\"@id\":\"https:\\\/\\\/aliso.fr\\\/reseau\\\/2-decembre-convergence-associative\\\/#primaryimage\",\"url\":\"https:\\\/\\\/aliso.fr\\\/reseau\\\/wp-content\\\/uploads\\\/sites\\\/4\\\/2025\\\/10\\\/image-convergence-2-decembre.png\",\"contentUrl\":\"https:\\\/\\\/aliso.fr\\\/reseau\\\/wp-content\\\/uploads\\\/sites\\\/4\\\/2025\\\/10\\\/image-convergence-2-decembre.png\",\"width\":2000,\"height\":1414},{\"@type\":\"BreadcrumbList\",\"@id\":\"https:\\\/\\\/aliso.fr\\\/reseau\\\/2-decembre-convergence-associative\\\/#breadcrumb\",\"itemListElement\":[{\"@type\":\"ListItem\",\"position\":1,\"name\":\"Accueil\",\"item\":\"https:\\\/\\\/aliso.fr\\\/reseau\\\/\"},{\"@type\":\"ListItem\",\"position\":2,\"name\":\"Actualit\u00e9\",\"item\":\"https:\\\/\\\/aliso.fr\\\/reseau\\\/actualite\\\/\"},{\"@type\":\"ListItem\",\"position\":3,\"name\":\"2 D\u00c9CEMBRE : CONVERGENCE ASSOCIATIVE\"}]},{\"@type\":\"WebSite\",\"@id\":\"https:\\\/\\\/aliso.fr\\\/reseau\\\/#website\",\"url\":\"https:\\\/\\\/aliso.fr\\\/reseau\\\/\",\"name\":\"Aliso R\u00e9seau\",\"description\":\"R\u00e9seau Creusois des acteurs du lien social\",\"publisher\":{\"@id\":\"https:\\\/\\\/aliso.fr\\\/reseau\\\/#organization\"},\"potentialAction\":[{\"@type\":\"SearchAction\",\"target\":{\"@type\":\"EntryPoint\",\"urlTemplate\":\"https:\\\/\\\/aliso.fr\\\/reseau\\\/?s={search_term_string}\"},\"query-input\":{\"@type\":\"PropertyValueSpecification\",\"valueRequired\":true,\"valueName\":\"search_term_string\"}}],\"inLanguage\":\"fr-FR\"},{\"@type\":\"Organization\",\"@id\":\"https:\\\/\\\/aliso.fr\\\/reseau\\\/#organization\",\"name\":\"Aliso R\u00e9seau\",\"url\":\"https:\\\/\\\/aliso.fr\\\/reseau\\\/\",\"logo\":{\"@type\":\"ImageObject\",\"inLanguage\":\"fr-FR\",\"@id\":\"https:\\\/\\\/aliso.fr\\\/reseau\\\/#\\\/schema\\\/logo\\\/image\\\/\",\"url\":\"https:\\\/\\\/aliso.fr\\\/reseau\\\/wp-content\\\/uploads\\\/sites\\\/4\\\/2022\\\/01\\\/Logo-ALISO-Reseau-2.png\",\"contentUrl\":\"https:\\\/\\\/aliso.fr\\\/reseau\\\/wp-content\\\/uploads\\\/sites\\\/4\\\/2022\\\/01\\\/Logo-ALISO-Reseau-2.png\",\"width\":900,\"height\":970,\"caption\":\"Aliso R\u00e9seau\"},\"image\":{\"@id\":\"https:\\\/\\\/aliso.fr\\\/reseau\\\/#\\\/schema\\\/logo\\\/image\\\/\"}},{\"@type\":\"Person\",\"@id\":\"https:\\\/\\\/aliso.fr\\\/reseau\\\/#\\\/schema\\\/person\\\/056af145b9c52eee21a9f739489104a5\",\"name\":\"laure\"}]}<\/script>\n<!-- \/ Yoast SEO plugin. -->","yoast_head_json":{"title":"2 D\u00c9CEMBRE : CONVERGENCE ASSOCIATIVE - Aliso R\u00e9seau","robots":{"index":"index","follow":"follow","max-snippet":"max-snippet:-1","max-image-preview":"max-image-preview:large","max-video-preview":"max-video-preview:-1"},"canonical":"https:\/\/aliso.fr\/reseau\/2-decembre-convergence-associative\/","og_locale":"fr_FR","og_type":"article","og_title":"2 D\u00c9CEMBRE : CONVERGENCE ASSOCIATIVE - Aliso R\u00e9seau","og_description":"ALISO, L&rsquo;ARCHIPEL et TELA travaillent ensemble \u00e0 pr\u00e9parer une journ\u00e9e de convergence associative \u00e0 vivre avec vous, le monde associatif creusois de nos r\u00e9seaux, et peut-\u00eatre m\u00eame plus, le 2 d\u00e9cembre prochain. On vous sait tr\u00e8s sollicit\u00e9es entre votre votre engagement associatif, votre travail, les diff\u00e9rents mouvements sociaux de mobilisation, les initiatives citoyennes et la... En savoir plus &raquo;","og_url":"https:\/\/aliso.fr\/reseau\/2-decembre-convergence-associative\/","og_site_name":"Aliso R\u00e9seau","article_published_time":"2025-10-07T14:31:25+00:00","article_modified_time":"2025-10-09T10:52:08+00:00","og_image":[{"width":2000,"height":1414,"url":"https:\/\/aliso.fr\/reseau\/wp-content\/uploads\/sites\/4\/2025\/10\/image-convergence-2-decembre.png","type":"image\/png"}],"author":"laure","twitter_card":"summary_large_image","schema":{"@context":"https:\/\/schema.org","@graph":[{"@type":"Article","@id":"https:\/\/aliso.fr\/reseau\/2-decembre-convergence-associative\/#article","isPartOf":{"@id":"https:\/\/aliso.fr\/reseau\/2-decembre-convergence-associative\/"},"author":{"name":"laure","@id":"https:\/\/aliso.fr\/reseau\/#\/schema\/person\/056af145b9c52eee21a9f739489104a5"},"headline":"2 D\u00c9CEMBRE : CONVERGENCE ASSOCIATIVE","datePublished":"2025-10-07T14:31:25+00:00","dateModified":"2025-10-09T10:52:08+00:00","mainEntityOfPage":{"@id":"https:\/\/aliso.fr\/reseau\/2-decembre-convergence-associative\/"},"wordCount":535,"publisher":{"@id":"https:\/\/aliso.fr\/reseau\/#organization"},"image":{"@id":"https:\/\/aliso.fr\/reseau\/2-decembre-convergence-associative\/#primaryimage"},"thumbnailUrl":"https:\/\/aliso.fr\/reseau\/wp-content\/uploads\/sites\/4\/2025\/10\/image-convergence-2-decembre.png","articleSection":["Actualit\u00e9","Nos actions"],"inLanguage":"fr-FR"},{"@type":"WebPage","@id":"https:\/\/aliso.fr\/reseau\/2-decembre-convergence-associative\/","url":"https:\/\/aliso.fr\/reseau\/2-decembre-convergence-associative\/","name":"2 D\u00c9CEMBRE : CONVERGENCE ASSOCIATIVE - Aliso R\u00e9seau","isPartOf":{"@id":"https:\/\/aliso.fr\/reseau\/#website"},"primaryImageOfPage":{"@id":"https:\/\/aliso.fr\/reseau\/2-decembre-convergence-associative\/#primaryimage"},"image":{"@id":"https:\/\/aliso.fr\/reseau\/2-decembre-convergence-associative\/#primaryimage"},"thumbnailUrl":"https:\/\/aliso.fr\/reseau\/wp-content\/uploads\/sites\/4\/2025\/10\/image-convergence-2-decembre.png","datePublished":"2025-10-07T14:31:25+00:00","dateModified":"2025-10-09T10:52:08+00:00","breadcrumb":{"@id":"https:\/\/aliso.fr\/reseau\/2-decembre-convergence-associative\/#breadcrumb"},"inLanguage":"fr-FR","potentialAction":[{"@type":"ReadAction","target":["https:\/\/aliso.fr\/reseau\/2-decembre-convergence-associative\/"]}]},{"@type":"ImageObject","inLanguage":"fr-FR","@id":"https:\/\/aliso.fr\/reseau\/2-decembre-convergence-associative\/#primaryimage","url":"https:\/\/aliso.fr\/reseau\/wp-content\/uploads\/sites\/4\/2025\/10\/image-convergence-2-decembre.png","contentUrl":"https:\/\/aliso.fr\/reseau\/wp-content\/uploads\/sites\/4\/2025\/10\/image-convergence-2-decembre.png","width":2000,"height":1414},{"@type":"BreadcrumbList","@id":"https:\/\/aliso.fr\/reseau\/2-decembre-convergence-associative\/#breadcrumb","itemListElement":[{"@type":"ListItem","position":1,"name":"Accueil","item":"https:\/\/aliso.fr\/reseau\/"},{"@type":"ListItem","position":2,"name":"Actualit\u00e9","item":"https:\/\/aliso.fr\/reseau\/actualite\/"},{"@type":"ListItem","position":3,"name":"2 D\u00c9CEMBRE : CONVERGENCE ASSOCIATIVE"}]},{"@type":"WebSite","@id":"https:\/\/aliso.fr\/reseau\/#website","url":"https:\/\/aliso.fr\/reseau\/","name":"Aliso R\u00e9seau","description":"R\u00e9seau Creusois des acteurs du lien social","publisher":{"@id":"https:\/\/aliso.fr\/reseau\/#organization"},"potentialAction":[{"@type":"SearchAction","target":{"@type":"EntryPoint","urlTemplate":"https:\/\/aliso.fr\/reseau\/?s={search_term_string}"},"query-input":{"@type":"PropertyValueSpecification","valueRequired":true,"valueName":"search_term_string"}}],"inLanguage":"fr-FR"},{"@type":"Organization","@id":"https:\/\/aliso.fr\/reseau\/#organization","name":"Aliso R\u00e9seau","url":"https:\/\/aliso.fr\/reseau\/","logo":{"@type":"ImageObject","inLanguage":"fr-FR","@id":"https:\/\/aliso.fr\/reseau\/#\/schema\/logo\/image\/","url":"https:\/\/aliso.fr\/reseau\/wp-content\/uploads\/sites\/4\/2022\/01\/Logo-ALISO-Reseau-2.png","contentUrl":"https:\/\/aliso.fr\/reseau\/wp-content\/uploads\/sites\/4\/2022\/01\/Logo-ALISO-Reseau-2.png","width":900,"height":970,"caption":"Aliso R\u00e9seau"},"image":{"@id":"https:\/\/aliso.fr\/reseau\/#\/schema\/logo\/image\/"}},{"@type":"Person","@id":"https:\/\/aliso.fr\/reseau\/#\/schema\/person\/056af145b9c52eee21a9f739489104a5","name":"laure"}]}},"_links":{"self":[{"href":"https:\/\/aliso.fr\/reseau\/wp-json\/wp\/v2\/posts\/3174","targetHints":{"allow":["GET"]}}],"collection":[{"href":"https:\/\/aliso.fr\/reseau\/wp-json\/wp\/v2\/posts"}],"about":[{"href":"https:\/\/aliso.fr\/reseau\/wp-json\/wp\/v2\/types\/post"}],"author":[{"embeddable":true,"href":"https:\/\/aliso.fr\/reseau\/wp-json\/wp\/v2\/users\/3"}],"replies":[{"embeddable":true,"href":"https:\/\/aliso.fr\/reseau\/wp-json\/wp\/v2\/comments?post=3174"}],"version-history":[{"count":2,"href":"https:\/\/aliso.fr\/reseau\/wp-json\/wp\/v2\/posts\/3174\/revisions"}],"predecessor-version":[{"id":3183,"href":"https:\/\/aliso.fr\/reseau\/wp-json\/wp\/v2\/posts\/3174\/revisions\/3183"}],"wp:featuredmedia":[{"embeddable":true,"href":"https:\/\/aliso.fr\/reseau\/wp-json\/wp\/v2\/media\/3178"}],"wp:attachment":[{"href":"https:\/\/aliso.fr\/reseau\/wp-json\/wp\/v2\/media?parent=3174"}],"wp:term":[{"taxonomy":"category","embeddable":true,"href":"https:\/\/aliso.fr\/reseau\/wp-json\/wp\/v2\/categories?post=3174"},{"taxonomy":"post_tag","embeddable":true,"href":"https:\/\/aliso.fr\/reseau\/wp-json\/wp\/v2\/tags?post=3174"}],"curies":[{"name":"wp","href":"https:\/\/api.w.org\/{rel}","templated":true}]}}