{"id":3215,"date":"2025-11-12T15:23:55","date_gmt":"2025-11-12T14:23:55","guid":{"rendered":"https:\/\/aliso.fr\/reseau\/?p=3215"},"modified":"2025-11-13T14:38:10","modified_gmt":"2025-11-13T13:38:10","slug":"les-localos-les-etats-generaux-communaux","status":"publish","type":"post","link":"https:\/\/aliso.fr\/reseau\/les-localos-les-etats-generaux-communaux\/","title":{"rendered":"LES LOCALOS &amp; LES ETATS G\u00c9N\u00c9RAUX COMMUNAUX"},"content":{"rendered":"\n<p>Aliso est fraichement adh\u00e9rente aux Localos et vous partage l&rsquo;actualit\u00e9 de cette association.<br>&gt; La Page Internet : <a href=\"https:\/\/www.localos.fr\/nuit-25\" target=\"_blank\" rel=\"noreferrer noopener\">https:\/\/www.localos.fr\/<\/a><\/p>\n\n\n\n<p>Webinaire \u00ab\u00a0Grand Public\u00a0\u00bb ce vendredi 14 novembre \u00e0 18h30 sur inscription :\u00a0<a href=\"https:\/\/framaforms.org\/reveiller-la-republique-par-la-commune-decouvrez-les-etats-generaux-communaux-vendredi-14-novembre\" target=\"_blank\" rel=\"noreferrer noopener\">https:\/\/framaforms.org\/reveiller-la-republique-par-la-commune-decouvrez-les-etats-generaux-communaux-vendredi-14-novembre<\/a>\u00a0<\/p>\n\n\n\n<p>Article en cours de construction.<br>Plus d&rsquo;infos dans le lien ci-dessous<\/p>\n\n\n\n<p><a href=\"https:\/\/www.lesetatsgenerauxcommunaux.org\/les-egc\">https:\/\/www.lesetatsgenerauxcommunaux.org\/les-egc<\/a><\/p>\n","protected":false},"excerpt":{"rendered":"<p>Aliso est fraichement adh\u00e9rente aux Localos et vous partage l&rsquo;actualit\u00e9 de cette association.&gt; La Page Internet : https:\/\/www.localos.fr\/ Webinaire \u00ab\u00a0Grand Public\u00a0\u00bb ce vendredi 14 novembre \u00e0 18h30 sur inscription :\u00a0https:\/\/framaforms.org\/reveiller-la-republique-par-la-commune-decouvrez-les-etats-generaux-communaux-vendredi-14-novembre\u00a0 Article en cours de construction.Plus d&rsquo;infos dans le lien ci-dessous https:\/\/www.lesetatsgenerauxcommunaux.org\/les-egc<\/p>\n","protected":false},"author":3,"featured_media":3216,"comment_status":"closed","ping_status":"open","sticky":false,"template":"","format":"standard","meta":{"footnotes":""},"categories":[3],"tags":[],"class_list":["post-3215","post","type-post","status-publish","format-standard","has-post-thumbnail","hentry","category-actualite"],"yoast_head":"<!-- This site is optimized with the Yoast SEO plugin v27.4 - https:\/\/yoast.com\/product\/yoast-seo-wordpress\/ -->\n<title>LES LOCALOS &amp; LES ETATS G\u00c9N\u00c9RAUX COMMUNAUX - Aliso R\u00e9seau<\/title>\n<meta name=\"robots\" content=\"index, follow, max-snippet:-1, max-image-preview:large, max-video-preview:-1\" \/>\n<link rel=\"canonical\" href=\"https:\/\/aliso.fr\/reseau\/les-localos-les-etats-generaux-communaux\/\" \/>\n<meta property=\"og:locale\" content=\"fr_FR\" \/>\n<meta property=\"og:type\" content=\"article\" \/>\n<meta property=\"og:title\" content=\"LES LOCALOS &amp; LES ETATS G\u00c9N\u00c9RAUX COMMUNAUX - Aliso R\u00e9seau\" \/>\n<meta property=\"og:description\" content=\"Aliso est fraichement adh\u00e9rente aux Localos et vous partage l&rsquo;actualit\u00e9 de cette association.&gt; La Page Internet : https:\/\/www.localos.fr\/ Webinaire \u00ab\u00a0Grand Public\u00a0\u00bb ce vendredi 14 novembre \u00e0 18h30 sur inscription :\u00a0https:\/\/framaforms.org\/reveiller-la-republique-par-la-commune-decouvrez-les-etats-generaux-communaux-vendredi-14-novembre\u00a0 Article en cours de construction.Plus d&rsquo;infos dans le lien ci-dessous https:\/\/www.lesetatsgenerauxcommunaux.org\/les-egc\" \/>\n<meta property=\"og:url\" content=\"https:\/\/aliso.fr\/reseau\/les-localos-les-etats-generaux-communaux\/\" \/>\n<meta property=\"og:site_name\" content=\"Aliso R\u00e9seau\" \/>\n<meta property=\"article:published_time\" content=\"2025-11-12T14:23:55+00:00\" \/>\n<meta property=\"article:modified_time\" content=\"2025-11-13T13:38:10+00:00\" \/>\n<meta property=\"og:image\" content=\"https:\/\/aliso.fr\/reseau\/wp-content\/uploads\/sites\/4\/2025\/11\/logo-egc.png\" \/>\n\t<meta property=\"og:image:width\" content=\"500\" \/>\n\t<meta property=\"og:image:height\" content=\"156\" \/>\n\t<meta property=\"og:image:type\" content=\"image\/png\" \/>\n<meta name=\"author\" content=\"laure\" \/>\n<meta name=\"twitter:card\" content=\"summary_large_image\" \/>\n<script type=\"application\/ld+json\" class=\"yoast-schema-graph\">{\"@context\":\"https:\\\/\\\/schema.org\",\"@graph\":[{\"@type\":\"Article\",\"@id\":\"https:\\\/\\\/aliso.fr\\\/reseau\\\/les-localos-les-etats-generaux-communaux\\\/#article\",\"isPartOf\":{\"@id\":\"https:\\\/\\\/aliso.fr\\\/reseau\\\/les-localos-les-etats-generaux-communaux\\\/\"},\"author\":{\"name\":\"laure\",\"@id\":\"https:\\\/\\\/aliso.fr\\\/reseau\\\/#\\\/schema\\\/person\\\/056af145b9c52eee21a9f739489104a5\"},\"headline\":\"LES LOCALOS &amp; LES ETATS G\u00c9N\u00c9RAUX COMMUNAUX\",\"datePublished\":\"2025-11-12T14:23:55+00:00\",\"dateModified\":\"2025-11-13T13:38:10+00:00\",\"mainEntityOfPage\":{\"@id\":\"https:\\\/\\\/aliso.fr\\\/reseau\\\/les-localos-les-etats-generaux-communaux\\\/\"},\"wordCount\":63,\"publisher\":{\"@id\":\"https:\\\/\\\/aliso.fr\\\/reseau\\\/#organization\"},\"image\":{\"@id\":\"https:\\\/\\\/aliso.fr\\\/reseau\\\/les-localos-les-etats-generaux-communaux\\\/#primaryimage\"},\"thumbnailUrl\":\"https:\\\/\\\/aliso.fr\\\/reseau\\\/wp-content\\\/uploads\\\/sites\\\/4\\\/2025\\\/11\\\/logo-egc.png\",\"articleSection\":[\"Actualit\u00e9\"],\"inLanguage\":\"fr-FR\"},{\"@type\":\"WebPage\",\"@id\":\"https:\\\/\\\/aliso.fr\\\/reseau\\\/les-localos-les-etats-generaux-communaux\\\/\",\"url\":\"https:\\\/\\\/aliso.fr\\\/reseau\\\/les-localos-les-etats-generaux-communaux\\\/\",\"name\":\"LES LOCALOS &amp; LES ETATS G\u00c9N\u00c9RAUX COMMUNAUX - Aliso R\u00e9seau\",\"isPartOf\":{\"@id\":\"https:\\\/\\\/aliso.fr\\\/reseau\\\/#website\"},\"primaryImageOfPage\":{\"@id\":\"https:\\\/\\\/aliso.fr\\\/reseau\\\/les-localos-les-etats-generaux-communaux\\\/#primaryimage\"},\"image\":{\"@id\":\"https:\\\/\\\/aliso.fr\\\/reseau\\\/les-localos-les-etats-generaux-communaux\\\/#primaryimage\"},\"thumbnailUrl\":\"https:\\\/\\\/aliso.fr\\\/reseau\\\/wp-content\\\/uploads\\\/sites\\\/4\\\/2025\\\/11\\\/logo-egc.png\",\"datePublished\":\"2025-11-12T14:23:55+00:00\",\"dateModified\":\"2025-11-13T13:38:10+00:00\",\"breadcrumb\":{\"@id\":\"https:\\\/\\\/aliso.fr\\\/reseau\\\/les-localos-les-etats-generaux-communaux\\\/#breadcrumb\"},\"inLanguage\":\"fr-FR\",\"potentialAction\":[{\"@type\":\"ReadAction\",\"target\":[\"https:\\\/\\\/aliso.fr\\\/reseau\\\/les-localos-les-etats-generaux-communaux\\\/\"]}]},{\"@type\":\"ImageObject\",\"inLanguage\":\"fr-FR\",\"@id\":\"https:\\\/\\\/aliso.fr\\\/reseau\\\/les-localos-les-etats-generaux-communaux\\\/#primaryimage\",\"url\":\"https:\\\/\\\/aliso.fr\\\/reseau\\\/wp-content\\\/uploads\\\/sites\\\/4\\\/2025\\\/11\\\/logo-egc.png\",\"contentUrl\":\"https:\\\/\\\/aliso.fr\\\/reseau\\\/wp-content\\\/uploads\\\/sites\\\/4\\\/2025\\\/11\\\/logo-egc.png\",\"width\":500,\"height\":156},{\"@type\":\"BreadcrumbList\",\"@id\":\"https:\\\/\\\/aliso.fr\\\/reseau\\\/les-localos-les-etats-generaux-communaux\\\/#breadcrumb\",\"itemListElement\":[{\"@type\":\"ListItem\",\"position\":1,\"name\":\"Accueil\",\"item\":\"https:\\\/\\\/aliso.fr\\\/reseau\\\/\"},{\"@type\":\"ListItem\",\"position\":2,\"name\":\"Actualit\u00e9\",\"item\":\"https:\\\/\\\/aliso.fr\\\/reseau\\\/actualite\\\/\"},{\"@type\":\"ListItem\",\"position\":3,\"name\":\"LES LOCALOS &amp; LES ETATS G\u00c9N\u00c9RAUX COMMUNAUX\"}]},{\"@type\":\"WebSite\",\"@id\":\"https:\\\/\\\/aliso.fr\\\/reseau\\\/#website\",\"url\":\"https:\\\/\\\/aliso.fr\\\/reseau\\\/\",\"name\":\"Aliso R\u00e9seau\",\"description\":\"R\u00e9seau Creusois des acteurs du lien social\",\"publisher\":{\"@id\":\"https:\\\/\\\/aliso.fr\\\/reseau\\\/#organization\"},\"potentialAction\":[{\"@type\":\"SearchAction\",\"target\":{\"@type\":\"EntryPoint\",\"urlTemplate\":\"https:\\\/\\\/aliso.fr\\\/reseau\\\/?s={search_term_string}\"},\"query-input\":{\"@type\":\"PropertyValueSpecification\",\"valueRequired\":true,\"valueName\":\"search_term_string\"}}],\"inLanguage\":\"fr-FR\"},{\"@type\":\"Organization\",\"@id\":\"https:\\\/\\\/aliso.fr\\\/reseau\\\/#organization\",\"name\":\"Aliso R\u00e9seau\",\"url\":\"https:\\\/\\\/aliso.fr\\\/reseau\\\/\",\"logo\":{\"@type\":\"ImageObject\",\"inLanguage\":\"fr-FR\",\"@id\":\"https:\\\/\\\/aliso.fr\\\/reseau\\\/#\\\/schema\\\/logo\\\/image\\\/\",\"url\":\"https:\\\/\\\/aliso.fr\\\/reseau\\\/wp-content\\\/uploads\\\/sites\\\/4\\\/2022\\\/01\\\/Logo-ALISO-Reseau-2.png\",\"contentUrl\":\"https:\\\/\\\/aliso.fr\\\/reseau\\\/wp-content\\\/uploads\\\/sites\\\/4\\\/2022\\\/01\\\/Logo-ALISO-Reseau-2.png\",\"width\":900,\"height\":970,\"caption\":\"Aliso R\u00e9seau\"},\"image\":{\"@id\":\"https:\\\/\\\/aliso.fr\\\/reseau\\\/#\\\/schema\\\/logo\\\/image\\\/\"}},{\"@type\":\"Person\",\"@id\":\"https:\\\/\\\/aliso.fr\\\/reseau\\\/#\\\/schema\\\/person\\\/056af145b9c52eee21a9f739489104a5\",\"name\":\"laure\"}]}<\/script>\n<!-- \/ Yoast SEO plugin. -->","yoast_head_json":{"title":"LES LOCALOS &amp; LES ETATS G\u00c9N\u00c9RAUX COMMUNAUX - Aliso R\u00e9seau","robots":{"index":"index","follow":"follow","max-snippet":"max-snippet:-1","max-image-preview":"max-image-preview:large","max-video-preview":"max-video-preview:-1"},"canonical":"https:\/\/aliso.fr\/reseau\/les-localos-les-etats-generaux-communaux\/","og_locale":"fr_FR","og_type":"article","og_title":"LES LOCALOS &amp; LES ETATS G\u00c9N\u00c9RAUX COMMUNAUX - Aliso R\u00e9seau","og_description":"Aliso est fraichement adh\u00e9rente aux Localos et vous partage l&rsquo;actualit\u00e9 de cette association.&gt; La Page Internet : https:\/\/www.localos.fr\/ Webinaire \u00ab\u00a0Grand Public\u00a0\u00bb ce vendredi 14 novembre \u00e0 18h30 sur inscription :\u00a0https:\/\/framaforms.org\/reveiller-la-republique-par-la-commune-decouvrez-les-etats-generaux-communaux-vendredi-14-novembre\u00a0 Article en cours de construction.Plus d&rsquo;infos dans le lien ci-dessous https:\/\/www.lesetatsgenerauxcommunaux.org\/les-egc","og_url":"https:\/\/aliso.fr\/reseau\/les-localos-les-etats-generaux-communaux\/","og_site_name":"Aliso R\u00e9seau","article_published_time":"2025-11-12T14:23:55+00:00","article_modified_time":"2025-11-13T13:38:10+00:00","og_image":[{"width":500,"height":156,"url":"https:\/\/aliso.fr\/reseau\/wp-content\/uploads\/sites\/4\/2025\/11\/logo-egc.png","type":"image\/png"}],"author":"laure","twitter_card":"summary_large_image","schema":{"@context":"https:\/\/schema.org","@graph":[{"@type":"Article","@id":"https:\/\/aliso.fr\/reseau\/les-localos-les-etats-generaux-communaux\/#article","isPartOf":{"@id":"https:\/\/aliso.fr\/reseau\/les-localos-les-etats-generaux-communaux\/"},"author":{"name":"laure","@id":"https:\/\/aliso.fr\/reseau\/#\/schema\/person\/056af145b9c52eee21a9f739489104a5"},"headline":"LES LOCALOS &amp; LES ETATS G\u00c9N\u00c9RAUX COMMUNAUX","datePublished":"2025-11-12T14:23:55+00:00","dateModified":"2025-11-13T13:38:10+00:00","mainEntityOfPage":{"@id":"https:\/\/aliso.fr\/reseau\/les-localos-les-etats-generaux-communaux\/"},"wordCount":63,"publisher":{"@id":"https:\/\/aliso.fr\/reseau\/#organization"},"image":{"@id":"https:\/\/aliso.fr\/reseau\/les-localos-les-etats-generaux-communaux\/#primaryimage"},"thumbnailUrl":"https:\/\/aliso.fr\/reseau\/wp-content\/uploads\/sites\/4\/2025\/11\/logo-egc.png","articleSection":["Actualit\u00e9"],"inLanguage":"fr-FR"},{"@type":"WebPage","@id":"https:\/\/aliso.fr\/reseau\/les-localos-les-etats-generaux-communaux\/","url":"https:\/\/aliso.fr\/reseau\/les-localos-les-etats-generaux-communaux\/","name":"LES LOCALOS &amp; LES ETATS G\u00c9N\u00c9RAUX COMMUNAUX - Aliso R\u00e9seau","isPartOf":{"@id":"https:\/\/aliso.fr\/reseau\/#website"},"primaryImageOfPage":{"@id":"https:\/\/aliso.fr\/reseau\/les-localos-les-etats-generaux-communaux\/#primaryimage"},"image":{"@id":"https:\/\/aliso.fr\/reseau\/les-localos-les-etats-generaux-communaux\/#primaryimage"},"thumbnailUrl":"https:\/\/aliso.fr\/reseau\/wp-content\/uploads\/sites\/4\/2025\/11\/logo-egc.png","datePublished":"2025-11-12T14:23:55+00:00","dateModified":"2025-11-13T13:38:10+00:00","breadcrumb":{"@id":"https:\/\/aliso.fr\/reseau\/les-localos-les-etats-generaux-communaux\/#breadcrumb"},"inLanguage":"fr-FR","potentialAction":[{"@type":"ReadAction","target":["https:\/\/aliso.fr\/reseau\/les-localos-les-etats-generaux-communaux\/"]}]},{"@type":"ImageObject","inLanguage":"fr-FR","@id":"https:\/\/aliso.fr\/reseau\/les-localos-les-etats-generaux-communaux\/#primaryimage","url":"https:\/\/aliso.fr\/reseau\/wp-content\/uploads\/sites\/4\/2025\/11\/logo-egc.png","contentUrl":"https:\/\/aliso.fr\/reseau\/wp-content\/uploads\/sites\/4\/2025\/11\/logo-egc.png","width":500,"height":156},{"@type":"BreadcrumbList","@id":"https:\/\/aliso.fr\/reseau\/les-localos-les-etats-generaux-communaux\/#breadcrumb","itemListElement":[{"@type":"ListItem","position":1,"name":"Accueil","item":"https:\/\/aliso.fr\/reseau\/"},{"@type":"ListItem","position":2,"name":"Actualit\u00e9","item":"https:\/\/aliso.fr\/reseau\/actualite\/"},{"@type":"ListItem","position":3,"name":"LES LOCALOS &amp; LES ETATS G\u00c9N\u00c9RAUX COMMUNAUX"}]},{"@type":"WebSite","@id":"https:\/\/aliso.fr\/reseau\/#website","url":"https:\/\/aliso.fr\/reseau\/","name":"Aliso R\u00e9seau","description":"R\u00e9seau Creusois des acteurs du lien social","publisher":{"@id":"https:\/\/aliso.fr\/reseau\/#organization"},"potentialAction":[{"@type":"SearchAction","target":{"@type":"EntryPoint","urlTemplate":"https:\/\/aliso.fr\/reseau\/?s={search_term_string}"},"query-input":{"@type":"PropertyValueSpecification","valueRequired":true,"valueName":"search_term_string"}}],"inLanguage":"fr-FR"},{"@type":"Organization","@id":"https:\/\/aliso.fr\/reseau\/#organization","name":"Aliso R\u00e9seau","url":"https:\/\/aliso.fr\/reseau\/","logo":{"@type":"ImageObject","inLanguage":"fr-FR","@id":"https:\/\/aliso.fr\/reseau\/#\/schema\/logo\/image\/","url":"https:\/\/aliso.fr\/reseau\/wp-content\/uploads\/sites\/4\/2022\/01\/Logo-ALISO-Reseau-2.png","contentUrl":"https:\/\/aliso.fr\/reseau\/wp-content\/uploads\/sites\/4\/2022\/01\/Logo-ALISO-Reseau-2.png","width":900,"height":970,"caption":"Aliso R\u00e9seau"},"image":{"@id":"https:\/\/aliso.fr\/reseau\/#\/schema\/logo\/image\/"}},{"@type":"Person","@id":"https:\/\/aliso.fr\/reseau\/#\/schema\/person\/056af145b9c52eee21a9f739489104a5","name":"laure"}]}},"_links":{"self":[{"href":"https:\/\/aliso.fr\/reseau\/wp-json\/wp\/v2\/posts\/3215","targetHints":{"allow":["GET"]}}],"collection":[{"href":"https:\/\/aliso.fr\/reseau\/wp-json\/wp\/v2\/posts"}],"about":[{"href":"https:\/\/aliso.fr\/reseau\/wp-json\/wp\/v2\/types\/post"}],"author":[{"embeddable":true,"href":"https:\/\/aliso.fr\/reseau\/wp-json\/wp\/v2\/users\/3"}],"replies":[{"embeddable":true,"href":"https:\/\/aliso.fr\/reseau\/wp-json\/wp\/v2\/comments?post=3215"}],"version-history":[{"count":2,"href":"https:\/\/aliso.fr\/reseau\/wp-json\/wp\/v2\/posts\/3215\/revisions"}],"predecessor-version":[{"id":3245,"href":"https:\/\/aliso.fr\/reseau\/wp-json\/wp\/v2\/posts\/3215\/revisions\/3245"}],"wp:featuredmedia":[{"embeddable":true,"href":"https:\/\/aliso.fr\/reseau\/wp-json\/wp\/v2\/media\/3216"}],"wp:attachment":[{"href":"https:\/\/aliso.fr\/reseau\/wp-json\/wp\/v2\/media?parent=3215"}],"wp:term":[{"taxonomy":"category","embeddable":true,"href":"https:\/\/aliso.fr\/reseau\/wp-json\/wp\/v2\/categories?post=3215"},{"taxonomy":"post_tag","embeddable":true,"href":"https:\/\/aliso.fr\/reseau\/wp-json\/wp\/v2\/tags?post=3215"}],"curies":[{"name":"wp","href":"https:\/\/api.w.org\/{rel}","templated":true}]}}