{"id":3218,"date":"2025-11-12T15:46:02","date_gmt":"2025-11-12T14:46:02","guid":{"rendered":"https:\/\/aliso.fr\/reseau\/?p=3218"},"modified":"2025-11-12T15:46:03","modified_gmt":"2025-11-12T14:46:03","slug":"rencontre-avec-le-cru-87","status":"publish","type":"post","link":"https:\/\/aliso.fr\/reseau\/rencontre-avec-le-cru-87\/","title":{"rendered":"RENCONTRE AVEC LE CRU 87"},"content":{"rendered":"\n<p>En octobre, une partie de l\u2019\u00e9quipe salari\u00e9e a rencontr\u00e9 Sandra ROYER, directrice du centre social VITAL \u00e0 Limoges, qui, sur 30% de son temps de travail, coordonne le CRU 87, le r\u00e9seau des structures AVS de Haute-Vienne. Notre premi\u00e8re rencontre s\u2019\u00e9tait faite \u00e0 l\u2019occasion d\u2019une formation au d\u00e9but de l\u2019\u00e9t\u00e9 2025. Ce second rendez-vous a mis en \u00e9vidence le fait que nous avions encore des choses \u00e0 partager et probablement \u00e0 faire ensemble.<\/p>\n\n\n\n<p>On vous en dit plus sur le CRU 87.<br>Le CRU 87, c\u2019est le Collectif Rural Urbain de la Haute-Vienne, association administr\u00e9e par 18 directions de centres sociaux ou coordinations d\u2019espaces de vie sociale, sur 24 structures de l\u2019animation de la vie sociale. Les acteurs et actrices de ce r\u00e9seau s\u2019en saisissent pour \u00e9changer sur leur pratique, organiser des projets communs, participer \u00e0 des formations, et envisager des mutualisations.<br><br>Impliqu\u00e9 dans le Sch\u00e9ma Directeur de l\u2019Animation de la Vie Sociale (SDAVS), il est partenaire de la CAF 87 qui le soutient financi\u00e8rement depuis 2024, suite au constat de multiples besoins. La MSA, s\u00e9curit\u00e9 sociale agricole, participe \u00e9galement au financement de l\u2019association. Des partenariats sont \u00e0 l\u2019\u00e9tude avec le Conseil d\u00e9partemental dans l\u2019espoir de renforcer les actions existantes et d\u2019en initier davantage.<\/p>\n\n\n\n<p>Un diagnostic interne au CRU 87 a \u00e9t\u00e9 fait \u00e0 partir d\u2019une trame d\u2019entretien r\u00e9alis\u00e9e par la coordinatrice du r\u00e9seau, permettant notamment d\u2019identifier les comp\u00e9tences et ressources.<br>A partir de celui-ci, un plan d\u2019action a \u00e9t\u00e9 d\u00e9taill\u00e9. Il est d\u00e9j\u00e0 en cours d\u2019op\u00e9ration. En voici les grandes lignes\u00a0:<br>&#8211; \u00catre un appui technique d\u2019expertise collective pour les structures, notamment pour la m\u00e9thodologie de projet et l\u2019\u00e9valuation ;\u00a0<br>&#8211; Mettre en place un troc de comp\u00e9tences\u00a0: r\u00e9flexion et test en cours sur la mise en place de stages avec la mobilit\u00e9 de coll\u00e8gues et une notion d\u2019\u00e9change mais pas forc\u00e9ment contraint entre 2 structures r\u00e9ciproques ;<br>La pr\u00e9occupation actuelle est de l\u2019\u00e9largir en s\u2019appuyant sur un outil num\u00e9rique facilitant la diffusion de l\u2019information, la mise \u00e0 jour et l\u2019autonomie des personnes qui y ont recours.<br>&#8211; Mettre en \u0153uvre des formations et des r\u00e9seaux par th\u00e9matiques<br>&#8211; Travailler le r\u00e9seau jeunesse avec la CAF<br>&#8211; Participation aux instances du Sch\u00e9ma Directeur de l\u2019AVS\u00a0:<br>       &#8211; La pr\u00e9paration d\u2019une premi\u00e8re \u00e9dition de Journ\u00e9e de l\u2019AVS, coanim\u00e9e entre les deux partenaires, avec l\u2019invitation des structures AVS, et les techniciens des institutions pour rappeler les principes fondamentaux de l\u2019AVS. Cela sera l\u2019occasion de r\u00e9affirmer les fondamentaux de l\u2019animation de la vie sociale.<br>       &#8211; La mise en place d\u2019une cellule de soutien des structures en difficult\u00e9s pour agir en pr\u00e9vention des risques de fermetures. En 1 an, elle a \u00e9t\u00e9 sollicit\u00e9e 2 fois. Y sont partag\u00e9es les probl\u00e9matiques de gouvernance, fonctionnement et situation financi\u00e8re dans un climat de bienveillance et de confiance. Selon les \u00e9changes, des pr\u00e9conisations sont faites.<br><br>Par ailleurs, le r\u00e9seau dispose de malles p\u00e9dagogiques \u00a0dont une \u00ab\u00a0cirque\u00a0\u00bb et une \u00ab\u00a0relaxation\u00a0\u00bb.<\/p>\n\n\n<div class=\"wp-block-image\">\n<figure class=\"aligncenter size-large\"><img loading=\"lazy\" decoding=\"async\" width=\"649\" height=\"330\" src=\"https:\/\/aliso.fr\/reseau\/wp-content\/uploads\/sites\/4\/2025\/11\/1717681765348-649x330.jpg\" alt=\"\" class=\"wp-image-3219\" srcset=\"https:\/\/aliso.fr\/reseau\/wp-content\/uploads\/sites\/4\/2025\/11\/1717681765348-649x330.jpg 649w, https:\/\/aliso.fr\/reseau\/wp-content\/uploads\/sites\/4\/2025\/11\/1717681765348-300x153.jpg 300w, https:\/\/aliso.fr\/reseau\/wp-content\/uploads\/sites\/4\/2025\/11\/1717681765348-768x391.jpg 768w, https:\/\/aliso.fr\/reseau\/wp-content\/uploads\/sites\/4\/2025\/11\/1717681765348-1536x781.jpg 1536w, https:\/\/aliso.fr\/reseau\/wp-content\/uploads\/sites\/4\/2025\/11\/1717681765348-1320x672.jpg 1320w, https:\/\/aliso.fr\/reseau\/wp-content\/uploads\/sites\/4\/2025\/11\/1717681765348.jpg 1600w\" sizes=\"auto, (max-width: 649px) 100vw, 649px\" \/><\/figure>\n<\/div>\n\n\n<p><br><br><\/p>\n","protected":false},"excerpt":{"rendered":"<p>En octobre, une partie de l\u2019\u00e9quipe salari\u00e9e a rencontr\u00e9 Sandra ROYER, directrice du centre social VITAL \u00e0 Limoges, qui, sur 30% de son temps de travail, coordonne le CRU 87, le r\u00e9seau des structures AVS de Haute-Vienne. Notre premi\u00e8re rencontre s\u2019\u00e9tait faite \u00e0 l\u2019occasion d\u2019une formation au d\u00e9but de l\u2019\u00e9t\u00e9 2025. Ce second rendez-vous a&#8230; <a class=\"excerpt-read-more button\" href=\"https:\/\/aliso.fr\/reseau\/rencontre-avec-le-cru-87\/\" title=\"ReadRENCONTRE AVEC LE CRU 87\">En savoir plus &raquo;<\/a><\/p>\n","protected":false},"author":3,"featured_media":3219,"comment_status":"closed","ping_status":"open","sticky":false,"template":"","format":"standard","meta":{"footnotes":""},"categories":[3],"tags":[],"class_list":["post-3218","post","type-post","status-publish","format-standard","has-post-thumbnail","hentry","category-actualite"],"yoast_head":"<!-- This site is optimized with the Yoast SEO plugin v27.4 - https:\/\/yoast.com\/product\/yoast-seo-wordpress\/ -->\n<title>RENCONTRE AVEC LE CRU 87 - Aliso R\u00e9seau<\/title>\n<meta name=\"robots\" content=\"index, follow, max-snippet:-1, max-image-preview:large, max-video-preview:-1\" \/>\n<link rel=\"canonical\" href=\"https:\/\/aliso.fr\/reseau\/rencontre-avec-le-cru-87\/\" \/>\n<meta property=\"og:locale\" content=\"fr_FR\" \/>\n<meta property=\"og:type\" content=\"article\" \/>\n<meta property=\"og:title\" content=\"RENCONTRE AVEC LE CRU 87 - Aliso R\u00e9seau\" \/>\n<meta property=\"og:description\" content=\"En octobre, une partie de l\u2019\u00e9quipe salari\u00e9e a rencontr\u00e9 Sandra ROYER, directrice du centre social VITAL \u00e0 Limoges, qui, sur 30% de son temps de travail, coordonne le CRU 87, le r\u00e9seau des structures AVS de Haute-Vienne. Notre premi\u00e8re rencontre s\u2019\u00e9tait faite \u00e0 l\u2019occasion d\u2019une formation au d\u00e9but de l\u2019\u00e9t\u00e9 2025. Ce second rendez-vous a... En savoir plus &raquo;\" \/>\n<meta property=\"og:url\" content=\"https:\/\/aliso.fr\/reseau\/rencontre-avec-le-cru-87\/\" \/>\n<meta property=\"og:site_name\" content=\"Aliso R\u00e9seau\" \/>\n<meta property=\"article:published_time\" content=\"2025-11-12T14:46:02+00:00\" \/>\n<meta property=\"article:modified_time\" content=\"2025-11-12T14:46:03+00:00\" \/>\n<meta property=\"og:image\" content=\"https:\/\/aliso.fr\/reseau\/wp-content\/uploads\/sites\/4\/2025\/11\/1717681765348.jpg\" \/>\n\t<meta property=\"og:image:width\" content=\"1600\" \/>\n\t<meta property=\"og:image:height\" content=\"814\" \/>\n\t<meta property=\"og:image:type\" content=\"image\/jpeg\" \/>\n<meta name=\"author\" content=\"laure\" \/>\n<meta name=\"twitter:card\" content=\"summary_large_image\" \/>\n<script type=\"application\/ld+json\" class=\"yoast-schema-graph\">{\"@context\":\"https:\\\/\\\/schema.org\",\"@graph\":[{\"@type\":\"Article\",\"@id\":\"https:\\\/\\\/aliso.fr\\\/reseau\\\/rencontre-avec-le-cru-87\\\/#article\",\"isPartOf\":{\"@id\":\"https:\\\/\\\/aliso.fr\\\/reseau\\\/rencontre-avec-le-cru-87\\\/\"},\"author\":{\"name\":\"laure\",\"@id\":\"https:\\\/\\\/aliso.fr\\\/reseau\\\/#\\\/schema\\\/person\\\/056af145b9c52eee21a9f739489104a5\"},\"headline\":\"RENCONTRE AVEC LE CRU 87\",\"datePublished\":\"2025-11-12T14:46:02+00:00\",\"dateModified\":\"2025-11-12T14:46:03+00:00\",\"mainEntityOfPage\":{\"@id\":\"https:\\\/\\\/aliso.fr\\\/reseau\\\/rencontre-avec-le-cru-87\\\/\"},\"wordCount\":537,\"publisher\":{\"@id\":\"https:\\\/\\\/aliso.fr\\\/reseau\\\/#organization\"},\"image\":{\"@id\":\"https:\\\/\\\/aliso.fr\\\/reseau\\\/rencontre-avec-le-cru-87\\\/#primaryimage\"},\"thumbnailUrl\":\"https:\\\/\\\/aliso.fr\\\/reseau\\\/wp-content\\\/uploads\\\/sites\\\/4\\\/2025\\\/11\\\/1717681765348.jpg\",\"articleSection\":[\"Actualit\u00e9\"],\"inLanguage\":\"fr-FR\"},{\"@type\":\"WebPage\",\"@id\":\"https:\\\/\\\/aliso.fr\\\/reseau\\\/rencontre-avec-le-cru-87\\\/\",\"url\":\"https:\\\/\\\/aliso.fr\\\/reseau\\\/rencontre-avec-le-cru-87\\\/\",\"name\":\"RENCONTRE AVEC LE CRU 87 - Aliso R\u00e9seau\",\"isPartOf\":{\"@id\":\"https:\\\/\\\/aliso.fr\\\/reseau\\\/#website\"},\"primaryImageOfPage\":{\"@id\":\"https:\\\/\\\/aliso.fr\\\/reseau\\\/rencontre-avec-le-cru-87\\\/#primaryimage\"},\"image\":{\"@id\":\"https:\\\/\\\/aliso.fr\\\/reseau\\\/rencontre-avec-le-cru-87\\\/#primaryimage\"},\"thumbnailUrl\":\"https:\\\/\\\/aliso.fr\\\/reseau\\\/wp-content\\\/uploads\\\/sites\\\/4\\\/2025\\\/11\\\/1717681765348.jpg\",\"datePublished\":\"2025-11-12T14:46:02+00:00\",\"dateModified\":\"2025-11-12T14:46:03+00:00\",\"breadcrumb\":{\"@id\":\"https:\\\/\\\/aliso.fr\\\/reseau\\\/rencontre-avec-le-cru-87\\\/#breadcrumb\"},\"inLanguage\":\"fr-FR\",\"potentialAction\":[{\"@type\":\"ReadAction\",\"target\":[\"https:\\\/\\\/aliso.fr\\\/reseau\\\/rencontre-avec-le-cru-87\\\/\"]}]},{\"@type\":\"ImageObject\",\"inLanguage\":\"fr-FR\",\"@id\":\"https:\\\/\\\/aliso.fr\\\/reseau\\\/rencontre-avec-le-cru-87\\\/#primaryimage\",\"url\":\"https:\\\/\\\/aliso.fr\\\/reseau\\\/wp-content\\\/uploads\\\/sites\\\/4\\\/2025\\\/11\\\/1717681765348.jpg\",\"contentUrl\":\"https:\\\/\\\/aliso.fr\\\/reseau\\\/wp-content\\\/uploads\\\/sites\\\/4\\\/2025\\\/11\\\/1717681765348.jpg\",\"width\":1600,\"height\":814},{\"@type\":\"BreadcrumbList\",\"@id\":\"https:\\\/\\\/aliso.fr\\\/reseau\\\/rencontre-avec-le-cru-87\\\/#breadcrumb\",\"itemListElement\":[{\"@type\":\"ListItem\",\"position\":1,\"name\":\"Accueil\",\"item\":\"https:\\\/\\\/aliso.fr\\\/reseau\\\/\"},{\"@type\":\"ListItem\",\"position\":2,\"name\":\"Actualit\u00e9\",\"item\":\"https:\\\/\\\/aliso.fr\\\/reseau\\\/actualite\\\/\"},{\"@type\":\"ListItem\",\"position\":3,\"name\":\"RENCONTRE AVEC LE CRU 87\"}]},{\"@type\":\"WebSite\",\"@id\":\"https:\\\/\\\/aliso.fr\\\/reseau\\\/#website\",\"url\":\"https:\\\/\\\/aliso.fr\\\/reseau\\\/\",\"name\":\"Aliso R\u00e9seau\",\"description\":\"R\u00e9seau Creusois des acteurs du lien social\",\"publisher\":{\"@id\":\"https:\\\/\\\/aliso.fr\\\/reseau\\\/#organization\"},\"potentialAction\":[{\"@type\":\"SearchAction\",\"target\":{\"@type\":\"EntryPoint\",\"urlTemplate\":\"https:\\\/\\\/aliso.fr\\\/reseau\\\/?s={search_term_string}\"},\"query-input\":{\"@type\":\"PropertyValueSpecification\",\"valueRequired\":true,\"valueName\":\"search_term_string\"}}],\"inLanguage\":\"fr-FR\"},{\"@type\":\"Organization\",\"@id\":\"https:\\\/\\\/aliso.fr\\\/reseau\\\/#organization\",\"name\":\"Aliso R\u00e9seau\",\"url\":\"https:\\\/\\\/aliso.fr\\\/reseau\\\/\",\"logo\":{\"@type\":\"ImageObject\",\"inLanguage\":\"fr-FR\",\"@id\":\"https:\\\/\\\/aliso.fr\\\/reseau\\\/#\\\/schema\\\/logo\\\/image\\\/\",\"url\":\"https:\\\/\\\/aliso.fr\\\/reseau\\\/wp-content\\\/uploads\\\/sites\\\/4\\\/2022\\\/01\\\/Logo-ALISO-Reseau-2.png\",\"contentUrl\":\"https:\\\/\\\/aliso.fr\\\/reseau\\\/wp-content\\\/uploads\\\/sites\\\/4\\\/2022\\\/01\\\/Logo-ALISO-Reseau-2.png\",\"width\":900,\"height\":970,\"caption\":\"Aliso R\u00e9seau\"},\"image\":{\"@id\":\"https:\\\/\\\/aliso.fr\\\/reseau\\\/#\\\/schema\\\/logo\\\/image\\\/\"}},{\"@type\":\"Person\",\"@id\":\"https:\\\/\\\/aliso.fr\\\/reseau\\\/#\\\/schema\\\/person\\\/056af145b9c52eee21a9f739489104a5\",\"name\":\"laure\"}]}<\/script>\n<!-- \/ Yoast SEO plugin. -->","yoast_head_json":{"title":"RENCONTRE AVEC LE CRU 87 - Aliso R\u00e9seau","robots":{"index":"index","follow":"follow","max-snippet":"max-snippet:-1","max-image-preview":"max-image-preview:large","max-video-preview":"max-video-preview:-1"},"canonical":"https:\/\/aliso.fr\/reseau\/rencontre-avec-le-cru-87\/","og_locale":"fr_FR","og_type":"article","og_title":"RENCONTRE AVEC LE CRU 87 - Aliso R\u00e9seau","og_description":"En octobre, une partie de l\u2019\u00e9quipe salari\u00e9e a rencontr\u00e9 Sandra ROYER, directrice du centre social VITAL \u00e0 Limoges, qui, sur 30% de son temps de travail, coordonne le CRU 87, le r\u00e9seau des structures AVS de Haute-Vienne. Notre premi\u00e8re rencontre s\u2019\u00e9tait faite \u00e0 l\u2019occasion d\u2019une formation au d\u00e9but de l\u2019\u00e9t\u00e9 2025. Ce second rendez-vous a... En savoir plus &raquo;","og_url":"https:\/\/aliso.fr\/reseau\/rencontre-avec-le-cru-87\/","og_site_name":"Aliso R\u00e9seau","article_published_time":"2025-11-12T14:46:02+00:00","article_modified_time":"2025-11-12T14:46:03+00:00","og_image":[{"width":1600,"height":814,"url":"https:\/\/aliso.fr\/reseau\/wp-content\/uploads\/sites\/4\/2025\/11\/1717681765348.jpg","type":"image\/jpeg"}],"author":"laure","twitter_card":"summary_large_image","schema":{"@context":"https:\/\/schema.org","@graph":[{"@type":"Article","@id":"https:\/\/aliso.fr\/reseau\/rencontre-avec-le-cru-87\/#article","isPartOf":{"@id":"https:\/\/aliso.fr\/reseau\/rencontre-avec-le-cru-87\/"},"author":{"name":"laure","@id":"https:\/\/aliso.fr\/reseau\/#\/schema\/person\/056af145b9c52eee21a9f739489104a5"},"headline":"RENCONTRE AVEC LE CRU 87","datePublished":"2025-11-12T14:46:02+00:00","dateModified":"2025-11-12T14:46:03+00:00","mainEntityOfPage":{"@id":"https:\/\/aliso.fr\/reseau\/rencontre-avec-le-cru-87\/"},"wordCount":537,"publisher":{"@id":"https:\/\/aliso.fr\/reseau\/#organization"},"image":{"@id":"https:\/\/aliso.fr\/reseau\/rencontre-avec-le-cru-87\/#primaryimage"},"thumbnailUrl":"https:\/\/aliso.fr\/reseau\/wp-content\/uploads\/sites\/4\/2025\/11\/1717681765348.jpg","articleSection":["Actualit\u00e9"],"inLanguage":"fr-FR"},{"@type":"WebPage","@id":"https:\/\/aliso.fr\/reseau\/rencontre-avec-le-cru-87\/","url":"https:\/\/aliso.fr\/reseau\/rencontre-avec-le-cru-87\/","name":"RENCONTRE AVEC LE CRU 87 - Aliso R\u00e9seau","isPartOf":{"@id":"https:\/\/aliso.fr\/reseau\/#website"},"primaryImageOfPage":{"@id":"https:\/\/aliso.fr\/reseau\/rencontre-avec-le-cru-87\/#primaryimage"},"image":{"@id":"https:\/\/aliso.fr\/reseau\/rencontre-avec-le-cru-87\/#primaryimage"},"thumbnailUrl":"https:\/\/aliso.fr\/reseau\/wp-content\/uploads\/sites\/4\/2025\/11\/1717681765348.jpg","datePublished":"2025-11-12T14:46:02+00:00","dateModified":"2025-11-12T14:46:03+00:00","breadcrumb":{"@id":"https:\/\/aliso.fr\/reseau\/rencontre-avec-le-cru-87\/#breadcrumb"},"inLanguage":"fr-FR","potentialAction":[{"@type":"ReadAction","target":["https:\/\/aliso.fr\/reseau\/rencontre-avec-le-cru-87\/"]}]},{"@type":"ImageObject","inLanguage":"fr-FR","@id":"https:\/\/aliso.fr\/reseau\/rencontre-avec-le-cru-87\/#primaryimage","url":"https:\/\/aliso.fr\/reseau\/wp-content\/uploads\/sites\/4\/2025\/11\/1717681765348.jpg","contentUrl":"https:\/\/aliso.fr\/reseau\/wp-content\/uploads\/sites\/4\/2025\/11\/1717681765348.jpg","width":1600,"height":814},{"@type":"BreadcrumbList","@id":"https:\/\/aliso.fr\/reseau\/rencontre-avec-le-cru-87\/#breadcrumb","itemListElement":[{"@type":"ListItem","position":1,"name":"Accueil","item":"https:\/\/aliso.fr\/reseau\/"},{"@type":"ListItem","position":2,"name":"Actualit\u00e9","item":"https:\/\/aliso.fr\/reseau\/actualite\/"},{"@type":"ListItem","position":3,"name":"RENCONTRE AVEC LE CRU 87"}]},{"@type":"WebSite","@id":"https:\/\/aliso.fr\/reseau\/#website","url":"https:\/\/aliso.fr\/reseau\/","name":"Aliso R\u00e9seau","description":"R\u00e9seau Creusois des acteurs du lien social","publisher":{"@id":"https:\/\/aliso.fr\/reseau\/#organization"},"potentialAction":[{"@type":"SearchAction","target":{"@type":"EntryPoint","urlTemplate":"https:\/\/aliso.fr\/reseau\/?s={search_term_string}"},"query-input":{"@type":"PropertyValueSpecification","valueRequired":true,"valueName":"search_term_string"}}],"inLanguage":"fr-FR"},{"@type":"Organization","@id":"https:\/\/aliso.fr\/reseau\/#organization","name":"Aliso R\u00e9seau","url":"https:\/\/aliso.fr\/reseau\/","logo":{"@type":"ImageObject","inLanguage":"fr-FR","@id":"https:\/\/aliso.fr\/reseau\/#\/schema\/logo\/image\/","url":"https:\/\/aliso.fr\/reseau\/wp-content\/uploads\/sites\/4\/2022\/01\/Logo-ALISO-Reseau-2.png","contentUrl":"https:\/\/aliso.fr\/reseau\/wp-content\/uploads\/sites\/4\/2022\/01\/Logo-ALISO-Reseau-2.png","width":900,"height":970,"caption":"Aliso R\u00e9seau"},"image":{"@id":"https:\/\/aliso.fr\/reseau\/#\/schema\/logo\/image\/"}},{"@type":"Person","@id":"https:\/\/aliso.fr\/reseau\/#\/schema\/person\/056af145b9c52eee21a9f739489104a5","name":"laure"}]}},"_links":{"self":[{"href":"https:\/\/aliso.fr\/reseau\/wp-json\/wp\/v2\/posts\/3218","targetHints":{"allow":["GET"]}}],"collection":[{"href":"https:\/\/aliso.fr\/reseau\/wp-json\/wp\/v2\/posts"}],"about":[{"href":"https:\/\/aliso.fr\/reseau\/wp-json\/wp\/v2\/types\/post"}],"author":[{"embeddable":true,"href":"https:\/\/aliso.fr\/reseau\/wp-json\/wp\/v2\/users\/3"}],"replies":[{"embeddable":true,"href":"https:\/\/aliso.fr\/reseau\/wp-json\/wp\/v2\/comments?post=3218"}],"version-history":[{"count":1,"href":"https:\/\/aliso.fr\/reseau\/wp-json\/wp\/v2\/posts\/3218\/revisions"}],"predecessor-version":[{"id":3220,"href":"https:\/\/aliso.fr\/reseau\/wp-json\/wp\/v2\/posts\/3218\/revisions\/3220"}],"wp:featuredmedia":[{"embeddable":true,"href":"https:\/\/aliso.fr\/reseau\/wp-json\/wp\/v2\/media\/3219"}],"wp:attachment":[{"href":"https:\/\/aliso.fr\/reseau\/wp-json\/wp\/v2\/media?parent=3218"}],"wp:term":[{"taxonomy":"category","embeddable":true,"href":"https:\/\/aliso.fr\/reseau\/wp-json\/wp\/v2\/categories?post=3218"},{"taxonomy":"post_tag","embeddable":true,"href":"https:\/\/aliso.fr\/reseau\/wp-json\/wp\/v2\/tags?post=3218"}],"curies":[{"name":"wp","href":"https:\/\/api.w.org\/{rel}","templated":true}]}}