{"id":3224,"date":"2025-11-12T16:15:45","date_gmt":"2025-11-12T15:15:45","guid":{"rendered":"https:\/\/aliso.fr\/reseau\/?p=3224"},"modified":"2025-11-12T16:16:16","modified_gmt":"2025-11-12T15:16:16","slug":"budget-sous-tension-ou-equipe-sous-tension","status":"publish","type":"post","link":"https:\/\/aliso.fr\/reseau\/budget-sous-tension-ou-equipe-sous-tension\/","title":{"rendered":"BUDGET SOUS TENSION : OU \u00c9QUIPE SOUS TENSION"},"content":{"rendered":"\n<p><strong>Dans cette p\u00e9riode d\u00e9licate o\u00f9 le doute s\u2019invite quand vous regardez vers demain, on vous propose de prendre soin.<\/strong><br><br>A l\u2019heure o\u00f9 le d\u00e9bat fait r\u00e9sonner l\u2019\u00e9cho des coupes drastiques qui pourraient concerner votre association demain, \u00e0 l\u2019heure o\u00f9 le mouvement associatif vous appelle \u00e0 vous mobiliser parce que \u00ab\u00a0\u00a0\u00a0 \u00e7a ne tient plus\u00a0\u00a0\u00a0 !\u00a0\u00a0\u00a0 \u00bb, on vient vous offrir un temps de pr\u00e9vention pour lever la t\u00eate de l\u2019eau.<br><br>Qu\u2019on le veuille ou non, ce que l\u2019on traverse depuis d\u00e9j\u00e0 plusieurs ann\u00e9es, et tout particuli\u00e8rement en ce moment, a des cons\u00e9quences sur notre outil de travail principal : les humains que nous sommes et ceux avec qui l\u2019on travaille chaque jour.<\/p>\n\n\n\n<p>La baisse du financement du monde associatif implique des contraintes budg\u00e9taires. Ces derni\u00e8res poussent \u00e0 des r\u00e9organisations internes, qui changent les fa\u00e7ons de travailler et parfois certaines missions. Le v\u00e9cu des personnes dans leur travail s\u2019en voit alors affect\u00e9, n\u2019ayant pas toujours l\u2019espace pour \u00eatre consid\u00e9r\u00e9 \u00e0 sa juste valeur. Ainsi, la valeur du travail s\u2019en voit chang\u00e9 et cela cr\u00e9e de la souffrance au travail, visible ou non.<\/p>\n\n\n<div class=\"wp-block-image\">\n<figure class=\"aligncenter size-large\"><img loading=\"lazy\" decoding=\"async\" width=\"495\" height=\"330\" src=\"https:\/\/aliso.fr\/reseau\/wp-content\/uploads\/sites\/4\/2025\/11\/hand-3979196_1280-495x330.jpg\" alt=\"\" class=\"wp-image-3225\" srcset=\"https:\/\/aliso.fr\/reseau\/wp-content\/uploads\/sites\/4\/2025\/11\/hand-3979196_1280-495x330.jpg 495w, https:\/\/aliso.fr\/reseau\/wp-content\/uploads\/sites\/4\/2025\/11\/hand-3979196_1280-285x190.jpg 285w, https:\/\/aliso.fr\/reseau\/wp-content\/uploads\/sites\/4\/2025\/11\/hand-3979196_1280-768x512.jpg 768w, https:\/\/aliso.fr\/reseau\/wp-content\/uploads\/sites\/4\/2025\/11\/hand-3979196_1280-391x260.jpg 391w, https:\/\/aliso.fr\/reseau\/wp-content\/uploads\/sites\/4\/2025\/11\/hand-3979196_1280-1200x800.jpg 1200w, https:\/\/aliso.fr\/reseau\/wp-content\/uploads\/sites\/4\/2025\/11\/hand-3979196_1280.jpg 1280w\" sizes=\"auto, (max-width: 495px) 100vw, 495px\" \/><\/figure>\n<\/div>\n\n\n<p>Vous \u00eates employeurs, dirigeants, vous avez le souci de prendre soin de votre projet et de vos \u00e9quipes. Vos obligations l\u00e9gales vous y encouragent \u00e9galement&nbsp;: <a href=\"https:\/\/www.service-public.gouv.fr\/particuliers\/vosdroits\/F2210\">https:\/\/www.service-public.gouv.fr\/particuliers\/vosdroits\/F2210<\/a><\/p>\n\n\n\n<p><strong>ALISO et le DLA vous proposent deux rendez-vous pour pr\u00e9venir les situations de tensions dans vos structures et \u00e9changer sur la pr\u00e9occupation du soin \u00e0 apporter au travail et \u00e0 l\u2019engagement, en toute bienveillance et loin de toute d\u00e9marche de contr\u00f4le ou de jugement.<br>Une \u00e9quipe est d\u00e9di\u00e9e \u00e0 cette d\u00e9marche d\u00e8s maintenant et en 2026&nbsp;&nbsp;&nbsp; : une <\/strong><strong>psychologue clinicienne du travail et une <\/strong><strong>psychosociologue, sensibles aux questions d\u2019organisation et de gestion d\u2019\u00e9quipe viennent \u00e0 votre rencontre, sur rendez-vous.<br>Pour \u00eatre mis en lien, contactez Pascal Bousso, r\u00e9f\u00e9rent DLA 23.<br>Pour en savoir plus, un lien ici&nbsp;&nbsp;&nbsp; : <\/strong>https:\/\/aliso.fr\/initiatives\/soin-au-travail-et-a-lengagement-des-entretiens-conseil-pour-faire-le-point-et-agir\/<br><br><\/p>\n","protected":false},"excerpt":{"rendered":"<p>Dans cette p\u00e9riode d\u00e9licate o\u00f9 le doute s\u2019invite quand vous regardez vers demain, on vous propose de prendre soin. A l\u2019heure o\u00f9 le d\u00e9bat fait r\u00e9sonner l\u2019\u00e9cho des coupes drastiques qui pourraient concerner votre association demain, \u00e0 l\u2019heure o\u00f9 le mouvement associatif vous appelle \u00e0 vous mobiliser parce que \u00ab\u00a0\u00a0\u00a0 \u00e7a ne tient plus\u00a0\u00a0\u00a0 !\u00a0\u00a0\u00a0&#8230; <a class=\"excerpt-read-more button\" href=\"https:\/\/aliso.fr\/reseau\/budget-sous-tension-ou-equipe-sous-tension\/\" title=\"ReadBUDGET SOUS TENSION : OU \u00c9QUIPE SOUS TENSION\">En savoir plus &raquo;<\/a><\/p>\n","protected":false},"author":3,"featured_media":3226,"comment_status":"closed","ping_status":"open","sticky":false,"template":"","format":"standard","meta":{"footnotes":""},"categories":[3,7],"tags":[],"class_list":["post-3224","post","type-post","status-publish","format-standard","has-post-thumbnail","hentry","category-actualite","category-nos-actions"],"yoast_head":"<!-- This site is optimized with the Yoast SEO plugin v27.4 - https:\/\/yoast.com\/product\/yoast-seo-wordpress\/ -->\n<title>BUDGET SOUS TENSION : OU \u00c9QUIPE SOUS TENSION - Aliso R\u00e9seau<\/title>\n<meta name=\"robots\" content=\"index, follow, max-snippet:-1, max-image-preview:large, max-video-preview:-1\" \/>\n<link rel=\"canonical\" href=\"https:\/\/aliso.fr\/reseau\/budget-sous-tension-ou-equipe-sous-tension\/\" \/>\n<meta property=\"og:locale\" content=\"fr_FR\" \/>\n<meta property=\"og:type\" content=\"article\" \/>\n<meta property=\"og:title\" content=\"BUDGET SOUS TENSION : OU \u00c9QUIPE SOUS TENSION - Aliso R\u00e9seau\" \/>\n<meta property=\"og:description\" content=\"Dans cette p\u00e9riode d\u00e9licate o\u00f9 le doute s\u2019invite quand vous regardez vers demain, on vous propose de prendre soin. A l\u2019heure o\u00f9 le d\u00e9bat fait r\u00e9sonner l\u2019\u00e9cho des coupes drastiques qui pourraient concerner votre association demain, \u00e0 l\u2019heure o\u00f9 le mouvement associatif vous appelle \u00e0 vous mobiliser parce que \u00ab\u00a0\u00a0\u00a0 \u00e7a ne tient plus\u00a0\u00a0\u00a0 !\u00a0\u00a0\u00a0... En savoir plus &raquo;\" \/>\n<meta property=\"og:url\" content=\"https:\/\/aliso.fr\/reseau\/budget-sous-tension-ou-equipe-sous-tension\/\" \/>\n<meta property=\"og:site_name\" content=\"Aliso R\u00e9seau\" \/>\n<meta property=\"article:published_time\" content=\"2025-11-12T15:15:45+00:00\" \/>\n<meta property=\"article:modified_time\" content=\"2025-11-12T15:16:16+00:00\" \/>\n<meta property=\"og:image\" content=\"https:\/\/aliso.fr\/reseau\/wp-content\/uploads\/sites\/4\/2025\/11\/team-3826559_1280.webp\" \/>\n\t<meta property=\"og:image:width\" content=\"1280\" \/>\n\t<meta property=\"og:image:height\" content=\"935\" \/>\n\t<meta property=\"og:image:type\" content=\"image\/webp\" \/>\n<meta name=\"author\" content=\"laure\" \/>\n<meta name=\"twitter:card\" content=\"summary_large_image\" \/>\n<script type=\"application\/ld+json\" class=\"yoast-schema-graph\">{\"@context\":\"https:\\\/\\\/schema.org\",\"@graph\":[{\"@type\":\"Article\",\"@id\":\"https:\\\/\\\/aliso.fr\\\/reseau\\\/budget-sous-tension-ou-equipe-sous-tension\\\/#article\",\"isPartOf\":{\"@id\":\"https:\\\/\\\/aliso.fr\\\/reseau\\\/budget-sous-tension-ou-equipe-sous-tension\\\/\"},\"author\":{\"name\":\"laure\",\"@id\":\"https:\\\/\\\/aliso.fr\\\/reseau\\\/#\\\/schema\\\/person\\\/056af145b9c52eee21a9f739489104a5\"},\"headline\":\"BUDGET SOUS TENSION : OU \u00c9QUIPE SOUS TENSION\",\"datePublished\":\"2025-11-12T15:15:45+00:00\",\"dateModified\":\"2025-11-12T15:16:16+00:00\",\"mainEntityOfPage\":{\"@id\":\"https:\\\/\\\/aliso.fr\\\/reseau\\\/budget-sous-tension-ou-equipe-sous-tension\\\/\"},\"wordCount\":358,\"publisher\":{\"@id\":\"https:\\\/\\\/aliso.fr\\\/reseau\\\/#organization\"},\"image\":{\"@id\":\"https:\\\/\\\/aliso.fr\\\/reseau\\\/budget-sous-tension-ou-equipe-sous-tension\\\/#primaryimage\"},\"thumbnailUrl\":\"https:\\\/\\\/aliso.fr\\\/reseau\\\/wp-content\\\/uploads\\\/sites\\\/4\\\/2025\\\/11\\\/team-3826559_1280.webp\",\"articleSection\":[\"Actualit\u00e9\",\"Nos actions\"],\"inLanguage\":\"fr-FR\"},{\"@type\":\"WebPage\",\"@id\":\"https:\\\/\\\/aliso.fr\\\/reseau\\\/budget-sous-tension-ou-equipe-sous-tension\\\/\",\"url\":\"https:\\\/\\\/aliso.fr\\\/reseau\\\/budget-sous-tension-ou-equipe-sous-tension\\\/\",\"name\":\"BUDGET SOUS TENSION : OU \u00c9QUIPE SOUS TENSION - Aliso R\u00e9seau\",\"isPartOf\":{\"@id\":\"https:\\\/\\\/aliso.fr\\\/reseau\\\/#website\"},\"primaryImageOfPage\":{\"@id\":\"https:\\\/\\\/aliso.fr\\\/reseau\\\/budget-sous-tension-ou-equipe-sous-tension\\\/#primaryimage\"},\"image\":{\"@id\":\"https:\\\/\\\/aliso.fr\\\/reseau\\\/budget-sous-tension-ou-equipe-sous-tension\\\/#primaryimage\"},\"thumbnailUrl\":\"https:\\\/\\\/aliso.fr\\\/reseau\\\/wp-content\\\/uploads\\\/sites\\\/4\\\/2025\\\/11\\\/team-3826559_1280.webp\",\"datePublished\":\"2025-11-12T15:15:45+00:00\",\"dateModified\":\"2025-11-12T15:16:16+00:00\",\"breadcrumb\":{\"@id\":\"https:\\\/\\\/aliso.fr\\\/reseau\\\/budget-sous-tension-ou-equipe-sous-tension\\\/#breadcrumb\"},\"inLanguage\":\"fr-FR\",\"potentialAction\":[{\"@type\":\"ReadAction\",\"target\":[\"https:\\\/\\\/aliso.fr\\\/reseau\\\/budget-sous-tension-ou-equipe-sous-tension\\\/\"]}]},{\"@type\":\"ImageObject\",\"inLanguage\":\"fr-FR\",\"@id\":\"https:\\\/\\\/aliso.fr\\\/reseau\\\/budget-sous-tension-ou-equipe-sous-tension\\\/#primaryimage\",\"url\":\"https:\\\/\\\/aliso.fr\\\/reseau\\\/wp-content\\\/uploads\\\/sites\\\/4\\\/2025\\\/11\\\/team-3826559_1280.webp\",\"contentUrl\":\"https:\\\/\\\/aliso.fr\\\/reseau\\\/wp-content\\\/uploads\\\/sites\\\/4\\\/2025\\\/11\\\/team-3826559_1280.webp\",\"width\":1280,\"height\":935},{\"@type\":\"BreadcrumbList\",\"@id\":\"https:\\\/\\\/aliso.fr\\\/reseau\\\/budget-sous-tension-ou-equipe-sous-tension\\\/#breadcrumb\",\"itemListElement\":[{\"@type\":\"ListItem\",\"position\":1,\"name\":\"Accueil\",\"item\":\"https:\\\/\\\/aliso.fr\\\/reseau\\\/\"},{\"@type\":\"ListItem\",\"position\":2,\"name\":\"Actualit\u00e9\",\"item\":\"https:\\\/\\\/aliso.fr\\\/reseau\\\/actualite\\\/\"},{\"@type\":\"ListItem\",\"position\":3,\"name\":\"BUDGET SOUS TENSION : OU \u00c9QUIPE SOUS TENSION\"}]},{\"@type\":\"WebSite\",\"@id\":\"https:\\\/\\\/aliso.fr\\\/reseau\\\/#website\",\"url\":\"https:\\\/\\\/aliso.fr\\\/reseau\\\/\",\"name\":\"Aliso R\u00e9seau\",\"description\":\"R\u00e9seau Creusois des acteurs du lien social\",\"publisher\":{\"@id\":\"https:\\\/\\\/aliso.fr\\\/reseau\\\/#organization\"},\"potentialAction\":[{\"@type\":\"SearchAction\",\"target\":{\"@type\":\"EntryPoint\",\"urlTemplate\":\"https:\\\/\\\/aliso.fr\\\/reseau\\\/?s={search_term_string}\"},\"query-input\":{\"@type\":\"PropertyValueSpecification\",\"valueRequired\":true,\"valueName\":\"search_term_string\"}}],\"inLanguage\":\"fr-FR\"},{\"@type\":\"Organization\",\"@id\":\"https:\\\/\\\/aliso.fr\\\/reseau\\\/#organization\",\"name\":\"Aliso R\u00e9seau\",\"url\":\"https:\\\/\\\/aliso.fr\\\/reseau\\\/\",\"logo\":{\"@type\":\"ImageObject\",\"inLanguage\":\"fr-FR\",\"@id\":\"https:\\\/\\\/aliso.fr\\\/reseau\\\/#\\\/schema\\\/logo\\\/image\\\/\",\"url\":\"https:\\\/\\\/aliso.fr\\\/reseau\\\/wp-content\\\/uploads\\\/sites\\\/4\\\/2022\\\/01\\\/Logo-ALISO-Reseau-2.png\",\"contentUrl\":\"https:\\\/\\\/aliso.fr\\\/reseau\\\/wp-content\\\/uploads\\\/sites\\\/4\\\/2022\\\/01\\\/Logo-ALISO-Reseau-2.png\",\"width\":900,\"height\":970,\"caption\":\"Aliso R\u00e9seau\"},\"image\":{\"@id\":\"https:\\\/\\\/aliso.fr\\\/reseau\\\/#\\\/schema\\\/logo\\\/image\\\/\"}},{\"@type\":\"Person\",\"@id\":\"https:\\\/\\\/aliso.fr\\\/reseau\\\/#\\\/schema\\\/person\\\/056af145b9c52eee21a9f739489104a5\",\"name\":\"laure\"}]}<\/script>\n<!-- \/ Yoast SEO plugin. -->","yoast_head_json":{"title":"BUDGET SOUS TENSION : OU \u00c9QUIPE SOUS TENSION - Aliso R\u00e9seau","robots":{"index":"index","follow":"follow","max-snippet":"max-snippet:-1","max-image-preview":"max-image-preview:large","max-video-preview":"max-video-preview:-1"},"canonical":"https:\/\/aliso.fr\/reseau\/budget-sous-tension-ou-equipe-sous-tension\/","og_locale":"fr_FR","og_type":"article","og_title":"BUDGET SOUS TENSION : OU \u00c9QUIPE SOUS TENSION - Aliso R\u00e9seau","og_description":"Dans cette p\u00e9riode d\u00e9licate o\u00f9 le doute s\u2019invite quand vous regardez vers demain, on vous propose de prendre soin. A l\u2019heure o\u00f9 le d\u00e9bat fait r\u00e9sonner l\u2019\u00e9cho des coupes drastiques qui pourraient concerner votre association demain, \u00e0 l\u2019heure o\u00f9 le mouvement associatif vous appelle \u00e0 vous mobiliser parce que \u00ab\u00a0\u00a0\u00a0 \u00e7a ne tient plus\u00a0\u00a0\u00a0 !\u00a0\u00a0\u00a0... En savoir plus &raquo;","og_url":"https:\/\/aliso.fr\/reseau\/budget-sous-tension-ou-equipe-sous-tension\/","og_site_name":"Aliso R\u00e9seau","article_published_time":"2025-11-12T15:15:45+00:00","article_modified_time":"2025-11-12T15:16:16+00:00","og_image":[{"width":1280,"height":935,"url":"https:\/\/aliso.fr\/reseau\/wp-content\/uploads\/sites\/4\/2025\/11\/team-3826559_1280.webp","type":"image\/webp"}],"author":"laure","twitter_card":"summary_large_image","schema":{"@context":"https:\/\/schema.org","@graph":[{"@type":"Article","@id":"https:\/\/aliso.fr\/reseau\/budget-sous-tension-ou-equipe-sous-tension\/#article","isPartOf":{"@id":"https:\/\/aliso.fr\/reseau\/budget-sous-tension-ou-equipe-sous-tension\/"},"author":{"name":"laure","@id":"https:\/\/aliso.fr\/reseau\/#\/schema\/person\/056af145b9c52eee21a9f739489104a5"},"headline":"BUDGET SOUS TENSION : OU \u00c9QUIPE SOUS TENSION","datePublished":"2025-11-12T15:15:45+00:00","dateModified":"2025-11-12T15:16:16+00:00","mainEntityOfPage":{"@id":"https:\/\/aliso.fr\/reseau\/budget-sous-tension-ou-equipe-sous-tension\/"},"wordCount":358,"publisher":{"@id":"https:\/\/aliso.fr\/reseau\/#organization"},"image":{"@id":"https:\/\/aliso.fr\/reseau\/budget-sous-tension-ou-equipe-sous-tension\/#primaryimage"},"thumbnailUrl":"https:\/\/aliso.fr\/reseau\/wp-content\/uploads\/sites\/4\/2025\/11\/team-3826559_1280.webp","articleSection":["Actualit\u00e9","Nos actions"],"inLanguage":"fr-FR"},{"@type":"WebPage","@id":"https:\/\/aliso.fr\/reseau\/budget-sous-tension-ou-equipe-sous-tension\/","url":"https:\/\/aliso.fr\/reseau\/budget-sous-tension-ou-equipe-sous-tension\/","name":"BUDGET SOUS TENSION : OU \u00c9QUIPE SOUS TENSION - Aliso R\u00e9seau","isPartOf":{"@id":"https:\/\/aliso.fr\/reseau\/#website"},"primaryImageOfPage":{"@id":"https:\/\/aliso.fr\/reseau\/budget-sous-tension-ou-equipe-sous-tension\/#primaryimage"},"image":{"@id":"https:\/\/aliso.fr\/reseau\/budget-sous-tension-ou-equipe-sous-tension\/#primaryimage"},"thumbnailUrl":"https:\/\/aliso.fr\/reseau\/wp-content\/uploads\/sites\/4\/2025\/11\/team-3826559_1280.webp","datePublished":"2025-11-12T15:15:45+00:00","dateModified":"2025-11-12T15:16:16+00:00","breadcrumb":{"@id":"https:\/\/aliso.fr\/reseau\/budget-sous-tension-ou-equipe-sous-tension\/#breadcrumb"},"inLanguage":"fr-FR","potentialAction":[{"@type":"ReadAction","target":["https:\/\/aliso.fr\/reseau\/budget-sous-tension-ou-equipe-sous-tension\/"]}]},{"@type":"ImageObject","inLanguage":"fr-FR","@id":"https:\/\/aliso.fr\/reseau\/budget-sous-tension-ou-equipe-sous-tension\/#primaryimage","url":"https:\/\/aliso.fr\/reseau\/wp-content\/uploads\/sites\/4\/2025\/11\/team-3826559_1280.webp","contentUrl":"https:\/\/aliso.fr\/reseau\/wp-content\/uploads\/sites\/4\/2025\/11\/team-3826559_1280.webp","width":1280,"height":935},{"@type":"BreadcrumbList","@id":"https:\/\/aliso.fr\/reseau\/budget-sous-tension-ou-equipe-sous-tension\/#breadcrumb","itemListElement":[{"@type":"ListItem","position":1,"name":"Accueil","item":"https:\/\/aliso.fr\/reseau\/"},{"@type":"ListItem","position":2,"name":"Actualit\u00e9","item":"https:\/\/aliso.fr\/reseau\/actualite\/"},{"@type":"ListItem","position":3,"name":"BUDGET SOUS TENSION : OU \u00c9QUIPE SOUS TENSION"}]},{"@type":"WebSite","@id":"https:\/\/aliso.fr\/reseau\/#website","url":"https:\/\/aliso.fr\/reseau\/","name":"Aliso R\u00e9seau","description":"R\u00e9seau Creusois des acteurs du lien social","publisher":{"@id":"https:\/\/aliso.fr\/reseau\/#organization"},"potentialAction":[{"@type":"SearchAction","target":{"@type":"EntryPoint","urlTemplate":"https:\/\/aliso.fr\/reseau\/?s={search_term_string}"},"query-input":{"@type":"PropertyValueSpecification","valueRequired":true,"valueName":"search_term_string"}}],"inLanguage":"fr-FR"},{"@type":"Organization","@id":"https:\/\/aliso.fr\/reseau\/#organization","name":"Aliso R\u00e9seau","url":"https:\/\/aliso.fr\/reseau\/","logo":{"@type":"ImageObject","inLanguage":"fr-FR","@id":"https:\/\/aliso.fr\/reseau\/#\/schema\/logo\/image\/","url":"https:\/\/aliso.fr\/reseau\/wp-content\/uploads\/sites\/4\/2022\/01\/Logo-ALISO-Reseau-2.png","contentUrl":"https:\/\/aliso.fr\/reseau\/wp-content\/uploads\/sites\/4\/2022\/01\/Logo-ALISO-Reseau-2.png","width":900,"height":970,"caption":"Aliso R\u00e9seau"},"image":{"@id":"https:\/\/aliso.fr\/reseau\/#\/schema\/logo\/image\/"}},{"@type":"Person","@id":"https:\/\/aliso.fr\/reseau\/#\/schema\/person\/056af145b9c52eee21a9f739489104a5","name":"laure"}]}},"_links":{"self":[{"href":"https:\/\/aliso.fr\/reseau\/wp-json\/wp\/v2\/posts\/3224","targetHints":{"allow":["GET"]}}],"collection":[{"href":"https:\/\/aliso.fr\/reseau\/wp-json\/wp\/v2\/posts"}],"about":[{"href":"https:\/\/aliso.fr\/reseau\/wp-json\/wp\/v2\/types\/post"}],"author":[{"embeddable":true,"href":"https:\/\/aliso.fr\/reseau\/wp-json\/wp\/v2\/users\/3"}],"replies":[{"embeddable":true,"href":"https:\/\/aliso.fr\/reseau\/wp-json\/wp\/v2\/comments?post=3224"}],"version-history":[{"count":1,"href":"https:\/\/aliso.fr\/reseau\/wp-json\/wp\/v2\/posts\/3224\/revisions"}],"predecessor-version":[{"id":3227,"href":"https:\/\/aliso.fr\/reseau\/wp-json\/wp\/v2\/posts\/3224\/revisions\/3227"}],"wp:featuredmedia":[{"embeddable":true,"href":"https:\/\/aliso.fr\/reseau\/wp-json\/wp\/v2\/media\/3226"}],"wp:attachment":[{"href":"https:\/\/aliso.fr\/reseau\/wp-json\/wp\/v2\/media?parent=3224"}],"wp:term":[{"taxonomy":"category","embeddable":true,"href":"https:\/\/aliso.fr\/reseau\/wp-json\/wp\/v2\/categories?post=3224"},{"taxonomy":"post_tag","embeddable":true,"href":"https:\/\/aliso.fr\/reseau\/wp-json\/wp\/v2\/tags?post=3224"}],"curies":[{"name":"wp","href":"https:\/\/api.w.org\/{rel}","templated":true}]}}