{"id":3231,"date":"2025-11-12T16:26:50","date_gmt":"2025-11-12T15:26:50","guid":{"rendered":"https:\/\/aliso.fr\/reseau\/?p=3231"},"modified":"2025-11-12T16:26:51","modified_gmt":"2025-11-12T15:26:51","slug":"saisine-du-hcva","status":"publish","type":"post","link":"https:\/\/aliso.fr\/reseau\/saisine-du-hcva\/","title":{"rendered":"Saisine du HCVA"},"content":{"rendered":"\n<p><strong>Vous vous souvenez qu\u2019ALISO s\u2019est mobilis\u00e9e aux c\u00f4t\u00e9s d\u2019autres acteurs de la vie associative pour faire une saisine aupr\u00e8s du Haut Conseil de la Vie Associative.<\/strong><br>Il s\u2019agissait, dans ce cas, de formuler une demande et de r\u00e9colter les signatures, comme l\u2019impose la proc\u00e9dure de saisine.<br><strong>Apr\u00e8s plus d\u2019un an de prospection, la demande a bien \u00e9t\u00e9 d\u00e9pos\u00e9e. <\/strong>Celle-ci a \u00e9t\u00e9 possible par le biais des associations dont l\u2019objet est l\u2019information et\/ou la communication. Toutefois, il nous importe de constater que de nombreuses associations d\u2019\u00e9ducation populaire ont \u00e9t\u00e9 co-signataires et ont donc \u00e9t\u00e9 compl\u00e9mentaires au soutien pour saisir le HCVA. Parmi elles, on compte notamment des r\u00e9seaux d\u00e9partementaux, r\u00e9gionaux et nationaux.<\/p>\n\n\n\n<p>Retrouvez <a href=\"https:\/\/nuage.aliso.fr\/index.php\/s\/z8DEZds2WcZw9yi?path=%2FSaisine%20HCVA#\" target=\"_blank\" rel=\"noreferrer noopener\">la demande de saisine<\/a>&nbsp;et <a href=\"https:\/\/nuage.aliso.fr\/index.php\/s\/z8DEZds2WcZw9yi?path=%2FSaisine%20HCVA#\" target=\"_blank\" rel=\"noreferrer noopener\">le communiqu\u00e9.<\/a><br>Un article m\u00e9diapart a \u00e9galement \u00e9t\u00e9 produit sur le sujet.<br><br>Pour rappel\u00a0:<br>\u00ab\u00a0La cr\u00e9ation du Haut Conseil \u00e0 la vie associative a \u00e9t\u00e9 d\u00e9cid\u00e9e \u00e0 l\u2019issue de la deuxi\u00e8me conf\u00e9rence de la vie associative de d\u00e9cembre 2009 dont le comit\u00e9 de suivi se r\u00e9unit r\u00e9guli\u00e8rement \u00e0 l\u2019invitation du ministre charg\u00e9 de la vie associative.<\/p>\n\n\n\n<p>Le Haut Conseil est saisi des projets de lois et de d\u00e9crets comportant des dispositions sp\u00e9cifiques relatives au financement, au fonctionnement ou \u00e0 l\u2019organisation de l\u2019ensemble des associations.<\/p>\n\n\n\n<p>Il peut proposer toutes mesures utiles au d\u00e9veloppement de la vie associative ; formuler des recommandations en vue d\u2019am\u00e9liorer la connaissance des r\u00e9alit\u00e9s du secteur associatif ; recueillir et mettre \u00e0 disposition les donn\u00e9es territoriales, qualitatives et quantitatives, existant sur le secteur associatif et \u00e9tablir tous les deux ans un bilan de la vie associative.<\/p>\n\n\n\n<p>Il peut \u00e9galement \u00eatre saisi \u00ab\u00a0par au moins cent associations couvrant au moins trois r\u00e9gions et ayant un objet statutaire comparable sur toute question int\u00e9ressant l\u2019ensemble des associations\u00a0\u00bb.\u00a0\u00bb<br>Source\u00a0: <a href=\"https:\/\/www.associations.gouv.fr\/le-haut-conseil-la-vie-associative-0\" target=\"_blank\" rel=\"noreferrer noopener\">https:\/\/www.associations.gouv.fr\/le-haut-conseil-la-vie-associative-0<\/a> <\/p>\n\n\n\n<p><br><\/p>\n\n\n\n<p><\/p>\n","protected":false},"excerpt":{"rendered":"<p>Vous vous souvenez qu\u2019ALISO s\u2019est mobilis\u00e9e aux c\u00f4t\u00e9s d\u2019autres acteurs de la vie associative pour faire une saisine aupr\u00e8s du Haut Conseil de la Vie Associative.Il s\u2019agissait, dans ce cas, de formuler une demande et de r\u00e9colter les signatures, comme l\u2019impose la proc\u00e9dure de saisine.Apr\u00e8s plus d\u2019un an de prospection, la demande a bien \u00e9t\u00e9&#8230; <a class=\"excerpt-read-more button\" href=\"https:\/\/aliso.fr\/reseau\/saisine-du-hcva\/\" title=\"ReadSaisine du HCVA\">En savoir plus &raquo;<\/a><\/p>\n","protected":false},"author":3,"featured_media":3232,"comment_status":"closed","ping_status":"open","sticky":false,"template":"","format":"standard","meta":{"footnotes":""},"categories":[3,7],"tags":[],"class_list":["post-3231","post","type-post","status-publish","format-standard","has-post-thumbnail","hentry","category-actualite","category-nos-actions"],"yoast_head":"<!-- This site is optimized with the Yoast SEO plugin v27.4 - https:\/\/yoast.com\/product\/yoast-seo-wordpress\/ -->\n<title>Saisine du HCVA - Aliso R\u00e9seau<\/title>\n<meta name=\"robots\" content=\"index, follow, max-snippet:-1, max-image-preview:large, max-video-preview:-1\" \/>\n<link rel=\"canonical\" href=\"https:\/\/aliso.fr\/reseau\/saisine-du-hcva\/\" \/>\n<meta property=\"og:locale\" content=\"fr_FR\" \/>\n<meta property=\"og:type\" content=\"article\" \/>\n<meta property=\"og:title\" content=\"Saisine du HCVA - Aliso R\u00e9seau\" \/>\n<meta property=\"og:description\" content=\"Vous vous souvenez qu\u2019ALISO s\u2019est mobilis\u00e9e aux c\u00f4t\u00e9s d\u2019autres acteurs de la vie associative pour faire une saisine aupr\u00e8s du Haut Conseil de la Vie Associative.Il s\u2019agissait, dans ce cas, de formuler une demande et de r\u00e9colter les signatures, comme l\u2019impose la proc\u00e9dure de saisine.Apr\u00e8s plus d\u2019un an de prospection, la demande a bien \u00e9t\u00e9... En savoir plus &raquo;\" \/>\n<meta property=\"og:url\" content=\"https:\/\/aliso.fr\/reseau\/saisine-du-hcva\/\" \/>\n<meta property=\"og:site_name\" content=\"Aliso R\u00e9seau\" \/>\n<meta property=\"article:published_time\" content=\"2025-11-12T15:26:50+00:00\" \/>\n<meta property=\"article:modified_time\" content=\"2025-11-12T15:26:51+00:00\" \/>\n<meta property=\"og:image\" content=\"https:\/\/aliso.fr\/reseau\/wp-content\/uploads\/sites\/4\/2025\/11\/istockphoto-690153060-612x612-1.jpg\" \/>\n\t<meta property=\"og:image:width\" content=\"612\" \/>\n\t<meta property=\"og:image:height\" content=\"408\" \/>\n\t<meta property=\"og:image:type\" content=\"image\/jpeg\" \/>\n<meta name=\"author\" content=\"laure\" \/>\n<meta name=\"twitter:card\" content=\"summary_large_image\" \/>\n<script type=\"application\/ld+json\" class=\"yoast-schema-graph\">{\"@context\":\"https:\\\/\\\/schema.org\",\"@graph\":[{\"@type\":\"Article\",\"@id\":\"https:\\\/\\\/aliso.fr\\\/reseau\\\/saisine-du-hcva\\\/#article\",\"isPartOf\":{\"@id\":\"https:\\\/\\\/aliso.fr\\\/reseau\\\/saisine-du-hcva\\\/\"},\"author\":{\"name\":\"laure\",\"@id\":\"https:\\\/\\\/aliso.fr\\\/reseau\\\/#\\\/schema\\\/person\\\/056af145b9c52eee21a9f739489104a5\"},\"headline\":\"Saisine du HCVA\",\"datePublished\":\"2025-11-12T15:26:50+00:00\",\"dateModified\":\"2025-11-12T15:26:51+00:00\",\"mainEntityOfPage\":{\"@id\":\"https:\\\/\\\/aliso.fr\\\/reseau\\\/saisine-du-hcva\\\/\"},\"wordCount\":335,\"publisher\":{\"@id\":\"https:\\\/\\\/aliso.fr\\\/reseau\\\/#organization\"},\"image\":{\"@id\":\"https:\\\/\\\/aliso.fr\\\/reseau\\\/saisine-du-hcva\\\/#primaryimage\"},\"thumbnailUrl\":\"https:\\\/\\\/aliso.fr\\\/reseau\\\/wp-content\\\/uploads\\\/sites\\\/4\\\/2025\\\/11\\\/istockphoto-690153060-612x612-1.jpg\",\"articleSection\":[\"Actualit\u00e9\",\"Nos actions\"],\"inLanguage\":\"fr-FR\"},{\"@type\":\"WebPage\",\"@id\":\"https:\\\/\\\/aliso.fr\\\/reseau\\\/saisine-du-hcva\\\/\",\"url\":\"https:\\\/\\\/aliso.fr\\\/reseau\\\/saisine-du-hcva\\\/\",\"name\":\"Saisine du HCVA - Aliso R\u00e9seau\",\"isPartOf\":{\"@id\":\"https:\\\/\\\/aliso.fr\\\/reseau\\\/#website\"},\"primaryImageOfPage\":{\"@id\":\"https:\\\/\\\/aliso.fr\\\/reseau\\\/saisine-du-hcva\\\/#primaryimage\"},\"image\":{\"@id\":\"https:\\\/\\\/aliso.fr\\\/reseau\\\/saisine-du-hcva\\\/#primaryimage\"},\"thumbnailUrl\":\"https:\\\/\\\/aliso.fr\\\/reseau\\\/wp-content\\\/uploads\\\/sites\\\/4\\\/2025\\\/11\\\/istockphoto-690153060-612x612-1.jpg\",\"datePublished\":\"2025-11-12T15:26:50+00:00\",\"dateModified\":\"2025-11-12T15:26:51+00:00\",\"breadcrumb\":{\"@id\":\"https:\\\/\\\/aliso.fr\\\/reseau\\\/saisine-du-hcva\\\/#breadcrumb\"},\"inLanguage\":\"fr-FR\",\"potentialAction\":[{\"@type\":\"ReadAction\",\"target\":[\"https:\\\/\\\/aliso.fr\\\/reseau\\\/saisine-du-hcva\\\/\"]}]},{\"@type\":\"ImageObject\",\"inLanguage\":\"fr-FR\",\"@id\":\"https:\\\/\\\/aliso.fr\\\/reseau\\\/saisine-du-hcva\\\/#primaryimage\",\"url\":\"https:\\\/\\\/aliso.fr\\\/reseau\\\/wp-content\\\/uploads\\\/sites\\\/4\\\/2025\\\/11\\\/istockphoto-690153060-612x612-1.jpg\",\"contentUrl\":\"https:\\\/\\\/aliso.fr\\\/reseau\\\/wp-content\\\/uploads\\\/sites\\\/4\\\/2025\\\/11\\\/istockphoto-690153060-612x612-1.jpg\",\"width\":612,\"height\":408,\"caption\":\"A stack of law books stands in front of a justice scale that is slightly out of focus. On top of the stack is an open law book.\"},{\"@type\":\"BreadcrumbList\",\"@id\":\"https:\\\/\\\/aliso.fr\\\/reseau\\\/saisine-du-hcva\\\/#breadcrumb\",\"itemListElement\":[{\"@type\":\"ListItem\",\"position\":1,\"name\":\"Accueil\",\"item\":\"https:\\\/\\\/aliso.fr\\\/reseau\\\/\"},{\"@type\":\"ListItem\",\"position\":2,\"name\":\"Actualit\u00e9\",\"item\":\"https:\\\/\\\/aliso.fr\\\/reseau\\\/actualite\\\/\"},{\"@type\":\"ListItem\",\"position\":3,\"name\":\"Saisine du HCVA\"}]},{\"@type\":\"WebSite\",\"@id\":\"https:\\\/\\\/aliso.fr\\\/reseau\\\/#website\",\"url\":\"https:\\\/\\\/aliso.fr\\\/reseau\\\/\",\"name\":\"Aliso R\u00e9seau\",\"description\":\"R\u00e9seau Creusois des acteurs du lien social\",\"publisher\":{\"@id\":\"https:\\\/\\\/aliso.fr\\\/reseau\\\/#organization\"},\"potentialAction\":[{\"@type\":\"SearchAction\",\"target\":{\"@type\":\"EntryPoint\",\"urlTemplate\":\"https:\\\/\\\/aliso.fr\\\/reseau\\\/?s={search_term_string}\"},\"query-input\":{\"@type\":\"PropertyValueSpecification\",\"valueRequired\":true,\"valueName\":\"search_term_string\"}}],\"inLanguage\":\"fr-FR\"},{\"@type\":\"Organization\",\"@id\":\"https:\\\/\\\/aliso.fr\\\/reseau\\\/#organization\",\"name\":\"Aliso R\u00e9seau\",\"url\":\"https:\\\/\\\/aliso.fr\\\/reseau\\\/\",\"logo\":{\"@type\":\"ImageObject\",\"inLanguage\":\"fr-FR\",\"@id\":\"https:\\\/\\\/aliso.fr\\\/reseau\\\/#\\\/schema\\\/logo\\\/image\\\/\",\"url\":\"https:\\\/\\\/aliso.fr\\\/reseau\\\/wp-content\\\/uploads\\\/sites\\\/4\\\/2022\\\/01\\\/Logo-ALISO-Reseau-2.png\",\"contentUrl\":\"https:\\\/\\\/aliso.fr\\\/reseau\\\/wp-content\\\/uploads\\\/sites\\\/4\\\/2022\\\/01\\\/Logo-ALISO-Reseau-2.png\",\"width\":900,\"height\":970,\"caption\":\"Aliso R\u00e9seau\"},\"image\":{\"@id\":\"https:\\\/\\\/aliso.fr\\\/reseau\\\/#\\\/schema\\\/logo\\\/image\\\/\"}},{\"@type\":\"Person\",\"@id\":\"https:\\\/\\\/aliso.fr\\\/reseau\\\/#\\\/schema\\\/person\\\/056af145b9c52eee21a9f739489104a5\",\"name\":\"laure\"}]}<\/script>\n<!-- \/ Yoast SEO plugin. -->","yoast_head_json":{"title":"Saisine du HCVA - Aliso R\u00e9seau","robots":{"index":"index","follow":"follow","max-snippet":"max-snippet:-1","max-image-preview":"max-image-preview:large","max-video-preview":"max-video-preview:-1"},"canonical":"https:\/\/aliso.fr\/reseau\/saisine-du-hcva\/","og_locale":"fr_FR","og_type":"article","og_title":"Saisine du HCVA - Aliso R\u00e9seau","og_description":"Vous vous souvenez qu\u2019ALISO s\u2019est mobilis\u00e9e aux c\u00f4t\u00e9s d\u2019autres acteurs de la vie associative pour faire une saisine aupr\u00e8s du Haut Conseil de la Vie Associative.Il s\u2019agissait, dans ce cas, de formuler une demande et de r\u00e9colter les signatures, comme l\u2019impose la proc\u00e9dure de saisine.Apr\u00e8s plus d\u2019un an de prospection, la demande a bien \u00e9t\u00e9... En savoir plus &raquo;","og_url":"https:\/\/aliso.fr\/reseau\/saisine-du-hcva\/","og_site_name":"Aliso R\u00e9seau","article_published_time":"2025-11-12T15:26:50+00:00","article_modified_time":"2025-11-12T15:26:51+00:00","og_image":[{"width":612,"height":408,"url":"https:\/\/aliso.fr\/reseau\/wp-content\/uploads\/sites\/4\/2025\/11\/istockphoto-690153060-612x612-1.jpg","type":"image\/jpeg"}],"author":"laure","twitter_card":"summary_large_image","schema":{"@context":"https:\/\/schema.org","@graph":[{"@type":"Article","@id":"https:\/\/aliso.fr\/reseau\/saisine-du-hcva\/#article","isPartOf":{"@id":"https:\/\/aliso.fr\/reseau\/saisine-du-hcva\/"},"author":{"name":"laure","@id":"https:\/\/aliso.fr\/reseau\/#\/schema\/person\/056af145b9c52eee21a9f739489104a5"},"headline":"Saisine du HCVA","datePublished":"2025-11-12T15:26:50+00:00","dateModified":"2025-11-12T15:26:51+00:00","mainEntityOfPage":{"@id":"https:\/\/aliso.fr\/reseau\/saisine-du-hcva\/"},"wordCount":335,"publisher":{"@id":"https:\/\/aliso.fr\/reseau\/#organization"},"image":{"@id":"https:\/\/aliso.fr\/reseau\/saisine-du-hcva\/#primaryimage"},"thumbnailUrl":"https:\/\/aliso.fr\/reseau\/wp-content\/uploads\/sites\/4\/2025\/11\/istockphoto-690153060-612x612-1.jpg","articleSection":["Actualit\u00e9","Nos actions"],"inLanguage":"fr-FR"},{"@type":"WebPage","@id":"https:\/\/aliso.fr\/reseau\/saisine-du-hcva\/","url":"https:\/\/aliso.fr\/reseau\/saisine-du-hcva\/","name":"Saisine du HCVA - Aliso R\u00e9seau","isPartOf":{"@id":"https:\/\/aliso.fr\/reseau\/#website"},"primaryImageOfPage":{"@id":"https:\/\/aliso.fr\/reseau\/saisine-du-hcva\/#primaryimage"},"image":{"@id":"https:\/\/aliso.fr\/reseau\/saisine-du-hcva\/#primaryimage"},"thumbnailUrl":"https:\/\/aliso.fr\/reseau\/wp-content\/uploads\/sites\/4\/2025\/11\/istockphoto-690153060-612x612-1.jpg","datePublished":"2025-11-12T15:26:50+00:00","dateModified":"2025-11-12T15:26:51+00:00","breadcrumb":{"@id":"https:\/\/aliso.fr\/reseau\/saisine-du-hcva\/#breadcrumb"},"inLanguage":"fr-FR","potentialAction":[{"@type":"ReadAction","target":["https:\/\/aliso.fr\/reseau\/saisine-du-hcva\/"]}]},{"@type":"ImageObject","inLanguage":"fr-FR","@id":"https:\/\/aliso.fr\/reseau\/saisine-du-hcva\/#primaryimage","url":"https:\/\/aliso.fr\/reseau\/wp-content\/uploads\/sites\/4\/2025\/11\/istockphoto-690153060-612x612-1.jpg","contentUrl":"https:\/\/aliso.fr\/reseau\/wp-content\/uploads\/sites\/4\/2025\/11\/istockphoto-690153060-612x612-1.jpg","width":612,"height":408,"caption":"A stack of law books stands in front of a justice scale that is slightly out of focus. On top of the stack is an open law book."},{"@type":"BreadcrumbList","@id":"https:\/\/aliso.fr\/reseau\/saisine-du-hcva\/#breadcrumb","itemListElement":[{"@type":"ListItem","position":1,"name":"Accueil","item":"https:\/\/aliso.fr\/reseau\/"},{"@type":"ListItem","position":2,"name":"Actualit\u00e9","item":"https:\/\/aliso.fr\/reseau\/actualite\/"},{"@type":"ListItem","position":3,"name":"Saisine du HCVA"}]},{"@type":"WebSite","@id":"https:\/\/aliso.fr\/reseau\/#website","url":"https:\/\/aliso.fr\/reseau\/","name":"Aliso R\u00e9seau","description":"R\u00e9seau Creusois des acteurs du lien social","publisher":{"@id":"https:\/\/aliso.fr\/reseau\/#organization"},"potentialAction":[{"@type":"SearchAction","target":{"@type":"EntryPoint","urlTemplate":"https:\/\/aliso.fr\/reseau\/?s={search_term_string}"},"query-input":{"@type":"PropertyValueSpecification","valueRequired":true,"valueName":"search_term_string"}}],"inLanguage":"fr-FR"},{"@type":"Organization","@id":"https:\/\/aliso.fr\/reseau\/#organization","name":"Aliso R\u00e9seau","url":"https:\/\/aliso.fr\/reseau\/","logo":{"@type":"ImageObject","inLanguage":"fr-FR","@id":"https:\/\/aliso.fr\/reseau\/#\/schema\/logo\/image\/","url":"https:\/\/aliso.fr\/reseau\/wp-content\/uploads\/sites\/4\/2022\/01\/Logo-ALISO-Reseau-2.png","contentUrl":"https:\/\/aliso.fr\/reseau\/wp-content\/uploads\/sites\/4\/2022\/01\/Logo-ALISO-Reseau-2.png","width":900,"height":970,"caption":"Aliso R\u00e9seau"},"image":{"@id":"https:\/\/aliso.fr\/reseau\/#\/schema\/logo\/image\/"}},{"@type":"Person","@id":"https:\/\/aliso.fr\/reseau\/#\/schema\/person\/056af145b9c52eee21a9f739489104a5","name":"laure"}]}},"_links":{"self":[{"href":"https:\/\/aliso.fr\/reseau\/wp-json\/wp\/v2\/posts\/3231","targetHints":{"allow":["GET"]}}],"collection":[{"href":"https:\/\/aliso.fr\/reseau\/wp-json\/wp\/v2\/posts"}],"about":[{"href":"https:\/\/aliso.fr\/reseau\/wp-json\/wp\/v2\/types\/post"}],"author":[{"embeddable":true,"href":"https:\/\/aliso.fr\/reseau\/wp-json\/wp\/v2\/users\/3"}],"replies":[{"embeddable":true,"href":"https:\/\/aliso.fr\/reseau\/wp-json\/wp\/v2\/comments?post=3231"}],"version-history":[{"count":1,"href":"https:\/\/aliso.fr\/reseau\/wp-json\/wp\/v2\/posts\/3231\/revisions"}],"predecessor-version":[{"id":3233,"href":"https:\/\/aliso.fr\/reseau\/wp-json\/wp\/v2\/posts\/3231\/revisions\/3233"}],"wp:featuredmedia":[{"embeddable":true,"href":"https:\/\/aliso.fr\/reseau\/wp-json\/wp\/v2\/media\/3232"}],"wp:attachment":[{"href":"https:\/\/aliso.fr\/reseau\/wp-json\/wp\/v2\/media?parent=3231"}],"wp:term":[{"taxonomy":"category","embeddable":true,"href":"https:\/\/aliso.fr\/reseau\/wp-json\/wp\/v2\/categories?post=3231"},{"taxonomy":"post_tag","embeddable":true,"href":"https:\/\/aliso.fr\/reseau\/wp-json\/wp\/v2\/tags?post=3231"}],"curies":[{"name":"wp","href":"https:\/\/api.w.org\/{rel}","templated":true}]}}