{"id":3236,"date":"2025-11-13T13:52:27","date_gmt":"2025-11-13T12:52:27","guid":{"rendered":"https:\/\/aliso.fr\/reseau\/?p=3236"},"modified":"2025-11-13T13:52:28","modified_gmt":"2025-11-13T12:52:28","slug":"retour-du-forum-mondial-de-less","status":"publish","type":"post","link":"https:\/\/aliso.fr\/reseau\/retour-du-forum-mondial-de-less\/","title":{"rendered":"Retour du Forum Mondial de l&rsquo;ESS"},"content":{"rendered":"\n<p>T<strong>ous ensemble dans une impasse&nbsp;?<\/strong><\/p>\n\n\n\n<p>Rapha\u00ebl Vernat, directeur d\u2019ALISO, nous rapporte son exp\u00e9rience du GSEF Bordeaux 2025.<\/p>\n\n\n\n<p>Une partie de l\u2019\u00e9quipe salariale (Christelle, Pascal et Rapha\u00ebl), accompagn\u00e9e de Marine, administratrice et Vice-pr\u00e9sidente d\u2019ALISO, ont particip\u00e9 au Forum Mondial de l\u2019ESS du 29 au 31 octobre 2025 qui se tenait \u00e0 Bordeaux. <em>(GSEF Bordeaux 2025)<\/em><\/p>\n\n\n\n<p><strong>Ev\u00e8nement phare de l\u2019ESS<\/strong>, c\u2019est environ 10.000 personnes de 100 nations diff\u00e9rentes qui se sont mobilis\u00e9es pour servir la cause de l\u2019ESS&nbsp;: pr\u00e8s de 170 tables rondes, des dizaines de pl\u00e9ni\u00e8res, un village de structures ESS, 3 sites dont un d\u00e9di\u00e9 \u00e0 l\u2019ESS et la Jeunesse, des technicien.nes, des \u00e9lu.es de tous les continents, des b\u00e9n\u00e9voles. Bref, pour la premi\u00e8re fois, cet \u00e9v\u00e8nement \u00e9tait accueilli en France et ce f\u00fbt une belle f\u00eate&nbsp;!<\/p>\n\n\n\n<p><strong>Mais, il y a un \u00ab&nbsp;mais&nbsp;\u00bb.<\/strong> Si nous sommes heureux d\u2019avoir v\u00e9cu ce moment, sans parler de l\u2019organisation globalement tr\u00e8s r\u00e9ussie, une part de nous revient avec une frustration de ce \u00ab&nbsp;sommet&nbsp;de l\u2019ESS&nbsp;\u00bb, comme l\u2019a nomm\u00e9 Benoit Hamon, pr\u00e9sident d\u2019ESS France et \u00ab&nbsp;guest star&nbsp;\u00bb du forum.<\/p>\n\n\n\n<p><strong>Une frustration<\/strong>, d\u2019une part, caus\u00e9e par l\u2019enchainement des tables rondes et des pl\u00e9ni\u00e8res sans pour autant pouvoir cr\u00e9er r\u00e9ellement de d\u00e9bat entre intervenant.es et participant.es.<\/p>\n\n\n\n<p>D\u2019autre part, dans le fait \u00ab&nbsp;d\u2019\u00eatre en nombre&nbsp;\u00bb, au m\u00eame endroit, au m\u00eame moment sans \u00ab&nbsp;utiliser&nbsp;\u00bb cette force. En effet, \u00eatre <strong>10.000 personnes de toute la plan\u00e8te<\/strong> pour se retrouver et t\u00e9moigner d\u2019exp\u00e9riences pleines d\u2019espoir mais avec des constats alarmants voire d\u2019impuissances sur l\u2019avenir de l\u2019ESS est, pour ma part, un \u00e9norme g\u00e2chis. <strong>Nous aurions pu utiliser cette force pour nous mobiliser et essayer de changer un futur qui apparait comme sombre \u00e0 bien des endroits<\/strong>.<\/p>\n\n\n\n<p>Car, oui, ne nous cachons pas derri\u00e8re l\u2019ivresse des rencontres, d\u2019\u00e9changes forts int\u00e9ressants, certes, ou la qualit\u00e9 des intervenant.es venu.es de toute la plan\u00e8te. Le constat sur l\u2019ESS est celui que l\u2019on conna\u00eet\u2026 Voire pire&nbsp;! Les acteurices politiques majeurs de l\u2019ESS fran\u00e7ais, europ\u00e9ens et mondiaux constatent une d\u00e9gradation des structures de l\u2019ESS et de leurs soutiens de mani\u00e8re significative ces derni\u00e8res ann\u00e9es.<\/p>\n\n\n\n<p>Nous aurions pu profiter de ce moment et des personnes pr\u00e9sentes pour travailler sur un \u00ab&nbsp;plan d\u2019attaque&nbsp;\u00bb, <strong>une strat\u00e9gie mondiale pour affirmer notre \u00e9conomie comme une \u00e9conomie cr\u00e9atrice de richesses<\/strong> (financi\u00e8re, humaine, \u00e9cologique etc.), <strong>protectrice et bienveillante pour le plus grand nombre de personnes sur notre terre.<\/strong><\/p>\n\n\n\n<p>Malheureusement le climat ambiant, en France, dans beaucoup de pays en Europe, aux USA mais aussi dans une multitude de pays \u00e0 travers le monde, les guerres, \u00ab&nbsp;l\u2019extr\u00eame \u2013 droitisation&nbsp;\u00bb des politiques coupl\u00e9es avec l\u2019ultra-lib\u00e9ralisation de nos soci\u00e9t\u00e9s, font que nous pouvons nous poser la question&nbsp;suivante <strong>: est-ce qu\u2019au-del\u00e0 de l\u2019aspect purement \u00e9conomique (productivit\u00e9 \/ rentabilit\u00e9 \/ qualit\u00e9), l\u2019ESS ne serait-elle pas un levier politique<\/strong>&nbsp;? S\u2019agirait-il d\u2019une \u00ab&nbsp;\u00e9conomie politique&nbsp;\u00bb, qui aujourd\u2019hui permettrait de maintenir une forme de lutte de classes pour ne pas perdre la main sur nos valeurs, nos territoires, nos activit\u00e9s, nos richesses et tout simplement nos vies face aux \u00ab&nbsp;faiseurs&nbsp;\u00bb de l\u2019\u00e9conomie capitalistes&nbsp;? &nbsp;<\/p>\n\n\n\n<p>L\u2019\u00e9conomie sociale et solidaire est, pour beaucoup d\u2019entre nous, l\u2019\u00e9conomie qui devrait \u00eatre dominante et replacer la solidarit\u00e9, le partage et le faire ensemble au c\u0153ur de notre soci\u00e9t\u00e9\u2026 Elle pourrait \u00eatre un appui pour faire face \u00e0 l\u2019\u00e9conomie capitaliste qui, elle, franchit encore une \u00e9tape, notamment en alliant certains puissants Etats, les g\u00e9ants de la tech et les principaux acteurs de celle-ci. Aujourd\u2019hui, cette \u00e9conomie capitaliste d\u00e9truit et menace toujours davantage les d\u00e9mocraties, le bien-\u00eatre des hommes et des femmes et les liens sociaux.<\/p>\n\n\n\n<p>De plus, un constat peut paraitre anodin, mais illustre peut-\u00eatre ces propos&nbsp;: <strong>aucune couverture m\u00e9diatique du forum (ou si peu) n\u2019a \u00e9t\u00e9 faite par des m\u00e9dias de masse<\/strong>. Lib\u00e9ration, partenaire principal du forum, n\u2019a toujours pas publi\u00e9 d\u2019article \u00ab&nbsp;premium&nbsp;\u00bb sur le sujet. Aucun m\u00e9dia de masse type TF1, Canal+, M6 etc. (groupes appartenant \u00e0 des acteurs majeurs de l\u2019\u00e9conomie capitaliste) ni France t\u00e9l\u00e9vision n\u2019ont eu l\u2019envie de s\u2019int\u00e9resser \u00e0 notre \u00e9conomie. Ce sont essentiellement des m\u00e9dias ind\u00e9pendants, militants ou des m\u00e9dias locaux qui \u00e9taient pr\u00e9sents <em>(Big up \u00e0 T\u00e9l\u00e9millevaches avec qui nous avons partag\u00e9 de bons moments malgr\u00e9 les ronflements&nbsp;<\/em><em>\ud83d\ude09).<br><\/em>Enfin, pas ou <strong>peu de \u00ab&nbsp;politicien.nes&nbsp;\u00bb fran\u00e7ais.es \u00e9taient pr\u00e9sent.es<\/strong> \u00e0 part celles et ceux mobilis\u00e9s dans l\u2019exercice de leur fonction.<\/p>\n\n\n\n<p><strong>Comment pouvons-nous montrer l\u2019utilit\u00e9 de l\u2019ESS aux yeux de toustes\u00a0? <\/strong>Comment rappeler qu\u2019elle permet d\u2019employer \u00e9norm\u00e9ment de monde en France, qu\u2019elle fait vivre nos campagnes, nos quartiers mais aussi qu\u2019elle permet la survie de milliers de personnes dans des r\u00e9gions sinistr\u00e9es, en guerre ou \u00ab\u00a0pauvres\u00a0\u00bb partout sur la plan\u00e8te, qu\u2019elle est cr\u00e9atrice de d\u00e9veloppement et de richesses pour les femmes et les hommes qui agissent collectivement quand on est invisible\u00a0?<\/p>\n\n\n\n<p><strong>Pour conclure,<\/strong> il est important de se soutenir, de garder notre dynamisme, d\u2019\u00eatre convaincu par ce que nous faisons, quelque soit notre niveau d\u2019action ou notre activit\u00e9.&nbsp; Mais il est tout aussi important, (et cela dans la perspective des \u00e9ch\u00e9ances \u00e9lectorales \u00e0 venir), de se questionner sur comment nous voulons agir et jusqu\u2019o\u00f9 nous sommes pr\u00eats \u00e0 aller pour pr\u00e9server nos actions et nos structures. Pour cela<strong>, je vous invite \u00e0 nous rejoindre le 2 d\u00e9cembre 2025 \u00e0 la Quincaillerie Num\u00e9rique \u00e0 Gu\u00e9ret pour se questionner notamment sur l\u2019avenir du milieu associatif sur notre territoire.<\/strong><br>R.V \u2013 5.11.2025<\/p>\n\n\n<div class=\"wp-block-image\">\n<figure class=\"aligncenter size-large is-resized\"><img loading=\"lazy\" decoding=\"async\" width=\"232\" height=\"330\" src=\"https:\/\/aliso.fr\/reseau\/wp-content\/uploads\/sites\/4\/2025\/11\/image-232x330.jpeg\" alt=\"\" class=\"wp-image-3237\" style=\"width:406px;height:auto\" srcset=\"https:\/\/aliso.fr\/reseau\/wp-content\/uploads\/sites\/4\/2025\/11\/image-232x330.jpeg 232w, https:\/\/aliso.fr\/reseau\/wp-content\/uploads\/sites\/4\/2025\/11\/image-133x190.jpeg 133w, https:\/\/aliso.fr\/reseau\/wp-content\/uploads\/sites\/4\/2025\/11\/image.jpeg 356w\" sizes=\"auto, (max-width: 232px) 100vw, 232px\" \/><\/figure>\n<\/div>","protected":false},"excerpt":{"rendered":"<p>Tous ensemble dans une impasse&nbsp;? Rapha\u00ebl Vernat, directeur d\u2019ALISO, nous rapporte son exp\u00e9rience du GSEF Bordeaux 2025. Une partie de l\u2019\u00e9quipe salariale (Christelle, Pascal et Rapha\u00ebl), accompagn\u00e9e de Marine, administratrice et Vice-pr\u00e9sidente d\u2019ALISO, ont particip\u00e9 au Forum Mondial de l\u2019ESS du 29 au 31 octobre 2025 qui se tenait \u00e0 Bordeaux. (GSEF Bordeaux 2025) Ev\u00e8nement&#8230; <a class=\"excerpt-read-more button\" href=\"https:\/\/aliso.fr\/reseau\/retour-du-forum-mondial-de-less\/\" title=\"ReadRetour du Forum Mondial de l&rsquo;ESS\">En savoir plus &raquo;<\/a><\/p>\n","protected":false},"author":3,"featured_media":3237,"comment_status":"closed","ping_status":"open","sticky":false,"template":"","format":"standard","meta":{"footnotes":""},"categories":[3,7],"tags":[],"class_list":["post-3236","post","type-post","status-publish","format-standard","has-post-thumbnail","hentry","category-actualite","category-nos-actions"],"yoast_head":"<!-- This site is optimized with the Yoast SEO plugin v27.4 - https:\/\/yoast.com\/product\/yoast-seo-wordpress\/ -->\n<title>Retour du Forum Mondial de l&#039;ESS - Aliso R\u00e9seau<\/title>\n<meta name=\"robots\" content=\"index, follow, max-snippet:-1, max-image-preview:large, max-video-preview:-1\" \/>\n<link rel=\"canonical\" href=\"https:\/\/aliso.fr\/reseau\/retour-du-forum-mondial-de-less\/\" \/>\n<meta property=\"og:locale\" content=\"fr_FR\" \/>\n<meta property=\"og:type\" content=\"article\" \/>\n<meta property=\"og:title\" content=\"Retour du Forum Mondial de l&#039;ESS - Aliso R\u00e9seau\" \/>\n<meta property=\"og:description\" content=\"Tous ensemble dans une impasse&nbsp;? Rapha\u00ebl Vernat, directeur d\u2019ALISO, nous rapporte son exp\u00e9rience du GSEF Bordeaux 2025. Une partie de l\u2019\u00e9quipe salariale (Christelle, Pascal et Rapha\u00ebl), accompagn\u00e9e de Marine, administratrice et Vice-pr\u00e9sidente d\u2019ALISO, ont particip\u00e9 au Forum Mondial de l\u2019ESS du 29 au 31 octobre 2025 qui se tenait \u00e0 Bordeaux. (GSEF Bordeaux 2025) Ev\u00e8nement... En savoir plus &raquo;\" \/>\n<meta property=\"og:url\" content=\"https:\/\/aliso.fr\/reseau\/retour-du-forum-mondial-de-less\/\" \/>\n<meta property=\"og:site_name\" content=\"Aliso R\u00e9seau\" \/>\n<meta property=\"article:published_time\" content=\"2025-11-13T12:52:27+00:00\" \/>\n<meta property=\"article:modified_time\" content=\"2025-11-13T12:52:28+00:00\" \/>\n<meta property=\"og:image\" content=\"https:\/\/aliso.fr\/reseau\/wp-content\/uploads\/sites\/4\/2025\/11\/image.jpeg\" \/>\n\t<meta property=\"og:image:width\" content=\"356\" \/>\n\t<meta property=\"og:image:height\" content=\"507\" \/>\n\t<meta property=\"og:image:type\" content=\"image\/jpeg\" \/>\n<meta name=\"author\" content=\"laure\" \/>\n<meta name=\"twitter:card\" content=\"summary_large_image\" \/>\n<script type=\"application\/ld+json\" class=\"yoast-schema-graph\">{\"@context\":\"https:\\\/\\\/schema.org\",\"@graph\":[{\"@type\":\"Article\",\"@id\":\"https:\\\/\\\/aliso.fr\\\/reseau\\\/retour-du-forum-mondial-de-less\\\/#article\",\"isPartOf\":{\"@id\":\"https:\\\/\\\/aliso.fr\\\/reseau\\\/retour-du-forum-mondial-de-less\\\/\"},\"author\":{\"name\":\"laure\",\"@id\":\"https:\\\/\\\/aliso.fr\\\/reseau\\\/#\\\/schema\\\/person\\\/056af145b9c52eee21a9f739489104a5\"},\"headline\":\"Retour du Forum Mondial de l&rsquo;ESS\",\"datePublished\":\"2025-11-13T12:52:27+00:00\",\"dateModified\":\"2025-11-13T12:52:28+00:00\",\"mainEntityOfPage\":{\"@id\":\"https:\\\/\\\/aliso.fr\\\/reseau\\\/retour-du-forum-mondial-de-less\\\/\"},\"wordCount\":1034,\"publisher\":{\"@id\":\"https:\\\/\\\/aliso.fr\\\/reseau\\\/#organization\"},\"image\":{\"@id\":\"https:\\\/\\\/aliso.fr\\\/reseau\\\/retour-du-forum-mondial-de-less\\\/#primaryimage\"},\"thumbnailUrl\":\"https:\\\/\\\/aliso.fr\\\/reseau\\\/wp-content\\\/uploads\\\/sites\\\/4\\\/2025\\\/11\\\/image.jpeg\",\"articleSection\":[\"Actualit\u00e9\",\"Nos actions\"],\"inLanguage\":\"fr-FR\"},{\"@type\":\"WebPage\",\"@id\":\"https:\\\/\\\/aliso.fr\\\/reseau\\\/retour-du-forum-mondial-de-less\\\/\",\"url\":\"https:\\\/\\\/aliso.fr\\\/reseau\\\/retour-du-forum-mondial-de-less\\\/\",\"name\":\"Retour du Forum Mondial de l'ESS - Aliso R\u00e9seau\",\"isPartOf\":{\"@id\":\"https:\\\/\\\/aliso.fr\\\/reseau\\\/#website\"},\"primaryImageOfPage\":{\"@id\":\"https:\\\/\\\/aliso.fr\\\/reseau\\\/retour-du-forum-mondial-de-less\\\/#primaryimage\"},\"image\":{\"@id\":\"https:\\\/\\\/aliso.fr\\\/reseau\\\/retour-du-forum-mondial-de-less\\\/#primaryimage\"},\"thumbnailUrl\":\"https:\\\/\\\/aliso.fr\\\/reseau\\\/wp-content\\\/uploads\\\/sites\\\/4\\\/2025\\\/11\\\/image.jpeg\",\"datePublished\":\"2025-11-13T12:52:27+00:00\",\"dateModified\":\"2025-11-13T12:52:28+00:00\",\"breadcrumb\":{\"@id\":\"https:\\\/\\\/aliso.fr\\\/reseau\\\/retour-du-forum-mondial-de-less\\\/#breadcrumb\"},\"inLanguage\":\"fr-FR\",\"potentialAction\":[{\"@type\":\"ReadAction\",\"target\":[\"https:\\\/\\\/aliso.fr\\\/reseau\\\/retour-du-forum-mondial-de-less\\\/\"]}]},{\"@type\":\"ImageObject\",\"inLanguage\":\"fr-FR\",\"@id\":\"https:\\\/\\\/aliso.fr\\\/reseau\\\/retour-du-forum-mondial-de-less\\\/#primaryimage\",\"url\":\"https:\\\/\\\/aliso.fr\\\/reseau\\\/wp-content\\\/uploads\\\/sites\\\/4\\\/2025\\\/11\\\/image.jpeg\",\"contentUrl\":\"https:\\\/\\\/aliso.fr\\\/reseau\\\/wp-content\\\/uploads\\\/sites\\\/4\\\/2025\\\/11\\\/image.jpeg\",\"width\":356,\"height\":507},{\"@type\":\"BreadcrumbList\",\"@id\":\"https:\\\/\\\/aliso.fr\\\/reseau\\\/retour-du-forum-mondial-de-less\\\/#breadcrumb\",\"itemListElement\":[{\"@type\":\"ListItem\",\"position\":1,\"name\":\"Accueil\",\"item\":\"https:\\\/\\\/aliso.fr\\\/reseau\\\/\"},{\"@type\":\"ListItem\",\"position\":2,\"name\":\"Actualit\u00e9\",\"item\":\"https:\\\/\\\/aliso.fr\\\/reseau\\\/actualite\\\/\"},{\"@type\":\"ListItem\",\"position\":3,\"name\":\"Retour du Forum Mondial de l&rsquo;ESS\"}]},{\"@type\":\"WebSite\",\"@id\":\"https:\\\/\\\/aliso.fr\\\/reseau\\\/#website\",\"url\":\"https:\\\/\\\/aliso.fr\\\/reseau\\\/\",\"name\":\"Aliso R\u00e9seau\",\"description\":\"R\u00e9seau Creusois des acteurs du lien social\",\"publisher\":{\"@id\":\"https:\\\/\\\/aliso.fr\\\/reseau\\\/#organization\"},\"potentialAction\":[{\"@type\":\"SearchAction\",\"target\":{\"@type\":\"EntryPoint\",\"urlTemplate\":\"https:\\\/\\\/aliso.fr\\\/reseau\\\/?s={search_term_string}\"},\"query-input\":{\"@type\":\"PropertyValueSpecification\",\"valueRequired\":true,\"valueName\":\"search_term_string\"}}],\"inLanguage\":\"fr-FR\"},{\"@type\":\"Organization\",\"@id\":\"https:\\\/\\\/aliso.fr\\\/reseau\\\/#organization\",\"name\":\"Aliso R\u00e9seau\",\"url\":\"https:\\\/\\\/aliso.fr\\\/reseau\\\/\",\"logo\":{\"@type\":\"ImageObject\",\"inLanguage\":\"fr-FR\",\"@id\":\"https:\\\/\\\/aliso.fr\\\/reseau\\\/#\\\/schema\\\/logo\\\/image\\\/\",\"url\":\"https:\\\/\\\/aliso.fr\\\/reseau\\\/wp-content\\\/uploads\\\/sites\\\/4\\\/2022\\\/01\\\/Logo-ALISO-Reseau-2.png\",\"contentUrl\":\"https:\\\/\\\/aliso.fr\\\/reseau\\\/wp-content\\\/uploads\\\/sites\\\/4\\\/2022\\\/01\\\/Logo-ALISO-Reseau-2.png\",\"width\":900,\"height\":970,\"caption\":\"Aliso R\u00e9seau\"},\"image\":{\"@id\":\"https:\\\/\\\/aliso.fr\\\/reseau\\\/#\\\/schema\\\/logo\\\/image\\\/\"}},{\"@type\":\"Person\",\"@id\":\"https:\\\/\\\/aliso.fr\\\/reseau\\\/#\\\/schema\\\/person\\\/056af145b9c52eee21a9f739489104a5\",\"name\":\"laure\"}]}<\/script>\n<!-- \/ Yoast SEO plugin. -->","yoast_head_json":{"title":"Retour du Forum Mondial de l'ESS - Aliso R\u00e9seau","robots":{"index":"index","follow":"follow","max-snippet":"max-snippet:-1","max-image-preview":"max-image-preview:large","max-video-preview":"max-video-preview:-1"},"canonical":"https:\/\/aliso.fr\/reseau\/retour-du-forum-mondial-de-less\/","og_locale":"fr_FR","og_type":"article","og_title":"Retour du Forum Mondial de l'ESS - Aliso R\u00e9seau","og_description":"Tous ensemble dans une impasse&nbsp;? Rapha\u00ebl Vernat, directeur d\u2019ALISO, nous rapporte son exp\u00e9rience du GSEF Bordeaux 2025. Une partie de l\u2019\u00e9quipe salariale (Christelle, Pascal et Rapha\u00ebl), accompagn\u00e9e de Marine, administratrice et Vice-pr\u00e9sidente d\u2019ALISO, ont particip\u00e9 au Forum Mondial de l\u2019ESS du 29 au 31 octobre 2025 qui se tenait \u00e0 Bordeaux. (GSEF Bordeaux 2025) Ev\u00e8nement... En savoir plus &raquo;","og_url":"https:\/\/aliso.fr\/reseau\/retour-du-forum-mondial-de-less\/","og_site_name":"Aliso R\u00e9seau","article_published_time":"2025-11-13T12:52:27+00:00","article_modified_time":"2025-11-13T12:52:28+00:00","og_image":[{"width":356,"height":507,"url":"https:\/\/aliso.fr\/reseau\/wp-content\/uploads\/sites\/4\/2025\/11\/image.jpeg","type":"image\/jpeg"}],"author":"laure","twitter_card":"summary_large_image","schema":{"@context":"https:\/\/schema.org","@graph":[{"@type":"Article","@id":"https:\/\/aliso.fr\/reseau\/retour-du-forum-mondial-de-less\/#article","isPartOf":{"@id":"https:\/\/aliso.fr\/reseau\/retour-du-forum-mondial-de-less\/"},"author":{"name":"laure","@id":"https:\/\/aliso.fr\/reseau\/#\/schema\/person\/056af145b9c52eee21a9f739489104a5"},"headline":"Retour du Forum Mondial de l&rsquo;ESS","datePublished":"2025-11-13T12:52:27+00:00","dateModified":"2025-11-13T12:52:28+00:00","mainEntityOfPage":{"@id":"https:\/\/aliso.fr\/reseau\/retour-du-forum-mondial-de-less\/"},"wordCount":1034,"publisher":{"@id":"https:\/\/aliso.fr\/reseau\/#organization"},"image":{"@id":"https:\/\/aliso.fr\/reseau\/retour-du-forum-mondial-de-less\/#primaryimage"},"thumbnailUrl":"https:\/\/aliso.fr\/reseau\/wp-content\/uploads\/sites\/4\/2025\/11\/image.jpeg","articleSection":["Actualit\u00e9","Nos actions"],"inLanguage":"fr-FR"},{"@type":"WebPage","@id":"https:\/\/aliso.fr\/reseau\/retour-du-forum-mondial-de-less\/","url":"https:\/\/aliso.fr\/reseau\/retour-du-forum-mondial-de-less\/","name":"Retour du Forum Mondial de l'ESS - Aliso R\u00e9seau","isPartOf":{"@id":"https:\/\/aliso.fr\/reseau\/#website"},"primaryImageOfPage":{"@id":"https:\/\/aliso.fr\/reseau\/retour-du-forum-mondial-de-less\/#primaryimage"},"image":{"@id":"https:\/\/aliso.fr\/reseau\/retour-du-forum-mondial-de-less\/#primaryimage"},"thumbnailUrl":"https:\/\/aliso.fr\/reseau\/wp-content\/uploads\/sites\/4\/2025\/11\/image.jpeg","datePublished":"2025-11-13T12:52:27+00:00","dateModified":"2025-11-13T12:52:28+00:00","breadcrumb":{"@id":"https:\/\/aliso.fr\/reseau\/retour-du-forum-mondial-de-less\/#breadcrumb"},"inLanguage":"fr-FR","potentialAction":[{"@type":"ReadAction","target":["https:\/\/aliso.fr\/reseau\/retour-du-forum-mondial-de-less\/"]}]},{"@type":"ImageObject","inLanguage":"fr-FR","@id":"https:\/\/aliso.fr\/reseau\/retour-du-forum-mondial-de-less\/#primaryimage","url":"https:\/\/aliso.fr\/reseau\/wp-content\/uploads\/sites\/4\/2025\/11\/image.jpeg","contentUrl":"https:\/\/aliso.fr\/reseau\/wp-content\/uploads\/sites\/4\/2025\/11\/image.jpeg","width":356,"height":507},{"@type":"BreadcrumbList","@id":"https:\/\/aliso.fr\/reseau\/retour-du-forum-mondial-de-less\/#breadcrumb","itemListElement":[{"@type":"ListItem","position":1,"name":"Accueil","item":"https:\/\/aliso.fr\/reseau\/"},{"@type":"ListItem","position":2,"name":"Actualit\u00e9","item":"https:\/\/aliso.fr\/reseau\/actualite\/"},{"@type":"ListItem","position":3,"name":"Retour du Forum Mondial de l&rsquo;ESS"}]},{"@type":"WebSite","@id":"https:\/\/aliso.fr\/reseau\/#website","url":"https:\/\/aliso.fr\/reseau\/","name":"Aliso R\u00e9seau","description":"R\u00e9seau Creusois des acteurs du lien social","publisher":{"@id":"https:\/\/aliso.fr\/reseau\/#organization"},"potentialAction":[{"@type":"SearchAction","target":{"@type":"EntryPoint","urlTemplate":"https:\/\/aliso.fr\/reseau\/?s={search_term_string}"},"query-input":{"@type":"PropertyValueSpecification","valueRequired":true,"valueName":"search_term_string"}}],"inLanguage":"fr-FR"},{"@type":"Organization","@id":"https:\/\/aliso.fr\/reseau\/#organization","name":"Aliso R\u00e9seau","url":"https:\/\/aliso.fr\/reseau\/","logo":{"@type":"ImageObject","inLanguage":"fr-FR","@id":"https:\/\/aliso.fr\/reseau\/#\/schema\/logo\/image\/","url":"https:\/\/aliso.fr\/reseau\/wp-content\/uploads\/sites\/4\/2022\/01\/Logo-ALISO-Reseau-2.png","contentUrl":"https:\/\/aliso.fr\/reseau\/wp-content\/uploads\/sites\/4\/2022\/01\/Logo-ALISO-Reseau-2.png","width":900,"height":970,"caption":"Aliso R\u00e9seau"},"image":{"@id":"https:\/\/aliso.fr\/reseau\/#\/schema\/logo\/image\/"}},{"@type":"Person","@id":"https:\/\/aliso.fr\/reseau\/#\/schema\/person\/056af145b9c52eee21a9f739489104a5","name":"laure"}]}},"_links":{"self":[{"href":"https:\/\/aliso.fr\/reseau\/wp-json\/wp\/v2\/posts\/3236","targetHints":{"allow":["GET"]}}],"collection":[{"href":"https:\/\/aliso.fr\/reseau\/wp-json\/wp\/v2\/posts"}],"about":[{"href":"https:\/\/aliso.fr\/reseau\/wp-json\/wp\/v2\/types\/post"}],"author":[{"embeddable":true,"href":"https:\/\/aliso.fr\/reseau\/wp-json\/wp\/v2\/users\/3"}],"replies":[{"embeddable":true,"href":"https:\/\/aliso.fr\/reseau\/wp-json\/wp\/v2\/comments?post=3236"}],"version-history":[{"count":3,"href":"https:\/\/aliso.fr\/reseau\/wp-json\/wp\/v2\/posts\/3236\/revisions"}],"predecessor-version":[{"id":3246,"href":"https:\/\/aliso.fr\/reseau\/wp-json\/wp\/v2\/posts\/3236\/revisions\/3246"}],"wp:featuredmedia":[{"embeddable":true,"href":"https:\/\/aliso.fr\/reseau\/wp-json\/wp\/v2\/media\/3237"}],"wp:attachment":[{"href":"https:\/\/aliso.fr\/reseau\/wp-json\/wp\/v2\/media?parent=3236"}],"wp:term":[{"taxonomy":"category","embeddable":true,"href":"https:\/\/aliso.fr\/reseau\/wp-json\/wp\/v2\/categories?post=3236"},{"taxonomy":"post_tag","embeddable":true,"href":"https:\/\/aliso.fr\/reseau\/wp-json\/wp\/v2\/tags?post=3236"}],"curies":[{"name":"wp","href":"https:\/\/api.w.org\/{rel}","templated":true}]}}