{"id":3257,"date":"2025-12-16T11:59:23","date_gmt":"2025-12-16T10:59:23","guid":{"rendered":"https:\/\/aliso.fr\/reseau\/?p=3257"},"modified":"2025-12-17T10:35:45","modified_gmt":"2025-12-17T09:35:45","slug":"convergence-dinteret-general","status":"publish","type":"post","link":"https:\/\/aliso.fr\/reseau\/convergence-dinteret-general\/","title":{"rendered":"Convergence d&rsquo;int\u00e9r\u00eat g\u00e9n\u00e9ral"},"content":{"rendered":"\n<p><em>Le 2 d\u00e9cembre dernier, nous \u00e9tions \u00e0 la Quincaillerie num\u00e9rique, \u00e0 Gu\u00e9ret, pour r\u00e9unir les adh\u00e9rents des trois r\u00e9seaux &#8211; ALISO, L&rsquo;ARCHIPEL, TELA- et quelques autres acteur.ice.s sollicit\u00e9.e.s pour animer et nourrir la d\u00e9marche. Cette premi\u00e8re \u00e9dition, ce premier jet, initie un premier acte pour mettre en route un travail de culture commune, d&rsquo;\u00e9changes et de r\u00e9flexions strat\u00e9giques, avec l&rsquo;intention de f\u00e9d\u00e9rer autour d&rsquo;actes au profit de la qualit\u00e9 de vie sur nos territoires. <a href=\"https:\/\/www.radiopaysdegueret.fr\/marche-a-lombre\/journee-inter-reseaux-creusois-de-convergence-associative\" target=\"_blank\" rel=\"noreferrer noopener\">(Retrouvez ici l&rsquo;\u00e9mission de radio RPG Marche \u00e0 l&rsquo;Ombre, qui rend compte en partie de ce moment)<\/a><\/em> <em>Le bilan global de la journ\u00e9e sera fait en d\u00e9but d&rsquo;ann\u00e9e 2026.<\/em><br><em><br>Pour ce premier rendez-vous, on a parl\u00e9 de \u00ab\u00a0convergence associative\u00a0\u00bb. Pour le prochain, il sera probablement n\u00e9cessaire de consid\u00e9rer la n\u00e9cessit\u00e9 d&rsquo;une convergence au-del\u00e0 de celle de nos r\u00e9seaux et au-del\u00e0 de la sph\u00e8re associative. En attendant cette date,<strong> les lignes qui suivent vous proposent un regard sur ce qui justifie cette pr\u00e9occupation, et d\u00e9marche de convergence<\/strong>. En tant que facilitatrice de r\u00e9seau, qui coordonne aujourd&rsquo;hui la lettre mensuelle num\u00e9rique du r\u00e9seau, j&rsquo;ai sollicit\u00e9 certain.e.s participant.e.s \u00e0 la journ\u00e9e pour rendre compte de ce que cela avait pu g\u00e9n\u00e9rer. Christian a r\u00e9pondu \u00e0 l&rsquo;appel et s&rsquo;est solidairement et g\u00e9n\u00e9reusement pr\u00eat\u00e9 au jeu. Il nous offre, ci-dessous, des mots pour tenter de traduire ce qui traverse nos inqui\u00e9tudes, indignations, et nos \u00e9changes en qu\u00eate de faire valoir la n\u00e9cessit\u00e9 du soutien au monde associatif dont la l\u00e9gitimit\u00e9 ne nous semble pourtant plus \u00e0 prouver.<\/em><br><em>Laure Masson, facilitatrice pour le r\u00e9seau ALISO<\/em><\/p>\n\n\n\n<p>Dans un contexte national de restrictions budg\u00e9taires, les associations creusoises sont touch\u00e9es brutalement par des baisses de subventions mettant \u00e0 mal leur fonctionnement et donc leur capacit\u00e9 \u00e0 r\u00e9pondre \u00e0 leurs missions. De ce constat qui n&rsquo;\u00e9pargne personne, que ce soit au niveau des associations de d\u00e9veloppement local, d&rsquo;acc\u00e8s aux sports, aux loisirs et \u00e0 la culture, ou participant \u00e0 la vie citoyenne et \u00e0 l&rsquo;accompagnement social des personnes les plus en difficult\u00e9s, 3 structures locales (<em>TELA, ALISO, L&rsquo;ARCHIPEL<\/em>) ont fait la proposition d&rsquo;une journ\u00e9e de \u00ab&nbsp;convergence&nbsp;\u00bb pour questionner \u00ab&nbsp;<em>la mutation des mod\u00e8les associatifs de demain ainsi que de leur financement<\/em> \u00bb.<\/p>\n\n\n\n<p>Une cinquantaine de personnes repr\u00e9sentants une vingtaine de structures du d\u00e9partement creusois ont pu alors \u00e9changer sur les difficult\u00e9s rencontr\u00e9es, les valeurs qui sous-tendent le monde associatif et la n\u00e9cessit\u00e9 d&rsquo;un financement p\u00e9renne de leurs structures. En commen\u00e7ant par quelques rappels factuels et historiques, montrant \u00e0 la fois l&rsquo;\u00e9volution constante du traitement et des objets du monde associatif depuis le d\u00e9but du XXe si\u00e8cle, mais \u00e9galement sa r\u00e9alit\u00e9 physique contemporaine avec plus de 1,3 millions d&rsquo;associations repr\u00e9sentant environ 20 millions d&rsquo;adh\u00e9rents et 15 millions de b\u00e9n\u00e9voles. Tout ce beau monde bien h\u00e9t\u00e9rog\u00e8ne mais avec un principe commun bien \u00e9loign\u00e9 de l&rsquo;\u00e9conomie capitaliste, celui de ne pas rechercher \u00e0 faire du b\u00e9n\u00e9fice ou tout du moins, sans qu&rsquo;il serve \u00e0 l&rsquo;enrichissement de ses membres, le r\u00e9introduisant alors dans les actions collectives qui lui sont propres.<\/p>\n\n\n\n<p>C&rsquo;est \u00e0 l&rsquo;aune de ce principe que se discute alors la question de leur fonctionnement et plus particuli\u00e8rement de leur financement car si une association peut fonctionner par la cotisation des membres qui la composent, elle peut aussi b\u00e9n\u00e9ficier d&rsquo;apport financier au regard de ce qu&rsquo;elle peut apporter sur une population donn\u00e9e ou plus globalement sur une mission d&rsquo;int\u00e9r\u00eat g\u00e9n\u00e9ral. Il est alors question d&rsquo;une redistribution de l&rsquo;imp\u00f4t du contribuable par le biais des organes \u00e9tatiques, des collectivit\u00e9s locales ou de diverses institutions en lien avec l&rsquo;objet de l&rsquo;association et ses bienfaits pour l&rsquo;int\u00e9r\u00eat g\u00e9n\u00e9ral. Remettre en cause ce financement revient alors \u00e0 d\u00e9consid\u00e9rer ses actions et pour ne prendre qu&rsquo;un exemple des plus parlants, que penser de la baisse de 90% de la subvention de l&rsquo;Etat au titre de l&rsquo;aide humanitaire de l&rsquo;association caritative qu&rsquo;est le <em>Secours populaire<\/em> de la Creuse&nbsp;?<\/p>\n\n\n\n<p>La Creuse est un des d\u00e9partements o\u00f9 il existe le plus d&rsquo;associations par nombre d&rsquo;habitant-es en corr\u00e9lation souvent avec la disparition des services publics, une mis\u00e8re sociale grandissante et un isolement des populations sur le territoire. Les associations jouent alors un r\u00f4le essentiel de coh\u00e9sion sociale, de solidarit\u00e9 et de vitalit\u00e9. Que ce soit l&rsquo;association sportive et ses b\u00e9n\u00e9voles qui se relaient pour accompagner les enfants lors de matchs le week-end, les \u00e9v\u00e9nements du comit\u00e9 des f\u00eates qui animent la vie de sa localit\u00e9 ou plus derni\u00e8rement la pr\u00e9sence de tiers-lieux, permettant aux personnes de se retrouver, d&rsquo;\u00e9changer et parfois m\u00eame de travailler tout en b\u00e9n\u00e9ficiant des avantages technologiques et de l&rsquo;acc\u00e8s \u00e0 la culture. Sans compter les nombreuses associations d&rsquo;int\u00e9r\u00eat g\u00e9n\u00e9ral ayant directement des missions de service public comme l&rsquo;APAJH, les chantiers d&rsquo;insertion ou la Mission locale. Des structures associatives bien loin de celle de l&rsquo;amicale de quartier ou du club de p\u00e9tanque, mais qui d\u00e9montrent \u00e0 quel point le monde associatif est h\u00e9t\u00e9rog\u00e8ne structurellement mais finalement si homog\u00e8ne au niveau des valeurs communes. La premi\u00e8re de celles-ci tient dans sa d\u00e9finition m\u00eame en tant que droit constitutionnel et principe fondamental reconnu par les lois de la R\u00e9publique. Vous imaginez bien que ce n&rsquo;est pas la simple addition de personnes partageant un objectif commun qui justifie d&rsquo;en faire un droit si inali\u00e9nable&nbsp;! C&rsquo;est donc autre chose qui d\u00e9finit cette fonction. Certains diront l&rsquo;int\u00e9r\u00eat g\u00e9n\u00e9ral, d&rsquo;autres des int\u00e9r\u00eats particuliers, ou bien la volont\u00e9 de faire du commun ou tout simplement l&rsquo;expression d&rsquo;une forme de citoyennet\u00e9. Il n&#8217;emp\u00eache que cette libert\u00e9 d&rsquo;association repose surtout sur l&rsquo;id\u00e9e qu&rsquo;ensemble, c&rsquo;est toujours mieux, c&rsquo;est-\u00e0-dire un vrai antidote \u00e0 l&rsquo;individualisme.<\/p>\n\n\n\n<p>C&rsquo;est \u00e0 cet objectif que les personnes pr\u00e9sentes ont d\u00e9cid\u00e9 d&rsquo;apporter un prolongement lors d&rsquo;un prochain acte II de cette convergence qui permettra alors de faire entrer dans le d\u00e9bat public la n\u00e9cessit\u00e9 de soutenir le monde associatif sur notre d\u00e9partement et plus largement ailleurs. Il suffit d&rsquo;imaginer \u00e0 quel point notre quotidien serait impact\u00e9 si les associations venaient \u00e0 dispara\u00eetre tant elles sont essentielles aujourd&rsquo;hui \u00e0 la coh\u00e9sion sociale, la vitalit\u00e9 \u00e9conomique et un vivre ensemble si malmen\u00e9 depuis quelques temps. B\u00e9n\u00e9voles, adh\u00e9rent-es, salari\u00e9-es, administrateurs-rices de structures, ou tout simplement b\u00e9n\u00e9ficiaires de leurs actions, refusons d&rsquo;\u00eatre les variables d&rsquo;ajustement pour le b\u00e9n\u00e9fice de quelques-un-es au d\u00e9triment de tous les autres.<\/p>\n\n\n\n<p>Christian Nguyen, administrateur de l&rsquo;association Creuse Toujours et salari\u00e9 de la Mission Locale, sollicit\u00e9 par Laure Masson, facilitatrice du r\u00e9seau Aliso, pour \u00e9crire cet article.<\/p>\n","protected":false},"excerpt":{"rendered":"<p>Le 2 d\u00e9cembre dernier, nous \u00e9tions \u00e0 la Quincaillerie num\u00e9rique, \u00e0 Gu\u00e9ret, pour r\u00e9unir les adh\u00e9rents des trois r\u00e9seaux &#8211; ALISO, L&rsquo;ARCHIPEL, TELA- et quelques autres acteur.ice.s sollicit\u00e9.e.s pour animer et nourrir la d\u00e9marche. Cette premi\u00e8re \u00e9dition, ce premier jet, initie un premier acte pour mettre en route un travail de culture commune, d&rsquo;\u00e9changes et&#8230; <a class=\"excerpt-read-more button\" href=\"https:\/\/aliso.fr\/reseau\/convergence-dinteret-general\/\" title=\"ReadConvergence d&rsquo;int\u00e9r\u00eat g\u00e9n\u00e9ral\">En savoir plus &raquo;<\/a><\/p>\n","protected":false},"author":3,"featured_media":3265,"comment_status":"closed","ping_status":"open","sticky":false,"template":"","format":"standard","meta":{"footnotes":""},"categories":[3],"tags":[],"class_list":["post-3257","post","type-post","status-publish","format-standard","has-post-thumbnail","hentry","category-actualite"],"yoast_head":"<!-- This site is optimized with the Yoast SEO plugin v27.4 - https:\/\/yoast.com\/product\/yoast-seo-wordpress\/ -->\n<title>Convergence d&#039;int\u00e9r\u00eat g\u00e9n\u00e9ral - Aliso R\u00e9seau<\/title>\n<meta name=\"robots\" content=\"index, follow, max-snippet:-1, max-image-preview:large, max-video-preview:-1\" \/>\n<link rel=\"canonical\" href=\"https:\/\/aliso.fr\/reseau\/convergence-dinteret-general\/\" \/>\n<meta property=\"og:locale\" content=\"fr_FR\" \/>\n<meta property=\"og:type\" content=\"article\" \/>\n<meta property=\"og:title\" content=\"Convergence d&#039;int\u00e9r\u00eat g\u00e9n\u00e9ral - Aliso R\u00e9seau\" \/>\n<meta property=\"og:description\" content=\"Le 2 d\u00e9cembre dernier, nous \u00e9tions \u00e0 la Quincaillerie num\u00e9rique, \u00e0 Gu\u00e9ret, pour r\u00e9unir les adh\u00e9rents des trois r\u00e9seaux &#8211; ALISO, L&rsquo;ARCHIPEL, TELA- et quelques autres acteur.ice.s sollicit\u00e9.e.s pour animer et nourrir la d\u00e9marche. Cette premi\u00e8re \u00e9dition, ce premier jet, initie un premier acte pour mettre en route un travail de culture commune, d&rsquo;\u00e9changes et... En savoir plus &raquo;\" \/>\n<meta property=\"og:url\" content=\"https:\/\/aliso.fr\/reseau\/convergence-dinteret-general\/\" \/>\n<meta property=\"og:site_name\" content=\"Aliso R\u00e9seau\" \/>\n<meta property=\"article:published_time\" content=\"2025-12-16T10:59:23+00:00\" \/>\n<meta property=\"article:modified_time\" content=\"2025-12-17T09:35:45+00:00\" \/>\n<meta property=\"og:image\" content=\"https:\/\/aliso.fr\/reseau\/wp-content\/uploads\/sites\/4\/2025\/12\/20251202_113943-scaled.jpg\" \/>\n\t<meta property=\"og:image:width\" content=\"2560\" \/>\n\t<meta property=\"og:image:height\" content=\"1920\" \/>\n\t<meta property=\"og:image:type\" content=\"image\/jpeg\" \/>\n<meta name=\"author\" content=\"laure\" \/>\n<meta name=\"twitter:card\" content=\"summary_large_image\" \/>\n<script type=\"application\/ld+json\" class=\"yoast-schema-graph\">{\"@context\":\"https:\\\/\\\/schema.org\",\"@graph\":[{\"@type\":\"Article\",\"@id\":\"https:\\\/\\\/aliso.fr\\\/reseau\\\/convergence-dinteret-general\\\/#article\",\"isPartOf\":{\"@id\":\"https:\\\/\\\/aliso.fr\\\/reseau\\\/convergence-dinteret-general\\\/\"},\"author\":{\"name\":\"laure\",\"@id\":\"https:\\\/\\\/aliso.fr\\\/reseau\\\/#\\\/schema\\\/person\\\/056af145b9c52eee21a9f739489104a5\"},\"headline\":\"Convergence d&rsquo;int\u00e9r\u00eat g\u00e9n\u00e9ral\",\"datePublished\":\"2025-12-16T10:59:23+00:00\",\"dateModified\":\"2025-12-17T09:35:45+00:00\",\"mainEntityOfPage\":{\"@id\":\"https:\\\/\\\/aliso.fr\\\/reseau\\\/convergence-dinteret-general\\\/\"},\"wordCount\":1239,\"publisher\":{\"@id\":\"https:\\\/\\\/aliso.fr\\\/reseau\\\/#organization\"},\"image\":{\"@id\":\"https:\\\/\\\/aliso.fr\\\/reseau\\\/convergence-dinteret-general\\\/#primaryimage\"},\"thumbnailUrl\":\"https:\\\/\\\/aliso.fr\\\/reseau\\\/wp-content\\\/uploads\\\/sites\\\/4\\\/2025\\\/12\\\/20251202_113943-scaled.jpg\",\"articleSection\":[\"Actualit\u00e9\"],\"inLanguage\":\"fr-FR\"},{\"@type\":\"WebPage\",\"@id\":\"https:\\\/\\\/aliso.fr\\\/reseau\\\/convergence-dinteret-general\\\/\",\"url\":\"https:\\\/\\\/aliso.fr\\\/reseau\\\/convergence-dinteret-general\\\/\",\"name\":\"Convergence d'int\u00e9r\u00eat g\u00e9n\u00e9ral - Aliso R\u00e9seau\",\"isPartOf\":{\"@id\":\"https:\\\/\\\/aliso.fr\\\/reseau\\\/#website\"},\"primaryImageOfPage\":{\"@id\":\"https:\\\/\\\/aliso.fr\\\/reseau\\\/convergence-dinteret-general\\\/#primaryimage\"},\"image\":{\"@id\":\"https:\\\/\\\/aliso.fr\\\/reseau\\\/convergence-dinteret-general\\\/#primaryimage\"},\"thumbnailUrl\":\"https:\\\/\\\/aliso.fr\\\/reseau\\\/wp-content\\\/uploads\\\/sites\\\/4\\\/2025\\\/12\\\/20251202_113943-scaled.jpg\",\"datePublished\":\"2025-12-16T10:59:23+00:00\",\"dateModified\":\"2025-12-17T09:35:45+00:00\",\"breadcrumb\":{\"@id\":\"https:\\\/\\\/aliso.fr\\\/reseau\\\/convergence-dinteret-general\\\/#breadcrumb\"},\"inLanguage\":\"fr-FR\",\"potentialAction\":[{\"@type\":\"ReadAction\",\"target\":[\"https:\\\/\\\/aliso.fr\\\/reseau\\\/convergence-dinteret-general\\\/\"]}]},{\"@type\":\"ImageObject\",\"inLanguage\":\"fr-FR\",\"@id\":\"https:\\\/\\\/aliso.fr\\\/reseau\\\/convergence-dinteret-general\\\/#primaryimage\",\"url\":\"https:\\\/\\\/aliso.fr\\\/reseau\\\/wp-content\\\/uploads\\\/sites\\\/4\\\/2025\\\/12\\\/20251202_113943-scaled.jpg\",\"contentUrl\":\"https:\\\/\\\/aliso.fr\\\/reseau\\\/wp-content\\\/uploads\\\/sites\\\/4\\\/2025\\\/12\\\/20251202_113943-scaled.jpg\",\"width\":2560,\"height\":1920},{\"@type\":\"BreadcrumbList\",\"@id\":\"https:\\\/\\\/aliso.fr\\\/reseau\\\/convergence-dinteret-general\\\/#breadcrumb\",\"itemListElement\":[{\"@type\":\"ListItem\",\"position\":1,\"name\":\"Accueil\",\"item\":\"https:\\\/\\\/aliso.fr\\\/reseau\\\/\"},{\"@type\":\"ListItem\",\"position\":2,\"name\":\"Actualit\u00e9\",\"item\":\"https:\\\/\\\/aliso.fr\\\/reseau\\\/actualite\\\/\"},{\"@type\":\"ListItem\",\"position\":3,\"name\":\"Convergence d&rsquo;int\u00e9r\u00eat g\u00e9n\u00e9ral\"}]},{\"@type\":\"WebSite\",\"@id\":\"https:\\\/\\\/aliso.fr\\\/reseau\\\/#website\",\"url\":\"https:\\\/\\\/aliso.fr\\\/reseau\\\/\",\"name\":\"Aliso R\u00e9seau\",\"description\":\"R\u00e9seau Creusois des acteurs du lien social\",\"publisher\":{\"@id\":\"https:\\\/\\\/aliso.fr\\\/reseau\\\/#organization\"},\"potentialAction\":[{\"@type\":\"SearchAction\",\"target\":{\"@type\":\"EntryPoint\",\"urlTemplate\":\"https:\\\/\\\/aliso.fr\\\/reseau\\\/?s={search_term_string}\"},\"query-input\":{\"@type\":\"PropertyValueSpecification\",\"valueRequired\":true,\"valueName\":\"search_term_string\"}}],\"inLanguage\":\"fr-FR\"},{\"@type\":\"Organization\",\"@id\":\"https:\\\/\\\/aliso.fr\\\/reseau\\\/#organization\",\"name\":\"Aliso R\u00e9seau\",\"url\":\"https:\\\/\\\/aliso.fr\\\/reseau\\\/\",\"logo\":{\"@type\":\"ImageObject\",\"inLanguage\":\"fr-FR\",\"@id\":\"https:\\\/\\\/aliso.fr\\\/reseau\\\/#\\\/schema\\\/logo\\\/image\\\/\",\"url\":\"https:\\\/\\\/aliso.fr\\\/reseau\\\/wp-content\\\/uploads\\\/sites\\\/4\\\/2022\\\/01\\\/Logo-ALISO-Reseau-2.png\",\"contentUrl\":\"https:\\\/\\\/aliso.fr\\\/reseau\\\/wp-content\\\/uploads\\\/sites\\\/4\\\/2022\\\/01\\\/Logo-ALISO-Reseau-2.png\",\"width\":900,\"height\":970,\"caption\":\"Aliso R\u00e9seau\"},\"image\":{\"@id\":\"https:\\\/\\\/aliso.fr\\\/reseau\\\/#\\\/schema\\\/logo\\\/image\\\/\"}},{\"@type\":\"Person\",\"@id\":\"https:\\\/\\\/aliso.fr\\\/reseau\\\/#\\\/schema\\\/person\\\/056af145b9c52eee21a9f739489104a5\",\"name\":\"laure\"}]}<\/script>\n<!-- \/ Yoast SEO plugin. -->","yoast_head_json":{"title":"Convergence d'int\u00e9r\u00eat g\u00e9n\u00e9ral - Aliso R\u00e9seau","robots":{"index":"index","follow":"follow","max-snippet":"max-snippet:-1","max-image-preview":"max-image-preview:large","max-video-preview":"max-video-preview:-1"},"canonical":"https:\/\/aliso.fr\/reseau\/convergence-dinteret-general\/","og_locale":"fr_FR","og_type":"article","og_title":"Convergence d'int\u00e9r\u00eat g\u00e9n\u00e9ral - Aliso R\u00e9seau","og_description":"Le 2 d\u00e9cembre dernier, nous \u00e9tions \u00e0 la Quincaillerie num\u00e9rique, \u00e0 Gu\u00e9ret, pour r\u00e9unir les adh\u00e9rents des trois r\u00e9seaux &#8211; ALISO, L&rsquo;ARCHIPEL, TELA- et quelques autres acteur.ice.s sollicit\u00e9.e.s pour animer et nourrir la d\u00e9marche. Cette premi\u00e8re \u00e9dition, ce premier jet, initie un premier acte pour mettre en route un travail de culture commune, d&rsquo;\u00e9changes et... En savoir plus &raquo;","og_url":"https:\/\/aliso.fr\/reseau\/convergence-dinteret-general\/","og_site_name":"Aliso R\u00e9seau","article_published_time":"2025-12-16T10:59:23+00:00","article_modified_time":"2025-12-17T09:35:45+00:00","og_image":[{"width":2560,"height":1920,"url":"https:\/\/aliso.fr\/reseau\/wp-content\/uploads\/sites\/4\/2025\/12\/20251202_113943-scaled.jpg","type":"image\/jpeg"}],"author":"laure","twitter_card":"summary_large_image","schema":{"@context":"https:\/\/schema.org","@graph":[{"@type":"Article","@id":"https:\/\/aliso.fr\/reseau\/convergence-dinteret-general\/#article","isPartOf":{"@id":"https:\/\/aliso.fr\/reseau\/convergence-dinteret-general\/"},"author":{"name":"laure","@id":"https:\/\/aliso.fr\/reseau\/#\/schema\/person\/056af145b9c52eee21a9f739489104a5"},"headline":"Convergence d&rsquo;int\u00e9r\u00eat g\u00e9n\u00e9ral","datePublished":"2025-12-16T10:59:23+00:00","dateModified":"2025-12-17T09:35:45+00:00","mainEntityOfPage":{"@id":"https:\/\/aliso.fr\/reseau\/convergence-dinteret-general\/"},"wordCount":1239,"publisher":{"@id":"https:\/\/aliso.fr\/reseau\/#organization"},"image":{"@id":"https:\/\/aliso.fr\/reseau\/convergence-dinteret-general\/#primaryimage"},"thumbnailUrl":"https:\/\/aliso.fr\/reseau\/wp-content\/uploads\/sites\/4\/2025\/12\/20251202_113943-scaled.jpg","articleSection":["Actualit\u00e9"],"inLanguage":"fr-FR"},{"@type":"WebPage","@id":"https:\/\/aliso.fr\/reseau\/convergence-dinteret-general\/","url":"https:\/\/aliso.fr\/reseau\/convergence-dinteret-general\/","name":"Convergence d'int\u00e9r\u00eat g\u00e9n\u00e9ral - Aliso R\u00e9seau","isPartOf":{"@id":"https:\/\/aliso.fr\/reseau\/#website"},"primaryImageOfPage":{"@id":"https:\/\/aliso.fr\/reseau\/convergence-dinteret-general\/#primaryimage"},"image":{"@id":"https:\/\/aliso.fr\/reseau\/convergence-dinteret-general\/#primaryimage"},"thumbnailUrl":"https:\/\/aliso.fr\/reseau\/wp-content\/uploads\/sites\/4\/2025\/12\/20251202_113943-scaled.jpg","datePublished":"2025-12-16T10:59:23+00:00","dateModified":"2025-12-17T09:35:45+00:00","breadcrumb":{"@id":"https:\/\/aliso.fr\/reseau\/convergence-dinteret-general\/#breadcrumb"},"inLanguage":"fr-FR","potentialAction":[{"@type":"ReadAction","target":["https:\/\/aliso.fr\/reseau\/convergence-dinteret-general\/"]}]},{"@type":"ImageObject","inLanguage":"fr-FR","@id":"https:\/\/aliso.fr\/reseau\/convergence-dinteret-general\/#primaryimage","url":"https:\/\/aliso.fr\/reseau\/wp-content\/uploads\/sites\/4\/2025\/12\/20251202_113943-scaled.jpg","contentUrl":"https:\/\/aliso.fr\/reseau\/wp-content\/uploads\/sites\/4\/2025\/12\/20251202_113943-scaled.jpg","width":2560,"height":1920},{"@type":"BreadcrumbList","@id":"https:\/\/aliso.fr\/reseau\/convergence-dinteret-general\/#breadcrumb","itemListElement":[{"@type":"ListItem","position":1,"name":"Accueil","item":"https:\/\/aliso.fr\/reseau\/"},{"@type":"ListItem","position":2,"name":"Actualit\u00e9","item":"https:\/\/aliso.fr\/reseau\/actualite\/"},{"@type":"ListItem","position":3,"name":"Convergence d&rsquo;int\u00e9r\u00eat g\u00e9n\u00e9ral"}]},{"@type":"WebSite","@id":"https:\/\/aliso.fr\/reseau\/#website","url":"https:\/\/aliso.fr\/reseau\/","name":"Aliso R\u00e9seau","description":"R\u00e9seau Creusois des acteurs du lien social","publisher":{"@id":"https:\/\/aliso.fr\/reseau\/#organization"},"potentialAction":[{"@type":"SearchAction","target":{"@type":"EntryPoint","urlTemplate":"https:\/\/aliso.fr\/reseau\/?s={search_term_string}"},"query-input":{"@type":"PropertyValueSpecification","valueRequired":true,"valueName":"search_term_string"}}],"inLanguage":"fr-FR"},{"@type":"Organization","@id":"https:\/\/aliso.fr\/reseau\/#organization","name":"Aliso R\u00e9seau","url":"https:\/\/aliso.fr\/reseau\/","logo":{"@type":"ImageObject","inLanguage":"fr-FR","@id":"https:\/\/aliso.fr\/reseau\/#\/schema\/logo\/image\/","url":"https:\/\/aliso.fr\/reseau\/wp-content\/uploads\/sites\/4\/2022\/01\/Logo-ALISO-Reseau-2.png","contentUrl":"https:\/\/aliso.fr\/reseau\/wp-content\/uploads\/sites\/4\/2022\/01\/Logo-ALISO-Reseau-2.png","width":900,"height":970,"caption":"Aliso R\u00e9seau"},"image":{"@id":"https:\/\/aliso.fr\/reseau\/#\/schema\/logo\/image\/"}},{"@type":"Person","@id":"https:\/\/aliso.fr\/reseau\/#\/schema\/person\/056af145b9c52eee21a9f739489104a5","name":"laure"}]}},"_links":{"self":[{"href":"https:\/\/aliso.fr\/reseau\/wp-json\/wp\/v2\/posts\/3257","targetHints":{"allow":["GET"]}}],"collection":[{"href":"https:\/\/aliso.fr\/reseau\/wp-json\/wp\/v2\/posts"}],"about":[{"href":"https:\/\/aliso.fr\/reseau\/wp-json\/wp\/v2\/types\/post"}],"author":[{"embeddable":true,"href":"https:\/\/aliso.fr\/reseau\/wp-json\/wp\/v2\/users\/3"}],"replies":[{"embeddable":true,"href":"https:\/\/aliso.fr\/reseau\/wp-json\/wp\/v2\/comments?post=3257"}],"version-history":[{"count":2,"href":"https:\/\/aliso.fr\/reseau\/wp-json\/wp\/v2\/posts\/3257\/revisions"}],"predecessor-version":[{"id":3288,"href":"https:\/\/aliso.fr\/reseau\/wp-json\/wp\/v2\/posts\/3257\/revisions\/3288"}],"wp:featuredmedia":[{"embeddable":true,"href":"https:\/\/aliso.fr\/reseau\/wp-json\/wp\/v2\/media\/3265"}],"wp:attachment":[{"href":"https:\/\/aliso.fr\/reseau\/wp-json\/wp\/v2\/media?parent=3257"}],"wp:term":[{"taxonomy":"category","embeddable":true,"href":"https:\/\/aliso.fr\/reseau\/wp-json\/wp\/v2\/categories?post=3257"},{"taxonomy":"post_tag","embeddable":true,"href":"https:\/\/aliso.fr\/reseau\/wp-json\/wp\/v2\/tags?post=3257"}],"curies":[{"name":"wp","href":"https:\/\/api.w.org\/{rel}","templated":true}]}}