{"id":3261,"date":"2025-12-16T15:22:42","date_gmt":"2025-12-16T14:22:42","guid":{"rendered":"https:\/\/aliso.fr\/reseau\/?p=3261"},"modified":"2025-12-16T15:22:44","modified_gmt":"2025-12-16T14:22:44","slug":"rapport-de-la-cour-des-comptes","status":"publish","type":"post","link":"https:\/\/aliso.fr\/reseau\/rapport-de-la-cour-des-comptes\/","title":{"rendered":"RAPPORT DE LA COUR DES COMPTES"},"content":{"rendered":"\n<p>En septembre dernier, sortait un rapport de la <a href=\"https:\/\/www.ccomptes.fr\/fr\/cour-des-comptes\/nous-decouvrir\/role-et-activites\" target=\"_blank\" rel=\"noreferrer noopener\">Cour des Comptes<\/a> concernant le soutien public \u00e0 l&rsquo;\u00e9conomie sociale et solidaire. La mission principale de cette instance est de s&rsquo;assurer du bon emploi de l&rsquo;argent public et d&rsquo;en informer les citoyens. Juridiction ind\u00e9pendante, elle se situe \u00e0 \u00e9quidistance du Parlement et du Gouvernement, qu\u2019elle assiste l\u2019un et l\u2019autre, conform\u00e9ment \u00e0 l&rsquo;article 47-2 de la Constitution. Elle contr\u00f4le, certifie, juge, \u00e9value.<\/p>\n\n\n\n<p><a href=\"https:\/\/www.ess-france.org\/nos-membres\" target=\"_blank\" rel=\"noreferrer noopener\">ESS France<\/a>, en a fait un communiqu\u00e9 de presse en 2 pages synth\u00e9tiques, qu&rsquo;il est temps de partager. Retrouvez-le ci-dessous. <\/p>\n\n\n\n<p><em>Pour rappel, <a href=\"https:\/\/aliso.fr\/reseau\/aliso-et-la-cress-un-travail-collectif\/\" target=\"_blank\" rel=\"noreferrer noopener\">Aliso est administratrice \u00e0 la Chambre R\u00e9gionale de l&rsquo;Economie Sociale et Solidaire de Nouvelle-Aquitaine<\/a>.<\/em><\/p>\n\n\n\n<div data-wp-interactive=\"core\/file\" class=\"wp-block-file\"><object data-wp-bind--hidden=\"!state.hasPdfPreview\" hidden class=\"wp-block-file__embed\" data=\"https:\/\/aliso.fr\/reseau\/wp-content\/uploads\/sites\/4\/2025\/12\/CP-ESS-France-rapport-cour-des-comptes-VF.pdf\" type=\"application\/pdf\" style=\"width:100%;height:600px\" aria-label=\"Contenu embarqu\u00e9 CP ESS France - rapport cour des comptes - VF.\"><\/object><a id=\"wp-block-file--media-83f73e1a-490f-4eab-a6da-e2c732ad6fa4\" href=\"https:\/\/aliso.fr\/reseau\/wp-content\/uploads\/sites\/4\/2025\/12\/CP-ESS-France-rapport-cour-des-comptes-VF.pdf\">CP ESS France &#8211; rapport cour des comptes &#8211; VF<\/a><a href=\"https:\/\/aliso.fr\/reseau\/wp-content\/uploads\/sites\/4\/2025\/12\/CP-ESS-France-rapport-cour-des-comptes-VF.pdf\" class=\"wp-block-file__button wp-element-button\" download aria-describedby=\"wp-block-file--media-83f73e1a-490f-4eab-a6da-e2c732ad6fa4\">T\u00e9l\u00e9charger<\/a><\/div>\n","protected":false},"excerpt":{"rendered":"<p>En septembre dernier, sortait un rapport de la Cour des Comptes concernant le soutien public \u00e0 l&rsquo;\u00e9conomie sociale et solidaire. La mission principale de cette instance est de s&rsquo;assurer du bon emploi de l&rsquo;argent public et d&rsquo;en informer les citoyens. Juridiction ind\u00e9pendante, elle se situe \u00e0 \u00e9quidistance du Parlement et du Gouvernement, qu\u2019elle assiste l\u2019un&#8230; <a class=\"excerpt-read-more button\" href=\"https:\/\/aliso.fr\/reseau\/rapport-de-la-cour-des-comptes\/\" title=\"ReadRAPPORT DE LA COUR DES COMPTES\">En savoir plus &raquo;<\/a><\/p>\n","protected":false},"author":3,"featured_media":3262,"comment_status":"closed","ping_status":"open","sticky":false,"template":"","format":"standard","meta":{"footnotes":""},"categories":[3],"tags":[],"class_list":["post-3261","post","type-post","status-publish","format-standard","has-post-thumbnail","hentry","category-actualite"],"yoast_head":"<!-- This site is optimized with the Yoast SEO plugin v27.4 - https:\/\/yoast.com\/product\/yoast-seo-wordpress\/ -->\n<title>RAPPORT DE LA COUR DES COMPTES - Aliso R\u00e9seau<\/title>\n<meta name=\"robots\" content=\"index, follow, max-snippet:-1, max-image-preview:large, max-video-preview:-1\" \/>\n<link rel=\"canonical\" href=\"https:\/\/aliso.fr\/reseau\/rapport-de-la-cour-des-comptes\/\" \/>\n<meta property=\"og:locale\" content=\"fr_FR\" \/>\n<meta property=\"og:type\" content=\"article\" \/>\n<meta property=\"og:title\" content=\"RAPPORT DE LA COUR DES COMPTES - Aliso R\u00e9seau\" \/>\n<meta property=\"og:description\" content=\"En septembre dernier, sortait un rapport de la Cour des Comptes concernant le soutien public \u00e0 l&rsquo;\u00e9conomie sociale et solidaire. La mission principale de cette instance est de s&rsquo;assurer du bon emploi de l&rsquo;argent public et d&rsquo;en informer les citoyens. Juridiction ind\u00e9pendante, elle se situe \u00e0 \u00e9quidistance du Parlement et du Gouvernement, qu\u2019elle assiste l\u2019un... En savoir plus &raquo;\" \/>\n<meta property=\"og:url\" content=\"https:\/\/aliso.fr\/reseau\/rapport-de-la-cour-des-comptes\/\" \/>\n<meta property=\"og:site_name\" content=\"Aliso R\u00e9seau\" \/>\n<meta property=\"article:published_time\" content=\"2025-12-16T14:22:42+00:00\" \/>\n<meta property=\"article:modified_time\" content=\"2025-12-16T14:22:44+00:00\" \/>\n<meta property=\"og:image\" content=\"https:\/\/aliso.fr\/reseau\/wp-content\/uploads\/sites\/4\/2025\/12\/ESS_France_logo_2020_signature.jpg\" \/>\n\t<meta property=\"og:image:width\" content=\"2423\" \/>\n\t<meta property=\"og:image:height\" content=\"1292\" \/>\n\t<meta property=\"og:image:type\" content=\"image\/jpeg\" \/>\n<meta name=\"author\" content=\"laure\" \/>\n<meta name=\"twitter:card\" content=\"summary_large_image\" \/>\n<script type=\"application\/ld+json\" class=\"yoast-schema-graph\">{\"@context\":\"https:\\\/\\\/schema.org\",\"@graph\":[{\"@type\":\"Article\",\"@id\":\"https:\\\/\\\/aliso.fr\\\/reseau\\\/rapport-de-la-cour-des-comptes\\\/#article\",\"isPartOf\":{\"@id\":\"https:\\\/\\\/aliso.fr\\\/reseau\\\/rapport-de-la-cour-des-comptes\\\/\"},\"author\":{\"name\":\"laure\",\"@id\":\"https:\\\/\\\/aliso.fr\\\/reseau\\\/#\\\/schema\\\/person\\\/056af145b9c52eee21a9f739489104a5\"},\"headline\":\"RAPPORT DE LA COUR DES COMPTES\",\"datePublished\":\"2025-12-16T14:22:42+00:00\",\"dateModified\":\"2025-12-16T14:22:44+00:00\",\"mainEntityOfPage\":{\"@id\":\"https:\\\/\\\/aliso.fr\\\/reseau\\\/rapport-de-la-cour-des-comptes\\\/\"},\"wordCount\":134,\"publisher\":{\"@id\":\"https:\\\/\\\/aliso.fr\\\/reseau\\\/#organization\"},\"image\":{\"@id\":\"https:\\\/\\\/aliso.fr\\\/reseau\\\/rapport-de-la-cour-des-comptes\\\/#primaryimage\"},\"thumbnailUrl\":\"https:\\\/\\\/aliso.fr\\\/reseau\\\/wp-content\\\/uploads\\\/sites\\\/4\\\/2025\\\/12\\\/ESS_France_logo_2020_signature.jpg\",\"articleSection\":[\"Actualit\u00e9\"],\"inLanguage\":\"fr-FR\"},{\"@type\":\"WebPage\",\"@id\":\"https:\\\/\\\/aliso.fr\\\/reseau\\\/rapport-de-la-cour-des-comptes\\\/\",\"url\":\"https:\\\/\\\/aliso.fr\\\/reseau\\\/rapport-de-la-cour-des-comptes\\\/\",\"name\":\"RAPPORT DE LA COUR DES COMPTES - Aliso R\u00e9seau\",\"isPartOf\":{\"@id\":\"https:\\\/\\\/aliso.fr\\\/reseau\\\/#website\"},\"primaryImageOfPage\":{\"@id\":\"https:\\\/\\\/aliso.fr\\\/reseau\\\/rapport-de-la-cour-des-comptes\\\/#primaryimage\"},\"image\":{\"@id\":\"https:\\\/\\\/aliso.fr\\\/reseau\\\/rapport-de-la-cour-des-comptes\\\/#primaryimage\"},\"thumbnailUrl\":\"https:\\\/\\\/aliso.fr\\\/reseau\\\/wp-content\\\/uploads\\\/sites\\\/4\\\/2025\\\/12\\\/ESS_France_logo_2020_signature.jpg\",\"datePublished\":\"2025-12-16T14:22:42+00:00\",\"dateModified\":\"2025-12-16T14:22:44+00:00\",\"breadcrumb\":{\"@id\":\"https:\\\/\\\/aliso.fr\\\/reseau\\\/rapport-de-la-cour-des-comptes\\\/#breadcrumb\"},\"inLanguage\":\"fr-FR\",\"potentialAction\":[{\"@type\":\"ReadAction\",\"target\":[\"https:\\\/\\\/aliso.fr\\\/reseau\\\/rapport-de-la-cour-des-comptes\\\/\"]}]},{\"@type\":\"ImageObject\",\"inLanguage\":\"fr-FR\",\"@id\":\"https:\\\/\\\/aliso.fr\\\/reseau\\\/rapport-de-la-cour-des-comptes\\\/#primaryimage\",\"url\":\"https:\\\/\\\/aliso.fr\\\/reseau\\\/wp-content\\\/uploads\\\/sites\\\/4\\\/2025\\\/12\\\/ESS_France_logo_2020_signature.jpg\",\"contentUrl\":\"https:\\\/\\\/aliso.fr\\\/reseau\\\/wp-content\\\/uploads\\\/sites\\\/4\\\/2025\\\/12\\\/ESS_France_logo_2020_signature.jpg\",\"width\":2423,\"height\":1292},{\"@type\":\"BreadcrumbList\",\"@id\":\"https:\\\/\\\/aliso.fr\\\/reseau\\\/rapport-de-la-cour-des-comptes\\\/#breadcrumb\",\"itemListElement\":[{\"@type\":\"ListItem\",\"position\":1,\"name\":\"Accueil\",\"item\":\"https:\\\/\\\/aliso.fr\\\/reseau\\\/\"},{\"@type\":\"ListItem\",\"position\":2,\"name\":\"Actualit\u00e9\",\"item\":\"https:\\\/\\\/aliso.fr\\\/reseau\\\/actualite\\\/\"},{\"@type\":\"ListItem\",\"position\":3,\"name\":\"RAPPORT DE LA COUR DES COMPTES\"}]},{\"@type\":\"WebSite\",\"@id\":\"https:\\\/\\\/aliso.fr\\\/reseau\\\/#website\",\"url\":\"https:\\\/\\\/aliso.fr\\\/reseau\\\/\",\"name\":\"Aliso R\u00e9seau\",\"description\":\"R\u00e9seau Creusois des acteurs du lien social\",\"publisher\":{\"@id\":\"https:\\\/\\\/aliso.fr\\\/reseau\\\/#organization\"},\"potentialAction\":[{\"@type\":\"SearchAction\",\"target\":{\"@type\":\"EntryPoint\",\"urlTemplate\":\"https:\\\/\\\/aliso.fr\\\/reseau\\\/?s={search_term_string}\"},\"query-input\":{\"@type\":\"PropertyValueSpecification\",\"valueRequired\":true,\"valueName\":\"search_term_string\"}}],\"inLanguage\":\"fr-FR\"},{\"@type\":\"Organization\",\"@id\":\"https:\\\/\\\/aliso.fr\\\/reseau\\\/#organization\",\"name\":\"Aliso R\u00e9seau\",\"url\":\"https:\\\/\\\/aliso.fr\\\/reseau\\\/\",\"logo\":{\"@type\":\"ImageObject\",\"inLanguage\":\"fr-FR\",\"@id\":\"https:\\\/\\\/aliso.fr\\\/reseau\\\/#\\\/schema\\\/logo\\\/image\\\/\",\"url\":\"https:\\\/\\\/aliso.fr\\\/reseau\\\/wp-content\\\/uploads\\\/sites\\\/4\\\/2022\\\/01\\\/Logo-ALISO-Reseau-2.png\",\"contentUrl\":\"https:\\\/\\\/aliso.fr\\\/reseau\\\/wp-content\\\/uploads\\\/sites\\\/4\\\/2022\\\/01\\\/Logo-ALISO-Reseau-2.png\",\"width\":900,\"height\":970,\"caption\":\"Aliso R\u00e9seau\"},\"image\":{\"@id\":\"https:\\\/\\\/aliso.fr\\\/reseau\\\/#\\\/schema\\\/logo\\\/image\\\/\"}},{\"@type\":\"Person\",\"@id\":\"https:\\\/\\\/aliso.fr\\\/reseau\\\/#\\\/schema\\\/person\\\/056af145b9c52eee21a9f739489104a5\",\"name\":\"laure\"}]}<\/script>\n<!-- \/ Yoast SEO plugin. -->","yoast_head_json":{"title":"RAPPORT DE LA COUR DES COMPTES - Aliso R\u00e9seau","robots":{"index":"index","follow":"follow","max-snippet":"max-snippet:-1","max-image-preview":"max-image-preview:large","max-video-preview":"max-video-preview:-1"},"canonical":"https:\/\/aliso.fr\/reseau\/rapport-de-la-cour-des-comptes\/","og_locale":"fr_FR","og_type":"article","og_title":"RAPPORT DE LA COUR DES COMPTES - Aliso R\u00e9seau","og_description":"En septembre dernier, sortait un rapport de la Cour des Comptes concernant le soutien public \u00e0 l&rsquo;\u00e9conomie sociale et solidaire. La mission principale de cette instance est de s&rsquo;assurer du bon emploi de l&rsquo;argent public et d&rsquo;en informer les citoyens. Juridiction ind\u00e9pendante, elle se situe \u00e0 \u00e9quidistance du Parlement et du Gouvernement, qu\u2019elle assiste l\u2019un... En savoir plus &raquo;","og_url":"https:\/\/aliso.fr\/reseau\/rapport-de-la-cour-des-comptes\/","og_site_name":"Aliso R\u00e9seau","article_published_time":"2025-12-16T14:22:42+00:00","article_modified_time":"2025-12-16T14:22:44+00:00","og_image":[{"width":2423,"height":1292,"url":"https:\/\/aliso.fr\/reseau\/wp-content\/uploads\/sites\/4\/2025\/12\/ESS_France_logo_2020_signature.jpg","type":"image\/jpeg"}],"author":"laure","twitter_card":"summary_large_image","schema":{"@context":"https:\/\/schema.org","@graph":[{"@type":"Article","@id":"https:\/\/aliso.fr\/reseau\/rapport-de-la-cour-des-comptes\/#article","isPartOf":{"@id":"https:\/\/aliso.fr\/reseau\/rapport-de-la-cour-des-comptes\/"},"author":{"name":"laure","@id":"https:\/\/aliso.fr\/reseau\/#\/schema\/person\/056af145b9c52eee21a9f739489104a5"},"headline":"RAPPORT DE LA COUR DES COMPTES","datePublished":"2025-12-16T14:22:42+00:00","dateModified":"2025-12-16T14:22:44+00:00","mainEntityOfPage":{"@id":"https:\/\/aliso.fr\/reseau\/rapport-de-la-cour-des-comptes\/"},"wordCount":134,"publisher":{"@id":"https:\/\/aliso.fr\/reseau\/#organization"},"image":{"@id":"https:\/\/aliso.fr\/reseau\/rapport-de-la-cour-des-comptes\/#primaryimage"},"thumbnailUrl":"https:\/\/aliso.fr\/reseau\/wp-content\/uploads\/sites\/4\/2025\/12\/ESS_France_logo_2020_signature.jpg","articleSection":["Actualit\u00e9"],"inLanguage":"fr-FR"},{"@type":"WebPage","@id":"https:\/\/aliso.fr\/reseau\/rapport-de-la-cour-des-comptes\/","url":"https:\/\/aliso.fr\/reseau\/rapport-de-la-cour-des-comptes\/","name":"RAPPORT DE LA COUR DES COMPTES - Aliso R\u00e9seau","isPartOf":{"@id":"https:\/\/aliso.fr\/reseau\/#website"},"primaryImageOfPage":{"@id":"https:\/\/aliso.fr\/reseau\/rapport-de-la-cour-des-comptes\/#primaryimage"},"image":{"@id":"https:\/\/aliso.fr\/reseau\/rapport-de-la-cour-des-comptes\/#primaryimage"},"thumbnailUrl":"https:\/\/aliso.fr\/reseau\/wp-content\/uploads\/sites\/4\/2025\/12\/ESS_France_logo_2020_signature.jpg","datePublished":"2025-12-16T14:22:42+00:00","dateModified":"2025-12-16T14:22:44+00:00","breadcrumb":{"@id":"https:\/\/aliso.fr\/reseau\/rapport-de-la-cour-des-comptes\/#breadcrumb"},"inLanguage":"fr-FR","potentialAction":[{"@type":"ReadAction","target":["https:\/\/aliso.fr\/reseau\/rapport-de-la-cour-des-comptes\/"]}]},{"@type":"ImageObject","inLanguage":"fr-FR","@id":"https:\/\/aliso.fr\/reseau\/rapport-de-la-cour-des-comptes\/#primaryimage","url":"https:\/\/aliso.fr\/reseau\/wp-content\/uploads\/sites\/4\/2025\/12\/ESS_France_logo_2020_signature.jpg","contentUrl":"https:\/\/aliso.fr\/reseau\/wp-content\/uploads\/sites\/4\/2025\/12\/ESS_France_logo_2020_signature.jpg","width":2423,"height":1292},{"@type":"BreadcrumbList","@id":"https:\/\/aliso.fr\/reseau\/rapport-de-la-cour-des-comptes\/#breadcrumb","itemListElement":[{"@type":"ListItem","position":1,"name":"Accueil","item":"https:\/\/aliso.fr\/reseau\/"},{"@type":"ListItem","position":2,"name":"Actualit\u00e9","item":"https:\/\/aliso.fr\/reseau\/actualite\/"},{"@type":"ListItem","position":3,"name":"RAPPORT DE LA COUR DES COMPTES"}]},{"@type":"WebSite","@id":"https:\/\/aliso.fr\/reseau\/#website","url":"https:\/\/aliso.fr\/reseau\/","name":"Aliso R\u00e9seau","description":"R\u00e9seau Creusois des acteurs du lien social","publisher":{"@id":"https:\/\/aliso.fr\/reseau\/#organization"},"potentialAction":[{"@type":"SearchAction","target":{"@type":"EntryPoint","urlTemplate":"https:\/\/aliso.fr\/reseau\/?s={search_term_string}"},"query-input":{"@type":"PropertyValueSpecification","valueRequired":true,"valueName":"search_term_string"}}],"inLanguage":"fr-FR"},{"@type":"Organization","@id":"https:\/\/aliso.fr\/reseau\/#organization","name":"Aliso R\u00e9seau","url":"https:\/\/aliso.fr\/reseau\/","logo":{"@type":"ImageObject","inLanguage":"fr-FR","@id":"https:\/\/aliso.fr\/reseau\/#\/schema\/logo\/image\/","url":"https:\/\/aliso.fr\/reseau\/wp-content\/uploads\/sites\/4\/2022\/01\/Logo-ALISO-Reseau-2.png","contentUrl":"https:\/\/aliso.fr\/reseau\/wp-content\/uploads\/sites\/4\/2022\/01\/Logo-ALISO-Reseau-2.png","width":900,"height":970,"caption":"Aliso R\u00e9seau"},"image":{"@id":"https:\/\/aliso.fr\/reseau\/#\/schema\/logo\/image\/"}},{"@type":"Person","@id":"https:\/\/aliso.fr\/reseau\/#\/schema\/person\/056af145b9c52eee21a9f739489104a5","name":"laure"}]}},"_links":{"self":[{"href":"https:\/\/aliso.fr\/reseau\/wp-json\/wp\/v2\/posts\/3261","targetHints":{"allow":["GET"]}}],"collection":[{"href":"https:\/\/aliso.fr\/reseau\/wp-json\/wp\/v2\/posts"}],"about":[{"href":"https:\/\/aliso.fr\/reseau\/wp-json\/wp\/v2\/types\/post"}],"author":[{"embeddable":true,"href":"https:\/\/aliso.fr\/reseau\/wp-json\/wp\/v2\/users\/3"}],"replies":[{"embeddable":true,"href":"https:\/\/aliso.fr\/reseau\/wp-json\/wp\/v2\/comments?post=3261"}],"version-history":[{"count":1,"href":"https:\/\/aliso.fr\/reseau\/wp-json\/wp\/v2\/posts\/3261\/revisions"}],"predecessor-version":[{"id":3264,"href":"https:\/\/aliso.fr\/reseau\/wp-json\/wp\/v2\/posts\/3261\/revisions\/3264"}],"wp:featuredmedia":[{"embeddable":true,"href":"https:\/\/aliso.fr\/reseau\/wp-json\/wp\/v2\/media\/3262"}],"wp:attachment":[{"href":"https:\/\/aliso.fr\/reseau\/wp-json\/wp\/v2\/media?parent=3261"}],"wp:term":[{"taxonomy":"category","embeddable":true,"href":"https:\/\/aliso.fr\/reseau\/wp-json\/wp\/v2\/categories?post=3261"},{"taxonomy":"post_tag","embeddable":true,"href":"https:\/\/aliso.fr\/reseau\/wp-json\/wp\/v2\/tags?post=3261"}],"curies":[{"name":"wp","href":"https:\/\/api.w.org\/{rel}","templated":true}]}}