{"id":3267,"date":"2025-12-16T16:04:12","date_gmt":"2025-12-16T15:04:12","guid":{"rendered":"https:\/\/aliso.fr\/reseau\/?p=3267"},"modified":"2025-12-16T16:04:13","modified_gmt":"2025-12-16T15:04:13","slug":"rappel-de-lavis-du-cese-en-2024","status":"publish","type":"post","link":"https:\/\/aliso.fr\/reseau\/rappel-de-lavis-du-cese-en-2024\/","title":{"rendered":"Rappel de l&rsquo;avis du CESE en 2024"},"content":{"rendered":"\n<p>Le <a href=\"https:\/\/www.lecese.fr\/decouvrir-cese\/cese-en-bref\" target=\"_blank\" rel=\"noreferrer noopener\">CESE<\/a> c&rsquo;est le Conseil \u00e9conomique, social et environnemental : l\u2019assembl\u00e9e consultative de notre R\u00e9publique, la 3\u00e8me chambre constitutionnelle. On peut notamment le solliciter par p\u00e9tition. Il est le lien entre la soci\u00e9t\u00e9 civile et les pouvoirs publics.<br>\u00ab\u00a0Le CESE est ainsi un des rares endroits en France o\u00f9 des chasseurs peuvent discuter et d\u00e9battre avec des d\u00e9fenseurs des oiseaux\u202f; o\u00f9 des repr\u00e9sentants du MEDEF peuvent travailler avec des repr\u00e9sentants de la CGT\u202f; o\u00f9 des personnes aux int\u00e9r\u00eats apparemment contraires parviennent \u00e0 se mettre d\u2019accord et \u00e0 proposer ensemble des solutions aux grandes probl\u00e9matiques de notre pays. C\u2019est \u00e9galement la seule institution de notre pays o\u00f9 sont repr\u00e9sent\u00e9es les organisations \u00e9tudiantes et mouvements de jeunesse.\u00a0\u00bb (source: site internet du CESE)<\/p>\n\n\n\n<p>En mai 2024, il publiait un avis concernant l&rsquo;urgence d\u00e9mocratique \u00e0 renforcer le financement des associations. En voici <a href=\"https:\/\/nuage.aliso.fr\/index.php\/s\/Z6PWxwfCCMFSx8F\" target=\"_blank\" rel=\"noreferrer noopener\">une synth\u00e8se avec pr\u00e9conisations en 2 pages<\/a> et une vid\u00e9o tr\u00e8s succincte qui pr\u00e9sente ce travail.<\/p>\n\n\n\n<figure class=\"wp-block-embed is-type-video is-provider-youtube wp-block-embed-youtube wp-embed-aspect-16-9 wp-has-aspect-ratio\"><div class=\"wp-block-embed__wrapper\">\n<iframe loading=\"lazy\" title=\"Renforcer le financement des associations : une urgence d\u00e9mocratique - cese\" width=\"1200\" height=\"675\" src=\"https:\/\/www.youtube.com\/embed\/7opQUzUgh_4?feature=oembed\" frameborder=\"0\" allow=\"accelerometer; autoplay; clipboard-write; encrypted-media; gyroscope; picture-in-picture; web-share\" referrerpolicy=\"strict-origin-when-cross-origin\" allowfullscreen><\/iframe>\n<\/div><\/figure>\n\n\n\n<p>En d\u00e9cembre 2024, il y a un an, le CESE se r\u00e9unissait pour tenter d&rsquo;apporter une r\u00e9ponse \u00e0 la question \u00ab\u00a0Financement des associations : Comment concr\u00e9tiser?\u00a0\u00bb <\/p>\n\n\n\n<figure class=\"wp-block-embed is-type-video is-provider-youtube wp-block-embed-youtube wp-embed-aspect-16-9 wp-has-aspect-ratio\"><div class=\"wp-block-embed__wrapper\">\n<iframe loading=\"lazy\" title=\"Financement des associations : comment concr\u00e9tiser ? : En direct\" width=\"1200\" height=\"675\" src=\"https:\/\/www.youtube.com\/embed\/RCSHDdZ0uyU?feature=oembed\" frameborder=\"0\" allow=\"accelerometer; autoplay; clipboard-write; encrypted-media; gyroscope; picture-in-picture; web-share\" referrerpolicy=\"strict-origin-when-cross-origin\" allowfullscreen><\/iframe>\n<\/div><\/figure>\n\n\n\n<p><\/p>\n\n\n\n<p><\/p>\n","protected":false},"excerpt":{"rendered":"<p>Le CESE c&rsquo;est le Conseil \u00e9conomique, social et environnemental : l\u2019assembl\u00e9e consultative de notre R\u00e9publique, la 3\u00e8me chambre constitutionnelle. On peut notamment le solliciter par p\u00e9tition. Il est le lien entre la soci\u00e9t\u00e9 civile et les pouvoirs publics.\u00ab\u00a0Le CESE est ainsi un des rares endroits en France o\u00f9 des chasseurs peuvent discuter et d\u00e9battre avec&#8230; <a class=\"excerpt-read-more button\" href=\"https:\/\/aliso.fr\/reseau\/rappel-de-lavis-du-cese-en-2024\/\" title=\"ReadRappel de l&rsquo;avis du CESE en 2024\">En savoir plus &raquo;<\/a><\/p>\n","protected":false},"author":3,"featured_media":3268,"comment_status":"closed","ping_status":"open","sticky":false,"template":"","format":"standard","meta":{"footnotes":""},"categories":[3],"tags":[],"class_list":["post-3267","post","type-post","status-publish","format-standard","has-post-thumbnail","hentry","category-actualite"],"yoast_head":"<!-- This site is optimized with the Yoast SEO plugin v27.4 - https:\/\/yoast.com\/product\/yoast-seo-wordpress\/ -->\n<title>Rappel de l&#039;avis du CESE en 2024 - Aliso R\u00e9seau<\/title>\n<meta name=\"robots\" content=\"index, follow, max-snippet:-1, max-image-preview:large, max-video-preview:-1\" \/>\n<link rel=\"canonical\" href=\"https:\/\/aliso.fr\/reseau\/rappel-de-lavis-du-cese-en-2024\/\" \/>\n<meta property=\"og:locale\" content=\"fr_FR\" \/>\n<meta property=\"og:type\" content=\"article\" \/>\n<meta property=\"og:title\" content=\"Rappel de l&#039;avis du CESE en 2024 - Aliso R\u00e9seau\" \/>\n<meta property=\"og:description\" content=\"Le CESE c&rsquo;est le Conseil \u00e9conomique, social et environnemental : l\u2019assembl\u00e9e consultative de notre R\u00e9publique, la 3\u00e8me chambre constitutionnelle. On peut notamment le solliciter par p\u00e9tition. Il est le lien entre la soci\u00e9t\u00e9 civile et les pouvoirs publics.\u00ab\u00a0Le CESE est ainsi un des rares endroits en France o\u00f9 des chasseurs peuvent discuter et d\u00e9battre avec... En savoir plus &raquo;\" \/>\n<meta property=\"og:url\" content=\"https:\/\/aliso.fr\/reseau\/rappel-de-lavis-du-cese-en-2024\/\" \/>\n<meta property=\"og:site_name\" content=\"Aliso R\u00e9seau\" \/>\n<meta property=\"article:published_time\" content=\"2025-12-16T15:04:12+00:00\" \/>\n<meta property=\"article:modified_time\" content=\"2025-12-16T15:04:13+00:00\" \/>\n<meta property=\"og:image\" content=\"https:\/\/aliso.fr\/reseau\/wp-content\/uploads\/sites\/4\/2025\/12\/Sans-titre.png\" \/>\n\t<meta property=\"og:image:width\" content=\"298\" \/>\n\t<meta property=\"og:image:height\" content=\"169\" \/>\n\t<meta property=\"og:image:type\" content=\"image\/png\" \/>\n<meta name=\"author\" content=\"laure\" \/>\n<meta name=\"twitter:card\" content=\"summary_large_image\" \/>\n<script type=\"application\/ld+json\" class=\"yoast-schema-graph\">{\"@context\":\"https:\\\/\\\/schema.org\",\"@graph\":[{\"@type\":\"Article\",\"@id\":\"https:\\\/\\\/aliso.fr\\\/reseau\\\/rappel-de-lavis-du-cese-en-2024\\\/#article\",\"isPartOf\":{\"@id\":\"https:\\\/\\\/aliso.fr\\\/reseau\\\/rappel-de-lavis-du-cese-en-2024\\\/\"},\"author\":{\"name\":\"laure\",\"@id\":\"https:\\\/\\\/aliso.fr\\\/reseau\\\/#\\\/schema\\\/person\\\/056af145b9c52eee21a9f739489104a5\"},\"headline\":\"Rappel de l&rsquo;avis du CESE en 2024\",\"datePublished\":\"2025-12-16T15:04:12+00:00\",\"dateModified\":\"2025-12-16T15:04:13+00:00\",\"mainEntityOfPage\":{\"@id\":\"https:\\\/\\\/aliso.fr\\\/reseau\\\/rappel-de-lavis-du-cese-en-2024\\\/\"},\"wordCount\":216,\"publisher\":{\"@id\":\"https:\\\/\\\/aliso.fr\\\/reseau\\\/#organization\"},\"image\":{\"@id\":\"https:\\\/\\\/aliso.fr\\\/reseau\\\/rappel-de-lavis-du-cese-en-2024\\\/#primaryimage\"},\"thumbnailUrl\":\"https:\\\/\\\/aliso.fr\\\/reseau\\\/wp-content\\\/uploads\\\/sites\\\/4\\\/2025\\\/12\\\/Sans-titre.png\",\"articleSection\":[\"Actualit\u00e9\"],\"inLanguage\":\"fr-FR\"},{\"@type\":\"WebPage\",\"@id\":\"https:\\\/\\\/aliso.fr\\\/reseau\\\/rappel-de-lavis-du-cese-en-2024\\\/\",\"url\":\"https:\\\/\\\/aliso.fr\\\/reseau\\\/rappel-de-lavis-du-cese-en-2024\\\/\",\"name\":\"Rappel de l'avis du CESE en 2024 - Aliso R\u00e9seau\",\"isPartOf\":{\"@id\":\"https:\\\/\\\/aliso.fr\\\/reseau\\\/#website\"},\"primaryImageOfPage\":{\"@id\":\"https:\\\/\\\/aliso.fr\\\/reseau\\\/rappel-de-lavis-du-cese-en-2024\\\/#primaryimage\"},\"image\":{\"@id\":\"https:\\\/\\\/aliso.fr\\\/reseau\\\/rappel-de-lavis-du-cese-en-2024\\\/#primaryimage\"},\"thumbnailUrl\":\"https:\\\/\\\/aliso.fr\\\/reseau\\\/wp-content\\\/uploads\\\/sites\\\/4\\\/2025\\\/12\\\/Sans-titre.png\",\"datePublished\":\"2025-12-16T15:04:12+00:00\",\"dateModified\":\"2025-12-16T15:04:13+00:00\",\"breadcrumb\":{\"@id\":\"https:\\\/\\\/aliso.fr\\\/reseau\\\/rappel-de-lavis-du-cese-en-2024\\\/#breadcrumb\"},\"inLanguage\":\"fr-FR\",\"potentialAction\":[{\"@type\":\"ReadAction\",\"target\":[\"https:\\\/\\\/aliso.fr\\\/reseau\\\/rappel-de-lavis-du-cese-en-2024\\\/\"]}]},{\"@type\":\"ImageObject\",\"inLanguage\":\"fr-FR\",\"@id\":\"https:\\\/\\\/aliso.fr\\\/reseau\\\/rappel-de-lavis-du-cese-en-2024\\\/#primaryimage\",\"url\":\"https:\\\/\\\/aliso.fr\\\/reseau\\\/wp-content\\\/uploads\\\/sites\\\/4\\\/2025\\\/12\\\/Sans-titre.png\",\"contentUrl\":\"https:\\\/\\\/aliso.fr\\\/reseau\\\/wp-content\\\/uploads\\\/sites\\\/4\\\/2025\\\/12\\\/Sans-titre.png\",\"width\":298,\"height\":169},{\"@type\":\"BreadcrumbList\",\"@id\":\"https:\\\/\\\/aliso.fr\\\/reseau\\\/rappel-de-lavis-du-cese-en-2024\\\/#breadcrumb\",\"itemListElement\":[{\"@type\":\"ListItem\",\"position\":1,\"name\":\"Accueil\",\"item\":\"https:\\\/\\\/aliso.fr\\\/reseau\\\/\"},{\"@type\":\"ListItem\",\"position\":2,\"name\":\"Actualit\u00e9\",\"item\":\"https:\\\/\\\/aliso.fr\\\/reseau\\\/actualite\\\/\"},{\"@type\":\"ListItem\",\"position\":3,\"name\":\"Rappel de l&rsquo;avis du CESE en 2024\"}]},{\"@type\":\"WebSite\",\"@id\":\"https:\\\/\\\/aliso.fr\\\/reseau\\\/#website\",\"url\":\"https:\\\/\\\/aliso.fr\\\/reseau\\\/\",\"name\":\"Aliso R\u00e9seau\",\"description\":\"R\u00e9seau Creusois des acteurs du lien social\",\"publisher\":{\"@id\":\"https:\\\/\\\/aliso.fr\\\/reseau\\\/#organization\"},\"potentialAction\":[{\"@type\":\"SearchAction\",\"target\":{\"@type\":\"EntryPoint\",\"urlTemplate\":\"https:\\\/\\\/aliso.fr\\\/reseau\\\/?s={search_term_string}\"},\"query-input\":{\"@type\":\"PropertyValueSpecification\",\"valueRequired\":true,\"valueName\":\"search_term_string\"}}],\"inLanguage\":\"fr-FR\"},{\"@type\":\"Organization\",\"@id\":\"https:\\\/\\\/aliso.fr\\\/reseau\\\/#organization\",\"name\":\"Aliso R\u00e9seau\",\"url\":\"https:\\\/\\\/aliso.fr\\\/reseau\\\/\",\"logo\":{\"@type\":\"ImageObject\",\"inLanguage\":\"fr-FR\",\"@id\":\"https:\\\/\\\/aliso.fr\\\/reseau\\\/#\\\/schema\\\/logo\\\/image\\\/\",\"url\":\"https:\\\/\\\/aliso.fr\\\/reseau\\\/wp-content\\\/uploads\\\/sites\\\/4\\\/2022\\\/01\\\/Logo-ALISO-Reseau-2.png\",\"contentUrl\":\"https:\\\/\\\/aliso.fr\\\/reseau\\\/wp-content\\\/uploads\\\/sites\\\/4\\\/2022\\\/01\\\/Logo-ALISO-Reseau-2.png\",\"width\":900,\"height\":970,\"caption\":\"Aliso R\u00e9seau\"},\"image\":{\"@id\":\"https:\\\/\\\/aliso.fr\\\/reseau\\\/#\\\/schema\\\/logo\\\/image\\\/\"}},{\"@type\":\"Person\",\"@id\":\"https:\\\/\\\/aliso.fr\\\/reseau\\\/#\\\/schema\\\/person\\\/056af145b9c52eee21a9f739489104a5\",\"name\":\"laure\"}]}<\/script>\n<!-- \/ Yoast SEO plugin. -->","yoast_head_json":{"title":"Rappel de l'avis du CESE en 2024 - Aliso R\u00e9seau","robots":{"index":"index","follow":"follow","max-snippet":"max-snippet:-1","max-image-preview":"max-image-preview:large","max-video-preview":"max-video-preview:-1"},"canonical":"https:\/\/aliso.fr\/reseau\/rappel-de-lavis-du-cese-en-2024\/","og_locale":"fr_FR","og_type":"article","og_title":"Rappel de l'avis du CESE en 2024 - Aliso R\u00e9seau","og_description":"Le CESE c&rsquo;est le Conseil \u00e9conomique, social et environnemental : l\u2019assembl\u00e9e consultative de notre R\u00e9publique, la 3\u00e8me chambre constitutionnelle. On peut notamment le solliciter par p\u00e9tition. Il est le lien entre la soci\u00e9t\u00e9 civile et les pouvoirs publics.\u00ab\u00a0Le CESE est ainsi un des rares endroits en France o\u00f9 des chasseurs peuvent discuter et d\u00e9battre avec... En savoir plus &raquo;","og_url":"https:\/\/aliso.fr\/reseau\/rappel-de-lavis-du-cese-en-2024\/","og_site_name":"Aliso R\u00e9seau","article_published_time":"2025-12-16T15:04:12+00:00","article_modified_time":"2025-12-16T15:04:13+00:00","og_image":[{"width":298,"height":169,"url":"https:\/\/aliso.fr\/reseau\/wp-content\/uploads\/sites\/4\/2025\/12\/Sans-titre.png","type":"image\/png"}],"author":"laure","twitter_card":"summary_large_image","schema":{"@context":"https:\/\/schema.org","@graph":[{"@type":"Article","@id":"https:\/\/aliso.fr\/reseau\/rappel-de-lavis-du-cese-en-2024\/#article","isPartOf":{"@id":"https:\/\/aliso.fr\/reseau\/rappel-de-lavis-du-cese-en-2024\/"},"author":{"name":"laure","@id":"https:\/\/aliso.fr\/reseau\/#\/schema\/person\/056af145b9c52eee21a9f739489104a5"},"headline":"Rappel de l&rsquo;avis du CESE en 2024","datePublished":"2025-12-16T15:04:12+00:00","dateModified":"2025-12-16T15:04:13+00:00","mainEntityOfPage":{"@id":"https:\/\/aliso.fr\/reseau\/rappel-de-lavis-du-cese-en-2024\/"},"wordCount":216,"publisher":{"@id":"https:\/\/aliso.fr\/reseau\/#organization"},"image":{"@id":"https:\/\/aliso.fr\/reseau\/rappel-de-lavis-du-cese-en-2024\/#primaryimage"},"thumbnailUrl":"https:\/\/aliso.fr\/reseau\/wp-content\/uploads\/sites\/4\/2025\/12\/Sans-titre.png","articleSection":["Actualit\u00e9"],"inLanguage":"fr-FR"},{"@type":"WebPage","@id":"https:\/\/aliso.fr\/reseau\/rappel-de-lavis-du-cese-en-2024\/","url":"https:\/\/aliso.fr\/reseau\/rappel-de-lavis-du-cese-en-2024\/","name":"Rappel de l'avis du CESE en 2024 - Aliso R\u00e9seau","isPartOf":{"@id":"https:\/\/aliso.fr\/reseau\/#website"},"primaryImageOfPage":{"@id":"https:\/\/aliso.fr\/reseau\/rappel-de-lavis-du-cese-en-2024\/#primaryimage"},"image":{"@id":"https:\/\/aliso.fr\/reseau\/rappel-de-lavis-du-cese-en-2024\/#primaryimage"},"thumbnailUrl":"https:\/\/aliso.fr\/reseau\/wp-content\/uploads\/sites\/4\/2025\/12\/Sans-titre.png","datePublished":"2025-12-16T15:04:12+00:00","dateModified":"2025-12-16T15:04:13+00:00","breadcrumb":{"@id":"https:\/\/aliso.fr\/reseau\/rappel-de-lavis-du-cese-en-2024\/#breadcrumb"},"inLanguage":"fr-FR","potentialAction":[{"@type":"ReadAction","target":["https:\/\/aliso.fr\/reseau\/rappel-de-lavis-du-cese-en-2024\/"]}]},{"@type":"ImageObject","inLanguage":"fr-FR","@id":"https:\/\/aliso.fr\/reseau\/rappel-de-lavis-du-cese-en-2024\/#primaryimage","url":"https:\/\/aliso.fr\/reseau\/wp-content\/uploads\/sites\/4\/2025\/12\/Sans-titre.png","contentUrl":"https:\/\/aliso.fr\/reseau\/wp-content\/uploads\/sites\/4\/2025\/12\/Sans-titre.png","width":298,"height":169},{"@type":"BreadcrumbList","@id":"https:\/\/aliso.fr\/reseau\/rappel-de-lavis-du-cese-en-2024\/#breadcrumb","itemListElement":[{"@type":"ListItem","position":1,"name":"Accueil","item":"https:\/\/aliso.fr\/reseau\/"},{"@type":"ListItem","position":2,"name":"Actualit\u00e9","item":"https:\/\/aliso.fr\/reseau\/actualite\/"},{"@type":"ListItem","position":3,"name":"Rappel de l&rsquo;avis du CESE en 2024"}]},{"@type":"WebSite","@id":"https:\/\/aliso.fr\/reseau\/#website","url":"https:\/\/aliso.fr\/reseau\/","name":"Aliso R\u00e9seau","description":"R\u00e9seau Creusois des acteurs du lien social","publisher":{"@id":"https:\/\/aliso.fr\/reseau\/#organization"},"potentialAction":[{"@type":"SearchAction","target":{"@type":"EntryPoint","urlTemplate":"https:\/\/aliso.fr\/reseau\/?s={search_term_string}"},"query-input":{"@type":"PropertyValueSpecification","valueRequired":true,"valueName":"search_term_string"}}],"inLanguage":"fr-FR"},{"@type":"Organization","@id":"https:\/\/aliso.fr\/reseau\/#organization","name":"Aliso R\u00e9seau","url":"https:\/\/aliso.fr\/reseau\/","logo":{"@type":"ImageObject","inLanguage":"fr-FR","@id":"https:\/\/aliso.fr\/reseau\/#\/schema\/logo\/image\/","url":"https:\/\/aliso.fr\/reseau\/wp-content\/uploads\/sites\/4\/2022\/01\/Logo-ALISO-Reseau-2.png","contentUrl":"https:\/\/aliso.fr\/reseau\/wp-content\/uploads\/sites\/4\/2022\/01\/Logo-ALISO-Reseau-2.png","width":900,"height":970,"caption":"Aliso R\u00e9seau"},"image":{"@id":"https:\/\/aliso.fr\/reseau\/#\/schema\/logo\/image\/"}},{"@type":"Person","@id":"https:\/\/aliso.fr\/reseau\/#\/schema\/person\/056af145b9c52eee21a9f739489104a5","name":"laure"}]}},"_links":{"self":[{"href":"https:\/\/aliso.fr\/reseau\/wp-json\/wp\/v2\/posts\/3267","targetHints":{"allow":["GET"]}}],"collection":[{"href":"https:\/\/aliso.fr\/reseau\/wp-json\/wp\/v2\/posts"}],"about":[{"href":"https:\/\/aliso.fr\/reseau\/wp-json\/wp\/v2\/types\/post"}],"author":[{"embeddable":true,"href":"https:\/\/aliso.fr\/reseau\/wp-json\/wp\/v2\/users\/3"}],"replies":[{"embeddable":true,"href":"https:\/\/aliso.fr\/reseau\/wp-json\/wp\/v2\/comments?post=3267"}],"version-history":[{"count":1,"href":"https:\/\/aliso.fr\/reseau\/wp-json\/wp\/v2\/posts\/3267\/revisions"}],"predecessor-version":[{"id":3269,"href":"https:\/\/aliso.fr\/reseau\/wp-json\/wp\/v2\/posts\/3267\/revisions\/3269"}],"wp:featuredmedia":[{"embeddable":true,"href":"https:\/\/aliso.fr\/reseau\/wp-json\/wp\/v2\/media\/3268"}],"wp:attachment":[{"href":"https:\/\/aliso.fr\/reseau\/wp-json\/wp\/v2\/media?parent=3267"}],"wp:term":[{"taxonomy":"category","embeddable":true,"href":"https:\/\/aliso.fr\/reseau\/wp-json\/wp\/v2\/categories?post=3267"},{"taxonomy":"post_tag","embeddable":true,"href":"https:\/\/aliso.fr\/reseau\/wp-json\/wp\/v2\/tags?post=3267"}],"curies":[{"name":"wp","href":"https:\/\/api.w.org\/{rel}","templated":true}]}}