{"id":3271,"date":"2025-12-16T16:22:23","date_gmt":"2025-12-16T15:22:23","guid":{"rendered":"https:\/\/aliso.fr\/reseau\/?p=3271"},"modified":"2025-12-16T16:22:24","modified_gmt":"2025-12-16T15:22:24","slug":"travaux-du-mouvement-associatif","status":"publish","type":"post","link":"https:\/\/aliso.fr\/reseau\/travaux-du-mouvement-associatif\/","title":{"rendered":"TRAVAUX DU MOUVEMENT ASSOCIATIF"},"content":{"rendered":"\n<p>REPENSER LES COOP\u00c9RATIONS ENTRE ASSOCIATIONS ET COMMUNES<\/p>\n\n\n\n<p><strong>LE MOUVEMENT ASSOCIATIF, PORTE-VOIX DE LA VIE ASSOCIATIVE<\/strong><br>Le Mouvement associatif repr\u00e9sente plus d\u20191 association sur 2 en France.<br>Par le biais de ses membres, qui sont pour la plupart de grands r\u00e9seaux associatifs, Le Mouvement Associatif couvre diff\u00e9rents champs d\u2019activit\u00e9s (sport, culture, jeunesse, \u00e9ducation<br>populaire, solidarit\u00e9 internationale, sanitaire, social, environnement\u2026) et est pr\u00e9sent dans 14 r\u00e9gions fran\u00e7aises. Son ambition est de permettre aux associations de faire mouvement pour favoriser le d\u00e9veloppement d\u2019une politique de vie associative \u00e0 la hauteur des enjeux et pour tendre vers une soci\u00e9t\u00e9<br>plus juste, plus durable et plus humaine. source : www.lemouvementassociatif.org<\/p>\n\n\n\n<p>A l&rsquo;heure o\u00f9 les alliances \u00e0 travailler entre les communes et le monde associatif semblent une \u00e9vidence, le Mouvement Associatif nous propose un outil concret \u00e0 partager avec notre environnement municipal pour pr\u00e9parer les ann\u00e9es qui arrivent. <\/p>\n\n\n\n<div data-wp-interactive=\"core\/file\" class=\"wp-block-file\"><object data-wp-bind--hidden=\"!state.hasPdfPreview\" hidden class=\"wp-block-file__embed\" data=\"https:\/\/aliso.fr\/reseau\/wp-content\/uploads\/sites\/4\/2025\/12\/LMA_Municipales-2026_12-engagements_planche_compressed.pdf\" type=\"application\/pdf\" style=\"width:100%;height:600px\" aria-label=\"Contenu embarqu\u00e9 LMA_Municipales-2026_12-engagements_planche_compressed.\"><\/object><a id=\"wp-block-file--media-0be61490-5c2b-4747-8db7-e25494246ce1\" href=\"https:\/\/aliso.fr\/reseau\/wp-content\/uploads\/sites\/4\/2025\/12\/LMA_Municipales-2026_12-engagements_planche_compressed.pdf\">LMA_Municipales-2026_12-engagements_planche_compressed<\/a><a href=\"https:\/\/aliso.fr\/reseau\/wp-content\/uploads\/sites\/4\/2025\/12\/LMA_Municipales-2026_12-engagements_planche_compressed.pdf\" class=\"wp-block-file__button wp-element-button\" download aria-describedby=\"wp-block-file--media-0be61490-5c2b-4747-8db7-e25494246ce1\">T\u00e9l\u00e9charger<\/a><\/div>\n\n\n\n<div class=\"wp-block-file\"><a id=\"wp-block-file--media-9b027084-05c2-46ab-8bf1-870484b67e4c\" href=\"https:\/\/aliso.fr\/reseau\/wp-content\/uploads\/sites\/4\/2025\/12\/Capture-decran-2025-12-16-161504-1.png\">Capture d&rsquo;\u00e9cran 2025-12-16 161504<\/a><a href=\"https:\/\/aliso.fr\/reseau\/wp-content\/uploads\/sites\/4\/2025\/12\/Capture-decran-2025-12-16-161504-1.png\" class=\"wp-block-file__button wp-element-button\" download aria-describedby=\"wp-block-file--media-9b027084-05c2-46ab-8bf1-870484b67e4c\">T\u00e9l\u00e9charger<\/a><\/div>\n\n\n\n<p><br><\/p>\n","protected":false},"excerpt":{"rendered":"<p>REPENSER LES COOP\u00c9RATIONS ENTRE ASSOCIATIONS ET COMMUNES LE MOUVEMENT ASSOCIATIF, PORTE-VOIX DE LA VIE ASSOCIATIVELe Mouvement associatif repr\u00e9sente plus d\u20191 association sur 2 en France.Par le biais de ses membres, qui sont pour la plupart de grands r\u00e9seaux associatifs, Le Mouvement Associatif couvre diff\u00e9rents champs d\u2019activit\u00e9s (sport, culture, jeunesse, \u00e9ducationpopulaire, solidarit\u00e9 internationale, sanitaire, social, environnement\u2026)&#8230; <a class=\"excerpt-read-more button\" href=\"https:\/\/aliso.fr\/reseau\/travaux-du-mouvement-associatif\/\" title=\"ReadTRAVAUX DU MOUVEMENT ASSOCIATIF\">En savoir plus &raquo;<\/a><\/p>\n","protected":false},"author":3,"featured_media":3272,"comment_status":"closed","ping_status":"open","sticky":false,"template":"","format":"standard","meta":{"footnotes":""},"categories":[3],"tags":[],"class_list":["post-3271","post","type-post","status-publish","format-standard","has-post-thumbnail","hentry","category-actualite"],"yoast_head":"<!-- This site is optimized with the Yoast SEO plugin v27.4 - https:\/\/yoast.com\/product\/yoast-seo-wordpress\/ -->\n<title>TRAVAUX DU MOUVEMENT ASSOCIATIF - Aliso R\u00e9seau<\/title>\n<meta name=\"robots\" content=\"index, follow, max-snippet:-1, max-image-preview:large, max-video-preview:-1\" \/>\n<link rel=\"canonical\" href=\"https:\/\/aliso.fr\/reseau\/travaux-du-mouvement-associatif\/\" \/>\n<meta property=\"og:locale\" content=\"fr_FR\" \/>\n<meta property=\"og:type\" content=\"article\" \/>\n<meta property=\"og:title\" content=\"TRAVAUX DU MOUVEMENT ASSOCIATIF - Aliso R\u00e9seau\" \/>\n<meta property=\"og:description\" content=\"REPENSER LES COOP\u00c9RATIONS ENTRE ASSOCIATIONS ET COMMUNES LE MOUVEMENT ASSOCIATIF, PORTE-VOIX DE LA VIE ASSOCIATIVELe Mouvement associatif repr\u00e9sente plus d\u20191 association sur 2 en France.Par le biais de ses membres, qui sont pour la plupart de grands r\u00e9seaux associatifs, Le Mouvement Associatif couvre diff\u00e9rents champs d\u2019activit\u00e9s (sport, culture, jeunesse, \u00e9ducationpopulaire, solidarit\u00e9 internationale, sanitaire, social, environnement\u2026)... En savoir plus &raquo;\" \/>\n<meta property=\"og:url\" content=\"https:\/\/aliso.fr\/reseau\/travaux-du-mouvement-associatif\/\" \/>\n<meta property=\"og:site_name\" content=\"Aliso R\u00e9seau\" \/>\n<meta property=\"article:published_time\" content=\"2025-12-16T15:22:23+00:00\" \/>\n<meta property=\"article:modified_time\" content=\"2025-12-16T15:22:24+00:00\" \/>\n<meta property=\"og:image\" content=\"https:\/\/aliso.fr\/reseau\/wp-content\/uploads\/sites\/4\/2025\/12\/Capture-decran-2025-12-16-161504.png\" \/>\n\t<meta property=\"og:image:width\" content=\"1170\" \/>\n\t<meta property=\"og:image:height\" content=\"747\" \/>\n\t<meta property=\"og:image:type\" content=\"image\/png\" \/>\n<meta name=\"author\" content=\"laure\" \/>\n<meta name=\"twitter:card\" content=\"summary_large_image\" \/>\n<script type=\"application\/ld+json\" class=\"yoast-schema-graph\">{\"@context\":\"https:\\\/\\\/schema.org\",\"@graph\":[{\"@type\":\"Article\",\"@id\":\"https:\\\/\\\/aliso.fr\\\/reseau\\\/travaux-du-mouvement-associatif\\\/#article\",\"isPartOf\":{\"@id\":\"https:\\\/\\\/aliso.fr\\\/reseau\\\/travaux-du-mouvement-associatif\\\/\"},\"author\":{\"name\":\"laure\",\"@id\":\"https:\\\/\\\/aliso.fr\\\/reseau\\\/#\\\/schema\\\/person\\\/056af145b9c52eee21a9f739489104a5\"},\"headline\":\"TRAVAUX DU MOUVEMENT ASSOCIATIF\",\"datePublished\":\"2025-12-16T15:22:23+00:00\",\"dateModified\":\"2025-12-16T15:22:24+00:00\",\"mainEntityOfPage\":{\"@id\":\"https:\\\/\\\/aliso.fr\\\/reseau\\\/travaux-du-mouvement-associatif\\\/\"},\"wordCount\":172,\"publisher\":{\"@id\":\"https:\\\/\\\/aliso.fr\\\/reseau\\\/#organization\"},\"image\":{\"@id\":\"https:\\\/\\\/aliso.fr\\\/reseau\\\/travaux-du-mouvement-associatif\\\/#primaryimage\"},\"thumbnailUrl\":\"https:\\\/\\\/aliso.fr\\\/reseau\\\/wp-content\\\/uploads\\\/sites\\\/4\\\/2025\\\/12\\\/Capture-decran-2025-12-16-161504.png\",\"articleSection\":[\"Actualit\u00e9\"],\"inLanguage\":\"fr-FR\"},{\"@type\":\"WebPage\",\"@id\":\"https:\\\/\\\/aliso.fr\\\/reseau\\\/travaux-du-mouvement-associatif\\\/\",\"url\":\"https:\\\/\\\/aliso.fr\\\/reseau\\\/travaux-du-mouvement-associatif\\\/\",\"name\":\"TRAVAUX DU MOUVEMENT ASSOCIATIF - Aliso R\u00e9seau\",\"isPartOf\":{\"@id\":\"https:\\\/\\\/aliso.fr\\\/reseau\\\/#website\"},\"primaryImageOfPage\":{\"@id\":\"https:\\\/\\\/aliso.fr\\\/reseau\\\/travaux-du-mouvement-associatif\\\/#primaryimage\"},\"image\":{\"@id\":\"https:\\\/\\\/aliso.fr\\\/reseau\\\/travaux-du-mouvement-associatif\\\/#primaryimage\"},\"thumbnailUrl\":\"https:\\\/\\\/aliso.fr\\\/reseau\\\/wp-content\\\/uploads\\\/sites\\\/4\\\/2025\\\/12\\\/Capture-decran-2025-12-16-161504.png\",\"datePublished\":\"2025-12-16T15:22:23+00:00\",\"dateModified\":\"2025-12-16T15:22:24+00:00\",\"breadcrumb\":{\"@id\":\"https:\\\/\\\/aliso.fr\\\/reseau\\\/travaux-du-mouvement-associatif\\\/#breadcrumb\"},\"inLanguage\":\"fr-FR\",\"potentialAction\":[{\"@type\":\"ReadAction\",\"target\":[\"https:\\\/\\\/aliso.fr\\\/reseau\\\/travaux-du-mouvement-associatif\\\/\"]}]},{\"@type\":\"ImageObject\",\"inLanguage\":\"fr-FR\",\"@id\":\"https:\\\/\\\/aliso.fr\\\/reseau\\\/travaux-du-mouvement-associatif\\\/#primaryimage\",\"url\":\"https:\\\/\\\/aliso.fr\\\/reseau\\\/wp-content\\\/uploads\\\/sites\\\/4\\\/2025\\\/12\\\/Capture-decran-2025-12-16-161504.png\",\"contentUrl\":\"https:\\\/\\\/aliso.fr\\\/reseau\\\/wp-content\\\/uploads\\\/sites\\\/4\\\/2025\\\/12\\\/Capture-decran-2025-12-16-161504.png\",\"width\":1170,\"height\":747},{\"@type\":\"BreadcrumbList\",\"@id\":\"https:\\\/\\\/aliso.fr\\\/reseau\\\/travaux-du-mouvement-associatif\\\/#breadcrumb\",\"itemListElement\":[{\"@type\":\"ListItem\",\"position\":1,\"name\":\"Accueil\",\"item\":\"https:\\\/\\\/aliso.fr\\\/reseau\\\/\"},{\"@type\":\"ListItem\",\"position\":2,\"name\":\"Actualit\u00e9\",\"item\":\"https:\\\/\\\/aliso.fr\\\/reseau\\\/actualite\\\/\"},{\"@type\":\"ListItem\",\"position\":3,\"name\":\"TRAVAUX DU MOUVEMENT ASSOCIATIF\"}]},{\"@type\":\"WebSite\",\"@id\":\"https:\\\/\\\/aliso.fr\\\/reseau\\\/#website\",\"url\":\"https:\\\/\\\/aliso.fr\\\/reseau\\\/\",\"name\":\"Aliso R\u00e9seau\",\"description\":\"R\u00e9seau Creusois des acteurs du lien social\",\"publisher\":{\"@id\":\"https:\\\/\\\/aliso.fr\\\/reseau\\\/#organization\"},\"potentialAction\":[{\"@type\":\"SearchAction\",\"target\":{\"@type\":\"EntryPoint\",\"urlTemplate\":\"https:\\\/\\\/aliso.fr\\\/reseau\\\/?s={search_term_string}\"},\"query-input\":{\"@type\":\"PropertyValueSpecification\",\"valueRequired\":true,\"valueName\":\"search_term_string\"}}],\"inLanguage\":\"fr-FR\"},{\"@type\":\"Organization\",\"@id\":\"https:\\\/\\\/aliso.fr\\\/reseau\\\/#organization\",\"name\":\"Aliso R\u00e9seau\",\"url\":\"https:\\\/\\\/aliso.fr\\\/reseau\\\/\",\"logo\":{\"@type\":\"ImageObject\",\"inLanguage\":\"fr-FR\",\"@id\":\"https:\\\/\\\/aliso.fr\\\/reseau\\\/#\\\/schema\\\/logo\\\/image\\\/\",\"url\":\"https:\\\/\\\/aliso.fr\\\/reseau\\\/wp-content\\\/uploads\\\/sites\\\/4\\\/2022\\\/01\\\/Logo-ALISO-Reseau-2.png\",\"contentUrl\":\"https:\\\/\\\/aliso.fr\\\/reseau\\\/wp-content\\\/uploads\\\/sites\\\/4\\\/2022\\\/01\\\/Logo-ALISO-Reseau-2.png\",\"width\":900,\"height\":970,\"caption\":\"Aliso R\u00e9seau\"},\"image\":{\"@id\":\"https:\\\/\\\/aliso.fr\\\/reseau\\\/#\\\/schema\\\/logo\\\/image\\\/\"}},{\"@type\":\"Person\",\"@id\":\"https:\\\/\\\/aliso.fr\\\/reseau\\\/#\\\/schema\\\/person\\\/056af145b9c52eee21a9f739489104a5\",\"name\":\"laure\"}]}<\/script>\n<!-- \/ Yoast SEO plugin. -->","yoast_head_json":{"title":"TRAVAUX DU MOUVEMENT ASSOCIATIF - Aliso R\u00e9seau","robots":{"index":"index","follow":"follow","max-snippet":"max-snippet:-1","max-image-preview":"max-image-preview:large","max-video-preview":"max-video-preview:-1"},"canonical":"https:\/\/aliso.fr\/reseau\/travaux-du-mouvement-associatif\/","og_locale":"fr_FR","og_type":"article","og_title":"TRAVAUX DU MOUVEMENT ASSOCIATIF - Aliso R\u00e9seau","og_description":"REPENSER LES COOP\u00c9RATIONS ENTRE ASSOCIATIONS ET COMMUNES LE MOUVEMENT ASSOCIATIF, PORTE-VOIX DE LA VIE ASSOCIATIVELe Mouvement associatif repr\u00e9sente plus d\u20191 association sur 2 en France.Par le biais de ses membres, qui sont pour la plupart de grands r\u00e9seaux associatifs, Le Mouvement Associatif couvre diff\u00e9rents champs d\u2019activit\u00e9s (sport, culture, jeunesse, \u00e9ducationpopulaire, solidarit\u00e9 internationale, sanitaire, social, environnement\u2026)... En savoir plus &raquo;","og_url":"https:\/\/aliso.fr\/reseau\/travaux-du-mouvement-associatif\/","og_site_name":"Aliso R\u00e9seau","article_published_time":"2025-12-16T15:22:23+00:00","article_modified_time":"2025-12-16T15:22:24+00:00","og_image":[{"width":1170,"height":747,"url":"https:\/\/aliso.fr\/reseau\/wp-content\/uploads\/sites\/4\/2025\/12\/Capture-decran-2025-12-16-161504.png","type":"image\/png"}],"author":"laure","twitter_card":"summary_large_image","schema":{"@context":"https:\/\/schema.org","@graph":[{"@type":"Article","@id":"https:\/\/aliso.fr\/reseau\/travaux-du-mouvement-associatif\/#article","isPartOf":{"@id":"https:\/\/aliso.fr\/reseau\/travaux-du-mouvement-associatif\/"},"author":{"name":"laure","@id":"https:\/\/aliso.fr\/reseau\/#\/schema\/person\/056af145b9c52eee21a9f739489104a5"},"headline":"TRAVAUX DU MOUVEMENT ASSOCIATIF","datePublished":"2025-12-16T15:22:23+00:00","dateModified":"2025-12-16T15:22:24+00:00","mainEntityOfPage":{"@id":"https:\/\/aliso.fr\/reseau\/travaux-du-mouvement-associatif\/"},"wordCount":172,"publisher":{"@id":"https:\/\/aliso.fr\/reseau\/#organization"},"image":{"@id":"https:\/\/aliso.fr\/reseau\/travaux-du-mouvement-associatif\/#primaryimage"},"thumbnailUrl":"https:\/\/aliso.fr\/reseau\/wp-content\/uploads\/sites\/4\/2025\/12\/Capture-decran-2025-12-16-161504.png","articleSection":["Actualit\u00e9"],"inLanguage":"fr-FR"},{"@type":"WebPage","@id":"https:\/\/aliso.fr\/reseau\/travaux-du-mouvement-associatif\/","url":"https:\/\/aliso.fr\/reseau\/travaux-du-mouvement-associatif\/","name":"TRAVAUX DU MOUVEMENT ASSOCIATIF - Aliso R\u00e9seau","isPartOf":{"@id":"https:\/\/aliso.fr\/reseau\/#website"},"primaryImageOfPage":{"@id":"https:\/\/aliso.fr\/reseau\/travaux-du-mouvement-associatif\/#primaryimage"},"image":{"@id":"https:\/\/aliso.fr\/reseau\/travaux-du-mouvement-associatif\/#primaryimage"},"thumbnailUrl":"https:\/\/aliso.fr\/reseau\/wp-content\/uploads\/sites\/4\/2025\/12\/Capture-decran-2025-12-16-161504.png","datePublished":"2025-12-16T15:22:23+00:00","dateModified":"2025-12-16T15:22:24+00:00","breadcrumb":{"@id":"https:\/\/aliso.fr\/reseau\/travaux-du-mouvement-associatif\/#breadcrumb"},"inLanguage":"fr-FR","potentialAction":[{"@type":"ReadAction","target":["https:\/\/aliso.fr\/reseau\/travaux-du-mouvement-associatif\/"]}]},{"@type":"ImageObject","inLanguage":"fr-FR","@id":"https:\/\/aliso.fr\/reseau\/travaux-du-mouvement-associatif\/#primaryimage","url":"https:\/\/aliso.fr\/reseau\/wp-content\/uploads\/sites\/4\/2025\/12\/Capture-decran-2025-12-16-161504.png","contentUrl":"https:\/\/aliso.fr\/reseau\/wp-content\/uploads\/sites\/4\/2025\/12\/Capture-decran-2025-12-16-161504.png","width":1170,"height":747},{"@type":"BreadcrumbList","@id":"https:\/\/aliso.fr\/reseau\/travaux-du-mouvement-associatif\/#breadcrumb","itemListElement":[{"@type":"ListItem","position":1,"name":"Accueil","item":"https:\/\/aliso.fr\/reseau\/"},{"@type":"ListItem","position":2,"name":"Actualit\u00e9","item":"https:\/\/aliso.fr\/reseau\/actualite\/"},{"@type":"ListItem","position":3,"name":"TRAVAUX DU MOUVEMENT ASSOCIATIF"}]},{"@type":"WebSite","@id":"https:\/\/aliso.fr\/reseau\/#website","url":"https:\/\/aliso.fr\/reseau\/","name":"Aliso R\u00e9seau","description":"R\u00e9seau Creusois des acteurs du lien social","publisher":{"@id":"https:\/\/aliso.fr\/reseau\/#organization"},"potentialAction":[{"@type":"SearchAction","target":{"@type":"EntryPoint","urlTemplate":"https:\/\/aliso.fr\/reseau\/?s={search_term_string}"},"query-input":{"@type":"PropertyValueSpecification","valueRequired":true,"valueName":"search_term_string"}}],"inLanguage":"fr-FR"},{"@type":"Organization","@id":"https:\/\/aliso.fr\/reseau\/#organization","name":"Aliso R\u00e9seau","url":"https:\/\/aliso.fr\/reseau\/","logo":{"@type":"ImageObject","inLanguage":"fr-FR","@id":"https:\/\/aliso.fr\/reseau\/#\/schema\/logo\/image\/","url":"https:\/\/aliso.fr\/reseau\/wp-content\/uploads\/sites\/4\/2022\/01\/Logo-ALISO-Reseau-2.png","contentUrl":"https:\/\/aliso.fr\/reseau\/wp-content\/uploads\/sites\/4\/2022\/01\/Logo-ALISO-Reseau-2.png","width":900,"height":970,"caption":"Aliso R\u00e9seau"},"image":{"@id":"https:\/\/aliso.fr\/reseau\/#\/schema\/logo\/image\/"}},{"@type":"Person","@id":"https:\/\/aliso.fr\/reseau\/#\/schema\/person\/056af145b9c52eee21a9f739489104a5","name":"laure"}]}},"_links":{"self":[{"href":"https:\/\/aliso.fr\/reseau\/wp-json\/wp\/v2\/posts\/3271","targetHints":{"allow":["GET"]}}],"collection":[{"href":"https:\/\/aliso.fr\/reseau\/wp-json\/wp\/v2\/posts"}],"about":[{"href":"https:\/\/aliso.fr\/reseau\/wp-json\/wp\/v2\/types\/post"}],"author":[{"embeddable":true,"href":"https:\/\/aliso.fr\/reseau\/wp-json\/wp\/v2\/users\/3"}],"replies":[{"embeddable":true,"href":"https:\/\/aliso.fr\/reseau\/wp-json\/wp\/v2\/comments?post=3271"}],"version-history":[{"count":2,"href":"https:\/\/aliso.fr\/reseau\/wp-json\/wp\/v2\/posts\/3271\/revisions"}],"predecessor-version":[{"id":3286,"href":"https:\/\/aliso.fr\/reseau\/wp-json\/wp\/v2\/posts\/3271\/revisions\/3286"}],"wp:featuredmedia":[{"embeddable":true,"href":"https:\/\/aliso.fr\/reseau\/wp-json\/wp\/v2\/media\/3272"}],"wp:attachment":[{"href":"https:\/\/aliso.fr\/reseau\/wp-json\/wp\/v2\/media?parent=3271"}],"wp:term":[{"taxonomy":"category","embeddable":true,"href":"https:\/\/aliso.fr\/reseau\/wp-json\/wp\/v2\/categories?post=3271"},{"taxonomy":"post_tag","embeddable":true,"href":"https:\/\/aliso.fr\/reseau\/wp-json\/wp\/v2\/tags?post=3271"}],"curies":[{"name":"wp","href":"https:\/\/api.w.org\/{rel}","templated":true}]}}