{"id":3279,"date":"2025-12-16T16:50:04","date_gmt":"2025-12-16T15:50:04","guid":{"rendered":"https:\/\/aliso.fr\/reseau\/?p=3279"},"modified":"2025-12-16T16:50:16","modified_gmt":"2025-12-16T15:50:16","slug":"culture-generale-un-syndicat-cest-quoi","status":"publish","type":"post","link":"https:\/\/aliso.fr\/reseau\/culture-generale-un-syndicat-cest-quoi\/","title":{"rendered":"Culture G\u00e9n\u00e9rale : un syndicat c&rsquo;est quoi ?"},"content":{"rendered":"\n<p>Voil\u00e0 bient\u00f4t 3 ans que la question traverse les pr\u00e9occupations de certain.e.s participant.e.s \u00e0 la vie du r\u00e9seau : \u00ab\u00a0Et s&rsquo;il existait un syndicat des travailleurs associatifs ? \u00ab\u00a0<\/p>\n\n\n\n<p>Aujourd&rsquo;hui, c&rsquo;est un sujet qui est encore \u00e0 l&rsquo;ordre du jour. La m\u00e9thode et le chemin pour aller au bout de cette question restent encore un peu flous pour certain.e.s.<br>Se syndiquer est un droit.<br>Un syndicat est une <strong>association de personnes destin\u00e9e \u00e0 la d\u00e9fense de leurs int\u00e9r\u00eats professionnels communs<\/strong>.<br>Est il n\u00e9cessaire de cr\u00e9er un syndicat exclusivement pour d\u00e9fendre les int\u00e9r\u00eats des travailleurs associatifs ? Est il simplement question de cr\u00e9er une section \u00e0 partir d&rsquo;un syndicat existant ? <br>Comment profiter d&rsquo;une dynamique de r\u00e9seaux associatifs pour animer ces discussions sans d\u00e9voyer l&rsquo;image et les missions initiales de ces associations ? <br>En attendant d&rsquo;aller plus loin, voici quelques r\u00e9f\u00e9rences basiques sur vos droits  :<\/p>\n\n\n\n<p><a href=\"https:\/\/www.vie-publique.fr\/fiches\/24062-quest-ce-quun-syndicat-representatif-et-comment-sorganise-t-il\">https:\/\/www.vie-publique.fr\/fiches\/24062-quest-ce-quun-syndicat-representatif-et-comment-sorganise-t-il<\/a><\/p>\n\n\n\n<p><a href=\"https:\/\/www.service-public.gouv.fr\/particuliers\/vosdroits\/F2063\">https:\/\/www.service-public.gouv.fr\/particuliers\/vosdroits\/F2063<\/a><\/p>\n\n\n\n<p>Et pour aller plus loin, si le sujet vous int\u00e9resse, il est entre nos mains de vous mettre en lien les uns avec les autres. Ecrivez-nous.<br>Laure, facilitatrice de r\u00e9seau<\/p>\n","protected":false},"excerpt":{"rendered":"<p>Voil\u00e0 bient\u00f4t 3 ans que la question traverse les pr\u00e9occupations de certain.e.s participant.e.s \u00e0 la vie du r\u00e9seau : \u00ab\u00a0Et s&rsquo;il existait un syndicat des travailleurs associatifs ? \u00ab\u00a0 Aujourd&rsquo;hui, c&rsquo;est un sujet qui est encore \u00e0 l&rsquo;ordre du jour. La m\u00e9thode et le chemin pour aller au bout de cette question restent encore un&#8230; <a class=\"excerpt-read-more button\" href=\"https:\/\/aliso.fr\/reseau\/culture-generale-un-syndicat-cest-quoi\/\" title=\"ReadCulture G\u00e9n\u00e9rale : un syndicat c&rsquo;est quoi ?\">En savoir plus &raquo;<\/a><\/p>\n","protected":false},"author":3,"featured_media":3280,"comment_status":"closed","ping_status":"open","sticky":false,"template":"","format":"standard","meta":{"footnotes":""},"categories":[3],"tags":[],"class_list":["post-3279","post","type-post","status-publish","format-standard","has-post-thumbnail","hentry","category-actualite"],"yoast_head":"<!-- This site is optimized with the Yoast SEO plugin v27.4 - https:\/\/yoast.com\/product\/yoast-seo-wordpress\/ -->\n<title>Culture G\u00e9n\u00e9rale : un syndicat c&#039;est quoi ? - Aliso R\u00e9seau<\/title>\n<meta name=\"robots\" content=\"index, follow, max-snippet:-1, max-image-preview:large, max-video-preview:-1\" \/>\n<link rel=\"canonical\" href=\"https:\/\/aliso.fr\/reseau\/culture-generale-un-syndicat-cest-quoi\/\" \/>\n<meta property=\"og:locale\" content=\"fr_FR\" \/>\n<meta property=\"og:type\" content=\"article\" \/>\n<meta property=\"og:title\" content=\"Culture G\u00e9n\u00e9rale : un syndicat c&#039;est quoi ? - Aliso R\u00e9seau\" \/>\n<meta property=\"og:description\" content=\"Voil\u00e0 bient\u00f4t 3 ans que la question traverse les pr\u00e9occupations de certain.e.s participant.e.s \u00e0 la vie du r\u00e9seau : \u00ab\u00a0Et s&rsquo;il existait un syndicat des travailleurs associatifs ? \u00ab\u00a0 Aujourd&rsquo;hui, c&rsquo;est un sujet qui est encore \u00e0 l&rsquo;ordre du jour. La m\u00e9thode et le chemin pour aller au bout de cette question restent encore un... En savoir plus &raquo;\" \/>\n<meta property=\"og:url\" content=\"https:\/\/aliso.fr\/reseau\/culture-generale-un-syndicat-cest-quoi\/\" \/>\n<meta property=\"og:site_name\" content=\"Aliso R\u00e9seau\" \/>\n<meta property=\"article:published_time\" content=\"2025-12-16T15:50:04+00:00\" \/>\n<meta property=\"article:modified_time\" content=\"2025-12-16T15:50:16+00:00\" \/>\n<meta property=\"og:image\" content=\"https:\/\/aliso.fr\/reseau\/wp-content\/uploads\/sites\/4\/2025\/12\/syndicat-scaled-1.webp\" \/>\n\t<meta property=\"og:image:width\" content=\"1200\" \/>\n\t<meta property=\"og:image:height\" content=\"600\" \/>\n\t<meta property=\"og:image:type\" content=\"image\/webp\" \/>\n<meta name=\"author\" content=\"laure\" \/>\n<meta name=\"twitter:card\" content=\"summary_large_image\" \/>\n<script type=\"application\/ld+json\" class=\"yoast-schema-graph\">{\"@context\":\"https:\\\/\\\/schema.org\",\"@graph\":[{\"@type\":\"Article\",\"@id\":\"https:\\\/\\\/aliso.fr\\\/reseau\\\/culture-generale-un-syndicat-cest-quoi\\\/#article\",\"isPartOf\":{\"@id\":\"https:\\\/\\\/aliso.fr\\\/reseau\\\/culture-generale-un-syndicat-cest-quoi\\\/\"},\"author\":{\"name\":\"laure\",\"@id\":\"https:\\\/\\\/aliso.fr\\\/reseau\\\/#\\\/schema\\\/person\\\/056af145b9c52eee21a9f739489104a5\"},\"headline\":\"Culture G\u00e9n\u00e9rale : un syndicat c&rsquo;est quoi ?\",\"datePublished\":\"2025-12-16T15:50:04+00:00\",\"dateModified\":\"2025-12-16T15:50:16+00:00\",\"mainEntityOfPage\":{\"@id\":\"https:\\\/\\\/aliso.fr\\\/reseau\\\/culture-generale-un-syndicat-cest-quoi\\\/\"},\"wordCount\":220,\"publisher\":{\"@id\":\"https:\\\/\\\/aliso.fr\\\/reseau\\\/#organization\"},\"image\":{\"@id\":\"https:\\\/\\\/aliso.fr\\\/reseau\\\/culture-generale-un-syndicat-cest-quoi\\\/#primaryimage\"},\"thumbnailUrl\":\"https:\\\/\\\/aliso.fr\\\/reseau\\\/wp-content\\\/uploads\\\/sites\\\/4\\\/2025\\\/12\\\/syndicat-scaled-1.webp\",\"articleSection\":[\"Actualit\u00e9\"],\"inLanguage\":\"fr-FR\"},{\"@type\":\"WebPage\",\"@id\":\"https:\\\/\\\/aliso.fr\\\/reseau\\\/culture-generale-un-syndicat-cest-quoi\\\/\",\"url\":\"https:\\\/\\\/aliso.fr\\\/reseau\\\/culture-generale-un-syndicat-cest-quoi\\\/\",\"name\":\"Culture G\u00e9n\u00e9rale : un syndicat c'est quoi ? - Aliso R\u00e9seau\",\"isPartOf\":{\"@id\":\"https:\\\/\\\/aliso.fr\\\/reseau\\\/#website\"},\"primaryImageOfPage\":{\"@id\":\"https:\\\/\\\/aliso.fr\\\/reseau\\\/culture-generale-un-syndicat-cest-quoi\\\/#primaryimage\"},\"image\":{\"@id\":\"https:\\\/\\\/aliso.fr\\\/reseau\\\/culture-generale-un-syndicat-cest-quoi\\\/#primaryimage\"},\"thumbnailUrl\":\"https:\\\/\\\/aliso.fr\\\/reseau\\\/wp-content\\\/uploads\\\/sites\\\/4\\\/2025\\\/12\\\/syndicat-scaled-1.webp\",\"datePublished\":\"2025-12-16T15:50:04+00:00\",\"dateModified\":\"2025-12-16T15:50:16+00:00\",\"breadcrumb\":{\"@id\":\"https:\\\/\\\/aliso.fr\\\/reseau\\\/culture-generale-un-syndicat-cest-quoi\\\/#breadcrumb\"},\"inLanguage\":\"fr-FR\",\"potentialAction\":[{\"@type\":\"ReadAction\",\"target\":[\"https:\\\/\\\/aliso.fr\\\/reseau\\\/culture-generale-un-syndicat-cest-quoi\\\/\"]}]},{\"@type\":\"ImageObject\",\"inLanguage\":\"fr-FR\",\"@id\":\"https:\\\/\\\/aliso.fr\\\/reseau\\\/culture-generale-un-syndicat-cest-quoi\\\/#primaryimage\",\"url\":\"https:\\\/\\\/aliso.fr\\\/reseau\\\/wp-content\\\/uploads\\\/sites\\\/4\\\/2025\\\/12\\\/syndicat-scaled-1.webp\",\"contentUrl\":\"https:\\\/\\\/aliso.fr\\\/reseau\\\/wp-content\\\/uploads\\\/sites\\\/4\\\/2025\\\/12\\\/syndicat-scaled-1.webp\",\"width\":1200,\"height\":600},{\"@type\":\"BreadcrumbList\",\"@id\":\"https:\\\/\\\/aliso.fr\\\/reseau\\\/culture-generale-un-syndicat-cest-quoi\\\/#breadcrumb\",\"itemListElement\":[{\"@type\":\"ListItem\",\"position\":1,\"name\":\"Accueil\",\"item\":\"https:\\\/\\\/aliso.fr\\\/reseau\\\/\"},{\"@type\":\"ListItem\",\"position\":2,\"name\":\"Actualit\u00e9\",\"item\":\"https:\\\/\\\/aliso.fr\\\/reseau\\\/actualite\\\/\"},{\"@type\":\"ListItem\",\"position\":3,\"name\":\"Culture G\u00e9n\u00e9rale : un syndicat c&rsquo;est quoi ?\"}]},{\"@type\":\"WebSite\",\"@id\":\"https:\\\/\\\/aliso.fr\\\/reseau\\\/#website\",\"url\":\"https:\\\/\\\/aliso.fr\\\/reseau\\\/\",\"name\":\"Aliso R\u00e9seau\",\"description\":\"R\u00e9seau Creusois des acteurs du lien social\",\"publisher\":{\"@id\":\"https:\\\/\\\/aliso.fr\\\/reseau\\\/#organization\"},\"potentialAction\":[{\"@type\":\"SearchAction\",\"target\":{\"@type\":\"EntryPoint\",\"urlTemplate\":\"https:\\\/\\\/aliso.fr\\\/reseau\\\/?s={search_term_string}\"},\"query-input\":{\"@type\":\"PropertyValueSpecification\",\"valueRequired\":true,\"valueName\":\"search_term_string\"}}],\"inLanguage\":\"fr-FR\"},{\"@type\":\"Organization\",\"@id\":\"https:\\\/\\\/aliso.fr\\\/reseau\\\/#organization\",\"name\":\"Aliso R\u00e9seau\",\"url\":\"https:\\\/\\\/aliso.fr\\\/reseau\\\/\",\"logo\":{\"@type\":\"ImageObject\",\"inLanguage\":\"fr-FR\",\"@id\":\"https:\\\/\\\/aliso.fr\\\/reseau\\\/#\\\/schema\\\/logo\\\/image\\\/\",\"url\":\"https:\\\/\\\/aliso.fr\\\/reseau\\\/wp-content\\\/uploads\\\/sites\\\/4\\\/2022\\\/01\\\/Logo-ALISO-Reseau-2.png\",\"contentUrl\":\"https:\\\/\\\/aliso.fr\\\/reseau\\\/wp-content\\\/uploads\\\/sites\\\/4\\\/2022\\\/01\\\/Logo-ALISO-Reseau-2.png\",\"width\":900,\"height\":970,\"caption\":\"Aliso R\u00e9seau\"},\"image\":{\"@id\":\"https:\\\/\\\/aliso.fr\\\/reseau\\\/#\\\/schema\\\/logo\\\/image\\\/\"}},{\"@type\":\"Person\",\"@id\":\"https:\\\/\\\/aliso.fr\\\/reseau\\\/#\\\/schema\\\/person\\\/056af145b9c52eee21a9f739489104a5\",\"name\":\"laure\"}]}<\/script>\n<!-- \/ Yoast SEO plugin. -->","yoast_head_json":{"title":"Culture G\u00e9n\u00e9rale : un syndicat c'est quoi ? - Aliso R\u00e9seau","robots":{"index":"index","follow":"follow","max-snippet":"max-snippet:-1","max-image-preview":"max-image-preview:large","max-video-preview":"max-video-preview:-1"},"canonical":"https:\/\/aliso.fr\/reseau\/culture-generale-un-syndicat-cest-quoi\/","og_locale":"fr_FR","og_type":"article","og_title":"Culture G\u00e9n\u00e9rale : un syndicat c'est quoi ? - Aliso R\u00e9seau","og_description":"Voil\u00e0 bient\u00f4t 3 ans que la question traverse les pr\u00e9occupations de certain.e.s participant.e.s \u00e0 la vie du r\u00e9seau : \u00ab\u00a0Et s&rsquo;il existait un syndicat des travailleurs associatifs ? \u00ab\u00a0 Aujourd&rsquo;hui, c&rsquo;est un sujet qui est encore \u00e0 l&rsquo;ordre du jour. La m\u00e9thode et le chemin pour aller au bout de cette question restent encore un... En savoir plus &raquo;","og_url":"https:\/\/aliso.fr\/reseau\/culture-generale-un-syndicat-cest-quoi\/","og_site_name":"Aliso R\u00e9seau","article_published_time":"2025-12-16T15:50:04+00:00","article_modified_time":"2025-12-16T15:50:16+00:00","og_image":[{"width":1200,"height":600,"url":"https:\/\/aliso.fr\/reseau\/wp-content\/uploads\/sites\/4\/2025\/12\/syndicat-scaled-1.webp","type":"image\/webp"}],"author":"laure","twitter_card":"summary_large_image","schema":{"@context":"https:\/\/schema.org","@graph":[{"@type":"Article","@id":"https:\/\/aliso.fr\/reseau\/culture-generale-un-syndicat-cest-quoi\/#article","isPartOf":{"@id":"https:\/\/aliso.fr\/reseau\/culture-generale-un-syndicat-cest-quoi\/"},"author":{"name":"laure","@id":"https:\/\/aliso.fr\/reseau\/#\/schema\/person\/056af145b9c52eee21a9f739489104a5"},"headline":"Culture G\u00e9n\u00e9rale : un syndicat c&rsquo;est quoi ?","datePublished":"2025-12-16T15:50:04+00:00","dateModified":"2025-12-16T15:50:16+00:00","mainEntityOfPage":{"@id":"https:\/\/aliso.fr\/reseau\/culture-generale-un-syndicat-cest-quoi\/"},"wordCount":220,"publisher":{"@id":"https:\/\/aliso.fr\/reseau\/#organization"},"image":{"@id":"https:\/\/aliso.fr\/reseau\/culture-generale-un-syndicat-cest-quoi\/#primaryimage"},"thumbnailUrl":"https:\/\/aliso.fr\/reseau\/wp-content\/uploads\/sites\/4\/2025\/12\/syndicat-scaled-1.webp","articleSection":["Actualit\u00e9"],"inLanguage":"fr-FR"},{"@type":"WebPage","@id":"https:\/\/aliso.fr\/reseau\/culture-generale-un-syndicat-cest-quoi\/","url":"https:\/\/aliso.fr\/reseau\/culture-generale-un-syndicat-cest-quoi\/","name":"Culture G\u00e9n\u00e9rale : un syndicat c'est quoi ? - Aliso R\u00e9seau","isPartOf":{"@id":"https:\/\/aliso.fr\/reseau\/#website"},"primaryImageOfPage":{"@id":"https:\/\/aliso.fr\/reseau\/culture-generale-un-syndicat-cest-quoi\/#primaryimage"},"image":{"@id":"https:\/\/aliso.fr\/reseau\/culture-generale-un-syndicat-cest-quoi\/#primaryimage"},"thumbnailUrl":"https:\/\/aliso.fr\/reseau\/wp-content\/uploads\/sites\/4\/2025\/12\/syndicat-scaled-1.webp","datePublished":"2025-12-16T15:50:04+00:00","dateModified":"2025-12-16T15:50:16+00:00","breadcrumb":{"@id":"https:\/\/aliso.fr\/reseau\/culture-generale-un-syndicat-cest-quoi\/#breadcrumb"},"inLanguage":"fr-FR","potentialAction":[{"@type":"ReadAction","target":["https:\/\/aliso.fr\/reseau\/culture-generale-un-syndicat-cest-quoi\/"]}]},{"@type":"ImageObject","inLanguage":"fr-FR","@id":"https:\/\/aliso.fr\/reseau\/culture-generale-un-syndicat-cest-quoi\/#primaryimage","url":"https:\/\/aliso.fr\/reseau\/wp-content\/uploads\/sites\/4\/2025\/12\/syndicat-scaled-1.webp","contentUrl":"https:\/\/aliso.fr\/reseau\/wp-content\/uploads\/sites\/4\/2025\/12\/syndicat-scaled-1.webp","width":1200,"height":600},{"@type":"BreadcrumbList","@id":"https:\/\/aliso.fr\/reseau\/culture-generale-un-syndicat-cest-quoi\/#breadcrumb","itemListElement":[{"@type":"ListItem","position":1,"name":"Accueil","item":"https:\/\/aliso.fr\/reseau\/"},{"@type":"ListItem","position":2,"name":"Actualit\u00e9","item":"https:\/\/aliso.fr\/reseau\/actualite\/"},{"@type":"ListItem","position":3,"name":"Culture G\u00e9n\u00e9rale : un syndicat c&rsquo;est quoi ?"}]},{"@type":"WebSite","@id":"https:\/\/aliso.fr\/reseau\/#website","url":"https:\/\/aliso.fr\/reseau\/","name":"Aliso R\u00e9seau","description":"R\u00e9seau Creusois des acteurs du lien social","publisher":{"@id":"https:\/\/aliso.fr\/reseau\/#organization"},"potentialAction":[{"@type":"SearchAction","target":{"@type":"EntryPoint","urlTemplate":"https:\/\/aliso.fr\/reseau\/?s={search_term_string}"},"query-input":{"@type":"PropertyValueSpecification","valueRequired":true,"valueName":"search_term_string"}}],"inLanguage":"fr-FR"},{"@type":"Organization","@id":"https:\/\/aliso.fr\/reseau\/#organization","name":"Aliso R\u00e9seau","url":"https:\/\/aliso.fr\/reseau\/","logo":{"@type":"ImageObject","inLanguage":"fr-FR","@id":"https:\/\/aliso.fr\/reseau\/#\/schema\/logo\/image\/","url":"https:\/\/aliso.fr\/reseau\/wp-content\/uploads\/sites\/4\/2022\/01\/Logo-ALISO-Reseau-2.png","contentUrl":"https:\/\/aliso.fr\/reseau\/wp-content\/uploads\/sites\/4\/2022\/01\/Logo-ALISO-Reseau-2.png","width":900,"height":970,"caption":"Aliso R\u00e9seau"},"image":{"@id":"https:\/\/aliso.fr\/reseau\/#\/schema\/logo\/image\/"}},{"@type":"Person","@id":"https:\/\/aliso.fr\/reseau\/#\/schema\/person\/056af145b9c52eee21a9f739489104a5","name":"laure"}]}},"_links":{"self":[{"href":"https:\/\/aliso.fr\/reseau\/wp-json\/wp\/v2\/posts\/3279","targetHints":{"allow":["GET"]}}],"collection":[{"href":"https:\/\/aliso.fr\/reseau\/wp-json\/wp\/v2\/posts"}],"about":[{"href":"https:\/\/aliso.fr\/reseau\/wp-json\/wp\/v2\/types\/post"}],"author":[{"embeddable":true,"href":"https:\/\/aliso.fr\/reseau\/wp-json\/wp\/v2\/users\/3"}],"replies":[{"embeddable":true,"href":"https:\/\/aliso.fr\/reseau\/wp-json\/wp\/v2\/comments?post=3279"}],"version-history":[{"count":2,"href":"https:\/\/aliso.fr\/reseau\/wp-json\/wp\/v2\/posts\/3279\/revisions"}],"predecessor-version":[{"id":3282,"href":"https:\/\/aliso.fr\/reseau\/wp-json\/wp\/v2\/posts\/3279\/revisions\/3282"}],"wp:featuredmedia":[{"embeddable":true,"href":"https:\/\/aliso.fr\/reseau\/wp-json\/wp\/v2\/media\/3280"}],"wp:attachment":[{"href":"https:\/\/aliso.fr\/reseau\/wp-json\/wp\/v2\/media?parent=3279"}],"wp:term":[{"taxonomy":"category","embeddable":true,"href":"https:\/\/aliso.fr\/reseau\/wp-json\/wp\/v2\/categories?post=3279"},{"taxonomy":"post_tag","embeddable":true,"href":"https:\/\/aliso.fr\/reseau\/wp-json\/wp\/v2\/tags?post=3279"}],"curies":[{"name":"wp","href":"https:\/\/api.w.org\/{rel}","templated":true}]}}