{"id":3297,"date":"2026-01-12T11:15:44","date_gmt":"2026-01-12T10:15:44","guid":{"rendered":"https:\/\/aliso.fr\/reseau\/?p=3297"},"modified":"2026-01-12T11:15:45","modified_gmt":"2026-01-12T10:15:45","slug":"quel-avenir-pour-leducation-populaire","status":"publish","type":"post","link":"https:\/\/aliso.fr\/reseau\/quel-avenir-pour-leducation-populaire\/","title":{"rendered":"Quel avenir pour l&rsquo;\u00e9ducation populaire ?"},"content":{"rendered":"\n<p>On a peut-\u00eatre pas la r\u00e9ponse mais France Culture nous propose une \u00e9mission toute r\u00e9cente pour se pencher sur le sujet : <a href=\"https:\/\/embed.radiofrance.fr\/franceculture\/diffusion\/366eb4bd-18b0-45a2-9c6a-f529c4a0f04f\" target=\"_blank\" rel=\"noreferrer noopener\">\u00e9mission de radio du samedi 10 janvier 2026<\/a><\/p>\n\n\n\n<p>La page web qui accompagne cette \u00e9mission :<a href=\"https:\/\/www.radiofrance.fr\/franceculture\/podcasts\/l-invite-e-des-matins-du-samedi\/quel-avenir-pour-l-education-populaire-6908876\" target=\"_blank\" rel=\"noreferrer noopener\"> quelques d\u00e9tails dans cet article sur le site de radio france.<\/a><\/p>\n\n\n\n<p><\/p>\n","protected":false},"excerpt":{"rendered":"<p>On a peut-\u00eatre pas la r\u00e9ponse mais France Culture nous propose une \u00e9mission toute r\u00e9cente pour se pencher sur le sujet : \u00e9mission de radio du samedi 10 janvier 2026 La page web qui accompagne cette \u00e9mission : quelques d\u00e9tails dans cet article sur le site de radio france.<\/p>\n","protected":false},"author":3,"featured_media":3298,"comment_status":"closed","ping_status":"open","sticky":false,"template":"","format":"standard","meta":{"footnotes":""},"categories":[3],"tags":[],"class_list":["post-3297","post","type-post","status-publish","format-standard","has-post-thumbnail","hentry","category-actualite"],"yoast_head":"<!-- This site is optimized with the Yoast SEO plugin v27.4 - https:\/\/yoast.com\/product\/yoast-seo-wordpress\/ -->\n<title>Quel avenir pour l&#039;\u00e9ducation populaire ? - Aliso R\u00e9seau<\/title>\n<meta name=\"robots\" content=\"index, follow, max-snippet:-1, max-image-preview:large, max-video-preview:-1\" \/>\n<link rel=\"canonical\" href=\"https:\/\/aliso.fr\/reseau\/quel-avenir-pour-leducation-populaire\/\" \/>\n<meta property=\"og:locale\" content=\"fr_FR\" \/>\n<meta property=\"og:type\" content=\"article\" \/>\n<meta property=\"og:title\" content=\"Quel avenir pour l&#039;\u00e9ducation populaire ? - Aliso R\u00e9seau\" \/>\n<meta property=\"og:description\" content=\"On a peut-\u00eatre pas la r\u00e9ponse mais France Culture nous propose une \u00e9mission toute r\u00e9cente pour se pencher sur le sujet : \u00e9mission de radio du samedi 10 janvier 2026 La page web qui accompagne cette \u00e9mission : quelques d\u00e9tails dans cet article sur le site de radio france.\" \/>\n<meta property=\"og:url\" content=\"https:\/\/aliso.fr\/reseau\/quel-avenir-pour-leducation-populaire\/\" \/>\n<meta property=\"og:site_name\" content=\"Aliso R\u00e9seau\" \/>\n<meta property=\"article:published_time\" content=\"2026-01-12T10:15:44+00:00\" \/>\n<meta property=\"article:modified_time\" content=\"2026-01-12T10:15:45+00:00\" \/>\n<meta property=\"og:image\" content=\"https:\/\/aliso.fr\/reseau\/wp-content\/uploads\/sites\/4\/2026\/01\/Design-sans-titre1.jpg\" \/>\n\t<meta property=\"og:image:width\" content=\"1587\" \/>\n\t<meta property=\"og:image:height\" content=\"2245\" \/>\n\t<meta property=\"og:image:type\" content=\"image\/jpeg\" \/>\n<meta name=\"author\" content=\"laure\" \/>\n<meta name=\"twitter:card\" content=\"summary_large_image\" \/>\n<script type=\"application\/ld+json\" class=\"yoast-schema-graph\">{\"@context\":\"https:\\\/\\\/schema.org\",\"@graph\":[{\"@type\":\"Article\",\"@id\":\"https:\\\/\\\/aliso.fr\\\/reseau\\\/quel-avenir-pour-leducation-populaire\\\/#article\",\"isPartOf\":{\"@id\":\"https:\\\/\\\/aliso.fr\\\/reseau\\\/quel-avenir-pour-leducation-populaire\\\/\"},\"author\":{\"name\":\"laure\",\"@id\":\"https:\\\/\\\/aliso.fr\\\/reseau\\\/#\\\/schema\\\/person\\\/056af145b9c52eee21a9f739489104a5\"},\"headline\":\"Quel avenir pour l&rsquo;\u00e9ducation populaire ?\",\"datePublished\":\"2026-01-12T10:15:44+00:00\",\"dateModified\":\"2026-01-12T10:15:45+00:00\",\"mainEntityOfPage\":{\"@id\":\"https:\\\/\\\/aliso.fr\\\/reseau\\\/quel-avenir-pour-leducation-populaire\\\/\"},\"wordCount\":55,\"publisher\":{\"@id\":\"https:\\\/\\\/aliso.fr\\\/reseau\\\/#organization\"},\"image\":{\"@id\":\"https:\\\/\\\/aliso.fr\\\/reseau\\\/quel-avenir-pour-leducation-populaire\\\/#primaryimage\"},\"thumbnailUrl\":\"https:\\\/\\\/aliso.fr\\\/reseau\\\/wp-content\\\/uploads\\\/sites\\\/4\\\/2026\\\/01\\\/Design-sans-titre1.jpg\",\"articleSection\":[\"Actualit\u00e9\"],\"inLanguage\":\"fr-FR\"},{\"@type\":\"WebPage\",\"@id\":\"https:\\\/\\\/aliso.fr\\\/reseau\\\/quel-avenir-pour-leducation-populaire\\\/\",\"url\":\"https:\\\/\\\/aliso.fr\\\/reseau\\\/quel-avenir-pour-leducation-populaire\\\/\",\"name\":\"Quel avenir pour l'\u00e9ducation populaire ? - Aliso R\u00e9seau\",\"isPartOf\":{\"@id\":\"https:\\\/\\\/aliso.fr\\\/reseau\\\/#website\"},\"primaryImageOfPage\":{\"@id\":\"https:\\\/\\\/aliso.fr\\\/reseau\\\/quel-avenir-pour-leducation-populaire\\\/#primaryimage\"},\"image\":{\"@id\":\"https:\\\/\\\/aliso.fr\\\/reseau\\\/quel-avenir-pour-leducation-populaire\\\/#primaryimage\"},\"thumbnailUrl\":\"https:\\\/\\\/aliso.fr\\\/reseau\\\/wp-content\\\/uploads\\\/sites\\\/4\\\/2026\\\/01\\\/Design-sans-titre1.jpg\",\"datePublished\":\"2026-01-12T10:15:44+00:00\",\"dateModified\":\"2026-01-12T10:15:45+00:00\",\"breadcrumb\":{\"@id\":\"https:\\\/\\\/aliso.fr\\\/reseau\\\/quel-avenir-pour-leducation-populaire\\\/#breadcrumb\"},\"inLanguage\":\"fr-FR\",\"potentialAction\":[{\"@type\":\"ReadAction\",\"target\":[\"https:\\\/\\\/aliso.fr\\\/reseau\\\/quel-avenir-pour-leducation-populaire\\\/\"]}]},{\"@type\":\"ImageObject\",\"inLanguage\":\"fr-FR\",\"@id\":\"https:\\\/\\\/aliso.fr\\\/reseau\\\/quel-avenir-pour-leducation-populaire\\\/#primaryimage\",\"url\":\"https:\\\/\\\/aliso.fr\\\/reseau\\\/wp-content\\\/uploads\\\/sites\\\/4\\\/2026\\\/01\\\/Design-sans-titre1.jpg\",\"contentUrl\":\"https:\\\/\\\/aliso.fr\\\/reseau\\\/wp-content\\\/uploads\\\/sites\\\/4\\\/2026\\\/01\\\/Design-sans-titre1.jpg\",\"width\":1587,\"height\":2245},{\"@type\":\"BreadcrumbList\",\"@id\":\"https:\\\/\\\/aliso.fr\\\/reseau\\\/quel-avenir-pour-leducation-populaire\\\/#breadcrumb\",\"itemListElement\":[{\"@type\":\"ListItem\",\"position\":1,\"name\":\"Accueil\",\"item\":\"https:\\\/\\\/aliso.fr\\\/reseau\\\/\"},{\"@type\":\"ListItem\",\"position\":2,\"name\":\"Actualit\u00e9\",\"item\":\"https:\\\/\\\/aliso.fr\\\/reseau\\\/actualite\\\/\"},{\"@type\":\"ListItem\",\"position\":3,\"name\":\"Quel avenir pour l&rsquo;\u00e9ducation populaire ?\"}]},{\"@type\":\"WebSite\",\"@id\":\"https:\\\/\\\/aliso.fr\\\/reseau\\\/#website\",\"url\":\"https:\\\/\\\/aliso.fr\\\/reseau\\\/\",\"name\":\"Aliso R\u00e9seau\",\"description\":\"R\u00e9seau Creusois des acteurs du lien social\",\"publisher\":{\"@id\":\"https:\\\/\\\/aliso.fr\\\/reseau\\\/#organization\"},\"potentialAction\":[{\"@type\":\"SearchAction\",\"target\":{\"@type\":\"EntryPoint\",\"urlTemplate\":\"https:\\\/\\\/aliso.fr\\\/reseau\\\/?s={search_term_string}\"},\"query-input\":{\"@type\":\"PropertyValueSpecification\",\"valueRequired\":true,\"valueName\":\"search_term_string\"}}],\"inLanguage\":\"fr-FR\"},{\"@type\":\"Organization\",\"@id\":\"https:\\\/\\\/aliso.fr\\\/reseau\\\/#organization\",\"name\":\"Aliso R\u00e9seau\",\"url\":\"https:\\\/\\\/aliso.fr\\\/reseau\\\/\",\"logo\":{\"@type\":\"ImageObject\",\"inLanguage\":\"fr-FR\",\"@id\":\"https:\\\/\\\/aliso.fr\\\/reseau\\\/#\\\/schema\\\/logo\\\/image\\\/\",\"url\":\"https:\\\/\\\/aliso.fr\\\/reseau\\\/wp-content\\\/uploads\\\/sites\\\/4\\\/2022\\\/01\\\/Logo-ALISO-Reseau-2.png\",\"contentUrl\":\"https:\\\/\\\/aliso.fr\\\/reseau\\\/wp-content\\\/uploads\\\/sites\\\/4\\\/2022\\\/01\\\/Logo-ALISO-Reseau-2.png\",\"width\":900,\"height\":970,\"caption\":\"Aliso R\u00e9seau\"},\"image\":{\"@id\":\"https:\\\/\\\/aliso.fr\\\/reseau\\\/#\\\/schema\\\/logo\\\/image\\\/\"}},{\"@type\":\"Person\",\"@id\":\"https:\\\/\\\/aliso.fr\\\/reseau\\\/#\\\/schema\\\/person\\\/056af145b9c52eee21a9f739489104a5\",\"name\":\"laure\"}]}<\/script>\n<!-- \/ Yoast SEO plugin. -->","yoast_head_json":{"title":"Quel avenir pour l'\u00e9ducation populaire ? - Aliso R\u00e9seau","robots":{"index":"index","follow":"follow","max-snippet":"max-snippet:-1","max-image-preview":"max-image-preview:large","max-video-preview":"max-video-preview:-1"},"canonical":"https:\/\/aliso.fr\/reseau\/quel-avenir-pour-leducation-populaire\/","og_locale":"fr_FR","og_type":"article","og_title":"Quel avenir pour l'\u00e9ducation populaire ? - Aliso R\u00e9seau","og_description":"On a peut-\u00eatre pas la r\u00e9ponse mais France Culture nous propose une \u00e9mission toute r\u00e9cente pour se pencher sur le sujet : \u00e9mission de radio du samedi 10 janvier 2026 La page web qui accompagne cette \u00e9mission : quelques d\u00e9tails dans cet article sur le site de radio france.","og_url":"https:\/\/aliso.fr\/reseau\/quel-avenir-pour-leducation-populaire\/","og_site_name":"Aliso R\u00e9seau","article_published_time":"2026-01-12T10:15:44+00:00","article_modified_time":"2026-01-12T10:15:45+00:00","og_image":[{"width":1587,"height":2245,"url":"https:\/\/aliso.fr\/reseau\/wp-content\/uploads\/sites\/4\/2026\/01\/Design-sans-titre1.jpg","type":"image\/jpeg"}],"author":"laure","twitter_card":"summary_large_image","schema":{"@context":"https:\/\/schema.org","@graph":[{"@type":"Article","@id":"https:\/\/aliso.fr\/reseau\/quel-avenir-pour-leducation-populaire\/#article","isPartOf":{"@id":"https:\/\/aliso.fr\/reseau\/quel-avenir-pour-leducation-populaire\/"},"author":{"name":"laure","@id":"https:\/\/aliso.fr\/reseau\/#\/schema\/person\/056af145b9c52eee21a9f739489104a5"},"headline":"Quel avenir pour l&rsquo;\u00e9ducation populaire ?","datePublished":"2026-01-12T10:15:44+00:00","dateModified":"2026-01-12T10:15:45+00:00","mainEntityOfPage":{"@id":"https:\/\/aliso.fr\/reseau\/quel-avenir-pour-leducation-populaire\/"},"wordCount":55,"publisher":{"@id":"https:\/\/aliso.fr\/reseau\/#organization"},"image":{"@id":"https:\/\/aliso.fr\/reseau\/quel-avenir-pour-leducation-populaire\/#primaryimage"},"thumbnailUrl":"https:\/\/aliso.fr\/reseau\/wp-content\/uploads\/sites\/4\/2026\/01\/Design-sans-titre1.jpg","articleSection":["Actualit\u00e9"],"inLanguage":"fr-FR"},{"@type":"WebPage","@id":"https:\/\/aliso.fr\/reseau\/quel-avenir-pour-leducation-populaire\/","url":"https:\/\/aliso.fr\/reseau\/quel-avenir-pour-leducation-populaire\/","name":"Quel avenir pour l'\u00e9ducation populaire ? - Aliso R\u00e9seau","isPartOf":{"@id":"https:\/\/aliso.fr\/reseau\/#website"},"primaryImageOfPage":{"@id":"https:\/\/aliso.fr\/reseau\/quel-avenir-pour-leducation-populaire\/#primaryimage"},"image":{"@id":"https:\/\/aliso.fr\/reseau\/quel-avenir-pour-leducation-populaire\/#primaryimage"},"thumbnailUrl":"https:\/\/aliso.fr\/reseau\/wp-content\/uploads\/sites\/4\/2026\/01\/Design-sans-titre1.jpg","datePublished":"2026-01-12T10:15:44+00:00","dateModified":"2026-01-12T10:15:45+00:00","breadcrumb":{"@id":"https:\/\/aliso.fr\/reseau\/quel-avenir-pour-leducation-populaire\/#breadcrumb"},"inLanguage":"fr-FR","potentialAction":[{"@type":"ReadAction","target":["https:\/\/aliso.fr\/reseau\/quel-avenir-pour-leducation-populaire\/"]}]},{"@type":"ImageObject","inLanguage":"fr-FR","@id":"https:\/\/aliso.fr\/reseau\/quel-avenir-pour-leducation-populaire\/#primaryimage","url":"https:\/\/aliso.fr\/reseau\/wp-content\/uploads\/sites\/4\/2026\/01\/Design-sans-titre1.jpg","contentUrl":"https:\/\/aliso.fr\/reseau\/wp-content\/uploads\/sites\/4\/2026\/01\/Design-sans-titre1.jpg","width":1587,"height":2245},{"@type":"BreadcrumbList","@id":"https:\/\/aliso.fr\/reseau\/quel-avenir-pour-leducation-populaire\/#breadcrumb","itemListElement":[{"@type":"ListItem","position":1,"name":"Accueil","item":"https:\/\/aliso.fr\/reseau\/"},{"@type":"ListItem","position":2,"name":"Actualit\u00e9","item":"https:\/\/aliso.fr\/reseau\/actualite\/"},{"@type":"ListItem","position":3,"name":"Quel avenir pour l&rsquo;\u00e9ducation populaire ?"}]},{"@type":"WebSite","@id":"https:\/\/aliso.fr\/reseau\/#website","url":"https:\/\/aliso.fr\/reseau\/","name":"Aliso R\u00e9seau","description":"R\u00e9seau Creusois des acteurs du lien social","publisher":{"@id":"https:\/\/aliso.fr\/reseau\/#organization"},"potentialAction":[{"@type":"SearchAction","target":{"@type":"EntryPoint","urlTemplate":"https:\/\/aliso.fr\/reseau\/?s={search_term_string}"},"query-input":{"@type":"PropertyValueSpecification","valueRequired":true,"valueName":"search_term_string"}}],"inLanguage":"fr-FR"},{"@type":"Organization","@id":"https:\/\/aliso.fr\/reseau\/#organization","name":"Aliso R\u00e9seau","url":"https:\/\/aliso.fr\/reseau\/","logo":{"@type":"ImageObject","inLanguage":"fr-FR","@id":"https:\/\/aliso.fr\/reseau\/#\/schema\/logo\/image\/","url":"https:\/\/aliso.fr\/reseau\/wp-content\/uploads\/sites\/4\/2022\/01\/Logo-ALISO-Reseau-2.png","contentUrl":"https:\/\/aliso.fr\/reseau\/wp-content\/uploads\/sites\/4\/2022\/01\/Logo-ALISO-Reseau-2.png","width":900,"height":970,"caption":"Aliso R\u00e9seau"},"image":{"@id":"https:\/\/aliso.fr\/reseau\/#\/schema\/logo\/image\/"}},{"@type":"Person","@id":"https:\/\/aliso.fr\/reseau\/#\/schema\/person\/056af145b9c52eee21a9f739489104a5","name":"laure"}]}},"_links":{"self":[{"href":"https:\/\/aliso.fr\/reseau\/wp-json\/wp\/v2\/posts\/3297","targetHints":{"allow":["GET"]}}],"collection":[{"href":"https:\/\/aliso.fr\/reseau\/wp-json\/wp\/v2\/posts"}],"about":[{"href":"https:\/\/aliso.fr\/reseau\/wp-json\/wp\/v2\/types\/post"}],"author":[{"embeddable":true,"href":"https:\/\/aliso.fr\/reseau\/wp-json\/wp\/v2\/users\/3"}],"replies":[{"embeddable":true,"href":"https:\/\/aliso.fr\/reseau\/wp-json\/wp\/v2\/comments?post=3297"}],"version-history":[{"count":2,"href":"https:\/\/aliso.fr\/reseau\/wp-json\/wp\/v2\/posts\/3297\/revisions"}],"predecessor-version":[{"id":3300,"href":"https:\/\/aliso.fr\/reseau\/wp-json\/wp\/v2\/posts\/3297\/revisions\/3300"}],"wp:featuredmedia":[{"embeddable":true,"href":"https:\/\/aliso.fr\/reseau\/wp-json\/wp\/v2\/media\/3298"}],"wp:attachment":[{"href":"https:\/\/aliso.fr\/reseau\/wp-json\/wp\/v2\/media?parent=3297"}],"wp:term":[{"taxonomy":"category","embeddable":true,"href":"https:\/\/aliso.fr\/reseau\/wp-json\/wp\/v2\/categories?post=3297"},{"taxonomy":"post_tag","embeddable":true,"href":"https:\/\/aliso.fr\/reseau\/wp-json\/wp\/v2\/tags?post=3297"}],"curies":[{"name":"wp","href":"https:\/\/api.w.org\/{rel}","templated":true}]}}