{"id":3301,"date":"2026-01-12T12:20:43","date_gmt":"2026-01-12T11:20:43","guid":{"rendered":"https:\/\/aliso.fr\/reseau\/?p=3301"},"modified":"2026-01-12T12:25:59","modified_gmt":"2026-01-12T11:25:59","slug":"culture-commune-les-centres-sociaux-leur-charte","status":"publish","type":"post","link":"https:\/\/aliso.fr\/reseau\/culture-commune-les-centres-sociaux-leur-charte\/","title":{"rendered":"Culture Commune : Les centres sociaux &amp; leur charte"},"content":{"rendered":"\n<p>Le terme de \u00ab\u00a0centre social\u00a0\u00bb est parfois m\u00e9connu et assimil\u00e9 \u00e0 diverses repr\u00e9sentations.<br>Si son histoire et ses missions n&rsquo;ont plus de secret pour bon nombre de personnes qui y \u00e9voluent, elle m\u00e9rite encore d&rsquo;\u00eatre transmise \u00e0 celles et ceux qui n&rsquo;ont finalement jamais eue l&rsquo;occasion ou le besoin d&rsquo;en passer la porte, ou \u00e0 ceux qui voudraient transmettre plus ais\u00e9ment les valeurs qui vont avec.<\/p>\n\n\n\n<figure class=\"wp-block-embed is-type-video is-provider-youtube wp-block-embed-youtube wp-embed-aspect-16-9 wp-has-aspect-ratio\"><div class=\"wp-block-embed__wrapper\">\n<iframe loading=\"lazy\" title=\"Dessin anim\u00e9 La Fabrique des possibles\" width=\"1200\" height=\"675\" src=\"https:\/\/www.youtube.com\/embed\/csV81LRxxkI?feature=oembed\" frameborder=\"0\" allow=\"accelerometer; autoplay; clipboard-write; encrypted-media; gyroscope; picture-in-picture; web-share\" referrerpolicy=\"strict-origin-when-cross-origin\" allowfullscreen><\/iframe>\n<\/div><\/figure>\n\n\n\n<p>Cette histoire nous rappelle, entre autres, que les centres sociaux sont n\u00e9s \u00e0 la fin du 19\u00e8me, avant la Caisse Nationale d&rsquo;Allocations Familiales, et qu&rsquo;avant de b\u00e9n\u00e9ficier du pr\u00e9cieux soutient de cette derni\u00e8re, ils se sont organis\u00e9s en r\u00e9seau, via la<a href=\"https:\/\/www.centres-sociaux.fr\/\"> f\u00e9d\u00e9ration des centres sociaux,<\/a> qui d\u00e9fend aujourd&rsquo;hui encore un projet de soci\u00e9t\u00e9.<br>Ci-dessous, plus de d\u00e9tails et des invitations \u00e0 approfondir via des liens.<br><\/p>\n\n\n\n<p>\u00ab\u00a0L\u2019histoire des centres sociaux en France est plus que centenaire. Elle prend naissance dans une soci\u00e9t\u00e9 qui se lib\u00e9ralise et industrialise sa production \u00e9conomique, g\u00e9n\u00e9rant une classe de travailleurs salari\u00e9s prol\u00e9taris\u00e9e et constituant ainsi de nouvelles pauvret\u00e9s et divisions sociales.<\/p>\n\n\n\n<figure class=\"wp-block-image size-large\"><img loading=\"lazy\" decoding=\"async\" width=\"764\" height=\"330\" src=\"https:\/\/aliso.fr\/reseau\/wp-content\/uploads\/sites\/4\/2026\/01\/Capture-decran-2026-01-12-114644-764x330.png\" alt=\"\" class=\"wp-image-3302\" srcset=\"https:\/\/aliso.fr\/reseau\/wp-content\/uploads\/sites\/4\/2026\/01\/Capture-decran-2026-01-12-114644-764x330.png 764w, https:\/\/aliso.fr\/reseau\/wp-content\/uploads\/sites\/4\/2026\/01\/Capture-decran-2026-01-12-114644-300x130.png 300w, https:\/\/aliso.fr\/reseau\/wp-content\/uploads\/sites\/4\/2026\/01\/Capture-decran-2026-01-12-114644-768x332.png 768w, https:\/\/aliso.fr\/reseau\/wp-content\/uploads\/sites\/4\/2026\/01\/Capture-decran-2026-01-12-114644-1536x664.png 1536w, https:\/\/aliso.fr\/reseau\/wp-content\/uploads\/sites\/4\/2026\/01\/Capture-decran-2026-01-12-114644-1320x570.png 1320w, https:\/\/aliso.fr\/reseau\/wp-content\/uploads\/sites\/4\/2026\/01\/Capture-decran-2026-01-12-114644.png 1676w\" sizes=\"auto, (max-width: 764px) 100vw, 764px\" \/><\/figure>\n\n\n\n<p><strong>Le premier centre social en France<\/strong> prend forme en 1896, \u00e0 l\u2019initiative de Marie Gah\u00e9ry, avec l\u2019appui du Marquis Albert Costa de Beauregard. Il s\u2019implante dans le XIe arrondissement de Paris et re\u00e7oit le nom d\u2019 Oeuvre sociale de Popincourt. Il reprend les postures fondamentales des&nbsp; \u00ab settlements \u00bb, n\u00e9s \u00e0 Londres et aux USA \u00e0 partir de 1884 : face aux injustices subies par les populations laborieuses et les divisions sociales qu\u2019elles g\u00e9n\u00e8rent, <strong>il s\u2019agit de faire \u0153uvre sociale, et non pas \u0153uvre charitable<\/strong>, c\u2019est-\u00e0-dire d\u2019\u00e9tablir, dans les lieux de vie, des liens de coop\u00e9ration \u00e9mancipatrice entre des personnes de conditions \u00e9conomiques et culturelles diff\u00e9rentes. Pour r\u00e9ussir une telle action, il faut que les \u00ab&nbsp;travailleurs sociaux&nbsp;\u00bb viennent r\u00e9sider dans le quartier populaire et y nouer des relations d\u2019entraides, d\u00e9sint\u00e9ress\u00e9es et amicales, avec leurs voisins.<\/p>\n\n\n\n<p>Merc\u00e9d\u00e8s le Fer de la Motte prend le relais de Marie Gah\u00e9ry et cr\u00e9e, en 1903, avec la Ligue de la Patrie Fran\u00e7aise, l\u2019association La Maison sociale, avec les concours, notamment, de la baronne In\u00e8s Pi\u00e9rard et d\u2019Apolline de Gourlet. En peu d\u2019ann\u00e9es, elle cr\u00e9e <strong>six Maisons sociales<\/strong> \u00e0 Paris et dans sa banlieue, dont celle de Levallois Perret avec Marie-Jeanne Bassot. Ce premier r\u00e9seau novateur ne pourra pas persister, ayant \u00e9t\u00e9 particuli\u00e8rement contest\u00e9 par des forces sociales conservatrices \u00e0 l\u2019occasion du proc\u00e8s intent\u00e9 en 1909 par Marie-Jeanne Bassot \u00e0 l\u2019encontre de ses parents qui l\u2019avaient fait enlever et interner dans un h\u00f4pital psychiatrique en Suisse parce qu\u2019ils refusaient son engagement de r\u00e9sidente dans les Maisons sociales.<\/p>\n\n\n\n<p>Quatre anciennes r\u00e9sidentes reconstituent pourtant de nouvelles Maisons sociales dans les quartiers populaires o\u00f9 elles avaient d\u00e9but\u00e9. En particulier, d\u00e8s 1910, Marie-Jeanne Bassot, avec le concours de Mathilde Girault, d\u00e9veloppe \u00e0 Levallois-Perret une action sociale, sanitaire et \u00e9ducative \u00e0 laquelle coop\u00e8rent les habitants et constitue ainsi une R\u00e9sidence sociale qui devient une r\u00e9f\u00e9rence, en France et \u00e0 l\u2019\u00e9tranger.<\/p>\n\n\n\n<p>En 1922, Marie-Jeanne Bassot regroupe en une<strong>&nbsp;F\u00e9d\u00e9ration des centres sociaux de France<\/strong>&nbsp;(FCSF) les \u0153uvres sociales fran\u00e7aises partageant les m\u00eames objectifs. La jeune F\u00e9d\u00e9ration peut ainsi se joindre au premier congr\u00e8s international des \u00ab&nbsp;settlements&nbsp;\u00bb qui aura lieu quelques mois plus tard \u00e0 Londres et deviendra l\u2019artisan d\u2019un premier d\u00e9veloppement des centres sociaux \u00e0 l\u2019\u00e9chelle nationale.<\/p>\n\n\n\n<p>Apr\u00e8s la seconde guerre mondiale, la g\u00e9n\u00e9ralisation d\u2019une politique familiale, men\u00e9e notamment par les&nbsp;<strong>Caisses d\u2019allocations familiales et les Caisses de la mutualit\u00e9 sociale agricole&nbsp;<\/strong>am\u00e8ne la cr\u00e9ation de nombreux centres, en ville et dans les campagnes, afin de rendre accessibles aux familles les services m\u00e9dico-sociaux et sociaux institu\u00e9s. En parall\u00e8le, la FCSF s\u2019efforce de prolonger l\u2019esprit premier des centres sociaux et l\u2019exprime, en 1952, dans un rapport, cor\u00e9dig\u00e9 avec le Minist\u00e8re de la Sant\u00e9 publique et de la Population et r\u00e9alis\u00e9 \u00e0 la demande du Conseil \u00e9conomique et social des Nations Unies.&nbsp;Dans les ann\u00e9es 1960, la politique intensive d\u2019urbanisations nouvelles orchestr\u00e9e par l\u2019Etat et le d\u00e9veloppement conjoint de&nbsp;<strong>mouvements militants r\u00e9sidentiels<\/strong>&nbsp;favorisent l\u2019\u00e9mergence de nombreux centres sociaux dans ces quartiers nouveaux. Des probl\u00e9matiques communes, tels ceux du financement, de la professionnalisation des activit\u00e9s et de la place des usagers incitent les centres sociaux \u00e0 se grouper en f\u00e9d\u00e9rations d\u00e9partementales ou r\u00e9gionales.<\/p>\n\n\n\n<p><strong>La fonction d\u2019animation sociale locale et globale<\/strong>&nbsp;du centre social, de plus en plus pratiqu\u00e9e par les centres sociaux, se voit confort\u00e9e en 1971 par la Caisse nationale des Caisses d\u2019allocations familiales (CNAF) qui cr\u00e9e pour cette fonction un agr\u00e9ment du centre social, en lui associant un financement appel\u00e9 \u00ab&nbsp;prestation de service&nbsp;\u00bb. En 1984, cet&nbsp;<strong>agr\u00e9ment<\/strong>&nbsp;est d\u00e9centralis\u00e9&nbsp;: chaque Caisse d\u2019allocations familiales locale a d\u00e9sormais comp\u00e9tence pour l\u2019attribuer au centre social en fonction du&nbsp;<strong>projet social<\/strong>&nbsp;qu\u2019il a \u00e9labor\u00e9 pour les quatre ann\u00e9es \u00e0 venir.<\/p>\n\n\n\n<p>Dans les m\u00eames ann\u00e9es, la F\u00e9d\u00e9ration, qui a \u00e9tendu son appellation pour devenir la F\u00e9d\u00e9ration des Centres sociaux et Socioculturels de France (1967), entreprend de&nbsp;<strong>r\u00e9guler la professionnalisation des acteurs des centres sociaux<\/strong>. Elle ouvre ses instances d\u00e9lib\u00e9ratives f\u00e9d\u00e9rales aux usagers et aux salari\u00e9s en sus des gestionnaires, en instituant dans ses statuts trois coll\u00e8ges repr\u00e9sentatifs (1970). Elle suscite aussi la cr\u00e9ation d\u2019un syndicat employeur, le Snaecso (1971) et appuie l\u2019instauration d\u2019une convention collective sp\u00e9cifique aux Centres sociaux (1983).<\/p>\n\n\n\n<p>Dans les ann\u00e9es 1980,&nbsp;<strong>les difficult\u00e9s \u00e9conomiques et sociales v\u00e9cues<\/strong>&nbsp;de plus en plus par les populations des zones urbaines ou rurales o\u00f9 sont implant\u00e9s les centres sociaux, incitent ceux-ci \u00e0 prendre de nouvelles initiatives, en lien avec de nouvelles politiques, sp\u00e9cifiques ou de droit commun, engag\u00e9es alors par les pouvoirs publics (Politique de la Ville, RMI\/RSA, soutien \u00e0 la parentalit\u00e9, \u2026). En l\u2019an 2000 \u00e0 Angers, les centres sociaux et socioculturels adoptent la&nbsp;<strong><a href=\"https:\/\/nuage.aliso.fr\/index.php\/s\/6wt6DPo2bryGcrW\" target=\"_blank\" rel=\"noreferrer noopener\">Charte des centres sociaux et socioculturels<\/a><\/strong>&nbsp;qui \u00e9nonce leurs valeurs de r\u00e9f\u00e9rence et leurs mani\u00e8res d\u2019agir. Ils acqui\u00e8rent ainsi une nouvelle capacit\u00e9 \u00e0 structurer leur action \u00e9mancipatrice en lien avec les populations et les pouvoirs publics, ce qui les conduit en 2013, en congr\u00e8s \u00e0 Lyon \u00e0 affirmer leur priorit\u00e9&nbsp;: permettre le d\u00e9veloppement du pouvoir d\u2019agir des habitants.<\/p>\n\n\n\n<p>M\u00e9moires Vives-Centres sociaux, janvier 2019 \u00ab\u00a0<\/p>\n\n\n\n<p>sources : <a href=\"https:\/\/www.centres-sociaux.fr\/quest-ce-quun-centre-social\/\" target=\"_blank\" rel=\"noreferrer noopener\">https:\/\/www.centres-sociaux.fr\/quest-ce-quun-centre-social\/<\/a><\/p>\n\n\n\n<p><\/p>\n","protected":false},"excerpt":{"rendered":"<p>Le terme de \u00ab\u00a0centre social\u00a0\u00bb est parfois m\u00e9connu et assimil\u00e9 \u00e0 diverses repr\u00e9sentations.Si son histoire et ses missions n&rsquo;ont plus de secret pour bon nombre de personnes qui y \u00e9voluent, elle m\u00e9rite encore d&rsquo;\u00eatre transmise \u00e0 celles et ceux qui n&rsquo;ont finalement jamais eue l&rsquo;occasion ou le besoin d&rsquo;en passer la porte, ou \u00e0 ceux&#8230; <a class=\"excerpt-read-more button\" href=\"https:\/\/aliso.fr\/reseau\/culture-commune-les-centres-sociaux-leur-charte\/\" title=\"ReadCulture Commune : Les centres sociaux &amp; leur charte\">En savoir plus &raquo;<\/a><\/p>\n","protected":false},"author":3,"featured_media":3303,"comment_status":"closed","ping_status":"open","sticky":false,"template":"","format":"standard","meta":{"footnotes":""},"categories":[3],"tags":[],"class_list":["post-3301","post","type-post","status-publish","format-standard","has-post-thumbnail","hentry","category-actualite"],"yoast_head":"<!-- This site is optimized with the Yoast SEO plugin v27.4 - https:\/\/yoast.com\/product\/yoast-seo-wordpress\/ -->\n<title>Culture Commune : Les centres sociaux &amp; leur charte - Aliso R\u00e9seau<\/title>\n<meta name=\"robots\" content=\"index, follow, max-snippet:-1, max-image-preview:large, max-video-preview:-1\" \/>\n<link rel=\"canonical\" href=\"https:\/\/aliso.fr\/reseau\/culture-commune-les-centres-sociaux-leur-charte\/\" \/>\n<meta property=\"og:locale\" content=\"fr_FR\" \/>\n<meta property=\"og:type\" content=\"article\" \/>\n<meta property=\"og:title\" content=\"Culture Commune : Les centres sociaux &amp; leur charte - Aliso R\u00e9seau\" \/>\n<meta property=\"og:description\" content=\"Le terme de \u00ab\u00a0centre social\u00a0\u00bb est parfois m\u00e9connu et assimil\u00e9 \u00e0 diverses repr\u00e9sentations.Si son histoire et ses missions n&rsquo;ont plus de secret pour bon nombre de personnes qui y \u00e9voluent, elle m\u00e9rite encore d&rsquo;\u00eatre transmise \u00e0 celles et ceux qui n&rsquo;ont finalement jamais eue l&rsquo;occasion ou le besoin d&rsquo;en passer la porte, ou \u00e0 ceux... En savoir plus &raquo;\" \/>\n<meta property=\"og:url\" content=\"https:\/\/aliso.fr\/reseau\/culture-commune-les-centres-sociaux-leur-charte\/\" \/>\n<meta property=\"og:site_name\" content=\"Aliso R\u00e9seau\" \/>\n<meta property=\"article:published_time\" content=\"2026-01-12T11:20:43+00:00\" \/>\n<meta property=\"article:modified_time\" content=\"2026-01-12T11:25:59+00:00\" \/>\n<meta property=\"og:image\" content=\"https:\/\/aliso.fr\/reseau\/wp-content\/uploads\/sites\/4\/2026\/01\/Logo-FCSF-lite-500.png\" \/>\n\t<meta property=\"og:image:width\" content=\"500\" \/>\n\t<meta property=\"og:image:height\" content=\"581\" \/>\n\t<meta property=\"og:image:type\" content=\"image\/png\" \/>\n<meta name=\"author\" content=\"laure\" \/>\n<meta name=\"twitter:card\" content=\"summary_large_image\" \/>\n<script type=\"application\/ld+json\" class=\"yoast-schema-graph\">{\"@context\":\"https:\\\/\\\/schema.org\",\"@graph\":[{\"@type\":\"Article\",\"@id\":\"https:\\\/\\\/aliso.fr\\\/reseau\\\/culture-commune-les-centres-sociaux-leur-charte\\\/#article\",\"isPartOf\":{\"@id\":\"https:\\\/\\\/aliso.fr\\\/reseau\\\/culture-commune-les-centres-sociaux-leur-charte\\\/\"},\"author\":{\"name\":\"laure\",\"@id\":\"https:\\\/\\\/aliso.fr\\\/reseau\\\/#\\\/schema\\\/person\\\/056af145b9c52eee21a9f739489104a5\"},\"headline\":\"Culture Commune : Les centres sociaux &amp; leur charte\",\"datePublished\":\"2026-01-12T11:20:43+00:00\",\"dateModified\":\"2026-01-12T11:25:59+00:00\",\"mainEntityOfPage\":{\"@id\":\"https:\\\/\\\/aliso.fr\\\/reseau\\\/culture-commune-les-centres-sociaux-leur-charte\\\/\"},\"wordCount\":1167,\"publisher\":{\"@id\":\"https:\\\/\\\/aliso.fr\\\/reseau\\\/#organization\"},\"image\":{\"@id\":\"https:\\\/\\\/aliso.fr\\\/reseau\\\/culture-commune-les-centres-sociaux-leur-charte\\\/#primaryimage\"},\"thumbnailUrl\":\"https:\\\/\\\/aliso.fr\\\/reseau\\\/wp-content\\\/uploads\\\/sites\\\/4\\\/2026\\\/01\\\/Logo-FCSF-lite-500.png\",\"articleSection\":[\"Actualit\u00e9\"],\"inLanguage\":\"fr-FR\"},{\"@type\":\"WebPage\",\"@id\":\"https:\\\/\\\/aliso.fr\\\/reseau\\\/culture-commune-les-centres-sociaux-leur-charte\\\/\",\"url\":\"https:\\\/\\\/aliso.fr\\\/reseau\\\/culture-commune-les-centres-sociaux-leur-charte\\\/\",\"name\":\"Culture Commune : Les centres sociaux &amp; leur charte - Aliso R\u00e9seau\",\"isPartOf\":{\"@id\":\"https:\\\/\\\/aliso.fr\\\/reseau\\\/#website\"},\"primaryImageOfPage\":{\"@id\":\"https:\\\/\\\/aliso.fr\\\/reseau\\\/culture-commune-les-centres-sociaux-leur-charte\\\/#primaryimage\"},\"image\":{\"@id\":\"https:\\\/\\\/aliso.fr\\\/reseau\\\/culture-commune-les-centres-sociaux-leur-charte\\\/#primaryimage\"},\"thumbnailUrl\":\"https:\\\/\\\/aliso.fr\\\/reseau\\\/wp-content\\\/uploads\\\/sites\\\/4\\\/2026\\\/01\\\/Logo-FCSF-lite-500.png\",\"datePublished\":\"2026-01-12T11:20:43+00:00\",\"dateModified\":\"2026-01-12T11:25:59+00:00\",\"breadcrumb\":{\"@id\":\"https:\\\/\\\/aliso.fr\\\/reseau\\\/culture-commune-les-centres-sociaux-leur-charte\\\/#breadcrumb\"},\"inLanguage\":\"fr-FR\",\"potentialAction\":[{\"@type\":\"ReadAction\",\"target\":[\"https:\\\/\\\/aliso.fr\\\/reseau\\\/culture-commune-les-centres-sociaux-leur-charte\\\/\"]}]},{\"@type\":\"ImageObject\",\"inLanguage\":\"fr-FR\",\"@id\":\"https:\\\/\\\/aliso.fr\\\/reseau\\\/culture-commune-les-centres-sociaux-leur-charte\\\/#primaryimage\",\"url\":\"https:\\\/\\\/aliso.fr\\\/reseau\\\/wp-content\\\/uploads\\\/sites\\\/4\\\/2026\\\/01\\\/Logo-FCSF-lite-500.png\",\"contentUrl\":\"https:\\\/\\\/aliso.fr\\\/reseau\\\/wp-content\\\/uploads\\\/sites\\\/4\\\/2026\\\/01\\\/Logo-FCSF-lite-500.png\",\"width\":500,\"height\":581},{\"@type\":\"BreadcrumbList\",\"@id\":\"https:\\\/\\\/aliso.fr\\\/reseau\\\/culture-commune-les-centres-sociaux-leur-charte\\\/#breadcrumb\",\"itemListElement\":[{\"@type\":\"ListItem\",\"position\":1,\"name\":\"Accueil\",\"item\":\"https:\\\/\\\/aliso.fr\\\/reseau\\\/\"},{\"@type\":\"ListItem\",\"position\":2,\"name\":\"Actualit\u00e9\",\"item\":\"https:\\\/\\\/aliso.fr\\\/reseau\\\/actualite\\\/\"},{\"@type\":\"ListItem\",\"position\":3,\"name\":\"Culture Commune : Les centres sociaux &amp; leur charte\"}]},{\"@type\":\"WebSite\",\"@id\":\"https:\\\/\\\/aliso.fr\\\/reseau\\\/#website\",\"url\":\"https:\\\/\\\/aliso.fr\\\/reseau\\\/\",\"name\":\"Aliso R\u00e9seau\",\"description\":\"R\u00e9seau Creusois des acteurs du lien social\",\"publisher\":{\"@id\":\"https:\\\/\\\/aliso.fr\\\/reseau\\\/#organization\"},\"potentialAction\":[{\"@type\":\"SearchAction\",\"target\":{\"@type\":\"EntryPoint\",\"urlTemplate\":\"https:\\\/\\\/aliso.fr\\\/reseau\\\/?s={search_term_string}\"},\"query-input\":{\"@type\":\"PropertyValueSpecification\",\"valueRequired\":true,\"valueName\":\"search_term_string\"}}],\"inLanguage\":\"fr-FR\"},{\"@type\":\"Organization\",\"@id\":\"https:\\\/\\\/aliso.fr\\\/reseau\\\/#organization\",\"name\":\"Aliso R\u00e9seau\",\"url\":\"https:\\\/\\\/aliso.fr\\\/reseau\\\/\",\"logo\":{\"@type\":\"ImageObject\",\"inLanguage\":\"fr-FR\",\"@id\":\"https:\\\/\\\/aliso.fr\\\/reseau\\\/#\\\/schema\\\/logo\\\/image\\\/\",\"url\":\"https:\\\/\\\/aliso.fr\\\/reseau\\\/wp-content\\\/uploads\\\/sites\\\/4\\\/2022\\\/01\\\/Logo-ALISO-Reseau-2.png\",\"contentUrl\":\"https:\\\/\\\/aliso.fr\\\/reseau\\\/wp-content\\\/uploads\\\/sites\\\/4\\\/2022\\\/01\\\/Logo-ALISO-Reseau-2.png\",\"width\":900,\"height\":970,\"caption\":\"Aliso R\u00e9seau\"},\"image\":{\"@id\":\"https:\\\/\\\/aliso.fr\\\/reseau\\\/#\\\/schema\\\/logo\\\/image\\\/\"}},{\"@type\":\"Person\",\"@id\":\"https:\\\/\\\/aliso.fr\\\/reseau\\\/#\\\/schema\\\/person\\\/056af145b9c52eee21a9f739489104a5\",\"name\":\"laure\"}]}<\/script>\n<!-- \/ Yoast SEO plugin. -->","yoast_head_json":{"title":"Culture Commune : Les centres sociaux &amp; leur charte - Aliso R\u00e9seau","robots":{"index":"index","follow":"follow","max-snippet":"max-snippet:-1","max-image-preview":"max-image-preview:large","max-video-preview":"max-video-preview:-1"},"canonical":"https:\/\/aliso.fr\/reseau\/culture-commune-les-centres-sociaux-leur-charte\/","og_locale":"fr_FR","og_type":"article","og_title":"Culture Commune : Les centres sociaux &amp; leur charte - Aliso R\u00e9seau","og_description":"Le terme de \u00ab\u00a0centre social\u00a0\u00bb est parfois m\u00e9connu et assimil\u00e9 \u00e0 diverses repr\u00e9sentations.Si son histoire et ses missions n&rsquo;ont plus de secret pour bon nombre de personnes qui y \u00e9voluent, elle m\u00e9rite encore d&rsquo;\u00eatre transmise \u00e0 celles et ceux qui n&rsquo;ont finalement jamais eue l&rsquo;occasion ou le besoin d&rsquo;en passer la porte, ou \u00e0 ceux... En savoir plus &raquo;","og_url":"https:\/\/aliso.fr\/reseau\/culture-commune-les-centres-sociaux-leur-charte\/","og_site_name":"Aliso R\u00e9seau","article_published_time":"2026-01-12T11:20:43+00:00","article_modified_time":"2026-01-12T11:25:59+00:00","og_image":[{"width":500,"height":581,"url":"https:\/\/aliso.fr\/reseau\/wp-content\/uploads\/sites\/4\/2026\/01\/Logo-FCSF-lite-500.png","type":"image\/png"}],"author":"laure","twitter_card":"summary_large_image","schema":{"@context":"https:\/\/schema.org","@graph":[{"@type":"Article","@id":"https:\/\/aliso.fr\/reseau\/culture-commune-les-centres-sociaux-leur-charte\/#article","isPartOf":{"@id":"https:\/\/aliso.fr\/reseau\/culture-commune-les-centres-sociaux-leur-charte\/"},"author":{"name":"laure","@id":"https:\/\/aliso.fr\/reseau\/#\/schema\/person\/056af145b9c52eee21a9f739489104a5"},"headline":"Culture Commune : Les centres sociaux &amp; leur charte","datePublished":"2026-01-12T11:20:43+00:00","dateModified":"2026-01-12T11:25:59+00:00","mainEntityOfPage":{"@id":"https:\/\/aliso.fr\/reseau\/culture-commune-les-centres-sociaux-leur-charte\/"},"wordCount":1167,"publisher":{"@id":"https:\/\/aliso.fr\/reseau\/#organization"},"image":{"@id":"https:\/\/aliso.fr\/reseau\/culture-commune-les-centres-sociaux-leur-charte\/#primaryimage"},"thumbnailUrl":"https:\/\/aliso.fr\/reseau\/wp-content\/uploads\/sites\/4\/2026\/01\/Logo-FCSF-lite-500.png","articleSection":["Actualit\u00e9"],"inLanguage":"fr-FR"},{"@type":"WebPage","@id":"https:\/\/aliso.fr\/reseau\/culture-commune-les-centres-sociaux-leur-charte\/","url":"https:\/\/aliso.fr\/reseau\/culture-commune-les-centres-sociaux-leur-charte\/","name":"Culture Commune : Les centres sociaux &amp; leur charte - Aliso R\u00e9seau","isPartOf":{"@id":"https:\/\/aliso.fr\/reseau\/#website"},"primaryImageOfPage":{"@id":"https:\/\/aliso.fr\/reseau\/culture-commune-les-centres-sociaux-leur-charte\/#primaryimage"},"image":{"@id":"https:\/\/aliso.fr\/reseau\/culture-commune-les-centres-sociaux-leur-charte\/#primaryimage"},"thumbnailUrl":"https:\/\/aliso.fr\/reseau\/wp-content\/uploads\/sites\/4\/2026\/01\/Logo-FCSF-lite-500.png","datePublished":"2026-01-12T11:20:43+00:00","dateModified":"2026-01-12T11:25:59+00:00","breadcrumb":{"@id":"https:\/\/aliso.fr\/reseau\/culture-commune-les-centres-sociaux-leur-charte\/#breadcrumb"},"inLanguage":"fr-FR","potentialAction":[{"@type":"ReadAction","target":["https:\/\/aliso.fr\/reseau\/culture-commune-les-centres-sociaux-leur-charte\/"]}]},{"@type":"ImageObject","inLanguage":"fr-FR","@id":"https:\/\/aliso.fr\/reseau\/culture-commune-les-centres-sociaux-leur-charte\/#primaryimage","url":"https:\/\/aliso.fr\/reseau\/wp-content\/uploads\/sites\/4\/2026\/01\/Logo-FCSF-lite-500.png","contentUrl":"https:\/\/aliso.fr\/reseau\/wp-content\/uploads\/sites\/4\/2026\/01\/Logo-FCSF-lite-500.png","width":500,"height":581},{"@type":"BreadcrumbList","@id":"https:\/\/aliso.fr\/reseau\/culture-commune-les-centres-sociaux-leur-charte\/#breadcrumb","itemListElement":[{"@type":"ListItem","position":1,"name":"Accueil","item":"https:\/\/aliso.fr\/reseau\/"},{"@type":"ListItem","position":2,"name":"Actualit\u00e9","item":"https:\/\/aliso.fr\/reseau\/actualite\/"},{"@type":"ListItem","position":3,"name":"Culture Commune : Les centres sociaux &amp; leur charte"}]},{"@type":"WebSite","@id":"https:\/\/aliso.fr\/reseau\/#website","url":"https:\/\/aliso.fr\/reseau\/","name":"Aliso R\u00e9seau","description":"R\u00e9seau Creusois des acteurs du lien social","publisher":{"@id":"https:\/\/aliso.fr\/reseau\/#organization"},"potentialAction":[{"@type":"SearchAction","target":{"@type":"EntryPoint","urlTemplate":"https:\/\/aliso.fr\/reseau\/?s={search_term_string}"},"query-input":{"@type":"PropertyValueSpecification","valueRequired":true,"valueName":"search_term_string"}}],"inLanguage":"fr-FR"},{"@type":"Organization","@id":"https:\/\/aliso.fr\/reseau\/#organization","name":"Aliso R\u00e9seau","url":"https:\/\/aliso.fr\/reseau\/","logo":{"@type":"ImageObject","inLanguage":"fr-FR","@id":"https:\/\/aliso.fr\/reseau\/#\/schema\/logo\/image\/","url":"https:\/\/aliso.fr\/reseau\/wp-content\/uploads\/sites\/4\/2022\/01\/Logo-ALISO-Reseau-2.png","contentUrl":"https:\/\/aliso.fr\/reseau\/wp-content\/uploads\/sites\/4\/2022\/01\/Logo-ALISO-Reseau-2.png","width":900,"height":970,"caption":"Aliso R\u00e9seau"},"image":{"@id":"https:\/\/aliso.fr\/reseau\/#\/schema\/logo\/image\/"}},{"@type":"Person","@id":"https:\/\/aliso.fr\/reseau\/#\/schema\/person\/056af145b9c52eee21a9f739489104a5","name":"laure"}]}},"_links":{"self":[{"href":"https:\/\/aliso.fr\/reseau\/wp-json\/wp\/v2\/posts\/3301","targetHints":{"allow":["GET"]}}],"collection":[{"href":"https:\/\/aliso.fr\/reseau\/wp-json\/wp\/v2\/posts"}],"about":[{"href":"https:\/\/aliso.fr\/reseau\/wp-json\/wp\/v2\/types\/post"}],"author":[{"embeddable":true,"href":"https:\/\/aliso.fr\/reseau\/wp-json\/wp\/v2\/users\/3"}],"replies":[{"embeddable":true,"href":"https:\/\/aliso.fr\/reseau\/wp-json\/wp\/v2\/comments?post=3301"}],"version-history":[{"count":2,"href":"https:\/\/aliso.fr\/reseau\/wp-json\/wp\/v2\/posts\/3301\/revisions"}],"predecessor-version":[{"id":3307,"href":"https:\/\/aliso.fr\/reseau\/wp-json\/wp\/v2\/posts\/3301\/revisions\/3307"}],"wp:featuredmedia":[{"embeddable":true,"href":"https:\/\/aliso.fr\/reseau\/wp-json\/wp\/v2\/media\/3303"}],"wp:attachment":[{"href":"https:\/\/aliso.fr\/reseau\/wp-json\/wp\/v2\/media?parent=3301"}],"wp:term":[{"taxonomy":"category","embeddable":true,"href":"https:\/\/aliso.fr\/reseau\/wp-json\/wp\/v2\/categories?post=3301"},{"taxonomy":"post_tag","embeddable":true,"href":"https:\/\/aliso.fr\/reseau\/wp-json\/wp\/v2\/tags?post=3301"}],"curies":[{"name":"wp","href":"https:\/\/api.w.org\/{rel}","templated":true}]}}