{"id":3308,"date":"2026-01-13T15:28:43","date_gmt":"2026-01-13T14:28:43","guid":{"rendered":"https:\/\/aliso.fr\/reseau\/?p=3308"},"modified":"2026-01-13T15:28:44","modified_gmt":"2026-01-13T14:28:44","slug":"6-fevrier-2026-rencontre-avec-uniformation","status":"publish","type":"post","link":"https:\/\/aliso.fr\/reseau\/6-fevrier-2026-rencontre-avec-uniformation\/","title":{"rendered":"6 FEVRIER 2026 : RENCONTRE AVEC UNIFORMATION"},"content":{"rendered":"\n<p>ALISO, avec le DLA et Uniformation, organisent une journ\u00e9e de rencontre \u00e0 Gu\u00e9ret (lieu \u00e0 d\u00e9finir en fonction du nombre de participants) autour de la formation pour r\u00e9pondre \u00e0 vos questions sur : <br>\u2705\u00a0Le fonctionnement et les priorit\u00e9s de votre OPCO<br>\u2705 Le fonctionnement du traitement de vos demandes (d\u00e9lai accord, relance, refus) et de votre espace priv\u00e9<br>\u2705 Les fondamentaux de la formation professionnelle. Pourquoi se former\u00a0? Les bonnes pratiques, les ressources. Comment passer de l\u2019id\u00e9e \u00e0 la concr\u00e9tisation d\u2019un plan de formation<\/p>\n\n\n\n<p>Voici le lien pour s&rsquo;inscrire \u00e0 l&rsquo;\u00e9v\u00e9nement et avoir plus d&rsquo;infos : <a href=\"https:\/\/www.uniformation.fr\/Evenements\/show\/28569\/Reunion-d-information-Formation-Professionnelle-Pourquoi-Comment\">Module \u00e9v\u00e8nement | Uniformation<\/a><\/p>\n\n\n\n<p><\/p>\n","protected":false},"excerpt":{"rendered":"<p>ALISO, avec le DLA et Uniformation, organisent une journ\u00e9e de rencontre \u00e0 Gu\u00e9ret (lieu \u00e0 d\u00e9finir en fonction du nombre de participants) autour de la formation pour r\u00e9pondre \u00e0 vos questions sur : \u2705\u00a0Le fonctionnement et les priorit\u00e9s de votre OPCO\u2705 Le fonctionnement du traitement de vos demandes (d\u00e9lai accord, relance, refus) et de votre&#8230; <a class=\"excerpt-read-more button\" href=\"https:\/\/aliso.fr\/reseau\/6-fevrier-2026-rencontre-avec-uniformation\/\" title=\"Read6 FEVRIER 2026 : RENCONTRE AVEC UNIFORMATION\">En savoir plus &raquo;<\/a><\/p>\n","protected":false},"author":3,"featured_media":3316,"comment_status":"closed","ping_status":"open","sticky":false,"template":"","format":"standard","meta":{"footnotes":""},"categories":[3,7],"tags":[],"class_list":["post-3308","post","type-post","status-publish","format-standard","has-post-thumbnail","hentry","category-actualite","category-nos-actions"],"yoast_head":"<!-- This site is optimized with the Yoast SEO plugin v27.4 - https:\/\/yoast.com\/product\/yoast-seo-wordpress\/ -->\n<title>6 FEVRIER 2026 : RENCONTRE AVEC UNIFORMATION - Aliso R\u00e9seau<\/title>\n<meta name=\"robots\" content=\"index, follow, max-snippet:-1, max-image-preview:large, max-video-preview:-1\" \/>\n<link rel=\"canonical\" href=\"https:\/\/aliso.fr\/reseau\/6-fevrier-2026-rencontre-avec-uniformation\/\" \/>\n<meta property=\"og:locale\" content=\"fr_FR\" \/>\n<meta property=\"og:type\" content=\"article\" \/>\n<meta property=\"og:title\" content=\"6 FEVRIER 2026 : RENCONTRE AVEC UNIFORMATION - Aliso R\u00e9seau\" \/>\n<meta property=\"og:description\" content=\"ALISO, avec le DLA et Uniformation, organisent une journ\u00e9e de rencontre \u00e0 Gu\u00e9ret (lieu \u00e0 d\u00e9finir en fonction du nombre de participants) autour de la formation pour r\u00e9pondre \u00e0 vos questions sur : \u2705\u00a0Le fonctionnement et les priorit\u00e9s de votre OPCO\u2705 Le fonctionnement du traitement de vos demandes (d\u00e9lai accord, relance, refus) et de votre... En savoir plus &raquo;\" \/>\n<meta property=\"og:url\" content=\"https:\/\/aliso.fr\/reseau\/6-fevrier-2026-rencontre-avec-uniformation\/\" \/>\n<meta property=\"og:site_name\" content=\"Aliso R\u00e9seau\" \/>\n<meta property=\"article:published_time\" content=\"2026-01-13T14:28:43+00:00\" \/>\n<meta property=\"article:modified_time\" content=\"2026-01-13T14:28:44+00:00\" \/>\n<meta property=\"og:image\" content=\"https:\/\/aliso.fr\/reseau\/wp-content\/uploads\/sites\/4\/2026\/01\/uniformation.png\" \/>\n\t<meta property=\"og:image:width\" content=\"402\" \/>\n\t<meta property=\"og:image:height\" content=\"125\" \/>\n\t<meta property=\"og:image:type\" content=\"image\/png\" \/>\n<meta name=\"author\" content=\"laure\" \/>\n<meta name=\"twitter:card\" content=\"summary_large_image\" \/>\n<script type=\"application\/ld+json\" class=\"yoast-schema-graph\">{\"@context\":\"https:\\\/\\\/schema.org\",\"@graph\":[{\"@type\":\"Article\",\"@id\":\"https:\\\/\\\/aliso.fr\\\/reseau\\\/6-fevrier-2026-rencontre-avec-uniformation\\\/#article\",\"isPartOf\":{\"@id\":\"https:\\\/\\\/aliso.fr\\\/reseau\\\/6-fevrier-2026-rencontre-avec-uniformation\\\/\"},\"author\":{\"name\":\"laure\",\"@id\":\"https:\\\/\\\/aliso.fr\\\/reseau\\\/#\\\/schema\\\/person\\\/056af145b9c52eee21a9f739489104a5\"},\"headline\":\"6 FEVRIER 2026 : RENCONTRE AVEC UNIFORMATION\",\"datePublished\":\"2026-01-13T14:28:43+00:00\",\"dateModified\":\"2026-01-13T14:28:44+00:00\",\"mainEntityOfPage\":{\"@id\":\"https:\\\/\\\/aliso.fr\\\/reseau\\\/6-fevrier-2026-rencontre-avec-uniformation\\\/\"},\"wordCount\":109,\"publisher\":{\"@id\":\"https:\\\/\\\/aliso.fr\\\/reseau\\\/#organization\"},\"image\":{\"@id\":\"https:\\\/\\\/aliso.fr\\\/reseau\\\/6-fevrier-2026-rencontre-avec-uniformation\\\/#primaryimage\"},\"thumbnailUrl\":\"https:\\\/\\\/aliso.fr\\\/reseau\\\/wp-content\\\/uploads\\\/sites\\\/4\\\/2026\\\/01\\\/uniformation.png\",\"articleSection\":[\"Actualit\u00e9\",\"Nos actions\"],\"inLanguage\":\"fr-FR\"},{\"@type\":\"WebPage\",\"@id\":\"https:\\\/\\\/aliso.fr\\\/reseau\\\/6-fevrier-2026-rencontre-avec-uniformation\\\/\",\"url\":\"https:\\\/\\\/aliso.fr\\\/reseau\\\/6-fevrier-2026-rencontre-avec-uniformation\\\/\",\"name\":\"6 FEVRIER 2026 : RENCONTRE AVEC UNIFORMATION - Aliso R\u00e9seau\",\"isPartOf\":{\"@id\":\"https:\\\/\\\/aliso.fr\\\/reseau\\\/#website\"},\"primaryImageOfPage\":{\"@id\":\"https:\\\/\\\/aliso.fr\\\/reseau\\\/6-fevrier-2026-rencontre-avec-uniformation\\\/#primaryimage\"},\"image\":{\"@id\":\"https:\\\/\\\/aliso.fr\\\/reseau\\\/6-fevrier-2026-rencontre-avec-uniformation\\\/#primaryimage\"},\"thumbnailUrl\":\"https:\\\/\\\/aliso.fr\\\/reseau\\\/wp-content\\\/uploads\\\/sites\\\/4\\\/2026\\\/01\\\/uniformation.png\",\"datePublished\":\"2026-01-13T14:28:43+00:00\",\"dateModified\":\"2026-01-13T14:28:44+00:00\",\"breadcrumb\":{\"@id\":\"https:\\\/\\\/aliso.fr\\\/reseau\\\/6-fevrier-2026-rencontre-avec-uniformation\\\/#breadcrumb\"},\"inLanguage\":\"fr-FR\",\"potentialAction\":[{\"@type\":\"ReadAction\",\"target\":[\"https:\\\/\\\/aliso.fr\\\/reseau\\\/6-fevrier-2026-rencontre-avec-uniformation\\\/\"]}]},{\"@type\":\"ImageObject\",\"inLanguage\":\"fr-FR\",\"@id\":\"https:\\\/\\\/aliso.fr\\\/reseau\\\/6-fevrier-2026-rencontre-avec-uniformation\\\/#primaryimage\",\"url\":\"https:\\\/\\\/aliso.fr\\\/reseau\\\/wp-content\\\/uploads\\\/sites\\\/4\\\/2026\\\/01\\\/uniformation.png\",\"contentUrl\":\"https:\\\/\\\/aliso.fr\\\/reseau\\\/wp-content\\\/uploads\\\/sites\\\/4\\\/2026\\\/01\\\/uniformation.png\",\"width\":402,\"height\":125},{\"@type\":\"BreadcrumbList\",\"@id\":\"https:\\\/\\\/aliso.fr\\\/reseau\\\/6-fevrier-2026-rencontre-avec-uniformation\\\/#breadcrumb\",\"itemListElement\":[{\"@type\":\"ListItem\",\"position\":1,\"name\":\"Accueil\",\"item\":\"https:\\\/\\\/aliso.fr\\\/reseau\\\/\"},{\"@type\":\"ListItem\",\"position\":2,\"name\":\"Actualit\u00e9\",\"item\":\"https:\\\/\\\/aliso.fr\\\/reseau\\\/actualite\\\/\"},{\"@type\":\"ListItem\",\"position\":3,\"name\":\"6 FEVRIER 2026 : RENCONTRE AVEC UNIFORMATION\"}]},{\"@type\":\"WebSite\",\"@id\":\"https:\\\/\\\/aliso.fr\\\/reseau\\\/#website\",\"url\":\"https:\\\/\\\/aliso.fr\\\/reseau\\\/\",\"name\":\"Aliso R\u00e9seau\",\"description\":\"R\u00e9seau Creusois des acteurs du lien social\",\"publisher\":{\"@id\":\"https:\\\/\\\/aliso.fr\\\/reseau\\\/#organization\"},\"potentialAction\":[{\"@type\":\"SearchAction\",\"target\":{\"@type\":\"EntryPoint\",\"urlTemplate\":\"https:\\\/\\\/aliso.fr\\\/reseau\\\/?s={search_term_string}\"},\"query-input\":{\"@type\":\"PropertyValueSpecification\",\"valueRequired\":true,\"valueName\":\"search_term_string\"}}],\"inLanguage\":\"fr-FR\"},{\"@type\":\"Organization\",\"@id\":\"https:\\\/\\\/aliso.fr\\\/reseau\\\/#organization\",\"name\":\"Aliso R\u00e9seau\",\"url\":\"https:\\\/\\\/aliso.fr\\\/reseau\\\/\",\"logo\":{\"@type\":\"ImageObject\",\"inLanguage\":\"fr-FR\",\"@id\":\"https:\\\/\\\/aliso.fr\\\/reseau\\\/#\\\/schema\\\/logo\\\/image\\\/\",\"url\":\"https:\\\/\\\/aliso.fr\\\/reseau\\\/wp-content\\\/uploads\\\/sites\\\/4\\\/2022\\\/01\\\/Logo-ALISO-Reseau-2.png\",\"contentUrl\":\"https:\\\/\\\/aliso.fr\\\/reseau\\\/wp-content\\\/uploads\\\/sites\\\/4\\\/2022\\\/01\\\/Logo-ALISO-Reseau-2.png\",\"width\":900,\"height\":970,\"caption\":\"Aliso R\u00e9seau\"},\"image\":{\"@id\":\"https:\\\/\\\/aliso.fr\\\/reseau\\\/#\\\/schema\\\/logo\\\/image\\\/\"}},{\"@type\":\"Person\",\"@id\":\"https:\\\/\\\/aliso.fr\\\/reseau\\\/#\\\/schema\\\/person\\\/056af145b9c52eee21a9f739489104a5\",\"name\":\"laure\"}]}<\/script>\n<!-- \/ Yoast SEO plugin. -->","yoast_head_json":{"title":"6 FEVRIER 2026 : RENCONTRE AVEC UNIFORMATION - Aliso R\u00e9seau","robots":{"index":"index","follow":"follow","max-snippet":"max-snippet:-1","max-image-preview":"max-image-preview:large","max-video-preview":"max-video-preview:-1"},"canonical":"https:\/\/aliso.fr\/reseau\/6-fevrier-2026-rencontre-avec-uniformation\/","og_locale":"fr_FR","og_type":"article","og_title":"6 FEVRIER 2026 : RENCONTRE AVEC UNIFORMATION - Aliso R\u00e9seau","og_description":"ALISO, avec le DLA et Uniformation, organisent une journ\u00e9e de rencontre \u00e0 Gu\u00e9ret (lieu \u00e0 d\u00e9finir en fonction du nombre de participants) autour de la formation pour r\u00e9pondre \u00e0 vos questions sur : \u2705\u00a0Le fonctionnement et les priorit\u00e9s de votre OPCO\u2705 Le fonctionnement du traitement de vos demandes (d\u00e9lai accord, relance, refus) et de votre... En savoir plus &raquo;","og_url":"https:\/\/aliso.fr\/reseau\/6-fevrier-2026-rencontre-avec-uniformation\/","og_site_name":"Aliso R\u00e9seau","article_published_time":"2026-01-13T14:28:43+00:00","article_modified_time":"2026-01-13T14:28:44+00:00","og_image":[{"width":402,"height":125,"url":"https:\/\/aliso.fr\/reseau\/wp-content\/uploads\/sites\/4\/2026\/01\/uniformation.png","type":"image\/png"}],"author":"laure","twitter_card":"summary_large_image","schema":{"@context":"https:\/\/schema.org","@graph":[{"@type":"Article","@id":"https:\/\/aliso.fr\/reseau\/6-fevrier-2026-rencontre-avec-uniformation\/#article","isPartOf":{"@id":"https:\/\/aliso.fr\/reseau\/6-fevrier-2026-rencontre-avec-uniformation\/"},"author":{"name":"laure","@id":"https:\/\/aliso.fr\/reseau\/#\/schema\/person\/056af145b9c52eee21a9f739489104a5"},"headline":"6 FEVRIER 2026 : RENCONTRE AVEC UNIFORMATION","datePublished":"2026-01-13T14:28:43+00:00","dateModified":"2026-01-13T14:28:44+00:00","mainEntityOfPage":{"@id":"https:\/\/aliso.fr\/reseau\/6-fevrier-2026-rencontre-avec-uniformation\/"},"wordCount":109,"publisher":{"@id":"https:\/\/aliso.fr\/reseau\/#organization"},"image":{"@id":"https:\/\/aliso.fr\/reseau\/6-fevrier-2026-rencontre-avec-uniformation\/#primaryimage"},"thumbnailUrl":"https:\/\/aliso.fr\/reseau\/wp-content\/uploads\/sites\/4\/2026\/01\/uniformation.png","articleSection":["Actualit\u00e9","Nos actions"],"inLanguage":"fr-FR"},{"@type":"WebPage","@id":"https:\/\/aliso.fr\/reseau\/6-fevrier-2026-rencontre-avec-uniformation\/","url":"https:\/\/aliso.fr\/reseau\/6-fevrier-2026-rencontre-avec-uniformation\/","name":"6 FEVRIER 2026 : RENCONTRE AVEC UNIFORMATION - Aliso R\u00e9seau","isPartOf":{"@id":"https:\/\/aliso.fr\/reseau\/#website"},"primaryImageOfPage":{"@id":"https:\/\/aliso.fr\/reseau\/6-fevrier-2026-rencontre-avec-uniformation\/#primaryimage"},"image":{"@id":"https:\/\/aliso.fr\/reseau\/6-fevrier-2026-rencontre-avec-uniformation\/#primaryimage"},"thumbnailUrl":"https:\/\/aliso.fr\/reseau\/wp-content\/uploads\/sites\/4\/2026\/01\/uniformation.png","datePublished":"2026-01-13T14:28:43+00:00","dateModified":"2026-01-13T14:28:44+00:00","breadcrumb":{"@id":"https:\/\/aliso.fr\/reseau\/6-fevrier-2026-rencontre-avec-uniformation\/#breadcrumb"},"inLanguage":"fr-FR","potentialAction":[{"@type":"ReadAction","target":["https:\/\/aliso.fr\/reseau\/6-fevrier-2026-rencontre-avec-uniformation\/"]}]},{"@type":"ImageObject","inLanguage":"fr-FR","@id":"https:\/\/aliso.fr\/reseau\/6-fevrier-2026-rencontre-avec-uniformation\/#primaryimage","url":"https:\/\/aliso.fr\/reseau\/wp-content\/uploads\/sites\/4\/2026\/01\/uniformation.png","contentUrl":"https:\/\/aliso.fr\/reseau\/wp-content\/uploads\/sites\/4\/2026\/01\/uniformation.png","width":402,"height":125},{"@type":"BreadcrumbList","@id":"https:\/\/aliso.fr\/reseau\/6-fevrier-2026-rencontre-avec-uniformation\/#breadcrumb","itemListElement":[{"@type":"ListItem","position":1,"name":"Accueil","item":"https:\/\/aliso.fr\/reseau\/"},{"@type":"ListItem","position":2,"name":"Actualit\u00e9","item":"https:\/\/aliso.fr\/reseau\/actualite\/"},{"@type":"ListItem","position":3,"name":"6 FEVRIER 2026 : RENCONTRE AVEC UNIFORMATION"}]},{"@type":"WebSite","@id":"https:\/\/aliso.fr\/reseau\/#website","url":"https:\/\/aliso.fr\/reseau\/","name":"Aliso R\u00e9seau","description":"R\u00e9seau Creusois des acteurs du lien social","publisher":{"@id":"https:\/\/aliso.fr\/reseau\/#organization"},"potentialAction":[{"@type":"SearchAction","target":{"@type":"EntryPoint","urlTemplate":"https:\/\/aliso.fr\/reseau\/?s={search_term_string}"},"query-input":{"@type":"PropertyValueSpecification","valueRequired":true,"valueName":"search_term_string"}}],"inLanguage":"fr-FR"},{"@type":"Organization","@id":"https:\/\/aliso.fr\/reseau\/#organization","name":"Aliso R\u00e9seau","url":"https:\/\/aliso.fr\/reseau\/","logo":{"@type":"ImageObject","inLanguage":"fr-FR","@id":"https:\/\/aliso.fr\/reseau\/#\/schema\/logo\/image\/","url":"https:\/\/aliso.fr\/reseau\/wp-content\/uploads\/sites\/4\/2022\/01\/Logo-ALISO-Reseau-2.png","contentUrl":"https:\/\/aliso.fr\/reseau\/wp-content\/uploads\/sites\/4\/2022\/01\/Logo-ALISO-Reseau-2.png","width":900,"height":970,"caption":"Aliso R\u00e9seau"},"image":{"@id":"https:\/\/aliso.fr\/reseau\/#\/schema\/logo\/image\/"}},{"@type":"Person","@id":"https:\/\/aliso.fr\/reseau\/#\/schema\/person\/056af145b9c52eee21a9f739489104a5","name":"laure"}]}},"_links":{"self":[{"href":"https:\/\/aliso.fr\/reseau\/wp-json\/wp\/v2\/posts\/3308","targetHints":{"allow":["GET"]}}],"collection":[{"href":"https:\/\/aliso.fr\/reseau\/wp-json\/wp\/v2\/posts"}],"about":[{"href":"https:\/\/aliso.fr\/reseau\/wp-json\/wp\/v2\/types\/post"}],"author":[{"embeddable":true,"href":"https:\/\/aliso.fr\/reseau\/wp-json\/wp\/v2\/users\/3"}],"replies":[{"embeddable":true,"href":"https:\/\/aliso.fr\/reseau\/wp-json\/wp\/v2\/comments?post=3308"}],"version-history":[{"count":1,"href":"https:\/\/aliso.fr\/reseau\/wp-json\/wp\/v2\/posts\/3308\/revisions"}],"predecessor-version":[{"id":3317,"href":"https:\/\/aliso.fr\/reseau\/wp-json\/wp\/v2\/posts\/3308\/revisions\/3317"}],"wp:featuredmedia":[{"embeddable":true,"href":"https:\/\/aliso.fr\/reseau\/wp-json\/wp\/v2\/media\/3316"}],"wp:attachment":[{"href":"https:\/\/aliso.fr\/reseau\/wp-json\/wp\/v2\/media?parent=3308"}],"wp:term":[{"taxonomy":"category","embeddable":true,"href":"https:\/\/aliso.fr\/reseau\/wp-json\/wp\/v2\/categories?post=3308"},{"taxonomy":"post_tag","embeddable":true,"href":"https:\/\/aliso.fr\/reseau\/wp-json\/wp\/v2\/tags?post=3308"}],"curies":[{"name":"wp","href":"https:\/\/api.w.org\/{rel}","templated":true}]}}