{"id":3318,"date":"2026-01-13T15:52:32","date_gmt":"2026-01-13T14:52:32","guid":{"rendered":"https:\/\/aliso.fr\/reseau\/?p=3318"},"modified":"2026-01-13T15:52:32","modified_gmt":"2026-01-13T14:52:32","slug":"formation-pro-bpjeps-asec","status":"publish","type":"post","link":"https:\/\/aliso.fr\/reseau\/formation-pro-bpjeps-asec\/","title":{"rendered":"FORMATION PRO : BPJEPS ASEC"},"content":{"rendered":"\n<p>Les CEM\u00c9A proposent une formation professionnelle d&rsquo;animateur.ice \u00e0 Gu\u00e9ret.<\/p>\n\n\n\n<p><strong>R\u00e9union d&rsquo;information collective pr\u00e9vue Mardi 20 Janvier 2026, pour prendre des renseignements et pr\u00e9parer la rentr\u00e9e d&rsquo;octobre 2026.<\/strong><\/p>\n\n\n\n<p>Au programme :<br>Pr\u00e9sentation de la formation BPJEPS ASEC Limousin &#8211; Pr\u00e9sentation des CEM\u00c9A &#8211; Pr\u00e9sentation de la formation et des 4 blocs de comp\u00e9tences &#8211; Point administratif &#8211; Questions\/r\u00e9ponses<\/p>\n\n\n\n<p><a href=\"https:\/\/cemea-formation.com\/promo\/2026\/octobre\/GUERET\/BPJEPS+ASEC+-+animation+socio-%C3%A9ducative+ou+culturelle\/AT05-B4E26006L\">Lien vers le site des CEM\u00c9A pour plus d&rsquo;informations au sujet de cette formation<\/a><\/p>\n","protected":false},"excerpt":{"rendered":"<p>Les CEM\u00c9A proposent une formation professionnelle d&rsquo;animateur.ice \u00e0 Gu\u00e9ret. R\u00e9union d&rsquo;information collective pr\u00e9vue Mardi 20 Janvier 2026, pour prendre des renseignements et pr\u00e9parer la rentr\u00e9e d&rsquo;octobre 2026. Au programme :Pr\u00e9sentation de la formation BPJEPS ASEC Limousin &#8211; Pr\u00e9sentation des CEM\u00c9A &#8211; Pr\u00e9sentation de la formation et des 4 blocs de comp\u00e9tences &#8211; Point administratif &#8211;&#8230; <a class=\"excerpt-read-more button\" href=\"https:\/\/aliso.fr\/reseau\/formation-pro-bpjeps-asec\/\" title=\"ReadFORMATION PRO : BPJEPS ASEC\">En savoir plus &raquo;<\/a><\/p>\n","protected":false},"author":3,"featured_media":3320,"comment_status":"closed","ping_status":"open","sticky":false,"template":"","format":"standard","meta":{"footnotes":""},"categories":[3],"tags":[],"class_list":["post-3318","post","type-post","status-publish","format-standard","has-post-thumbnail","hentry","category-actualite"],"yoast_head":"<!-- This site is optimized with the Yoast SEO plugin v27.4 - https:\/\/yoast.com\/product\/yoast-seo-wordpress\/ -->\n<title>FORMATION PRO : BPJEPS ASEC - Aliso R\u00e9seau<\/title>\n<meta name=\"robots\" content=\"index, follow, max-snippet:-1, max-image-preview:large, max-video-preview:-1\" \/>\n<link rel=\"canonical\" href=\"https:\/\/aliso.fr\/reseau\/formation-pro-bpjeps-asec\/\" \/>\n<meta property=\"og:locale\" content=\"fr_FR\" \/>\n<meta property=\"og:type\" content=\"article\" \/>\n<meta property=\"og:title\" content=\"FORMATION PRO : BPJEPS ASEC - Aliso R\u00e9seau\" \/>\n<meta property=\"og:description\" content=\"Les CEM\u00c9A proposent une formation professionnelle d&rsquo;animateur.ice \u00e0 Gu\u00e9ret. R\u00e9union d&rsquo;information collective pr\u00e9vue Mardi 20 Janvier 2026, pour prendre des renseignements et pr\u00e9parer la rentr\u00e9e d&rsquo;octobre 2026. Au programme :Pr\u00e9sentation de la formation BPJEPS ASEC Limousin &#8211; Pr\u00e9sentation des CEM\u00c9A &#8211; Pr\u00e9sentation de la formation et des 4 blocs de comp\u00e9tences &#8211; Point administratif &#8211;... En savoir plus &raquo;\" \/>\n<meta property=\"og:url\" content=\"https:\/\/aliso.fr\/reseau\/formation-pro-bpjeps-asec\/\" \/>\n<meta property=\"og:site_name\" content=\"Aliso R\u00e9seau\" \/>\n<meta property=\"article:published_time\" content=\"2026-01-13T14:52:32+00:00\" \/>\n<meta property=\"og:image\" content=\"https:\/\/aliso.fr\/reseau\/wp-content\/uploads\/sites\/4\/2026\/01\/images-1.png\" \/>\n\t<meta property=\"og:image:width\" content=\"564\" \/>\n\t<meta property=\"og:image:height\" content=\"89\" \/>\n\t<meta property=\"og:image:type\" content=\"image\/png\" \/>\n<meta name=\"author\" content=\"laure\" \/>\n<meta name=\"twitter:card\" content=\"summary_large_image\" \/>\n<script type=\"application\/ld+json\" class=\"yoast-schema-graph\">{\"@context\":\"https:\\\/\\\/schema.org\",\"@graph\":[{\"@type\":\"Article\",\"@id\":\"https:\\\/\\\/aliso.fr\\\/reseau\\\/formation-pro-bpjeps-asec\\\/#article\",\"isPartOf\":{\"@id\":\"https:\\\/\\\/aliso.fr\\\/reseau\\\/formation-pro-bpjeps-asec\\\/\"},\"author\":{\"name\":\"laure\",\"@id\":\"https:\\\/\\\/aliso.fr\\\/reseau\\\/#\\\/schema\\\/person\\\/056af145b9c52eee21a9f739489104a5\"},\"headline\":\"FORMATION PRO : BPJEPS ASEC\",\"datePublished\":\"2026-01-13T14:52:32+00:00\",\"mainEntityOfPage\":{\"@id\":\"https:\\\/\\\/aliso.fr\\\/reseau\\\/formation-pro-bpjeps-asec\\\/\"},\"wordCount\":88,\"publisher\":{\"@id\":\"https:\\\/\\\/aliso.fr\\\/reseau\\\/#organization\"},\"image\":{\"@id\":\"https:\\\/\\\/aliso.fr\\\/reseau\\\/formation-pro-bpjeps-asec\\\/#primaryimage\"},\"thumbnailUrl\":\"https:\\\/\\\/aliso.fr\\\/reseau\\\/wp-content\\\/uploads\\\/sites\\\/4\\\/2026\\\/01\\\/images-1.png\",\"articleSection\":[\"Actualit\u00e9\"],\"inLanguage\":\"fr-FR\"},{\"@type\":\"WebPage\",\"@id\":\"https:\\\/\\\/aliso.fr\\\/reseau\\\/formation-pro-bpjeps-asec\\\/\",\"url\":\"https:\\\/\\\/aliso.fr\\\/reseau\\\/formation-pro-bpjeps-asec\\\/\",\"name\":\"FORMATION PRO : BPJEPS ASEC - Aliso R\u00e9seau\",\"isPartOf\":{\"@id\":\"https:\\\/\\\/aliso.fr\\\/reseau\\\/#website\"},\"primaryImageOfPage\":{\"@id\":\"https:\\\/\\\/aliso.fr\\\/reseau\\\/formation-pro-bpjeps-asec\\\/#primaryimage\"},\"image\":{\"@id\":\"https:\\\/\\\/aliso.fr\\\/reseau\\\/formation-pro-bpjeps-asec\\\/#primaryimage\"},\"thumbnailUrl\":\"https:\\\/\\\/aliso.fr\\\/reseau\\\/wp-content\\\/uploads\\\/sites\\\/4\\\/2026\\\/01\\\/images-1.png\",\"datePublished\":\"2026-01-13T14:52:32+00:00\",\"breadcrumb\":{\"@id\":\"https:\\\/\\\/aliso.fr\\\/reseau\\\/formation-pro-bpjeps-asec\\\/#breadcrumb\"},\"inLanguage\":\"fr-FR\",\"potentialAction\":[{\"@type\":\"ReadAction\",\"target\":[\"https:\\\/\\\/aliso.fr\\\/reseau\\\/formation-pro-bpjeps-asec\\\/\"]}]},{\"@type\":\"ImageObject\",\"inLanguage\":\"fr-FR\",\"@id\":\"https:\\\/\\\/aliso.fr\\\/reseau\\\/formation-pro-bpjeps-asec\\\/#primaryimage\",\"url\":\"https:\\\/\\\/aliso.fr\\\/reseau\\\/wp-content\\\/uploads\\\/sites\\\/4\\\/2026\\\/01\\\/images-1.png\",\"contentUrl\":\"https:\\\/\\\/aliso.fr\\\/reseau\\\/wp-content\\\/uploads\\\/sites\\\/4\\\/2026\\\/01\\\/images-1.png\",\"width\":564,\"height\":89},{\"@type\":\"BreadcrumbList\",\"@id\":\"https:\\\/\\\/aliso.fr\\\/reseau\\\/formation-pro-bpjeps-asec\\\/#breadcrumb\",\"itemListElement\":[{\"@type\":\"ListItem\",\"position\":1,\"name\":\"Accueil\",\"item\":\"https:\\\/\\\/aliso.fr\\\/reseau\\\/\"},{\"@type\":\"ListItem\",\"position\":2,\"name\":\"Actualit\u00e9\",\"item\":\"https:\\\/\\\/aliso.fr\\\/reseau\\\/actualite\\\/\"},{\"@type\":\"ListItem\",\"position\":3,\"name\":\"FORMATION PRO : BPJEPS ASEC\"}]},{\"@type\":\"WebSite\",\"@id\":\"https:\\\/\\\/aliso.fr\\\/reseau\\\/#website\",\"url\":\"https:\\\/\\\/aliso.fr\\\/reseau\\\/\",\"name\":\"Aliso R\u00e9seau\",\"description\":\"R\u00e9seau Creusois des acteurs du lien social\",\"publisher\":{\"@id\":\"https:\\\/\\\/aliso.fr\\\/reseau\\\/#organization\"},\"potentialAction\":[{\"@type\":\"SearchAction\",\"target\":{\"@type\":\"EntryPoint\",\"urlTemplate\":\"https:\\\/\\\/aliso.fr\\\/reseau\\\/?s={search_term_string}\"},\"query-input\":{\"@type\":\"PropertyValueSpecification\",\"valueRequired\":true,\"valueName\":\"search_term_string\"}}],\"inLanguage\":\"fr-FR\"},{\"@type\":\"Organization\",\"@id\":\"https:\\\/\\\/aliso.fr\\\/reseau\\\/#organization\",\"name\":\"Aliso R\u00e9seau\",\"url\":\"https:\\\/\\\/aliso.fr\\\/reseau\\\/\",\"logo\":{\"@type\":\"ImageObject\",\"inLanguage\":\"fr-FR\",\"@id\":\"https:\\\/\\\/aliso.fr\\\/reseau\\\/#\\\/schema\\\/logo\\\/image\\\/\",\"url\":\"https:\\\/\\\/aliso.fr\\\/reseau\\\/wp-content\\\/uploads\\\/sites\\\/4\\\/2022\\\/01\\\/Logo-ALISO-Reseau-2.png\",\"contentUrl\":\"https:\\\/\\\/aliso.fr\\\/reseau\\\/wp-content\\\/uploads\\\/sites\\\/4\\\/2022\\\/01\\\/Logo-ALISO-Reseau-2.png\",\"width\":900,\"height\":970,\"caption\":\"Aliso R\u00e9seau\"},\"image\":{\"@id\":\"https:\\\/\\\/aliso.fr\\\/reseau\\\/#\\\/schema\\\/logo\\\/image\\\/\"}},{\"@type\":\"Person\",\"@id\":\"https:\\\/\\\/aliso.fr\\\/reseau\\\/#\\\/schema\\\/person\\\/056af145b9c52eee21a9f739489104a5\",\"name\":\"laure\"}]}<\/script>\n<!-- \/ Yoast SEO plugin. -->","yoast_head_json":{"title":"FORMATION PRO : BPJEPS ASEC - Aliso R\u00e9seau","robots":{"index":"index","follow":"follow","max-snippet":"max-snippet:-1","max-image-preview":"max-image-preview:large","max-video-preview":"max-video-preview:-1"},"canonical":"https:\/\/aliso.fr\/reseau\/formation-pro-bpjeps-asec\/","og_locale":"fr_FR","og_type":"article","og_title":"FORMATION PRO : BPJEPS ASEC - Aliso R\u00e9seau","og_description":"Les CEM\u00c9A proposent une formation professionnelle d&rsquo;animateur.ice \u00e0 Gu\u00e9ret. R\u00e9union d&rsquo;information collective pr\u00e9vue Mardi 20 Janvier 2026, pour prendre des renseignements et pr\u00e9parer la rentr\u00e9e d&rsquo;octobre 2026. Au programme :Pr\u00e9sentation de la formation BPJEPS ASEC Limousin &#8211; Pr\u00e9sentation des CEM\u00c9A &#8211; Pr\u00e9sentation de la formation et des 4 blocs de comp\u00e9tences &#8211; Point administratif &#8211;... En savoir plus &raquo;","og_url":"https:\/\/aliso.fr\/reseau\/formation-pro-bpjeps-asec\/","og_site_name":"Aliso R\u00e9seau","article_published_time":"2026-01-13T14:52:32+00:00","og_image":[{"width":564,"height":89,"url":"https:\/\/aliso.fr\/reseau\/wp-content\/uploads\/sites\/4\/2026\/01\/images-1.png","type":"image\/png"}],"author":"laure","twitter_card":"summary_large_image","schema":{"@context":"https:\/\/schema.org","@graph":[{"@type":"Article","@id":"https:\/\/aliso.fr\/reseau\/formation-pro-bpjeps-asec\/#article","isPartOf":{"@id":"https:\/\/aliso.fr\/reseau\/formation-pro-bpjeps-asec\/"},"author":{"name":"laure","@id":"https:\/\/aliso.fr\/reseau\/#\/schema\/person\/056af145b9c52eee21a9f739489104a5"},"headline":"FORMATION PRO : BPJEPS ASEC","datePublished":"2026-01-13T14:52:32+00:00","mainEntityOfPage":{"@id":"https:\/\/aliso.fr\/reseau\/formation-pro-bpjeps-asec\/"},"wordCount":88,"publisher":{"@id":"https:\/\/aliso.fr\/reseau\/#organization"},"image":{"@id":"https:\/\/aliso.fr\/reseau\/formation-pro-bpjeps-asec\/#primaryimage"},"thumbnailUrl":"https:\/\/aliso.fr\/reseau\/wp-content\/uploads\/sites\/4\/2026\/01\/images-1.png","articleSection":["Actualit\u00e9"],"inLanguage":"fr-FR"},{"@type":"WebPage","@id":"https:\/\/aliso.fr\/reseau\/formation-pro-bpjeps-asec\/","url":"https:\/\/aliso.fr\/reseau\/formation-pro-bpjeps-asec\/","name":"FORMATION PRO : BPJEPS ASEC - Aliso R\u00e9seau","isPartOf":{"@id":"https:\/\/aliso.fr\/reseau\/#website"},"primaryImageOfPage":{"@id":"https:\/\/aliso.fr\/reseau\/formation-pro-bpjeps-asec\/#primaryimage"},"image":{"@id":"https:\/\/aliso.fr\/reseau\/formation-pro-bpjeps-asec\/#primaryimage"},"thumbnailUrl":"https:\/\/aliso.fr\/reseau\/wp-content\/uploads\/sites\/4\/2026\/01\/images-1.png","datePublished":"2026-01-13T14:52:32+00:00","breadcrumb":{"@id":"https:\/\/aliso.fr\/reseau\/formation-pro-bpjeps-asec\/#breadcrumb"},"inLanguage":"fr-FR","potentialAction":[{"@type":"ReadAction","target":["https:\/\/aliso.fr\/reseau\/formation-pro-bpjeps-asec\/"]}]},{"@type":"ImageObject","inLanguage":"fr-FR","@id":"https:\/\/aliso.fr\/reseau\/formation-pro-bpjeps-asec\/#primaryimage","url":"https:\/\/aliso.fr\/reseau\/wp-content\/uploads\/sites\/4\/2026\/01\/images-1.png","contentUrl":"https:\/\/aliso.fr\/reseau\/wp-content\/uploads\/sites\/4\/2026\/01\/images-1.png","width":564,"height":89},{"@type":"BreadcrumbList","@id":"https:\/\/aliso.fr\/reseau\/formation-pro-bpjeps-asec\/#breadcrumb","itemListElement":[{"@type":"ListItem","position":1,"name":"Accueil","item":"https:\/\/aliso.fr\/reseau\/"},{"@type":"ListItem","position":2,"name":"Actualit\u00e9","item":"https:\/\/aliso.fr\/reseau\/actualite\/"},{"@type":"ListItem","position":3,"name":"FORMATION PRO : BPJEPS ASEC"}]},{"@type":"WebSite","@id":"https:\/\/aliso.fr\/reseau\/#website","url":"https:\/\/aliso.fr\/reseau\/","name":"Aliso R\u00e9seau","description":"R\u00e9seau Creusois des acteurs du lien social","publisher":{"@id":"https:\/\/aliso.fr\/reseau\/#organization"},"potentialAction":[{"@type":"SearchAction","target":{"@type":"EntryPoint","urlTemplate":"https:\/\/aliso.fr\/reseau\/?s={search_term_string}"},"query-input":{"@type":"PropertyValueSpecification","valueRequired":true,"valueName":"search_term_string"}}],"inLanguage":"fr-FR"},{"@type":"Organization","@id":"https:\/\/aliso.fr\/reseau\/#organization","name":"Aliso R\u00e9seau","url":"https:\/\/aliso.fr\/reseau\/","logo":{"@type":"ImageObject","inLanguage":"fr-FR","@id":"https:\/\/aliso.fr\/reseau\/#\/schema\/logo\/image\/","url":"https:\/\/aliso.fr\/reseau\/wp-content\/uploads\/sites\/4\/2022\/01\/Logo-ALISO-Reseau-2.png","contentUrl":"https:\/\/aliso.fr\/reseau\/wp-content\/uploads\/sites\/4\/2022\/01\/Logo-ALISO-Reseau-2.png","width":900,"height":970,"caption":"Aliso R\u00e9seau"},"image":{"@id":"https:\/\/aliso.fr\/reseau\/#\/schema\/logo\/image\/"}},{"@type":"Person","@id":"https:\/\/aliso.fr\/reseau\/#\/schema\/person\/056af145b9c52eee21a9f739489104a5","name":"laure"}]}},"_links":{"self":[{"href":"https:\/\/aliso.fr\/reseau\/wp-json\/wp\/v2\/posts\/3318","targetHints":{"allow":["GET"]}}],"collection":[{"href":"https:\/\/aliso.fr\/reseau\/wp-json\/wp\/v2\/posts"}],"about":[{"href":"https:\/\/aliso.fr\/reseau\/wp-json\/wp\/v2\/types\/post"}],"author":[{"embeddable":true,"href":"https:\/\/aliso.fr\/reseau\/wp-json\/wp\/v2\/users\/3"}],"replies":[{"embeddable":true,"href":"https:\/\/aliso.fr\/reseau\/wp-json\/wp\/v2\/comments?post=3318"}],"version-history":[{"count":1,"href":"https:\/\/aliso.fr\/reseau\/wp-json\/wp\/v2\/posts\/3318\/revisions"}],"predecessor-version":[{"id":3321,"href":"https:\/\/aliso.fr\/reseau\/wp-json\/wp\/v2\/posts\/3318\/revisions\/3321"}],"wp:featuredmedia":[{"embeddable":true,"href":"https:\/\/aliso.fr\/reseau\/wp-json\/wp\/v2\/media\/3320"}],"wp:attachment":[{"href":"https:\/\/aliso.fr\/reseau\/wp-json\/wp\/v2\/media?parent=3318"}],"wp:term":[{"taxonomy":"category","embeddable":true,"href":"https:\/\/aliso.fr\/reseau\/wp-json\/wp\/v2\/categories?post=3318"},{"taxonomy":"post_tag","embeddable":true,"href":"https:\/\/aliso.fr\/reseau\/wp-json\/wp\/v2\/tags?post=3318"}],"curies":[{"name":"wp","href":"https:\/\/api.w.org\/{rel}","templated":true}]}}