{"id":3335,"date":"2026-02-12T16:22:40","date_gmt":"2026-02-12T15:22:40","guid":{"rendered":"https:\/\/aliso.fr\/reseau\/?p=3335"},"modified":"2026-02-12T16:22:41","modified_gmt":"2026-02-12T15:22:41","slug":"groupe-accueil-3-avril-2026","status":"publish","type":"post","link":"https:\/\/aliso.fr\/reseau\/groupe-accueil-3-avril-2026\/","title":{"rendered":"GROUPE ACCUEIL : 3 AVRIL 2026"},"content":{"rendered":"\n<p>Le groupe accueil se retrouve \u00e0 la MJC CS de La Souterraine Vendredi 3 avril 2026 pour sa prochaine rencontre, entre 9h30 et 16h30.<br>Au programme : visite de la structure, interconnaissance, partage de situations en toute confidentialit\u00e9 et bienveillance, d\u00e9couverte d&rsquo;un outil de travail et\/ ou de prise de recul, et \u00e9changes.<\/p>\n\n\n\n<p>Le groupe r\u00e9unit des membres du r\u00e9seau qui sont en situation d&rsquo;accueil au quotidien. L&rsquo;intention des personnes qui participent \u00e0 ces rendez-vous, est de questionner la posture d&rsquo;accueil, de trouver un espace de solidarit\u00e9 et de partage, mais \u00e9galement de ressource et de prise de recul.<br>N\u00e9e \u00e0 l&rsquo;initiative de salari\u00e9es charg\u00e9es d&rsquo;accueil de centres sociaux, le groupe, \u00e0 son origine, a aussi eu l&rsquo;ambition de faire de la fonction d&rsquo;accueil une pr\u00e9occupation transversale pour les structures, dans leur globalit\u00e9.<br>Ainsi, le groupe reste ouvert pour accueillir tout.e membre du r\u00e9seau qui trouverait pertinent de partager \u00e0 ce sujet, qu&rsquo;il ou elle soit en poste de direction, d&rsquo;animation, de coordination ou bien administrateur.ice b\u00e9n\u00e9vole.<\/p>\n\n\n\n<p><br><br><\/p>\n","protected":false},"excerpt":{"rendered":"<p>Le groupe accueil se retrouve \u00e0 la MJC CS de La Souterraine Vendredi 3 avril 2026 pour sa prochaine rencontre, entre 9h30 et 16h30.Au programme : visite de la structure, interconnaissance, partage de situations en toute confidentialit\u00e9 et bienveillance, d\u00e9couverte d&rsquo;un outil de travail et\/ ou de prise de recul, et \u00e9changes. Le groupe r\u00e9unit&#8230; <a class=\"excerpt-read-more button\" href=\"https:\/\/aliso.fr\/reseau\/groupe-accueil-3-avril-2026\/\" title=\"ReadGROUPE ACCUEIL : 3 AVRIL 2026\">En savoir plus &raquo;<\/a><\/p>\n","protected":false},"author":3,"featured_media":3336,"comment_status":"closed","ping_status":"open","sticky":false,"template":"","format":"standard","meta":{"footnotes":""},"categories":[3,7],"tags":[],"class_list":["post-3335","post","type-post","status-publish","format-standard","has-post-thumbnail","hentry","category-actualite","category-nos-actions"],"yoast_head":"<!-- This site is optimized with the Yoast SEO plugin v27.4 - https:\/\/yoast.com\/product\/yoast-seo-wordpress\/ -->\n<title>GROUPE ACCUEIL : 3 AVRIL 2026 - Aliso R\u00e9seau<\/title>\n<meta name=\"robots\" content=\"index, follow, max-snippet:-1, max-image-preview:large, max-video-preview:-1\" \/>\n<link rel=\"canonical\" href=\"https:\/\/aliso.fr\/reseau\/groupe-accueil-3-avril-2026\/\" \/>\n<meta property=\"og:locale\" content=\"fr_FR\" \/>\n<meta property=\"og:type\" content=\"article\" \/>\n<meta property=\"og:title\" content=\"GROUPE ACCUEIL : 3 AVRIL 2026 - Aliso R\u00e9seau\" \/>\n<meta property=\"og:description\" content=\"Le groupe accueil se retrouve \u00e0 la MJC CS de La Souterraine Vendredi 3 avril 2026 pour sa prochaine rencontre, entre 9h30 et 16h30.Au programme : visite de la structure, interconnaissance, partage de situations en toute confidentialit\u00e9 et bienveillance, d\u00e9couverte d&rsquo;un outil de travail et\/ ou de prise de recul, et \u00e9changes. Le groupe r\u00e9unit... En savoir plus &raquo;\" \/>\n<meta property=\"og:url\" content=\"https:\/\/aliso.fr\/reseau\/groupe-accueil-3-avril-2026\/\" \/>\n<meta property=\"og:site_name\" content=\"Aliso R\u00e9seau\" \/>\n<meta property=\"article:published_time\" content=\"2026-02-12T15:22:40+00:00\" \/>\n<meta property=\"article:modified_time\" content=\"2026-02-12T15:22:41+00:00\" \/>\n<meta property=\"og:image\" content=\"https:\/\/aliso.fr\/reseau\/wp-content\/uploads\/sites\/4\/2026\/02\/maison.png\" \/>\n\t<meta property=\"og:image:width\" content=\"512\" \/>\n\t<meta property=\"og:image:height\" content=\"512\" \/>\n\t<meta property=\"og:image:type\" content=\"image\/png\" \/>\n<meta name=\"author\" content=\"laure\" \/>\n<meta name=\"twitter:card\" content=\"summary_large_image\" \/>\n<script type=\"application\/ld+json\" class=\"yoast-schema-graph\">{\"@context\":\"https:\\\/\\\/schema.org\",\"@graph\":[{\"@type\":\"Article\",\"@id\":\"https:\\\/\\\/aliso.fr\\\/reseau\\\/groupe-accueil-3-avril-2026\\\/#article\",\"isPartOf\":{\"@id\":\"https:\\\/\\\/aliso.fr\\\/reseau\\\/groupe-accueil-3-avril-2026\\\/\"},\"author\":{\"name\":\"laure\",\"@id\":\"https:\\\/\\\/aliso.fr\\\/reseau\\\/#\\\/schema\\\/person\\\/056af145b9c52eee21a9f739489104a5\"},\"headline\":\"GROUPE ACCUEIL : 3 AVRIL 2026\",\"datePublished\":\"2026-02-12T15:22:40+00:00\",\"dateModified\":\"2026-02-12T15:22:41+00:00\",\"mainEntityOfPage\":{\"@id\":\"https:\\\/\\\/aliso.fr\\\/reseau\\\/groupe-accueil-3-avril-2026\\\/\"},\"wordCount\":184,\"publisher\":{\"@id\":\"https:\\\/\\\/aliso.fr\\\/reseau\\\/#organization\"},\"image\":{\"@id\":\"https:\\\/\\\/aliso.fr\\\/reseau\\\/groupe-accueil-3-avril-2026\\\/#primaryimage\"},\"thumbnailUrl\":\"https:\\\/\\\/aliso.fr\\\/reseau\\\/wp-content\\\/uploads\\\/sites\\\/4\\\/2026\\\/02\\\/maison.png\",\"articleSection\":[\"Actualit\u00e9\",\"Nos actions\"],\"inLanguage\":\"fr-FR\"},{\"@type\":\"WebPage\",\"@id\":\"https:\\\/\\\/aliso.fr\\\/reseau\\\/groupe-accueil-3-avril-2026\\\/\",\"url\":\"https:\\\/\\\/aliso.fr\\\/reseau\\\/groupe-accueil-3-avril-2026\\\/\",\"name\":\"GROUPE ACCUEIL : 3 AVRIL 2026 - Aliso R\u00e9seau\",\"isPartOf\":{\"@id\":\"https:\\\/\\\/aliso.fr\\\/reseau\\\/#website\"},\"primaryImageOfPage\":{\"@id\":\"https:\\\/\\\/aliso.fr\\\/reseau\\\/groupe-accueil-3-avril-2026\\\/#primaryimage\"},\"image\":{\"@id\":\"https:\\\/\\\/aliso.fr\\\/reseau\\\/groupe-accueil-3-avril-2026\\\/#primaryimage\"},\"thumbnailUrl\":\"https:\\\/\\\/aliso.fr\\\/reseau\\\/wp-content\\\/uploads\\\/sites\\\/4\\\/2026\\\/02\\\/maison.png\",\"datePublished\":\"2026-02-12T15:22:40+00:00\",\"dateModified\":\"2026-02-12T15:22:41+00:00\",\"breadcrumb\":{\"@id\":\"https:\\\/\\\/aliso.fr\\\/reseau\\\/groupe-accueil-3-avril-2026\\\/#breadcrumb\"},\"inLanguage\":\"fr-FR\",\"potentialAction\":[{\"@type\":\"ReadAction\",\"target\":[\"https:\\\/\\\/aliso.fr\\\/reseau\\\/groupe-accueil-3-avril-2026\\\/\"]}]},{\"@type\":\"ImageObject\",\"inLanguage\":\"fr-FR\",\"@id\":\"https:\\\/\\\/aliso.fr\\\/reseau\\\/groupe-accueil-3-avril-2026\\\/#primaryimage\",\"url\":\"https:\\\/\\\/aliso.fr\\\/reseau\\\/wp-content\\\/uploads\\\/sites\\\/4\\\/2026\\\/02\\\/maison.png\",\"contentUrl\":\"https:\\\/\\\/aliso.fr\\\/reseau\\\/wp-content\\\/uploads\\\/sites\\\/4\\\/2026\\\/02\\\/maison.png\",\"width\":512,\"height\":512},{\"@type\":\"BreadcrumbList\",\"@id\":\"https:\\\/\\\/aliso.fr\\\/reseau\\\/groupe-accueil-3-avril-2026\\\/#breadcrumb\",\"itemListElement\":[{\"@type\":\"ListItem\",\"position\":1,\"name\":\"Accueil\",\"item\":\"https:\\\/\\\/aliso.fr\\\/reseau\\\/\"},{\"@type\":\"ListItem\",\"position\":2,\"name\":\"Actualit\u00e9\",\"item\":\"https:\\\/\\\/aliso.fr\\\/reseau\\\/actualite\\\/\"},{\"@type\":\"ListItem\",\"position\":3,\"name\":\"GROUPE ACCUEIL : 3 AVRIL 2026\"}]},{\"@type\":\"WebSite\",\"@id\":\"https:\\\/\\\/aliso.fr\\\/reseau\\\/#website\",\"url\":\"https:\\\/\\\/aliso.fr\\\/reseau\\\/\",\"name\":\"Aliso R\u00e9seau\",\"description\":\"R\u00e9seau Creusois des acteurs du lien social\",\"publisher\":{\"@id\":\"https:\\\/\\\/aliso.fr\\\/reseau\\\/#organization\"},\"potentialAction\":[{\"@type\":\"SearchAction\",\"target\":{\"@type\":\"EntryPoint\",\"urlTemplate\":\"https:\\\/\\\/aliso.fr\\\/reseau\\\/?s={search_term_string}\"},\"query-input\":{\"@type\":\"PropertyValueSpecification\",\"valueRequired\":true,\"valueName\":\"search_term_string\"}}],\"inLanguage\":\"fr-FR\"},{\"@type\":\"Organization\",\"@id\":\"https:\\\/\\\/aliso.fr\\\/reseau\\\/#organization\",\"name\":\"Aliso R\u00e9seau\",\"url\":\"https:\\\/\\\/aliso.fr\\\/reseau\\\/\",\"logo\":{\"@type\":\"ImageObject\",\"inLanguage\":\"fr-FR\",\"@id\":\"https:\\\/\\\/aliso.fr\\\/reseau\\\/#\\\/schema\\\/logo\\\/image\\\/\",\"url\":\"https:\\\/\\\/aliso.fr\\\/reseau\\\/wp-content\\\/uploads\\\/sites\\\/4\\\/2022\\\/01\\\/Logo-ALISO-Reseau-2.png\",\"contentUrl\":\"https:\\\/\\\/aliso.fr\\\/reseau\\\/wp-content\\\/uploads\\\/sites\\\/4\\\/2022\\\/01\\\/Logo-ALISO-Reseau-2.png\",\"width\":900,\"height\":970,\"caption\":\"Aliso R\u00e9seau\"},\"image\":{\"@id\":\"https:\\\/\\\/aliso.fr\\\/reseau\\\/#\\\/schema\\\/logo\\\/image\\\/\"}},{\"@type\":\"Person\",\"@id\":\"https:\\\/\\\/aliso.fr\\\/reseau\\\/#\\\/schema\\\/person\\\/056af145b9c52eee21a9f739489104a5\",\"name\":\"laure\"}]}<\/script>\n<!-- \/ Yoast SEO plugin. -->","yoast_head_json":{"title":"GROUPE ACCUEIL : 3 AVRIL 2026 - Aliso R\u00e9seau","robots":{"index":"index","follow":"follow","max-snippet":"max-snippet:-1","max-image-preview":"max-image-preview:large","max-video-preview":"max-video-preview:-1"},"canonical":"https:\/\/aliso.fr\/reseau\/groupe-accueil-3-avril-2026\/","og_locale":"fr_FR","og_type":"article","og_title":"GROUPE ACCUEIL : 3 AVRIL 2026 - Aliso R\u00e9seau","og_description":"Le groupe accueil se retrouve \u00e0 la MJC CS de La Souterraine Vendredi 3 avril 2026 pour sa prochaine rencontre, entre 9h30 et 16h30.Au programme : visite de la structure, interconnaissance, partage de situations en toute confidentialit\u00e9 et bienveillance, d\u00e9couverte d&rsquo;un outil de travail et\/ ou de prise de recul, et \u00e9changes. Le groupe r\u00e9unit... En savoir plus &raquo;","og_url":"https:\/\/aliso.fr\/reseau\/groupe-accueil-3-avril-2026\/","og_site_name":"Aliso R\u00e9seau","article_published_time":"2026-02-12T15:22:40+00:00","article_modified_time":"2026-02-12T15:22:41+00:00","og_image":[{"width":512,"height":512,"url":"https:\/\/aliso.fr\/reseau\/wp-content\/uploads\/sites\/4\/2026\/02\/maison.png","type":"image\/png"}],"author":"laure","twitter_card":"summary_large_image","schema":{"@context":"https:\/\/schema.org","@graph":[{"@type":"Article","@id":"https:\/\/aliso.fr\/reseau\/groupe-accueil-3-avril-2026\/#article","isPartOf":{"@id":"https:\/\/aliso.fr\/reseau\/groupe-accueil-3-avril-2026\/"},"author":{"name":"laure","@id":"https:\/\/aliso.fr\/reseau\/#\/schema\/person\/056af145b9c52eee21a9f739489104a5"},"headline":"GROUPE ACCUEIL : 3 AVRIL 2026","datePublished":"2026-02-12T15:22:40+00:00","dateModified":"2026-02-12T15:22:41+00:00","mainEntityOfPage":{"@id":"https:\/\/aliso.fr\/reseau\/groupe-accueil-3-avril-2026\/"},"wordCount":184,"publisher":{"@id":"https:\/\/aliso.fr\/reseau\/#organization"},"image":{"@id":"https:\/\/aliso.fr\/reseau\/groupe-accueil-3-avril-2026\/#primaryimage"},"thumbnailUrl":"https:\/\/aliso.fr\/reseau\/wp-content\/uploads\/sites\/4\/2026\/02\/maison.png","articleSection":["Actualit\u00e9","Nos actions"],"inLanguage":"fr-FR"},{"@type":"WebPage","@id":"https:\/\/aliso.fr\/reseau\/groupe-accueil-3-avril-2026\/","url":"https:\/\/aliso.fr\/reseau\/groupe-accueil-3-avril-2026\/","name":"GROUPE ACCUEIL : 3 AVRIL 2026 - Aliso R\u00e9seau","isPartOf":{"@id":"https:\/\/aliso.fr\/reseau\/#website"},"primaryImageOfPage":{"@id":"https:\/\/aliso.fr\/reseau\/groupe-accueil-3-avril-2026\/#primaryimage"},"image":{"@id":"https:\/\/aliso.fr\/reseau\/groupe-accueil-3-avril-2026\/#primaryimage"},"thumbnailUrl":"https:\/\/aliso.fr\/reseau\/wp-content\/uploads\/sites\/4\/2026\/02\/maison.png","datePublished":"2026-02-12T15:22:40+00:00","dateModified":"2026-02-12T15:22:41+00:00","breadcrumb":{"@id":"https:\/\/aliso.fr\/reseau\/groupe-accueil-3-avril-2026\/#breadcrumb"},"inLanguage":"fr-FR","potentialAction":[{"@type":"ReadAction","target":["https:\/\/aliso.fr\/reseau\/groupe-accueil-3-avril-2026\/"]}]},{"@type":"ImageObject","inLanguage":"fr-FR","@id":"https:\/\/aliso.fr\/reseau\/groupe-accueil-3-avril-2026\/#primaryimage","url":"https:\/\/aliso.fr\/reseau\/wp-content\/uploads\/sites\/4\/2026\/02\/maison.png","contentUrl":"https:\/\/aliso.fr\/reseau\/wp-content\/uploads\/sites\/4\/2026\/02\/maison.png","width":512,"height":512},{"@type":"BreadcrumbList","@id":"https:\/\/aliso.fr\/reseau\/groupe-accueil-3-avril-2026\/#breadcrumb","itemListElement":[{"@type":"ListItem","position":1,"name":"Accueil","item":"https:\/\/aliso.fr\/reseau\/"},{"@type":"ListItem","position":2,"name":"Actualit\u00e9","item":"https:\/\/aliso.fr\/reseau\/actualite\/"},{"@type":"ListItem","position":3,"name":"GROUPE ACCUEIL : 3 AVRIL 2026"}]},{"@type":"WebSite","@id":"https:\/\/aliso.fr\/reseau\/#website","url":"https:\/\/aliso.fr\/reseau\/","name":"Aliso R\u00e9seau","description":"R\u00e9seau Creusois des acteurs du lien social","publisher":{"@id":"https:\/\/aliso.fr\/reseau\/#organization"},"potentialAction":[{"@type":"SearchAction","target":{"@type":"EntryPoint","urlTemplate":"https:\/\/aliso.fr\/reseau\/?s={search_term_string}"},"query-input":{"@type":"PropertyValueSpecification","valueRequired":true,"valueName":"search_term_string"}}],"inLanguage":"fr-FR"},{"@type":"Organization","@id":"https:\/\/aliso.fr\/reseau\/#organization","name":"Aliso R\u00e9seau","url":"https:\/\/aliso.fr\/reseau\/","logo":{"@type":"ImageObject","inLanguage":"fr-FR","@id":"https:\/\/aliso.fr\/reseau\/#\/schema\/logo\/image\/","url":"https:\/\/aliso.fr\/reseau\/wp-content\/uploads\/sites\/4\/2022\/01\/Logo-ALISO-Reseau-2.png","contentUrl":"https:\/\/aliso.fr\/reseau\/wp-content\/uploads\/sites\/4\/2022\/01\/Logo-ALISO-Reseau-2.png","width":900,"height":970,"caption":"Aliso R\u00e9seau"},"image":{"@id":"https:\/\/aliso.fr\/reseau\/#\/schema\/logo\/image\/"}},{"@type":"Person","@id":"https:\/\/aliso.fr\/reseau\/#\/schema\/person\/056af145b9c52eee21a9f739489104a5","name":"laure"}]}},"_links":{"self":[{"href":"https:\/\/aliso.fr\/reseau\/wp-json\/wp\/v2\/posts\/3335","targetHints":{"allow":["GET"]}}],"collection":[{"href":"https:\/\/aliso.fr\/reseau\/wp-json\/wp\/v2\/posts"}],"about":[{"href":"https:\/\/aliso.fr\/reseau\/wp-json\/wp\/v2\/types\/post"}],"author":[{"embeddable":true,"href":"https:\/\/aliso.fr\/reseau\/wp-json\/wp\/v2\/users\/3"}],"replies":[{"embeddable":true,"href":"https:\/\/aliso.fr\/reseau\/wp-json\/wp\/v2\/comments?post=3335"}],"version-history":[{"count":1,"href":"https:\/\/aliso.fr\/reseau\/wp-json\/wp\/v2\/posts\/3335\/revisions"}],"predecessor-version":[{"id":3337,"href":"https:\/\/aliso.fr\/reseau\/wp-json\/wp\/v2\/posts\/3335\/revisions\/3337"}],"wp:featuredmedia":[{"embeddable":true,"href":"https:\/\/aliso.fr\/reseau\/wp-json\/wp\/v2\/media\/3336"}],"wp:attachment":[{"href":"https:\/\/aliso.fr\/reseau\/wp-json\/wp\/v2\/media?parent=3335"}],"wp:term":[{"taxonomy":"category","embeddable":true,"href":"https:\/\/aliso.fr\/reseau\/wp-json\/wp\/v2\/categories?post=3335"},{"taxonomy":"post_tag","embeddable":true,"href":"https:\/\/aliso.fr\/reseau\/wp-json\/wp\/v2\/tags?post=3335"}],"curies":[{"name":"wp","href":"https:\/\/api.w.org\/{rel}","templated":true}]}}