{"id":3338,"date":"2026-02-12T17:01:55","date_gmt":"2026-02-12T16:01:55","guid":{"rendered":"https:\/\/aliso.fr\/reseau\/?p=3338"},"modified":"2026-02-12T17:01:56","modified_gmt":"2026-02-12T16:01:56","slug":"inter-reseau-larchipel","status":"publish","type":"post","link":"https:\/\/aliso.fr\/reseau\/inter-reseau-larchipel\/","title":{"rendered":"INTER-R\u00c9SEAU : l&rsquo;Archip\u00e8l"},"content":{"rendered":"\n<p>Anciennement SOLIMA Creuse depuis 2017 (Sch\u00e9ma d&rsquo;Orientation et de d\u00e9veloppement des Musiques Actuelles), L&rsquo;Archip\u00e8l a chang\u00e9 de nom en 2023. Il est le r\u00e9seau associatif creusois qui agit pour permettre plus de musique partout et pour tous et toutes en Creuse. Son action se met en \u0153uvre notamment avec de l&rsquo;interconnaissance, la mise en place de r\u00e9sidences partag\u00e9es tr\u00e8s confortables pour des artistes, l&rsquo;accompagnement de groupes de musique creusois, et la facilitation d&rsquo;\u00e9v\u00e8nements musicaux sur le territoire. Il est soutenu par l&rsquo;Etat, la R\u00e9gion, le D\u00e9partement et des appels \u00e0 projets. <\/p>\n\n\n\n<p>Ronan Bancelin en est son coordinateur depuis 2021, et travaille ainsi aux c\u00f4t\u00e9s de 4 structures qui assurent la gouvernance de l&rsquo;association : Naute Active, Le Caf\u00e9 de l&rsquo;Espace, La Moustache et Creuse Toujours. Apr\u00e8s le refus de labellisation en 2023 pour le SOLIMA Creuse, il s&rsquo;est attel\u00e9 en 2025 \u00e0 rencontrer les communes et collectivit\u00e9s pour d\u00e9fendre la particularit\u00e9 creusoise. Effectivement, les structures creusoises qui produisent et accueillent la musique actuelle ne r\u00e9pondent \u00e0 priori pas au cahier des charges national demand\u00e9 pour \u00eatre reconnues comme sc\u00e8nes de musiques actuelles (avoir une direction, une \u00e9quipe et un seul et m\u00eame lieu). Leur fonctionnement ressemble davantage \u00e0 celui d&rsquo;un archipel. C&rsquo;est d&rsquo;ailleurs pour valoriser cette image que ce nom a \u00e9t\u00e9 donn\u00e9 \u00e0 la structure coordinatrice des diff\u00e9rentes sc\u00e8nes de musiques actuelles creusoises.<br>Ainsi, l&rsquo;Archip\u00e8l, \u00e0 force de rencontres, a obtenu suffisamment de soutiens pour \u00eatre prise au s\u00e9rieux et se faire reconna\u00eetre. Ainsi, elle entre tout juste dans une d\u00e9marche de pr\u00e9figuration du<a href=\"https:\/\/www.culture.gouv.fr\/aides-demarches\/protections-labels-et-appellations\/label-scene-de-musiques-actuelles\" target=\"_blank\" rel=\"noreferrer noopener\"> label SMAC<\/a>, pour 3 ans.<br>L&rsquo;enjeu d&rsquo;obtention de ce label est : <br>&#8211; avoir la reconnaissance de ses pairs<br>&#8211; pouvoir pr\u00e9tendre \u00e0 des financements<br>&#8211; int\u00e9grer un r\u00e9seau plus important pour \u00eatre dans des logiques de tourn\u00e9es<\/p>\n\n\n\n<p>Reconnue Guid&rsquo;Asso experte sur les questions li\u00e9es \u00e0 la musique, l&rsquo;Archip\u00e8l se tient disponible pour r\u00e9pondre \u00e0 vos questions sur le sujet, <a href=\"&#109;&#x61;&#105;&#x6c;t&#x6f;:&#108;&#x61;&#114;&#x63;h&#x69;p&#101;&#x6c;&#50;&#x33;&#64;&#x67;m&#97;&#x69;&#108;&#x2e;c&#x6f;m\" id=\"m&#97;&#x69;&#x6c;t&#111;&#x3a;&#x6c;a&#114;&#x63;&#x68;i&#112;&#x65;&#x6c;2&#51;&#x40;&#x67;m&#97;&#105;&#x6c;&#x2e;c&#111;&#x6d;\">par mail.<\/a><br><br><br><\/p>\n","protected":false},"excerpt":{"rendered":"<p>Anciennement SOLIMA Creuse depuis 2017 (Sch\u00e9ma d&rsquo;Orientation et de d\u00e9veloppement des Musiques Actuelles), L&rsquo;Archip\u00e8l a chang\u00e9 de nom en 2023. Il est le r\u00e9seau associatif creusois qui agit pour permettre plus de musique partout et pour tous et toutes en Creuse. Son action se met en \u0153uvre notamment avec de l&rsquo;interconnaissance, la mise en place&#8230; <a class=\"excerpt-read-more button\" href=\"https:\/\/aliso.fr\/reseau\/inter-reseau-larchipel\/\" title=\"ReadINTER-R\u00c9SEAU : l&rsquo;Archip\u00e8l\">En savoir plus &raquo;<\/a><\/p>\n","protected":false},"author":3,"featured_media":3339,"comment_status":"closed","ping_status":"open","sticky":false,"template":"","format":"standard","meta":{"footnotes":""},"categories":[3],"tags":[],"class_list":["post-3338","post","type-post","status-publish","format-standard","has-post-thumbnail","hentry","category-actualite"],"yoast_head":"<!-- This site is optimized with the Yoast SEO plugin v27.4 - https:\/\/yoast.com\/product\/yoast-seo-wordpress\/ -->\n<title>INTER-R\u00c9SEAU : l&#039;Archip\u00e8l - Aliso R\u00e9seau<\/title>\n<meta name=\"robots\" content=\"index, follow, max-snippet:-1, max-image-preview:large, max-video-preview:-1\" \/>\n<link rel=\"canonical\" href=\"https:\/\/aliso.fr\/reseau\/inter-reseau-larchipel\/\" \/>\n<meta property=\"og:locale\" content=\"fr_FR\" \/>\n<meta property=\"og:type\" content=\"article\" \/>\n<meta property=\"og:title\" content=\"INTER-R\u00c9SEAU : l&#039;Archip\u00e8l - Aliso R\u00e9seau\" \/>\n<meta property=\"og:description\" content=\"Anciennement SOLIMA Creuse depuis 2017 (Sch\u00e9ma d&rsquo;Orientation et de d\u00e9veloppement des Musiques Actuelles), L&rsquo;Archip\u00e8l a chang\u00e9 de nom en 2023. Il est le r\u00e9seau associatif creusois qui agit pour permettre plus de musique partout et pour tous et toutes en Creuse. Son action se met en \u0153uvre notamment avec de l&rsquo;interconnaissance, la mise en place... En savoir plus &raquo;\" \/>\n<meta property=\"og:url\" content=\"https:\/\/aliso.fr\/reseau\/inter-reseau-larchipel\/\" \/>\n<meta property=\"og:site_name\" content=\"Aliso R\u00e9seau\" \/>\n<meta property=\"article:published_time\" content=\"2026-02-12T16:01:55+00:00\" \/>\n<meta property=\"article:modified_time\" content=\"2026-02-12T16:01:56+00:00\" \/>\n<meta property=\"og:image\" content=\"https:\/\/aliso.fr\/reseau\/wp-content\/uploads\/sites\/4\/2026\/02\/larchipel.jpg\" \/>\n\t<meta property=\"og:image:width\" content=\"225\" \/>\n\t<meta property=\"og:image:height\" content=\"225\" \/>\n\t<meta property=\"og:image:type\" content=\"image\/jpeg\" \/>\n<meta name=\"author\" content=\"laure\" \/>\n<meta name=\"twitter:card\" content=\"summary_large_image\" \/>\n<script type=\"application\/ld+json\" class=\"yoast-schema-graph\">{\"@context\":\"https:\\\/\\\/schema.org\",\"@graph\":[{\"@type\":\"Article\",\"@id\":\"https:\\\/\\\/aliso.fr\\\/reseau\\\/inter-reseau-larchipel\\\/#article\",\"isPartOf\":{\"@id\":\"https:\\\/\\\/aliso.fr\\\/reseau\\\/inter-reseau-larchipel\\\/\"},\"author\":{\"name\":\"laure\",\"@id\":\"https:\\\/\\\/aliso.fr\\\/reseau\\\/#\\\/schema\\\/person\\\/056af145b9c52eee21a9f739489104a5\"},\"headline\":\"INTER-R\u00c9SEAU : l&rsquo;Archip\u00e8l\",\"datePublished\":\"2026-02-12T16:01:55+00:00\",\"dateModified\":\"2026-02-12T16:01:56+00:00\",\"mainEntityOfPage\":{\"@id\":\"https:\\\/\\\/aliso.fr\\\/reseau\\\/inter-reseau-larchipel\\\/\"},\"wordCount\":351,\"publisher\":{\"@id\":\"https:\\\/\\\/aliso.fr\\\/reseau\\\/#organization\"},\"image\":{\"@id\":\"https:\\\/\\\/aliso.fr\\\/reseau\\\/inter-reseau-larchipel\\\/#primaryimage\"},\"thumbnailUrl\":\"https:\\\/\\\/aliso.fr\\\/reseau\\\/wp-content\\\/uploads\\\/sites\\\/4\\\/2026\\\/02\\\/larchipel.jpg\",\"articleSection\":[\"Actualit\u00e9\"],\"inLanguage\":\"fr-FR\"},{\"@type\":\"WebPage\",\"@id\":\"https:\\\/\\\/aliso.fr\\\/reseau\\\/inter-reseau-larchipel\\\/\",\"url\":\"https:\\\/\\\/aliso.fr\\\/reseau\\\/inter-reseau-larchipel\\\/\",\"name\":\"INTER-R\u00c9SEAU : l'Archip\u00e8l - Aliso R\u00e9seau\",\"isPartOf\":{\"@id\":\"https:\\\/\\\/aliso.fr\\\/reseau\\\/#website\"},\"primaryImageOfPage\":{\"@id\":\"https:\\\/\\\/aliso.fr\\\/reseau\\\/inter-reseau-larchipel\\\/#primaryimage\"},\"image\":{\"@id\":\"https:\\\/\\\/aliso.fr\\\/reseau\\\/inter-reseau-larchipel\\\/#primaryimage\"},\"thumbnailUrl\":\"https:\\\/\\\/aliso.fr\\\/reseau\\\/wp-content\\\/uploads\\\/sites\\\/4\\\/2026\\\/02\\\/larchipel.jpg\",\"datePublished\":\"2026-02-12T16:01:55+00:00\",\"dateModified\":\"2026-02-12T16:01:56+00:00\",\"breadcrumb\":{\"@id\":\"https:\\\/\\\/aliso.fr\\\/reseau\\\/inter-reseau-larchipel\\\/#breadcrumb\"},\"inLanguage\":\"fr-FR\",\"potentialAction\":[{\"@type\":\"ReadAction\",\"target\":[\"https:\\\/\\\/aliso.fr\\\/reseau\\\/inter-reseau-larchipel\\\/\"]}]},{\"@type\":\"ImageObject\",\"inLanguage\":\"fr-FR\",\"@id\":\"https:\\\/\\\/aliso.fr\\\/reseau\\\/inter-reseau-larchipel\\\/#primaryimage\",\"url\":\"https:\\\/\\\/aliso.fr\\\/reseau\\\/wp-content\\\/uploads\\\/sites\\\/4\\\/2026\\\/02\\\/larchipel.jpg\",\"contentUrl\":\"https:\\\/\\\/aliso.fr\\\/reseau\\\/wp-content\\\/uploads\\\/sites\\\/4\\\/2026\\\/02\\\/larchipel.jpg\",\"width\":225,\"height\":225},{\"@type\":\"BreadcrumbList\",\"@id\":\"https:\\\/\\\/aliso.fr\\\/reseau\\\/inter-reseau-larchipel\\\/#breadcrumb\",\"itemListElement\":[{\"@type\":\"ListItem\",\"position\":1,\"name\":\"Accueil\",\"item\":\"https:\\\/\\\/aliso.fr\\\/reseau\\\/\"},{\"@type\":\"ListItem\",\"position\":2,\"name\":\"Actualit\u00e9\",\"item\":\"https:\\\/\\\/aliso.fr\\\/reseau\\\/actualite\\\/\"},{\"@type\":\"ListItem\",\"position\":3,\"name\":\"INTER-R\u00c9SEAU : l&rsquo;Archip\u00e8l\"}]},{\"@type\":\"WebSite\",\"@id\":\"https:\\\/\\\/aliso.fr\\\/reseau\\\/#website\",\"url\":\"https:\\\/\\\/aliso.fr\\\/reseau\\\/\",\"name\":\"Aliso R\u00e9seau\",\"description\":\"R\u00e9seau Creusois des acteurs du lien social\",\"publisher\":{\"@id\":\"https:\\\/\\\/aliso.fr\\\/reseau\\\/#organization\"},\"potentialAction\":[{\"@type\":\"SearchAction\",\"target\":{\"@type\":\"EntryPoint\",\"urlTemplate\":\"https:\\\/\\\/aliso.fr\\\/reseau\\\/?s={search_term_string}\"},\"query-input\":{\"@type\":\"PropertyValueSpecification\",\"valueRequired\":true,\"valueName\":\"search_term_string\"}}],\"inLanguage\":\"fr-FR\"},{\"@type\":\"Organization\",\"@id\":\"https:\\\/\\\/aliso.fr\\\/reseau\\\/#organization\",\"name\":\"Aliso R\u00e9seau\",\"url\":\"https:\\\/\\\/aliso.fr\\\/reseau\\\/\",\"logo\":{\"@type\":\"ImageObject\",\"inLanguage\":\"fr-FR\",\"@id\":\"https:\\\/\\\/aliso.fr\\\/reseau\\\/#\\\/schema\\\/logo\\\/image\\\/\",\"url\":\"https:\\\/\\\/aliso.fr\\\/reseau\\\/wp-content\\\/uploads\\\/sites\\\/4\\\/2022\\\/01\\\/Logo-ALISO-Reseau-2.png\",\"contentUrl\":\"https:\\\/\\\/aliso.fr\\\/reseau\\\/wp-content\\\/uploads\\\/sites\\\/4\\\/2022\\\/01\\\/Logo-ALISO-Reseau-2.png\",\"width\":900,\"height\":970,\"caption\":\"Aliso R\u00e9seau\"},\"image\":{\"@id\":\"https:\\\/\\\/aliso.fr\\\/reseau\\\/#\\\/schema\\\/logo\\\/image\\\/\"}},{\"@type\":\"Person\",\"@id\":\"https:\\\/\\\/aliso.fr\\\/reseau\\\/#\\\/schema\\\/person\\\/056af145b9c52eee21a9f739489104a5\",\"name\":\"laure\"}]}<\/script>\n<!-- \/ Yoast SEO plugin. -->","yoast_head_json":{"title":"INTER-R\u00c9SEAU : l'Archip\u00e8l - Aliso R\u00e9seau","robots":{"index":"index","follow":"follow","max-snippet":"max-snippet:-1","max-image-preview":"max-image-preview:large","max-video-preview":"max-video-preview:-1"},"canonical":"https:\/\/aliso.fr\/reseau\/inter-reseau-larchipel\/","og_locale":"fr_FR","og_type":"article","og_title":"INTER-R\u00c9SEAU : l'Archip\u00e8l - Aliso R\u00e9seau","og_description":"Anciennement SOLIMA Creuse depuis 2017 (Sch\u00e9ma d&rsquo;Orientation et de d\u00e9veloppement des Musiques Actuelles), L&rsquo;Archip\u00e8l a chang\u00e9 de nom en 2023. Il est le r\u00e9seau associatif creusois qui agit pour permettre plus de musique partout et pour tous et toutes en Creuse. Son action se met en \u0153uvre notamment avec de l&rsquo;interconnaissance, la mise en place... En savoir plus &raquo;","og_url":"https:\/\/aliso.fr\/reseau\/inter-reseau-larchipel\/","og_site_name":"Aliso R\u00e9seau","article_published_time":"2026-02-12T16:01:55+00:00","article_modified_time":"2026-02-12T16:01:56+00:00","og_image":[{"width":225,"height":225,"url":"https:\/\/aliso.fr\/reseau\/wp-content\/uploads\/sites\/4\/2026\/02\/larchipel.jpg","type":"image\/jpeg"}],"author":"laure","twitter_card":"summary_large_image","schema":{"@context":"https:\/\/schema.org","@graph":[{"@type":"Article","@id":"https:\/\/aliso.fr\/reseau\/inter-reseau-larchipel\/#article","isPartOf":{"@id":"https:\/\/aliso.fr\/reseau\/inter-reseau-larchipel\/"},"author":{"name":"laure","@id":"https:\/\/aliso.fr\/reseau\/#\/schema\/person\/056af145b9c52eee21a9f739489104a5"},"headline":"INTER-R\u00c9SEAU : l&rsquo;Archip\u00e8l","datePublished":"2026-02-12T16:01:55+00:00","dateModified":"2026-02-12T16:01:56+00:00","mainEntityOfPage":{"@id":"https:\/\/aliso.fr\/reseau\/inter-reseau-larchipel\/"},"wordCount":351,"publisher":{"@id":"https:\/\/aliso.fr\/reseau\/#organization"},"image":{"@id":"https:\/\/aliso.fr\/reseau\/inter-reseau-larchipel\/#primaryimage"},"thumbnailUrl":"https:\/\/aliso.fr\/reseau\/wp-content\/uploads\/sites\/4\/2026\/02\/larchipel.jpg","articleSection":["Actualit\u00e9"],"inLanguage":"fr-FR"},{"@type":"WebPage","@id":"https:\/\/aliso.fr\/reseau\/inter-reseau-larchipel\/","url":"https:\/\/aliso.fr\/reseau\/inter-reseau-larchipel\/","name":"INTER-R\u00c9SEAU : l'Archip\u00e8l - Aliso R\u00e9seau","isPartOf":{"@id":"https:\/\/aliso.fr\/reseau\/#website"},"primaryImageOfPage":{"@id":"https:\/\/aliso.fr\/reseau\/inter-reseau-larchipel\/#primaryimage"},"image":{"@id":"https:\/\/aliso.fr\/reseau\/inter-reseau-larchipel\/#primaryimage"},"thumbnailUrl":"https:\/\/aliso.fr\/reseau\/wp-content\/uploads\/sites\/4\/2026\/02\/larchipel.jpg","datePublished":"2026-02-12T16:01:55+00:00","dateModified":"2026-02-12T16:01:56+00:00","breadcrumb":{"@id":"https:\/\/aliso.fr\/reseau\/inter-reseau-larchipel\/#breadcrumb"},"inLanguage":"fr-FR","potentialAction":[{"@type":"ReadAction","target":["https:\/\/aliso.fr\/reseau\/inter-reseau-larchipel\/"]}]},{"@type":"ImageObject","inLanguage":"fr-FR","@id":"https:\/\/aliso.fr\/reseau\/inter-reseau-larchipel\/#primaryimage","url":"https:\/\/aliso.fr\/reseau\/wp-content\/uploads\/sites\/4\/2026\/02\/larchipel.jpg","contentUrl":"https:\/\/aliso.fr\/reseau\/wp-content\/uploads\/sites\/4\/2026\/02\/larchipel.jpg","width":225,"height":225},{"@type":"BreadcrumbList","@id":"https:\/\/aliso.fr\/reseau\/inter-reseau-larchipel\/#breadcrumb","itemListElement":[{"@type":"ListItem","position":1,"name":"Accueil","item":"https:\/\/aliso.fr\/reseau\/"},{"@type":"ListItem","position":2,"name":"Actualit\u00e9","item":"https:\/\/aliso.fr\/reseau\/actualite\/"},{"@type":"ListItem","position":3,"name":"INTER-R\u00c9SEAU : l&rsquo;Archip\u00e8l"}]},{"@type":"WebSite","@id":"https:\/\/aliso.fr\/reseau\/#website","url":"https:\/\/aliso.fr\/reseau\/","name":"Aliso R\u00e9seau","description":"R\u00e9seau Creusois des acteurs du lien social","publisher":{"@id":"https:\/\/aliso.fr\/reseau\/#organization"},"potentialAction":[{"@type":"SearchAction","target":{"@type":"EntryPoint","urlTemplate":"https:\/\/aliso.fr\/reseau\/?s={search_term_string}"},"query-input":{"@type":"PropertyValueSpecification","valueRequired":true,"valueName":"search_term_string"}}],"inLanguage":"fr-FR"},{"@type":"Organization","@id":"https:\/\/aliso.fr\/reseau\/#organization","name":"Aliso R\u00e9seau","url":"https:\/\/aliso.fr\/reseau\/","logo":{"@type":"ImageObject","inLanguage":"fr-FR","@id":"https:\/\/aliso.fr\/reseau\/#\/schema\/logo\/image\/","url":"https:\/\/aliso.fr\/reseau\/wp-content\/uploads\/sites\/4\/2022\/01\/Logo-ALISO-Reseau-2.png","contentUrl":"https:\/\/aliso.fr\/reseau\/wp-content\/uploads\/sites\/4\/2022\/01\/Logo-ALISO-Reseau-2.png","width":900,"height":970,"caption":"Aliso R\u00e9seau"},"image":{"@id":"https:\/\/aliso.fr\/reseau\/#\/schema\/logo\/image\/"}},{"@type":"Person","@id":"https:\/\/aliso.fr\/reseau\/#\/schema\/person\/056af145b9c52eee21a9f739489104a5","name":"laure"}]}},"_links":{"self":[{"href":"https:\/\/aliso.fr\/reseau\/wp-json\/wp\/v2\/posts\/3338","targetHints":{"allow":["GET"]}}],"collection":[{"href":"https:\/\/aliso.fr\/reseau\/wp-json\/wp\/v2\/posts"}],"about":[{"href":"https:\/\/aliso.fr\/reseau\/wp-json\/wp\/v2\/types\/post"}],"author":[{"embeddable":true,"href":"https:\/\/aliso.fr\/reseau\/wp-json\/wp\/v2\/users\/3"}],"replies":[{"embeddable":true,"href":"https:\/\/aliso.fr\/reseau\/wp-json\/wp\/v2\/comments?post=3338"}],"version-history":[{"count":1,"href":"https:\/\/aliso.fr\/reseau\/wp-json\/wp\/v2\/posts\/3338\/revisions"}],"predecessor-version":[{"id":3340,"href":"https:\/\/aliso.fr\/reseau\/wp-json\/wp\/v2\/posts\/3338\/revisions\/3340"}],"wp:featuredmedia":[{"embeddable":true,"href":"https:\/\/aliso.fr\/reseau\/wp-json\/wp\/v2\/media\/3339"}],"wp:attachment":[{"href":"https:\/\/aliso.fr\/reseau\/wp-json\/wp\/v2\/media?parent=3338"}],"wp:term":[{"taxonomy":"category","embeddable":true,"href":"https:\/\/aliso.fr\/reseau\/wp-json\/wp\/v2\/categories?post=3338"},{"taxonomy":"post_tag","embeddable":true,"href":"https:\/\/aliso.fr\/reseau\/wp-json\/wp\/v2\/tags?post=3338"}],"curies":[{"name":"wp","href":"https:\/\/api.w.org\/{rel}","templated":true}]}}