{"id":3401,"date":"2026-04-16T15:12:11","date_gmt":"2026-04-16T13:12:11","guid":{"rendered":"https:\/\/aliso.fr\/reseau\/?p=3401"},"modified":"2026-04-16T15:12:12","modified_gmt":"2026-04-16T13:12:12","slug":"observatoire-des-libertes-associatives","status":"publish","type":"post","link":"https:\/\/aliso.fr\/reseau\/observatoire-des-libertes-associatives\/","title":{"rendered":"Observatoire des libert\u00e9s associatives"},"content":{"rendered":"\n<p>Peut-\u00eatre le saviez vous d\u00e9j\u00e0. Sinon, voici un article succinct pour vous partager l&rsquo;existence d&rsquo;un rapport d&rsquo;enqu\u00eate sorti le 12 f\u00e9vrier dernier par l&rsquo;Observatoire des libert\u00e9s associatives. Il \u00e9voque la question de la d\u00e9politisation des associations, interrogeant la notion de neutralit\u00e9.<br><br>Mais qu&rsquo;est-ce que cet observatoire ?<br>L\u2019Observatoire des Libert\u00e9s Associatives, depuis 2018, a pour vocation de documenter, notamment \u00e0 partir de rapports, les diverses atteintes aux libert\u00e9s associatives et entraves \u00e0 l\u2019action collective citoyennes dans la France contemporaine.<br>Il travaille en collaboration avec <a href=\"https:\/\/www.lacoalition.fr\/\" target=\"_blank\" rel=\"noreferrer noopener\">La Coordination pour les libert\u00e9s associatives<\/a> (collectif d\u2019associations qui promeuvent la d\u00e9fense des libert\u00e9s associatives et luttent pour pr\u00e9server l\u2019espace d\u00e9mocratique, dont le <a href=\"https:\/\/www.associations-citoyennes.net\/\" target=\"_blank\" rel=\"noreferrer noopener\">Collectif des Associations Citoyennes<\/a> est fondateur) et est anim\u00e9 par <a href=\"https:\/\/alinsky.fr\/qui-sommes-nous\/\" target=\"_blank\" rel=\"noreferrer noopener\">l\u2019Institut Alinsky <\/a>(cr\u00e9\u00e9 par des personnes impliqu\u00e9es dans le domaine du travail et du lien social souhaitant creuser et partager les enseignements de Saul Alinsky, les m\u00e9thodes d\u2019organisation des citoyens et une conception de la d\u00e9mocratie comme des contradictions et conflits \u00e0 n\u00e9gocier pour servir l\u2019int\u00e9r\u00eat g\u00e9n\u00e9ral \u00e0 partir de 2010). Elles <\/p>\n\n\n\n<p>Dans l&rsquo;observatoire, pas loin d&rsquo;une vingtaine de chercheurs en sciences sociales nourrissent les enqu\u00eates et autres travaux. <\/p>\n\n\n\n<p>Pour lire le rapport, c&rsquo;est ici : il fait 56 pages mais &#8230; c&rsquo;est \u00e9crit gros ! Et sinon laissez vous guider sur le site de l&rsquo;observatoire car il y existe aussi des podcasts.<\/p>\n\n\n\n<p><a href=\"https:\/\/libertesassociatives.org\/ressource\/neutraliser-le-monde-associatif-enquete-sur-une-injonction-a-la-depolitisation\">https:\/\/libertesassociatives.org\/ressource\/neutraliser-le-monde-associatif-enquete-sur-une-injonction-a-la-depolitisation<\/a><\/p>\n","protected":false},"excerpt":{"rendered":"<p>Peut-\u00eatre le saviez vous d\u00e9j\u00e0. Sinon, voici un article succinct pour vous partager l&rsquo;existence d&rsquo;un rapport d&rsquo;enqu\u00eate sorti le 12 f\u00e9vrier dernier par l&rsquo;Observatoire des libert\u00e9s associatives. Il \u00e9voque la question de la d\u00e9politisation des associations, interrogeant la notion de neutralit\u00e9. Mais qu&rsquo;est-ce que cet observatoire ?L\u2019Observatoire des Libert\u00e9s Associatives, depuis 2018, a pour vocation&#8230; <a class=\"excerpt-read-more button\" href=\"https:\/\/aliso.fr\/reseau\/observatoire-des-libertes-associatives\/\" title=\"ReadObservatoire des libert\u00e9s associatives\">En savoir plus &raquo;<\/a><\/p>\n","protected":false},"author":3,"featured_media":3402,"comment_status":"closed","ping_status":"open","sticky":false,"template":"","format":"standard","meta":{"footnotes":""},"categories":[3],"tags":[],"class_list":["post-3401","post","type-post","status-publish","format-standard","has-post-thumbnail","hentry","category-actualite"],"yoast_head":"<!-- This site is optimized with the Yoast SEO plugin v27.4 - https:\/\/yoast.com\/product\/yoast-seo-wordpress\/ -->\n<title>Observatoire des libert\u00e9s associatives - Aliso R\u00e9seau<\/title>\n<meta name=\"robots\" content=\"index, follow, max-snippet:-1, max-image-preview:large, max-video-preview:-1\" \/>\n<link rel=\"canonical\" href=\"https:\/\/aliso.fr\/reseau\/observatoire-des-libertes-associatives\/\" \/>\n<meta property=\"og:locale\" content=\"fr_FR\" \/>\n<meta property=\"og:type\" content=\"article\" \/>\n<meta property=\"og:title\" content=\"Observatoire des libert\u00e9s associatives - Aliso R\u00e9seau\" \/>\n<meta property=\"og:description\" content=\"Peut-\u00eatre le saviez vous d\u00e9j\u00e0. Sinon, voici un article succinct pour vous partager l&rsquo;existence d&rsquo;un rapport d&rsquo;enqu\u00eate sorti le 12 f\u00e9vrier dernier par l&rsquo;Observatoire des libert\u00e9s associatives. Il \u00e9voque la question de la d\u00e9politisation des associations, interrogeant la notion de neutralit\u00e9. Mais qu&rsquo;est-ce que cet observatoire ?L\u2019Observatoire des Libert\u00e9s Associatives, depuis 2018, a pour vocation... En savoir plus &raquo;\" \/>\n<meta property=\"og:url\" content=\"https:\/\/aliso.fr\/reseau\/observatoire-des-libertes-associatives\/\" \/>\n<meta property=\"og:site_name\" content=\"Aliso R\u00e9seau\" \/>\n<meta property=\"article:published_time\" content=\"2026-04-16T13:12:11+00:00\" \/>\n<meta property=\"article:modified_time\" content=\"2026-04-16T13:12:12+00:00\" \/>\n<meta property=\"og:image\" content=\"https:\/\/aliso.fr\/reseau\/wp-content\/uploads\/sites\/4\/2026\/04\/Sans-titre.jpg\" \/>\n\t<meta property=\"og:image:width\" content=\"225\" \/>\n\t<meta property=\"og:image:height\" content=\"225\" \/>\n\t<meta property=\"og:image:type\" content=\"image\/jpeg\" \/>\n<meta name=\"author\" content=\"laure\" \/>\n<meta name=\"twitter:card\" content=\"summary_large_image\" \/>\n<script type=\"application\/ld+json\" class=\"yoast-schema-graph\">{\"@context\":\"https:\\\/\\\/schema.org\",\"@graph\":[{\"@type\":\"Article\",\"@id\":\"https:\\\/\\\/aliso.fr\\\/reseau\\\/observatoire-des-libertes-associatives\\\/#article\",\"isPartOf\":{\"@id\":\"https:\\\/\\\/aliso.fr\\\/reseau\\\/observatoire-des-libertes-associatives\\\/\"},\"author\":{\"name\":\"laure\",\"@id\":\"https:\\\/\\\/aliso.fr\\\/reseau\\\/#\\\/schema\\\/person\\\/056af145b9c52eee21a9f739489104a5\"},\"headline\":\"Observatoire des libert\u00e9s associatives\",\"datePublished\":\"2026-04-16T13:12:11+00:00\",\"dateModified\":\"2026-04-16T13:12:12+00:00\",\"mainEntityOfPage\":{\"@id\":\"https:\\\/\\\/aliso.fr\\\/reseau\\\/observatoire-des-libertes-associatives\\\/\"},\"wordCount\":257,\"publisher\":{\"@id\":\"https:\\\/\\\/aliso.fr\\\/reseau\\\/#organization\"},\"image\":{\"@id\":\"https:\\\/\\\/aliso.fr\\\/reseau\\\/observatoire-des-libertes-associatives\\\/#primaryimage\"},\"thumbnailUrl\":\"https:\\\/\\\/aliso.fr\\\/reseau\\\/wp-content\\\/uploads\\\/sites\\\/4\\\/2026\\\/04\\\/Sans-titre.jpg\",\"articleSection\":[\"Actualit\u00e9\"],\"inLanguage\":\"fr-FR\"},{\"@type\":\"WebPage\",\"@id\":\"https:\\\/\\\/aliso.fr\\\/reseau\\\/observatoire-des-libertes-associatives\\\/\",\"url\":\"https:\\\/\\\/aliso.fr\\\/reseau\\\/observatoire-des-libertes-associatives\\\/\",\"name\":\"Observatoire des libert\u00e9s associatives - Aliso R\u00e9seau\",\"isPartOf\":{\"@id\":\"https:\\\/\\\/aliso.fr\\\/reseau\\\/#website\"},\"primaryImageOfPage\":{\"@id\":\"https:\\\/\\\/aliso.fr\\\/reseau\\\/observatoire-des-libertes-associatives\\\/#primaryimage\"},\"image\":{\"@id\":\"https:\\\/\\\/aliso.fr\\\/reseau\\\/observatoire-des-libertes-associatives\\\/#primaryimage\"},\"thumbnailUrl\":\"https:\\\/\\\/aliso.fr\\\/reseau\\\/wp-content\\\/uploads\\\/sites\\\/4\\\/2026\\\/04\\\/Sans-titre.jpg\",\"datePublished\":\"2026-04-16T13:12:11+00:00\",\"dateModified\":\"2026-04-16T13:12:12+00:00\",\"breadcrumb\":{\"@id\":\"https:\\\/\\\/aliso.fr\\\/reseau\\\/observatoire-des-libertes-associatives\\\/#breadcrumb\"},\"inLanguage\":\"fr-FR\",\"potentialAction\":[{\"@type\":\"ReadAction\",\"target\":[\"https:\\\/\\\/aliso.fr\\\/reseau\\\/observatoire-des-libertes-associatives\\\/\"]}]},{\"@type\":\"ImageObject\",\"inLanguage\":\"fr-FR\",\"@id\":\"https:\\\/\\\/aliso.fr\\\/reseau\\\/observatoire-des-libertes-associatives\\\/#primaryimage\",\"url\":\"https:\\\/\\\/aliso.fr\\\/reseau\\\/wp-content\\\/uploads\\\/sites\\\/4\\\/2026\\\/04\\\/Sans-titre.jpg\",\"contentUrl\":\"https:\\\/\\\/aliso.fr\\\/reseau\\\/wp-content\\\/uploads\\\/sites\\\/4\\\/2026\\\/04\\\/Sans-titre.jpg\",\"width\":225,\"height\":225},{\"@type\":\"BreadcrumbList\",\"@id\":\"https:\\\/\\\/aliso.fr\\\/reseau\\\/observatoire-des-libertes-associatives\\\/#breadcrumb\",\"itemListElement\":[{\"@type\":\"ListItem\",\"position\":1,\"name\":\"Accueil\",\"item\":\"https:\\\/\\\/aliso.fr\\\/reseau\\\/\"},{\"@type\":\"ListItem\",\"position\":2,\"name\":\"Actualit\u00e9\",\"item\":\"https:\\\/\\\/aliso.fr\\\/reseau\\\/actualite\\\/\"},{\"@type\":\"ListItem\",\"position\":3,\"name\":\"Observatoire des libert\u00e9s associatives\"}]},{\"@type\":\"WebSite\",\"@id\":\"https:\\\/\\\/aliso.fr\\\/reseau\\\/#website\",\"url\":\"https:\\\/\\\/aliso.fr\\\/reseau\\\/\",\"name\":\"Aliso R\u00e9seau\",\"description\":\"R\u00e9seau Creusois des acteurs du lien social\",\"publisher\":{\"@id\":\"https:\\\/\\\/aliso.fr\\\/reseau\\\/#organization\"},\"potentialAction\":[{\"@type\":\"SearchAction\",\"target\":{\"@type\":\"EntryPoint\",\"urlTemplate\":\"https:\\\/\\\/aliso.fr\\\/reseau\\\/?s={search_term_string}\"},\"query-input\":{\"@type\":\"PropertyValueSpecification\",\"valueRequired\":true,\"valueName\":\"search_term_string\"}}],\"inLanguage\":\"fr-FR\"},{\"@type\":\"Organization\",\"@id\":\"https:\\\/\\\/aliso.fr\\\/reseau\\\/#organization\",\"name\":\"Aliso R\u00e9seau\",\"url\":\"https:\\\/\\\/aliso.fr\\\/reseau\\\/\",\"logo\":{\"@type\":\"ImageObject\",\"inLanguage\":\"fr-FR\",\"@id\":\"https:\\\/\\\/aliso.fr\\\/reseau\\\/#\\\/schema\\\/logo\\\/image\\\/\",\"url\":\"https:\\\/\\\/aliso.fr\\\/reseau\\\/wp-content\\\/uploads\\\/sites\\\/4\\\/2022\\\/01\\\/Logo-ALISO-Reseau-2.png\",\"contentUrl\":\"https:\\\/\\\/aliso.fr\\\/reseau\\\/wp-content\\\/uploads\\\/sites\\\/4\\\/2022\\\/01\\\/Logo-ALISO-Reseau-2.png\",\"width\":900,\"height\":970,\"caption\":\"Aliso R\u00e9seau\"},\"image\":{\"@id\":\"https:\\\/\\\/aliso.fr\\\/reseau\\\/#\\\/schema\\\/logo\\\/image\\\/\"}},{\"@type\":\"Person\",\"@id\":\"https:\\\/\\\/aliso.fr\\\/reseau\\\/#\\\/schema\\\/person\\\/056af145b9c52eee21a9f739489104a5\",\"name\":\"laure\"}]}<\/script>\n<!-- \/ Yoast SEO plugin. -->","yoast_head_json":{"title":"Observatoire des libert\u00e9s associatives - Aliso R\u00e9seau","robots":{"index":"index","follow":"follow","max-snippet":"max-snippet:-1","max-image-preview":"max-image-preview:large","max-video-preview":"max-video-preview:-1"},"canonical":"https:\/\/aliso.fr\/reseau\/observatoire-des-libertes-associatives\/","og_locale":"fr_FR","og_type":"article","og_title":"Observatoire des libert\u00e9s associatives - Aliso R\u00e9seau","og_description":"Peut-\u00eatre le saviez vous d\u00e9j\u00e0. Sinon, voici un article succinct pour vous partager l&rsquo;existence d&rsquo;un rapport d&rsquo;enqu\u00eate sorti le 12 f\u00e9vrier dernier par l&rsquo;Observatoire des libert\u00e9s associatives. Il \u00e9voque la question de la d\u00e9politisation des associations, interrogeant la notion de neutralit\u00e9. Mais qu&rsquo;est-ce que cet observatoire ?L\u2019Observatoire des Libert\u00e9s Associatives, depuis 2018, a pour vocation... En savoir plus &raquo;","og_url":"https:\/\/aliso.fr\/reseau\/observatoire-des-libertes-associatives\/","og_site_name":"Aliso R\u00e9seau","article_published_time":"2026-04-16T13:12:11+00:00","article_modified_time":"2026-04-16T13:12:12+00:00","og_image":[{"width":225,"height":225,"url":"https:\/\/aliso.fr\/reseau\/wp-content\/uploads\/sites\/4\/2026\/04\/Sans-titre.jpg","type":"image\/jpeg"}],"author":"laure","twitter_card":"summary_large_image","schema":{"@context":"https:\/\/schema.org","@graph":[{"@type":"Article","@id":"https:\/\/aliso.fr\/reseau\/observatoire-des-libertes-associatives\/#article","isPartOf":{"@id":"https:\/\/aliso.fr\/reseau\/observatoire-des-libertes-associatives\/"},"author":{"name":"laure","@id":"https:\/\/aliso.fr\/reseau\/#\/schema\/person\/056af145b9c52eee21a9f739489104a5"},"headline":"Observatoire des libert\u00e9s associatives","datePublished":"2026-04-16T13:12:11+00:00","dateModified":"2026-04-16T13:12:12+00:00","mainEntityOfPage":{"@id":"https:\/\/aliso.fr\/reseau\/observatoire-des-libertes-associatives\/"},"wordCount":257,"publisher":{"@id":"https:\/\/aliso.fr\/reseau\/#organization"},"image":{"@id":"https:\/\/aliso.fr\/reseau\/observatoire-des-libertes-associatives\/#primaryimage"},"thumbnailUrl":"https:\/\/aliso.fr\/reseau\/wp-content\/uploads\/sites\/4\/2026\/04\/Sans-titre.jpg","articleSection":["Actualit\u00e9"],"inLanguage":"fr-FR"},{"@type":"WebPage","@id":"https:\/\/aliso.fr\/reseau\/observatoire-des-libertes-associatives\/","url":"https:\/\/aliso.fr\/reseau\/observatoire-des-libertes-associatives\/","name":"Observatoire des libert\u00e9s associatives - Aliso R\u00e9seau","isPartOf":{"@id":"https:\/\/aliso.fr\/reseau\/#website"},"primaryImageOfPage":{"@id":"https:\/\/aliso.fr\/reseau\/observatoire-des-libertes-associatives\/#primaryimage"},"image":{"@id":"https:\/\/aliso.fr\/reseau\/observatoire-des-libertes-associatives\/#primaryimage"},"thumbnailUrl":"https:\/\/aliso.fr\/reseau\/wp-content\/uploads\/sites\/4\/2026\/04\/Sans-titre.jpg","datePublished":"2026-04-16T13:12:11+00:00","dateModified":"2026-04-16T13:12:12+00:00","breadcrumb":{"@id":"https:\/\/aliso.fr\/reseau\/observatoire-des-libertes-associatives\/#breadcrumb"},"inLanguage":"fr-FR","potentialAction":[{"@type":"ReadAction","target":["https:\/\/aliso.fr\/reseau\/observatoire-des-libertes-associatives\/"]}]},{"@type":"ImageObject","inLanguage":"fr-FR","@id":"https:\/\/aliso.fr\/reseau\/observatoire-des-libertes-associatives\/#primaryimage","url":"https:\/\/aliso.fr\/reseau\/wp-content\/uploads\/sites\/4\/2026\/04\/Sans-titre.jpg","contentUrl":"https:\/\/aliso.fr\/reseau\/wp-content\/uploads\/sites\/4\/2026\/04\/Sans-titre.jpg","width":225,"height":225},{"@type":"BreadcrumbList","@id":"https:\/\/aliso.fr\/reseau\/observatoire-des-libertes-associatives\/#breadcrumb","itemListElement":[{"@type":"ListItem","position":1,"name":"Accueil","item":"https:\/\/aliso.fr\/reseau\/"},{"@type":"ListItem","position":2,"name":"Actualit\u00e9","item":"https:\/\/aliso.fr\/reseau\/actualite\/"},{"@type":"ListItem","position":3,"name":"Observatoire des libert\u00e9s associatives"}]},{"@type":"WebSite","@id":"https:\/\/aliso.fr\/reseau\/#website","url":"https:\/\/aliso.fr\/reseau\/","name":"Aliso R\u00e9seau","description":"R\u00e9seau Creusois des acteurs du lien social","publisher":{"@id":"https:\/\/aliso.fr\/reseau\/#organization"},"potentialAction":[{"@type":"SearchAction","target":{"@type":"EntryPoint","urlTemplate":"https:\/\/aliso.fr\/reseau\/?s={search_term_string}"},"query-input":{"@type":"PropertyValueSpecification","valueRequired":true,"valueName":"search_term_string"}}],"inLanguage":"fr-FR"},{"@type":"Organization","@id":"https:\/\/aliso.fr\/reseau\/#organization","name":"Aliso R\u00e9seau","url":"https:\/\/aliso.fr\/reseau\/","logo":{"@type":"ImageObject","inLanguage":"fr-FR","@id":"https:\/\/aliso.fr\/reseau\/#\/schema\/logo\/image\/","url":"https:\/\/aliso.fr\/reseau\/wp-content\/uploads\/sites\/4\/2022\/01\/Logo-ALISO-Reseau-2.png","contentUrl":"https:\/\/aliso.fr\/reseau\/wp-content\/uploads\/sites\/4\/2022\/01\/Logo-ALISO-Reseau-2.png","width":900,"height":970,"caption":"Aliso R\u00e9seau"},"image":{"@id":"https:\/\/aliso.fr\/reseau\/#\/schema\/logo\/image\/"}},{"@type":"Person","@id":"https:\/\/aliso.fr\/reseau\/#\/schema\/person\/056af145b9c52eee21a9f739489104a5","name":"laure"}]}},"_links":{"self":[{"href":"https:\/\/aliso.fr\/reseau\/wp-json\/wp\/v2\/posts\/3401","targetHints":{"allow":["GET"]}}],"collection":[{"href":"https:\/\/aliso.fr\/reseau\/wp-json\/wp\/v2\/posts"}],"about":[{"href":"https:\/\/aliso.fr\/reseau\/wp-json\/wp\/v2\/types\/post"}],"author":[{"embeddable":true,"href":"https:\/\/aliso.fr\/reseau\/wp-json\/wp\/v2\/users\/3"}],"replies":[{"embeddable":true,"href":"https:\/\/aliso.fr\/reseau\/wp-json\/wp\/v2\/comments?post=3401"}],"version-history":[{"count":1,"href":"https:\/\/aliso.fr\/reseau\/wp-json\/wp\/v2\/posts\/3401\/revisions"}],"predecessor-version":[{"id":3403,"href":"https:\/\/aliso.fr\/reseau\/wp-json\/wp\/v2\/posts\/3401\/revisions\/3403"}],"wp:featuredmedia":[{"embeddable":true,"href":"https:\/\/aliso.fr\/reseau\/wp-json\/wp\/v2\/media\/3402"}],"wp:attachment":[{"href":"https:\/\/aliso.fr\/reseau\/wp-json\/wp\/v2\/media?parent=3401"}],"wp:term":[{"taxonomy":"category","embeddable":true,"href":"https:\/\/aliso.fr\/reseau\/wp-json\/wp\/v2\/categories?post=3401"},{"taxonomy":"post_tag","embeddable":true,"href":"https:\/\/aliso.fr\/reseau\/wp-json\/wp\/v2\/tags?post=3401"}],"curies":[{"name":"wp","href":"https:\/\/api.w.org\/{rel}","templated":true}]}}