{"id":3407,"date":"2026-04-16T15:28:06","date_gmt":"2026-04-16T13:28:06","guid":{"rendered":"https:\/\/aliso.fr\/reseau\/?p=3407"},"modified":"2026-04-20T10:30:00","modified_gmt":"2026-04-20T08:30:00","slug":"formations-reportees-et-a-venir","status":"publish","type":"post","link":"https:\/\/aliso.fr\/reseau\/formations-reportees-et-a-venir\/","title":{"rendered":"FORMATIONS REPORT\u00c9ES ET A VENIR"},"content":{"rendered":"\n<p>A d\u00e9faut d&rsquo;un nombre suffisant de participants, les journ\u00e9es pr\u00e9vues en ce printemps pour la protection des donn\u00e9es par la CNIL (<strong>Commission Nationale de l&rsquo;Informatique et des Libert\u00e9s<\/strong>) et la formation FAcile \u00e0 Lire et \u00e0 Comprendre, n&rsquo;ont pas pu avoir lieu.<br>Nous avons bon espoir de pouvoir les reporter, notamment \u00e0 l&rsquo;automne pour la formation FALC.<\/p>\n\n\n\n<p>Par ailleurs, on vous convie les 11 et 12 juin pour la formation \u00a0\u00bb Repenser le processus d&rsquo;\u00e9laboration des \u00e9crits professionnels\u00a0\u00bb, avec Olivier Ladiller, formateur \u00e0 Formadapt. <a href=\"https:\/\/app.digiforma.com\/guest\/2077943183\/training_sessions\/2893586\/register\">Inscription<\/a><\/p>\n\n\n\n<p><br>Merci de nous faire savoir qui serait int\u00e9ress\u00e9 par ces diff\u00e9rents temps en contactant <a href=\"&#109;&#x61;&#105;&#x6c;&#116;&#x6f;:&#x63;h&#114;&#x69;&#115;&#x74;&#101;&#x6c;l&#x65;a&#117;&#x66;&#97;&#x75;&#114;&#x65;&#64;&#x61;l&#x69;s&#111;&#x2e;&#102;&#x72;\">Christelle.<\/a> <\/p>\n\n\n\n<p><\/p>\n\n\n\n<p><\/p>\n","protected":false},"excerpt":{"rendered":"<p>A d\u00e9faut d&rsquo;un nombre suffisant de participants, les journ\u00e9es pr\u00e9vues en ce printemps pour la protection des donn\u00e9es par la CNIL (Commission Nationale de l&rsquo;Informatique et des Libert\u00e9s) et la formation FAcile \u00e0 Lire et \u00e0 Comprendre, n&rsquo;ont pas pu avoir lieu.Nous avons bon espoir de pouvoir les reporter, notamment \u00e0 l&rsquo;automne pour la formation&#8230; <a class=\"excerpt-read-more button\" href=\"https:\/\/aliso.fr\/reseau\/formations-reportees-et-a-venir\/\" title=\"ReadFORMATIONS REPORT\u00c9ES ET A VENIR\">En savoir plus &raquo;<\/a><\/p>\n","protected":false},"author":3,"featured_media":3204,"comment_status":"closed","ping_status":"open","sticky":false,"template":"","format":"standard","meta":{"footnotes":""},"categories":[3],"tags":[],"class_list":["post-3407","post","type-post","status-publish","format-standard","has-post-thumbnail","hentry","category-actualite"],"yoast_head":"<!-- This site is optimized with the Yoast SEO plugin v27.4 - https:\/\/yoast.com\/product\/yoast-seo-wordpress\/ -->\n<title>FORMATIONS REPORT\u00c9ES ET A VENIR - Aliso R\u00e9seau<\/title>\n<meta name=\"robots\" content=\"index, follow, max-snippet:-1, max-image-preview:large, max-video-preview:-1\" \/>\n<link rel=\"canonical\" href=\"https:\/\/aliso.fr\/reseau\/formations-reportees-et-a-venir\/\" \/>\n<meta property=\"og:locale\" content=\"fr_FR\" \/>\n<meta property=\"og:type\" content=\"article\" \/>\n<meta property=\"og:title\" content=\"FORMATIONS REPORT\u00c9ES ET A VENIR - Aliso R\u00e9seau\" \/>\n<meta property=\"og:description\" content=\"A d\u00e9faut d&rsquo;un nombre suffisant de participants, les journ\u00e9es pr\u00e9vues en ce printemps pour la protection des donn\u00e9es par la CNIL (Commission Nationale de l&rsquo;Informatique et des Libert\u00e9s) et la formation FAcile \u00e0 Lire et \u00e0 Comprendre, n&rsquo;ont pas pu avoir lieu.Nous avons bon espoir de pouvoir les reporter, notamment \u00e0 l&rsquo;automne pour la formation... En savoir plus &raquo;\" \/>\n<meta property=\"og:url\" content=\"https:\/\/aliso.fr\/reseau\/formations-reportees-et-a-venir\/\" \/>\n<meta property=\"og:site_name\" content=\"Aliso R\u00e9seau\" \/>\n<meta property=\"article:published_time\" content=\"2026-04-16T13:28:06+00:00\" \/>\n<meta property=\"article:modified_time\" content=\"2026-04-20T08:30:00+00:00\" \/>\n<meta property=\"og:image\" content=\"https:\/\/aliso.fr\/reseau\/wp-content\/uploads\/sites\/4\/\/2025\/10\/ALiso-frmation-edited.png\" \/>\n\t<meta property=\"og:image:width\" content=\"1\" \/>\n\t<meta property=\"og:image:height\" content=\"1\" \/>\n\t<meta property=\"og:image:type\" content=\"image\/png\" \/>\n<meta name=\"author\" content=\"laure\" \/>\n<meta name=\"twitter:card\" content=\"summary_large_image\" \/>\n<script type=\"application\/ld+json\" class=\"yoast-schema-graph\">{\"@context\":\"https:\\\/\\\/schema.org\",\"@graph\":[{\"@type\":\"Article\",\"@id\":\"https:\\\/\\\/aliso.fr\\\/reseau\\\/formations-reportees-et-a-venir\\\/#article\",\"isPartOf\":{\"@id\":\"https:\\\/\\\/aliso.fr\\\/reseau\\\/formations-reportees-et-a-venir\\\/\"},\"author\":{\"name\":\"laure\",\"@id\":\"https:\\\/\\\/aliso.fr\\\/reseau\\\/#\\\/schema\\\/person\\\/056af145b9c52eee21a9f739489104a5\"},\"headline\":\"FORMATIONS REPORT\u00c9ES ET A VENIR\",\"datePublished\":\"2026-04-16T13:28:06+00:00\",\"dateModified\":\"2026-04-20T08:30:00+00:00\",\"mainEntityOfPage\":{\"@id\":\"https:\\\/\\\/aliso.fr\\\/reseau\\\/formations-reportees-et-a-venir\\\/\"},\"wordCount\":111,\"publisher\":{\"@id\":\"https:\\\/\\\/aliso.fr\\\/reseau\\\/#organization\"},\"image\":{\"@id\":\"https:\\\/\\\/aliso.fr\\\/reseau\\\/formations-reportees-et-a-venir\\\/#primaryimage\"},\"thumbnailUrl\":\"https:\\\/\\\/aliso.fr\\\/reseau\\\/wp-content\\\/uploads\\\/sites\\\/4\\\/\\\/2025\\\/10\\\/ALiso-frmation-edited.png\",\"articleSection\":[\"Actualit\u00e9\"],\"inLanguage\":\"fr-FR\"},{\"@type\":\"WebPage\",\"@id\":\"https:\\\/\\\/aliso.fr\\\/reseau\\\/formations-reportees-et-a-venir\\\/\",\"url\":\"https:\\\/\\\/aliso.fr\\\/reseau\\\/formations-reportees-et-a-venir\\\/\",\"name\":\"FORMATIONS REPORT\u00c9ES ET A VENIR - Aliso R\u00e9seau\",\"isPartOf\":{\"@id\":\"https:\\\/\\\/aliso.fr\\\/reseau\\\/#website\"},\"primaryImageOfPage\":{\"@id\":\"https:\\\/\\\/aliso.fr\\\/reseau\\\/formations-reportees-et-a-venir\\\/#primaryimage\"},\"image\":{\"@id\":\"https:\\\/\\\/aliso.fr\\\/reseau\\\/formations-reportees-et-a-venir\\\/#primaryimage\"},\"thumbnailUrl\":\"https:\\\/\\\/aliso.fr\\\/reseau\\\/wp-content\\\/uploads\\\/sites\\\/4\\\/\\\/2025\\\/10\\\/ALiso-frmation-edited.png\",\"datePublished\":\"2026-04-16T13:28:06+00:00\",\"dateModified\":\"2026-04-20T08:30:00+00:00\",\"breadcrumb\":{\"@id\":\"https:\\\/\\\/aliso.fr\\\/reseau\\\/formations-reportees-et-a-venir\\\/#breadcrumb\"},\"inLanguage\":\"fr-FR\",\"potentialAction\":[{\"@type\":\"ReadAction\",\"target\":[\"https:\\\/\\\/aliso.fr\\\/reseau\\\/formations-reportees-et-a-venir\\\/\"]}]},{\"@type\":\"ImageObject\",\"inLanguage\":\"fr-FR\",\"@id\":\"https:\\\/\\\/aliso.fr\\\/reseau\\\/formations-reportees-et-a-venir\\\/#primaryimage\",\"url\":\"https:\\\/\\\/aliso.fr\\\/reseau\\\/wp-content\\\/uploads\\\/sites\\\/4\\\/\\\/2025\\\/10\\\/ALiso-frmation-edited.png\",\"contentUrl\":\"https:\\\/\\\/aliso.fr\\\/reseau\\\/wp-content\\\/uploads\\\/sites\\\/4\\\/\\\/2025\\\/10\\\/ALiso-frmation-edited.png\"},{\"@type\":\"BreadcrumbList\",\"@id\":\"https:\\\/\\\/aliso.fr\\\/reseau\\\/formations-reportees-et-a-venir\\\/#breadcrumb\",\"itemListElement\":[{\"@type\":\"ListItem\",\"position\":1,\"name\":\"Accueil\",\"item\":\"https:\\\/\\\/aliso.fr\\\/reseau\\\/\"},{\"@type\":\"ListItem\",\"position\":2,\"name\":\"Actualit\u00e9\",\"item\":\"https:\\\/\\\/aliso.fr\\\/reseau\\\/actualite\\\/\"},{\"@type\":\"ListItem\",\"position\":3,\"name\":\"FORMATIONS REPORT\u00c9ES ET A VENIR\"}]},{\"@type\":\"WebSite\",\"@id\":\"https:\\\/\\\/aliso.fr\\\/reseau\\\/#website\",\"url\":\"https:\\\/\\\/aliso.fr\\\/reseau\\\/\",\"name\":\"Aliso R\u00e9seau\",\"description\":\"R\u00e9seau Creusois des acteurs du lien social\",\"publisher\":{\"@id\":\"https:\\\/\\\/aliso.fr\\\/reseau\\\/#organization\"},\"potentialAction\":[{\"@type\":\"SearchAction\",\"target\":{\"@type\":\"EntryPoint\",\"urlTemplate\":\"https:\\\/\\\/aliso.fr\\\/reseau\\\/?s={search_term_string}\"},\"query-input\":{\"@type\":\"PropertyValueSpecification\",\"valueRequired\":true,\"valueName\":\"search_term_string\"}}],\"inLanguage\":\"fr-FR\"},{\"@type\":\"Organization\",\"@id\":\"https:\\\/\\\/aliso.fr\\\/reseau\\\/#organization\",\"name\":\"Aliso R\u00e9seau\",\"url\":\"https:\\\/\\\/aliso.fr\\\/reseau\\\/\",\"logo\":{\"@type\":\"ImageObject\",\"inLanguage\":\"fr-FR\",\"@id\":\"https:\\\/\\\/aliso.fr\\\/reseau\\\/#\\\/schema\\\/logo\\\/image\\\/\",\"url\":\"https:\\\/\\\/aliso.fr\\\/reseau\\\/wp-content\\\/uploads\\\/sites\\\/4\\\/2022\\\/01\\\/Logo-ALISO-Reseau-2.png\",\"contentUrl\":\"https:\\\/\\\/aliso.fr\\\/reseau\\\/wp-content\\\/uploads\\\/sites\\\/4\\\/2022\\\/01\\\/Logo-ALISO-Reseau-2.png\",\"width\":900,\"height\":970,\"caption\":\"Aliso R\u00e9seau\"},\"image\":{\"@id\":\"https:\\\/\\\/aliso.fr\\\/reseau\\\/#\\\/schema\\\/logo\\\/image\\\/\"}},{\"@type\":\"Person\",\"@id\":\"https:\\\/\\\/aliso.fr\\\/reseau\\\/#\\\/schema\\\/person\\\/056af145b9c52eee21a9f739489104a5\",\"name\":\"laure\"}]}<\/script>\n<!-- \/ Yoast SEO plugin. -->","yoast_head_json":{"title":"FORMATIONS REPORT\u00c9ES ET A VENIR - Aliso R\u00e9seau","robots":{"index":"index","follow":"follow","max-snippet":"max-snippet:-1","max-image-preview":"max-image-preview:large","max-video-preview":"max-video-preview:-1"},"canonical":"https:\/\/aliso.fr\/reseau\/formations-reportees-et-a-venir\/","og_locale":"fr_FR","og_type":"article","og_title":"FORMATIONS REPORT\u00c9ES ET A VENIR - Aliso R\u00e9seau","og_description":"A d\u00e9faut d&rsquo;un nombre suffisant de participants, les journ\u00e9es pr\u00e9vues en ce printemps pour la protection des donn\u00e9es par la CNIL (Commission Nationale de l&rsquo;Informatique et des Libert\u00e9s) et la formation FAcile \u00e0 Lire et \u00e0 Comprendre, n&rsquo;ont pas pu avoir lieu.Nous avons bon espoir de pouvoir les reporter, notamment \u00e0 l&rsquo;automne pour la formation... En savoir plus &raquo;","og_url":"https:\/\/aliso.fr\/reseau\/formations-reportees-et-a-venir\/","og_site_name":"Aliso R\u00e9seau","article_published_time":"2026-04-16T13:28:06+00:00","article_modified_time":"2026-04-20T08:30:00+00:00","og_image":[{"url":"https:\/\/aliso.fr\/reseau\/wp-content\/uploads\/sites\/4\/\/2025\/10\/ALiso-frmation-edited.png","width":1,"height":1,"type":"image\/png"}],"author":"laure","twitter_card":"summary_large_image","schema":{"@context":"https:\/\/schema.org","@graph":[{"@type":"Article","@id":"https:\/\/aliso.fr\/reseau\/formations-reportees-et-a-venir\/#article","isPartOf":{"@id":"https:\/\/aliso.fr\/reseau\/formations-reportees-et-a-venir\/"},"author":{"name":"laure","@id":"https:\/\/aliso.fr\/reseau\/#\/schema\/person\/056af145b9c52eee21a9f739489104a5"},"headline":"FORMATIONS REPORT\u00c9ES ET A VENIR","datePublished":"2026-04-16T13:28:06+00:00","dateModified":"2026-04-20T08:30:00+00:00","mainEntityOfPage":{"@id":"https:\/\/aliso.fr\/reseau\/formations-reportees-et-a-venir\/"},"wordCount":111,"publisher":{"@id":"https:\/\/aliso.fr\/reseau\/#organization"},"image":{"@id":"https:\/\/aliso.fr\/reseau\/formations-reportees-et-a-venir\/#primaryimage"},"thumbnailUrl":"https:\/\/aliso.fr\/reseau\/wp-content\/uploads\/sites\/4\/\/2025\/10\/ALiso-frmation-edited.png","articleSection":["Actualit\u00e9"],"inLanguage":"fr-FR"},{"@type":"WebPage","@id":"https:\/\/aliso.fr\/reseau\/formations-reportees-et-a-venir\/","url":"https:\/\/aliso.fr\/reseau\/formations-reportees-et-a-venir\/","name":"FORMATIONS REPORT\u00c9ES ET A VENIR - Aliso R\u00e9seau","isPartOf":{"@id":"https:\/\/aliso.fr\/reseau\/#website"},"primaryImageOfPage":{"@id":"https:\/\/aliso.fr\/reseau\/formations-reportees-et-a-venir\/#primaryimage"},"image":{"@id":"https:\/\/aliso.fr\/reseau\/formations-reportees-et-a-venir\/#primaryimage"},"thumbnailUrl":"https:\/\/aliso.fr\/reseau\/wp-content\/uploads\/sites\/4\/\/2025\/10\/ALiso-frmation-edited.png","datePublished":"2026-04-16T13:28:06+00:00","dateModified":"2026-04-20T08:30:00+00:00","breadcrumb":{"@id":"https:\/\/aliso.fr\/reseau\/formations-reportees-et-a-venir\/#breadcrumb"},"inLanguage":"fr-FR","potentialAction":[{"@type":"ReadAction","target":["https:\/\/aliso.fr\/reseau\/formations-reportees-et-a-venir\/"]}]},{"@type":"ImageObject","inLanguage":"fr-FR","@id":"https:\/\/aliso.fr\/reseau\/formations-reportees-et-a-venir\/#primaryimage","url":"https:\/\/aliso.fr\/reseau\/wp-content\/uploads\/sites\/4\/\/2025\/10\/ALiso-frmation-edited.png","contentUrl":"https:\/\/aliso.fr\/reseau\/wp-content\/uploads\/sites\/4\/\/2025\/10\/ALiso-frmation-edited.png"},{"@type":"BreadcrumbList","@id":"https:\/\/aliso.fr\/reseau\/formations-reportees-et-a-venir\/#breadcrumb","itemListElement":[{"@type":"ListItem","position":1,"name":"Accueil","item":"https:\/\/aliso.fr\/reseau\/"},{"@type":"ListItem","position":2,"name":"Actualit\u00e9","item":"https:\/\/aliso.fr\/reseau\/actualite\/"},{"@type":"ListItem","position":3,"name":"FORMATIONS REPORT\u00c9ES ET A VENIR"}]},{"@type":"WebSite","@id":"https:\/\/aliso.fr\/reseau\/#website","url":"https:\/\/aliso.fr\/reseau\/","name":"Aliso R\u00e9seau","description":"R\u00e9seau Creusois des acteurs du lien social","publisher":{"@id":"https:\/\/aliso.fr\/reseau\/#organization"},"potentialAction":[{"@type":"SearchAction","target":{"@type":"EntryPoint","urlTemplate":"https:\/\/aliso.fr\/reseau\/?s={search_term_string}"},"query-input":{"@type":"PropertyValueSpecification","valueRequired":true,"valueName":"search_term_string"}}],"inLanguage":"fr-FR"},{"@type":"Organization","@id":"https:\/\/aliso.fr\/reseau\/#organization","name":"Aliso R\u00e9seau","url":"https:\/\/aliso.fr\/reseau\/","logo":{"@type":"ImageObject","inLanguage":"fr-FR","@id":"https:\/\/aliso.fr\/reseau\/#\/schema\/logo\/image\/","url":"https:\/\/aliso.fr\/reseau\/wp-content\/uploads\/sites\/4\/2022\/01\/Logo-ALISO-Reseau-2.png","contentUrl":"https:\/\/aliso.fr\/reseau\/wp-content\/uploads\/sites\/4\/2022\/01\/Logo-ALISO-Reseau-2.png","width":900,"height":970,"caption":"Aliso R\u00e9seau"},"image":{"@id":"https:\/\/aliso.fr\/reseau\/#\/schema\/logo\/image\/"}},{"@type":"Person","@id":"https:\/\/aliso.fr\/reseau\/#\/schema\/person\/056af145b9c52eee21a9f739489104a5","name":"laure"}]}},"_links":{"self":[{"href":"https:\/\/aliso.fr\/reseau\/wp-json\/wp\/v2\/posts\/3407","targetHints":{"allow":["GET"]}}],"collection":[{"href":"https:\/\/aliso.fr\/reseau\/wp-json\/wp\/v2\/posts"}],"about":[{"href":"https:\/\/aliso.fr\/reseau\/wp-json\/wp\/v2\/types\/post"}],"author":[{"embeddable":true,"href":"https:\/\/aliso.fr\/reseau\/wp-json\/wp\/v2\/users\/3"}],"replies":[{"embeddable":true,"href":"https:\/\/aliso.fr\/reseau\/wp-json\/wp\/v2\/comments?post=3407"}],"version-history":[{"count":2,"href":"https:\/\/aliso.fr\/reseau\/wp-json\/wp\/v2\/posts\/3407\/revisions"}],"predecessor-version":[{"id":3428,"href":"https:\/\/aliso.fr\/reseau\/wp-json\/wp\/v2\/posts\/3407\/revisions\/3428"}],"wp:featuredmedia":[{"embeddable":true,"href":"https:\/\/aliso.fr\/reseau\/wp-json\/wp\/v2\/media\/3204"}],"wp:attachment":[{"href":"https:\/\/aliso.fr\/reseau\/wp-json\/wp\/v2\/media?parent=3407"}],"wp:term":[{"taxonomy":"category","embeddable":true,"href":"https:\/\/aliso.fr\/reseau\/wp-json\/wp\/v2\/categories?post=3407"},{"taxonomy":"post_tag","embeddable":true,"href":"https:\/\/aliso.fr\/reseau\/wp-json\/wp\/v2\/tags?post=3407"}],"curies":[{"name":"wp","href":"https:\/\/api.w.org\/{rel}","templated":true}]}}