{"id":3409,"date":"2026-04-16T15:34:02","date_gmt":"2026-04-16T13:34:02","guid":{"rendered":"https:\/\/aliso.fr\/reseau\/?p=3409"},"modified":"2026-04-16T15:34:03","modified_gmt":"2026-04-16T13:34:03","slug":"mobilite-internationale-des-pros","status":"publish","type":"post","link":"https:\/\/aliso.fr\/reseau\/mobilite-internationale-des-pros\/","title":{"rendered":"MOBILIT\u00c9 INTERNATIONALE DES PROS"},"content":{"rendered":"\n<p>ALISO souhaite travailler \u00e0 la mobilit\u00e9 europ\u00e9enne des jeunes creusois.\u00a0<\/p>\n\n\n\n<p>En partenariat avec les services de\u00a0 jeunesse et sport, nous avons initi\u00e9 un projet de mobilit\u00e9 des animateurs jeunesse afin de d\u00e9mystifier les dossiers, cr\u00e9er des partenariats et vivre une mobilit\u00e9. <strong>Prochaine \u00e9tape :<\/strong> un petit groupe doit partir pour Niort sur un s\u00e9minaire \u00ab\u00a0Diversit\u00e9 et Participation\u00a0\u00bb dans le cadre du r\u00e9seau r\u00e9gional entre la Hesse (Allemagne) et la Nouvelle-Aquitaine, soutenu par l&rsquo;Office Franco Allemand pour la Jeunesse. Nous rencontrerons des structures allemandes \u00e0 qui pr\u00e9senter et avec qui affiner un projet de coop\u00e9ration incluant la mobilit\u00e9 de jeunes et l&rsquo;accueil en France. <\/p>\n\n\n\n<p>6 structures creusoises sont impliqu\u00e9es dans le projet.<\/p>\n","protected":false},"excerpt":{"rendered":"<p>ALISO souhaite travailler \u00e0 la mobilit\u00e9 europ\u00e9enne des jeunes creusois.\u00a0 En partenariat avec les services de\u00a0 jeunesse et sport, nous avons initi\u00e9 un projet de mobilit\u00e9 des animateurs jeunesse afin de d\u00e9mystifier les dossiers, cr\u00e9er des partenariats et vivre une mobilit\u00e9. Prochaine \u00e9tape : un petit groupe doit partir pour Niort sur un s\u00e9minaire \u00ab\u00a0Diversit\u00e9&#8230; <a class=\"excerpt-read-more button\" href=\"https:\/\/aliso.fr\/reseau\/mobilite-internationale-des-pros\/\" title=\"ReadMOBILIT\u00c9 INTERNATIONALE DES PROS\">En savoir plus &raquo;<\/a><\/p>\n","protected":false},"author":3,"featured_media":3410,"comment_status":"closed","ping_status":"open","sticky":false,"template":"","format":"standard","meta":{"footnotes":""},"categories":[3],"tags":[],"class_list":["post-3409","post","type-post","status-publish","format-standard","has-post-thumbnail","hentry","category-actualite"],"yoast_head":"<!-- This site is optimized with the Yoast SEO plugin v27.4 - https:\/\/yoast.com\/product\/yoast-seo-wordpress\/ -->\n<title>MOBILIT\u00c9 INTERNATIONALE DES PROS - Aliso R\u00e9seau<\/title>\n<meta name=\"robots\" content=\"index, follow, max-snippet:-1, max-image-preview:large, max-video-preview:-1\" \/>\n<link rel=\"canonical\" href=\"https:\/\/aliso.fr\/reseau\/mobilite-internationale-des-pros\/\" \/>\n<meta property=\"og:locale\" content=\"fr_FR\" \/>\n<meta property=\"og:type\" content=\"article\" \/>\n<meta property=\"og:title\" content=\"MOBILIT\u00c9 INTERNATIONALE DES PROS - Aliso R\u00e9seau\" \/>\n<meta property=\"og:description\" content=\"ALISO souhaite travailler \u00e0 la mobilit\u00e9 europ\u00e9enne des jeunes creusois.\u00a0 En partenariat avec les services de\u00a0 jeunesse et sport, nous avons initi\u00e9 un projet de mobilit\u00e9 des animateurs jeunesse afin de d\u00e9mystifier les dossiers, cr\u00e9er des partenariats et vivre une mobilit\u00e9. Prochaine \u00e9tape : un petit groupe doit partir pour Niort sur un s\u00e9minaire \u00ab\u00a0Diversit\u00e9... En savoir plus &raquo;\" \/>\n<meta property=\"og:url\" content=\"https:\/\/aliso.fr\/reseau\/mobilite-internationale-des-pros\/\" \/>\n<meta property=\"og:site_name\" content=\"Aliso R\u00e9seau\" \/>\n<meta property=\"article:published_time\" content=\"2026-04-16T13:34:02+00:00\" \/>\n<meta property=\"article:modified_time\" content=\"2026-04-16T13:34:03+00:00\" \/>\n<meta property=\"og:image\" content=\"https:\/\/aliso.fr\/reseau\/wp-content\/uploads\/sites\/4\/2026\/04\/istockphoto-498475491-1024x1024-1.jpg\" \/>\n\t<meta property=\"og:image:width\" content=\"1024\" \/>\n\t<meta property=\"og:image:height\" content=\"929\" \/>\n\t<meta property=\"og:image:type\" content=\"image\/jpeg\" \/>\n<meta name=\"author\" content=\"laure\" \/>\n<meta name=\"twitter:card\" content=\"summary_large_image\" \/>\n<script type=\"application\/ld+json\" class=\"yoast-schema-graph\">{\"@context\":\"https:\\\/\\\/schema.org\",\"@graph\":[{\"@type\":\"Article\",\"@id\":\"https:\\\/\\\/aliso.fr\\\/reseau\\\/mobilite-internationale-des-pros\\\/#article\",\"isPartOf\":{\"@id\":\"https:\\\/\\\/aliso.fr\\\/reseau\\\/mobilite-internationale-des-pros\\\/\"},\"author\":{\"name\":\"laure\",\"@id\":\"https:\\\/\\\/aliso.fr\\\/reseau\\\/#\\\/schema\\\/person\\\/056af145b9c52eee21a9f739489104a5\"},\"headline\":\"MOBILIT\u00c9 INTERNATIONALE DES PROS\",\"datePublished\":\"2026-04-16T13:34:02+00:00\",\"dateModified\":\"2026-04-16T13:34:03+00:00\",\"mainEntityOfPage\":{\"@id\":\"https:\\\/\\\/aliso.fr\\\/reseau\\\/mobilite-internationale-des-pros\\\/\"},\"wordCount\":122,\"publisher\":{\"@id\":\"https:\\\/\\\/aliso.fr\\\/reseau\\\/#organization\"},\"image\":{\"@id\":\"https:\\\/\\\/aliso.fr\\\/reseau\\\/mobilite-internationale-des-pros\\\/#primaryimage\"},\"thumbnailUrl\":\"https:\\\/\\\/aliso.fr\\\/reseau\\\/wp-content\\\/uploads\\\/sites\\\/4\\\/2026\\\/04\\\/istockphoto-498475491-1024x1024-1.jpg\",\"articleSection\":[\"Actualit\u00e9\"],\"inLanguage\":\"fr-FR\"},{\"@type\":\"WebPage\",\"@id\":\"https:\\\/\\\/aliso.fr\\\/reseau\\\/mobilite-internationale-des-pros\\\/\",\"url\":\"https:\\\/\\\/aliso.fr\\\/reseau\\\/mobilite-internationale-des-pros\\\/\",\"name\":\"MOBILIT\u00c9 INTERNATIONALE DES PROS - Aliso R\u00e9seau\",\"isPartOf\":{\"@id\":\"https:\\\/\\\/aliso.fr\\\/reseau\\\/#website\"},\"primaryImageOfPage\":{\"@id\":\"https:\\\/\\\/aliso.fr\\\/reseau\\\/mobilite-internationale-des-pros\\\/#primaryimage\"},\"image\":{\"@id\":\"https:\\\/\\\/aliso.fr\\\/reseau\\\/mobilite-internationale-des-pros\\\/#primaryimage\"},\"thumbnailUrl\":\"https:\\\/\\\/aliso.fr\\\/reseau\\\/wp-content\\\/uploads\\\/sites\\\/4\\\/2026\\\/04\\\/istockphoto-498475491-1024x1024-1.jpg\",\"datePublished\":\"2026-04-16T13:34:02+00:00\",\"dateModified\":\"2026-04-16T13:34:03+00:00\",\"breadcrumb\":{\"@id\":\"https:\\\/\\\/aliso.fr\\\/reseau\\\/mobilite-internationale-des-pros\\\/#breadcrumb\"},\"inLanguage\":\"fr-FR\",\"potentialAction\":[{\"@type\":\"ReadAction\",\"target\":[\"https:\\\/\\\/aliso.fr\\\/reseau\\\/mobilite-internationale-des-pros\\\/\"]}]},{\"@type\":\"ImageObject\",\"inLanguage\":\"fr-FR\",\"@id\":\"https:\\\/\\\/aliso.fr\\\/reseau\\\/mobilite-internationale-des-pros\\\/#primaryimage\",\"url\":\"https:\\\/\\\/aliso.fr\\\/reseau\\\/wp-content\\\/uploads\\\/sites\\\/4\\\/2026\\\/04\\\/istockphoto-498475491-1024x1024-1.jpg\",\"contentUrl\":\"https:\\\/\\\/aliso.fr\\\/reseau\\\/wp-content\\\/uploads\\\/sites\\\/4\\\/2026\\\/04\\\/istockphoto-498475491-1024x1024-1.jpg\",\"width\":1024,\"height\":929,\"caption\":\"Travel around the globe, visit famous landmarks, Woman holding Earth with erected landmarks all over.\"},{\"@type\":\"BreadcrumbList\",\"@id\":\"https:\\\/\\\/aliso.fr\\\/reseau\\\/mobilite-internationale-des-pros\\\/#breadcrumb\",\"itemListElement\":[{\"@type\":\"ListItem\",\"position\":1,\"name\":\"Accueil\",\"item\":\"https:\\\/\\\/aliso.fr\\\/reseau\\\/\"},{\"@type\":\"ListItem\",\"position\":2,\"name\":\"Actualit\u00e9\",\"item\":\"https:\\\/\\\/aliso.fr\\\/reseau\\\/actualite\\\/\"},{\"@type\":\"ListItem\",\"position\":3,\"name\":\"MOBILIT\u00c9 INTERNATIONALE DES PROS\"}]},{\"@type\":\"WebSite\",\"@id\":\"https:\\\/\\\/aliso.fr\\\/reseau\\\/#website\",\"url\":\"https:\\\/\\\/aliso.fr\\\/reseau\\\/\",\"name\":\"Aliso R\u00e9seau\",\"description\":\"R\u00e9seau Creusois des acteurs du lien social\",\"publisher\":{\"@id\":\"https:\\\/\\\/aliso.fr\\\/reseau\\\/#organization\"},\"potentialAction\":[{\"@type\":\"SearchAction\",\"target\":{\"@type\":\"EntryPoint\",\"urlTemplate\":\"https:\\\/\\\/aliso.fr\\\/reseau\\\/?s={search_term_string}\"},\"query-input\":{\"@type\":\"PropertyValueSpecification\",\"valueRequired\":true,\"valueName\":\"search_term_string\"}}],\"inLanguage\":\"fr-FR\"},{\"@type\":\"Organization\",\"@id\":\"https:\\\/\\\/aliso.fr\\\/reseau\\\/#organization\",\"name\":\"Aliso R\u00e9seau\",\"url\":\"https:\\\/\\\/aliso.fr\\\/reseau\\\/\",\"logo\":{\"@type\":\"ImageObject\",\"inLanguage\":\"fr-FR\",\"@id\":\"https:\\\/\\\/aliso.fr\\\/reseau\\\/#\\\/schema\\\/logo\\\/image\\\/\",\"url\":\"https:\\\/\\\/aliso.fr\\\/reseau\\\/wp-content\\\/uploads\\\/sites\\\/4\\\/2022\\\/01\\\/Logo-ALISO-Reseau-2.png\",\"contentUrl\":\"https:\\\/\\\/aliso.fr\\\/reseau\\\/wp-content\\\/uploads\\\/sites\\\/4\\\/2022\\\/01\\\/Logo-ALISO-Reseau-2.png\",\"width\":900,\"height\":970,\"caption\":\"Aliso R\u00e9seau\"},\"image\":{\"@id\":\"https:\\\/\\\/aliso.fr\\\/reseau\\\/#\\\/schema\\\/logo\\\/image\\\/\"}},{\"@type\":\"Person\",\"@id\":\"https:\\\/\\\/aliso.fr\\\/reseau\\\/#\\\/schema\\\/person\\\/056af145b9c52eee21a9f739489104a5\",\"name\":\"laure\"}]}<\/script>\n<!-- \/ Yoast SEO plugin. -->","yoast_head_json":{"title":"MOBILIT\u00c9 INTERNATIONALE DES PROS - Aliso R\u00e9seau","robots":{"index":"index","follow":"follow","max-snippet":"max-snippet:-1","max-image-preview":"max-image-preview:large","max-video-preview":"max-video-preview:-1"},"canonical":"https:\/\/aliso.fr\/reseau\/mobilite-internationale-des-pros\/","og_locale":"fr_FR","og_type":"article","og_title":"MOBILIT\u00c9 INTERNATIONALE DES PROS - Aliso R\u00e9seau","og_description":"ALISO souhaite travailler \u00e0 la mobilit\u00e9 europ\u00e9enne des jeunes creusois.\u00a0 En partenariat avec les services de\u00a0 jeunesse et sport, nous avons initi\u00e9 un projet de mobilit\u00e9 des animateurs jeunesse afin de d\u00e9mystifier les dossiers, cr\u00e9er des partenariats et vivre une mobilit\u00e9. Prochaine \u00e9tape : un petit groupe doit partir pour Niort sur un s\u00e9minaire \u00ab\u00a0Diversit\u00e9... En savoir plus &raquo;","og_url":"https:\/\/aliso.fr\/reseau\/mobilite-internationale-des-pros\/","og_site_name":"Aliso R\u00e9seau","article_published_time":"2026-04-16T13:34:02+00:00","article_modified_time":"2026-04-16T13:34:03+00:00","og_image":[{"width":1024,"height":929,"url":"https:\/\/aliso.fr\/reseau\/wp-content\/uploads\/sites\/4\/2026\/04\/istockphoto-498475491-1024x1024-1.jpg","type":"image\/jpeg"}],"author":"laure","twitter_card":"summary_large_image","schema":{"@context":"https:\/\/schema.org","@graph":[{"@type":"Article","@id":"https:\/\/aliso.fr\/reseau\/mobilite-internationale-des-pros\/#article","isPartOf":{"@id":"https:\/\/aliso.fr\/reseau\/mobilite-internationale-des-pros\/"},"author":{"name":"laure","@id":"https:\/\/aliso.fr\/reseau\/#\/schema\/person\/056af145b9c52eee21a9f739489104a5"},"headline":"MOBILIT\u00c9 INTERNATIONALE DES PROS","datePublished":"2026-04-16T13:34:02+00:00","dateModified":"2026-04-16T13:34:03+00:00","mainEntityOfPage":{"@id":"https:\/\/aliso.fr\/reseau\/mobilite-internationale-des-pros\/"},"wordCount":122,"publisher":{"@id":"https:\/\/aliso.fr\/reseau\/#organization"},"image":{"@id":"https:\/\/aliso.fr\/reseau\/mobilite-internationale-des-pros\/#primaryimage"},"thumbnailUrl":"https:\/\/aliso.fr\/reseau\/wp-content\/uploads\/sites\/4\/2026\/04\/istockphoto-498475491-1024x1024-1.jpg","articleSection":["Actualit\u00e9"],"inLanguage":"fr-FR"},{"@type":"WebPage","@id":"https:\/\/aliso.fr\/reseau\/mobilite-internationale-des-pros\/","url":"https:\/\/aliso.fr\/reseau\/mobilite-internationale-des-pros\/","name":"MOBILIT\u00c9 INTERNATIONALE DES PROS - Aliso R\u00e9seau","isPartOf":{"@id":"https:\/\/aliso.fr\/reseau\/#website"},"primaryImageOfPage":{"@id":"https:\/\/aliso.fr\/reseau\/mobilite-internationale-des-pros\/#primaryimage"},"image":{"@id":"https:\/\/aliso.fr\/reseau\/mobilite-internationale-des-pros\/#primaryimage"},"thumbnailUrl":"https:\/\/aliso.fr\/reseau\/wp-content\/uploads\/sites\/4\/2026\/04\/istockphoto-498475491-1024x1024-1.jpg","datePublished":"2026-04-16T13:34:02+00:00","dateModified":"2026-04-16T13:34:03+00:00","breadcrumb":{"@id":"https:\/\/aliso.fr\/reseau\/mobilite-internationale-des-pros\/#breadcrumb"},"inLanguage":"fr-FR","potentialAction":[{"@type":"ReadAction","target":["https:\/\/aliso.fr\/reseau\/mobilite-internationale-des-pros\/"]}]},{"@type":"ImageObject","inLanguage":"fr-FR","@id":"https:\/\/aliso.fr\/reseau\/mobilite-internationale-des-pros\/#primaryimage","url":"https:\/\/aliso.fr\/reseau\/wp-content\/uploads\/sites\/4\/2026\/04\/istockphoto-498475491-1024x1024-1.jpg","contentUrl":"https:\/\/aliso.fr\/reseau\/wp-content\/uploads\/sites\/4\/2026\/04\/istockphoto-498475491-1024x1024-1.jpg","width":1024,"height":929,"caption":"Travel around the globe, visit famous landmarks, Woman holding Earth with erected landmarks all over."},{"@type":"BreadcrumbList","@id":"https:\/\/aliso.fr\/reseau\/mobilite-internationale-des-pros\/#breadcrumb","itemListElement":[{"@type":"ListItem","position":1,"name":"Accueil","item":"https:\/\/aliso.fr\/reseau\/"},{"@type":"ListItem","position":2,"name":"Actualit\u00e9","item":"https:\/\/aliso.fr\/reseau\/actualite\/"},{"@type":"ListItem","position":3,"name":"MOBILIT\u00c9 INTERNATIONALE DES PROS"}]},{"@type":"WebSite","@id":"https:\/\/aliso.fr\/reseau\/#website","url":"https:\/\/aliso.fr\/reseau\/","name":"Aliso R\u00e9seau","description":"R\u00e9seau Creusois des acteurs du lien social","publisher":{"@id":"https:\/\/aliso.fr\/reseau\/#organization"},"potentialAction":[{"@type":"SearchAction","target":{"@type":"EntryPoint","urlTemplate":"https:\/\/aliso.fr\/reseau\/?s={search_term_string}"},"query-input":{"@type":"PropertyValueSpecification","valueRequired":true,"valueName":"search_term_string"}}],"inLanguage":"fr-FR"},{"@type":"Organization","@id":"https:\/\/aliso.fr\/reseau\/#organization","name":"Aliso R\u00e9seau","url":"https:\/\/aliso.fr\/reseau\/","logo":{"@type":"ImageObject","inLanguage":"fr-FR","@id":"https:\/\/aliso.fr\/reseau\/#\/schema\/logo\/image\/","url":"https:\/\/aliso.fr\/reseau\/wp-content\/uploads\/sites\/4\/2022\/01\/Logo-ALISO-Reseau-2.png","contentUrl":"https:\/\/aliso.fr\/reseau\/wp-content\/uploads\/sites\/4\/2022\/01\/Logo-ALISO-Reseau-2.png","width":900,"height":970,"caption":"Aliso R\u00e9seau"},"image":{"@id":"https:\/\/aliso.fr\/reseau\/#\/schema\/logo\/image\/"}},{"@type":"Person","@id":"https:\/\/aliso.fr\/reseau\/#\/schema\/person\/056af145b9c52eee21a9f739489104a5","name":"laure"}]}},"_links":{"self":[{"href":"https:\/\/aliso.fr\/reseau\/wp-json\/wp\/v2\/posts\/3409","targetHints":{"allow":["GET"]}}],"collection":[{"href":"https:\/\/aliso.fr\/reseau\/wp-json\/wp\/v2\/posts"}],"about":[{"href":"https:\/\/aliso.fr\/reseau\/wp-json\/wp\/v2\/types\/post"}],"author":[{"embeddable":true,"href":"https:\/\/aliso.fr\/reseau\/wp-json\/wp\/v2\/users\/3"}],"replies":[{"embeddable":true,"href":"https:\/\/aliso.fr\/reseau\/wp-json\/wp\/v2\/comments?post=3409"}],"version-history":[{"count":1,"href":"https:\/\/aliso.fr\/reseau\/wp-json\/wp\/v2\/posts\/3409\/revisions"}],"predecessor-version":[{"id":3411,"href":"https:\/\/aliso.fr\/reseau\/wp-json\/wp\/v2\/posts\/3409\/revisions\/3411"}],"wp:featuredmedia":[{"embeddable":true,"href":"https:\/\/aliso.fr\/reseau\/wp-json\/wp\/v2\/media\/3410"}],"wp:attachment":[{"href":"https:\/\/aliso.fr\/reseau\/wp-json\/wp\/v2\/media?parent=3409"}],"wp:term":[{"taxonomy":"category","embeddable":true,"href":"https:\/\/aliso.fr\/reseau\/wp-json\/wp\/v2\/categories?post=3409"},{"taxonomy":"post_tag","embeddable":true,"href":"https:\/\/aliso.fr\/reseau\/wp-json\/wp\/v2\/tags?post=3409"}],"curies":[{"name":"wp","href":"https:\/\/api.w.org\/{rel}","templated":true}]}}