{"id":3412,"date":"2026-04-16T16:02:15","date_gmt":"2026-04-16T14:02:15","guid":{"rendered":"https:\/\/aliso.fr\/reseau\/?p=3412"},"modified":"2026-04-16T16:03:14","modified_gmt":"2026-04-16T14:03:14","slug":"adherer-a-aliso-pourquoi-pour-quoi","status":"publish","type":"post","link":"https:\/\/aliso.fr\/reseau\/adherer-a-aliso-pourquoi-pour-quoi\/","title":{"rendered":"Adh\u00e9rer \u00e0 ALISO : pourquoi ? pour quoi ?"},"content":{"rendered":"\n<p>Adh\u00e9rer \u00e0 ALISO c&rsquo;est pouvoir <strong>faire partie d&rsquo;un collectif associatif reconnu, soutenu et influent<\/strong> sur le d\u00e9partement de la Creuse et en r\u00e9gion Nouvelle-Aquitaine et ainsi <strong>se familiariser avec un tissu de partenaires<\/strong> op\u00e9rationnels, techniques, financiers, institutionnels et priv\u00e9s.<\/p>\n\n\n\n<p>La dynamique de r\u00e9seau s&rsquo;adresse aussi bien aux personnes salari\u00e9es, quelque soit leur poste, qu&rsquo;aux b\u00e9n\u00e9voles pour sortir de l&rsquo;isolement, \u00e9changer, interroger ses pratiques professionnelles et ses r\u00e9alit\u00e9s associatives. Chacun-chacune est l\u00e9gitime \u00e0 nourrir cette \u00e9nergie de r\u00e9seau. <br><strong>C&rsquo;est un espace o\u00f9 l&rsquo;on s&rsquo;attache \u00e0 soigner la confidentialit\u00e9 quand elle est n\u00e9cessaire, la bienveillance et la confiance entre les personnes pour pouvoir partager et tenter de d\u00e9passer les situations susceptibles de contraindre l&rsquo;exercice de vos bonnes volont\u00e9s en structure.<\/strong><\/p>\n\n\n\n<p>Pour faciliter cela, l\u2019\u00e9quipe de l\u2019association Aliso ajuste des typologies d\u2019accompagnements adapt\u00e9s \u00e0 chaque structure, notamment dans les groupes m\u00e9tiers, les groupes th\u00e9matiques et les formations collectives.<\/p>\n\n\n\n<p>Au sein du r\u00e9seau, on cr\u00e9\u00e9, on mutualise, on mobilise des ressources sur l\u2019\u00e9conomie sociale et solidaire, l\u2019\u00e9ducation populaire, le lien social. Pour y arriver, on fait connaissance, on essaie, on s&rsquo;adapte, on discute, on d\u00e9bat. <\/p>\n\n\n\n<p>Dans ce r\u00e9seau d\u00e9partemental, les membres partagent des valeurs communes et appr\u00e9hendent collectivement leur territoire.<\/p>\n\n\n\n<p><strong>La gouvernance d\u2019Aliso<\/strong><\/p>\n\n\n\n<p>Toutes les personnes morales adh\u00e9rentes sont administratrices du r\u00e9seau et peuvent participer au conseil d\u2019administration qui se r\u00e9unit deux fois chaque ann\u00e9e, avant et apr\u00e8s l\u2019assembl\u00e9e g\u00e9n\u00e9rale.<\/p>\n\n\n\n<p><strong>L\u2019Assembl\u00e9e G\u00e9n\u00e9rale est un moment essentiel de la vie d\u2019Aliso qui permet d\u2019\u00e9changer avec les adh\u00e9rent\u00b7es, les partenaires et les financeurs. La prochaine approche \u00e0 grands pas : Jeudi 30 avril 2026 \u00e0 14h \u00e0 l&rsquo;espace Tremplin Nature \u00e0 Gu\u00e9ret. Venez vous y retrouver et rencontrer les nouvelles personnes arriv\u00e9es dans le r\u00e9seau.<\/strong><\/p>\n\n\n\n<p><strong>C<\/strong><strong>omment adh\u00e9rer au r\u00e9seau ?<\/strong><\/p>\n\n\n\n<p>La condition pour rejoindre le r\u00e9seau est d\u2019adh\u00e9rer aux statuts de l\u2019association, de rencontrer les repr\u00e9sentant\u00b7es de l\u2019association, et de s\u2019acquitter des frais d\u2019adh\u00e9sion de 20\u20ac joints au bulletin de renseignements. Il est possible \u00e9galement d\u2019adh\u00e9rer \u00e0 titre individuel pour 5\u20ac annuels.<\/p>\n\n\n\n<p><strong>La vie du r\u00e9seau<\/strong><strong><\/strong><\/p>\n\n\n\n<p>Divers espaces sont \u00e0 l\u2019initiative des membres. Des temps forts ont lieu r\u00e9guli\u00e8rement comme la journ\u00e9e de l\u2019Animation de la Vie Sociale et Aliso\u2019pop mais aussi des journ\u00e9es th\u00e9matiques ponctuelles.<\/p>\n\n\n\n<p>Des groupes m\u00e9tiers et des groupes th\u00e9matiques ont \u00e9t\u00e9 cr\u00e9\u00e9s pour r\u00e9pondre aux besoins de partage d\u2019exp\u00e9riences et d\u2019analyse de pratiques. <br>La facilitatrice du r\u00e9seau et ses coll\u00e8gues proposent \u00e9galement des espaces plus informels de dialogue et de projets communs, largement relay\u00e9s par une liste de diffusion mail et un site internet.<\/p>\n\n\n\n<p><strong>A savoir : <\/strong><br>L\u2019association Aliso, c\u2019est aussi une plateforme de services qui permet d\u2019acc\u00e9der \u00e0 de nombreux dispositifs (information jeunesse, boussole des jeunes, guid\u2019asso, dispositif local d\u2019accompagnement, etc.).<\/p>\n\n\n\n<p>L\u2019association Aliso intervient sur le champ de la jeunesse (mobilit\u00e9 internationale, emploi, formation, orientation, logement, loisirs, sant\u00e9, pr\u00e9carit\u00e9 alimentaire, \u00e9tudes, etc.), de la vie associative (accompagnement des associations non-employeuses et employeuses), sur le volet de la formation professionnelle et b\u00e9n\u00e9vole et aupr\u00e8s des porteur\u00b7euses de projets de l\u2019\u00e9conomie sociale et solidaire et l\u2019\u00e9mergence des initiatives.<\/p>\n\n\n\n<p>Et vous, comment vous vivez le r\u00e9seau ? <strong><a href=\"https:\/\/nuage.aliso.fr\/index.php\/apps\/forms\/s\/XkDsQYHKzJrb43D63bYDxYX3\">Racontez-nous.<\/a><\/strong><\/p>\n","protected":false},"excerpt":{"rendered":"<p>Adh\u00e9rer \u00e0 ALISO c&rsquo;est pouvoir faire partie d&rsquo;un collectif associatif reconnu, soutenu et influent sur le d\u00e9partement de la Creuse et en r\u00e9gion Nouvelle-Aquitaine et ainsi se familiariser avec un tissu de partenaires op\u00e9rationnels, techniques, financiers, institutionnels et priv\u00e9s. La dynamique de r\u00e9seau s&rsquo;adresse aussi bien aux personnes salari\u00e9es, quelque soit leur poste, qu&rsquo;aux b\u00e9n\u00e9voles&#8230; <a class=\"excerpt-read-more button\" href=\"https:\/\/aliso.fr\/reseau\/adherer-a-aliso-pourquoi-pour-quoi\/\" title=\"ReadAdh\u00e9rer \u00e0 ALISO : pourquoi ? pour quoi ?\">En savoir plus &raquo;<\/a><\/p>\n","protected":false},"author":3,"featured_media":2814,"comment_status":"closed","ping_status":"open","sticky":false,"template":"","format":"standard","meta":{"footnotes":""},"categories":[3],"tags":[],"class_list":["post-3412","post","type-post","status-publish","format-standard","has-post-thumbnail","hentry","category-actualite"],"yoast_head":"<!-- This site is optimized with the Yoast SEO plugin v27.4 - https:\/\/yoast.com\/product\/yoast-seo-wordpress\/ -->\n<title>Adh\u00e9rer \u00e0 ALISO : pourquoi ? pour quoi ? - Aliso R\u00e9seau<\/title>\n<meta name=\"robots\" content=\"index, follow, max-snippet:-1, max-image-preview:large, max-video-preview:-1\" \/>\n<link rel=\"canonical\" href=\"https:\/\/aliso.fr\/reseau\/adherer-a-aliso-pourquoi-pour-quoi\/\" \/>\n<meta property=\"og:locale\" content=\"fr_FR\" \/>\n<meta property=\"og:type\" content=\"article\" \/>\n<meta property=\"og:title\" content=\"Adh\u00e9rer \u00e0 ALISO : pourquoi ? pour quoi ? - Aliso R\u00e9seau\" \/>\n<meta property=\"og:description\" content=\"Adh\u00e9rer \u00e0 ALISO c&rsquo;est pouvoir faire partie d&rsquo;un collectif associatif reconnu, soutenu et influent sur le d\u00e9partement de la Creuse et en r\u00e9gion Nouvelle-Aquitaine et ainsi se familiariser avec un tissu de partenaires op\u00e9rationnels, techniques, financiers, institutionnels et priv\u00e9s. La dynamique de r\u00e9seau s&rsquo;adresse aussi bien aux personnes salari\u00e9es, quelque soit leur poste, qu&rsquo;aux b\u00e9n\u00e9voles... En savoir plus &raquo;\" \/>\n<meta property=\"og:url\" content=\"https:\/\/aliso.fr\/reseau\/adherer-a-aliso-pourquoi-pour-quoi\/\" \/>\n<meta property=\"og:site_name\" content=\"Aliso R\u00e9seau\" \/>\n<meta property=\"article:published_time\" content=\"2026-04-16T14:02:15+00:00\" \/>\n<meta property=\"article:modified_time\" content=\"2026-04-16T14:03:14+00:00\" \/>\n<meta property=\"og:image\" content=\"https:\/\/aliso.fr\/reseau\/wp-content\/uploads\/sites\/4\/2025\/03\/Logo-ALISO-Reseau-2.png\" \/>\n\t<meta property=\"og:image:width\" content=\"900\" \/>\n\t<meta property=\"og:image:height\" content=\"970\" \/>\n\t<meta property=\"og:image:type\" content=\"image\/png\" \/>\n<meta name=\"author\" content=\"laure\" \/>\n<meta name=\"twitter:card\" content=\"summary_large_image\" \/>\n<script type=\"application\/ld+json\" class=\"yoast-schema-graph\">{\"@context\":\"https:\\\/\\\/schema.org\",\"@graph\":[{\"@type\":\"Article\",\"@id\":\"https:\\\/\\\/aliso.fr\\\/reseau\\\/adherer-a-aliso-pourquoi-pour-quoi\\\/#article\",\"isPartOf\":{\"@id\":\"https:\\\/\\\/aliso.fr\\\/reseau\\\/adherer-a-aliso-pourquoi-pour-quoi\\\/\"},\"author\":{\"name\":\"laure\",\"@id\":\"https:\\\/\\\/aliso.fr\\\/reseau\\\/#\\\/schema\\\/person\\\/056af145b9c52eee21a9f739489104a5\"},\"headline\":\"Adh\u00e9rer \u00e0 ALISO : pourquoi ? pour quoi ?\",\"datePublished\":\"2026-04-16T14:02:15+00:00\",\"dateModified\":\"2026-04-16T14:03:14+00:00\",\"mainEntityOfPage\":{\"@id\":\"https:\\\/\\\/aliso.fr\\\/reseau\\\/adherer-a-aliso-pourquoi-pour-quoi\\\/\"},\"wordCount\":602,\"publisher\":{\"@id\":\"https:\\\/\\\/aliso.fr\\\/reseau\\\/#organization\"},\"image\":{\"@id\":\"https:\\\/\\\/aliso.fr\\\/reseau\\\/adherer-a-aliso-pourquoi-pour-quoi\\\/#primaryimage\"},\"thumbnailUrl\":\"https:\\\/\\\/aliso.fr\\\/reseau\\\/wp-content\\\/uploads\\\/sites\\\/4\\\/2025\\\/03\\\/Logo-ALISO-Reseau-2.png\",\"articleSection\":[\"Actualit\u00e9\"],\"inLanguage\":\"fr-FR\"},{\"@type\":\"WebPage\",\"@id\":\"https:\\\/\\\/aliso.fr\\\/reseau\\\/adherer-a-aliso-pourquoi-pour-quoi\\\/\",\"url\":\"https:\\\/\\\/aliso.fr\\\/reseau\\\/adherer-a-aliso-pourquoi-pour-quoi\\\/\",\"name\":\"Adh\u00e9rer \u00e0 ALISO : pourquoi ? pour quoi ? - Aliso R\u00e9seau\",\"isPartOf\":{\"@id\":\"https:\\\/\\\/aliso.fr\\\/reseau\\\/#website\"},\"primaryImageOfPage\":{\"@id\":\"https:\\\/\\\/aliso.fr\\\/reseau\\\/adherer-a-aliso-pourquoi-pour-quoi\\\/#primaryimage\"},\"image\":{\"@id\":\"https:\\\/\\\/aliso.fr\\\/reseau\\\/adherer-a-aliso-pourquoi-pour-quoi\\\/#primaryimage\"},\"thumbnailUrl\":\"https:\\\/\\\/aliso.fr\\\/reseau\\\/wp-content\\\/uploads\\\/sites\\\/4\\\/2025\\\/03\\\/Logo-ALISO-Reseau-2.png\",\"datePublished\":\"2026-04-16T14:02:15+00:00\",\"dateModified\":\"2026-04-16T14:03:14+00:00\",\"breadcrumb\":{\"@id\":\"https:\\\/\\\/aliso.fr\\\/reseau\\\/adherer-a-aliso-pourquoi-pour-quoi\\\/#breadcrumb\"},\"inLanguage\":\"fr-FR\",\"potentialAction\":[{\"@type\":\"ReadAction\",\"target\":[\"https:\\\/\\\/aliso.fr\\\/reseau\\\/adherer-a-aliso-pourquoi-pour-quoi\\\/\"]}]},{\"@type\":\"ImageObject\",\"inLanguage\":\"fr-FR\",\"@id\":\"https:\\\/\\\/aliso.fr\\\/reseau\\\/adherer-a-aliso-pourquoi-pour-quoi\\\/#primaryimage\",\"url\":\"https:\\\/\\\/aliso.fr\\\/reseau\\\/wp-content\\\/uploads\\\/sites\\\/4\\\/2025\\\/03\\\/Logo-ALISO-Reseau-2.png\",\"contentUrl\":\"https:\\\/\\\/aliso.fr\\\/reseau\\\/wp-content\\\/uploads\\\/sites\\\/4\\\/2025\\\/03\\\/Logo-ALISO-Reseau-2.png\",\"width\":900,\"height\":970},{\"@type\":\"BreadcrumbList\",\"@id\":\"https:\\\/\\\/aliso.fr\\\/reseau\\\/adherer-a-aliso-pourquoi-pour-quoi\\\/#breadcrumb\",\"itemListElement\":[{\"@type\":\"ListItem\",\"position\":1,\"name\":\"Accueil\",\"item\":\"https:\\\/\\\/aliso.fr\\\/reseau\\\/\"},{\"@type\":\"ListItem\",\"position\":2,\"name\":\"Actualit\u00e9\",\"item\":\"https:\\\/\\\/aliso.fr\\\/reseau\\\/actualite\\\/\"},{\"@type\":\"ListItem\",\"position\":3,\"name\":\"Adh\u00e9rer \u00e0 ALISO : pourquoi ? pour quoi ?\"}]},{\"@type\":\"WebSite\",\"@id\":\"https:\\\/\\\/aliso.fr\\\/reseau\\\/#website\",\"url\":\"https:\\\/\\\/aliso.fr\\\/reseau\\\/\",\"name\":\"Aliso R\u00e9seau\",\"description\":\"R\u00e9seau Creusois des acteurs du lien social\",\"publisher\":{\"@id\":\"https:\\\/\\\/aliso.fr\\\/reseau\\\/#organization\"},\"potentialAction\":[{\"@type\":\"SearchAction\",\"target\":{\"@type\":\"EntryPoint\",\"urlTemplate\":\"https:\\\/\\\/aliso.fr\\\/reseau\\\/?s={search_term_string}\"},\"query-input\":{\"@type\":\"PropertyValueSpecification\",\"valueRequired\":true,\"valueName\":\"search_term_string\"}}],\"inLanguage\":\"fr-FR\"},{\"@type\":\"Organization\",\"@id\":\"https:\\\/\\\/aliso.fr\\\/reseau\\\/#organization\",\"name\":\"Aliso R\u00e9seau\",\"url\":\"https:\\\/\\\/aliso.fr\\\/reseau\\\/\",\"logo\":{\"@type\":\"ImageObject\",\"inLanguage\":\"fr-FR\",\"@id\":\"https:\\\/\\\/aliso.fr\\\/reseau\\\/#\\\/schema\\\/logo\\\/image\\\/\",\"url\":\"https:\\\/\\\/aliso.fr\\\/reseau\\\/wp-content\\\/uploads\\\/sites\\\/4\\\/2022\\\/01\\\/Logo-ALISO-Reseau-2.png\",\"contentUrl\":\"https:\\\/\\\/aliso.fr\\\/reseau\\\/wp-content\\\/uploads\\\/sites\\\/4\\\/2022\\\/01\\\/Logo-ALISO-Reseau-2.png\",\"width\":900,\"height\":970,\"caption\":\"Aliso R\u00e9seau\"},\"image\":{\"@id\":\"https:\\\/\\\/aliso.fr\\\/reseau\\\/#\\\/schema\\\/logo\\\/image\\\/\"}},{\"@type\":\"Person\",\"@id\":\"https:\\\/\\\/aliso.fr\\\/reseau\\\/#\\\/schema\\\/person\\\/056af145b9c52eee21a9f739489104a5\",\"name\":\"laure\"}]}<\/script>\n<!-- \/ Yoast SEO plugin. -->","yoast_head_json":{"title":"Adh\u00e9rer \u00e0 ALISO : pourquoi ? pour quoi ? - Aliso R\u00e9seau","robots":{"index":"index","follow":"follow","max-snippet":"max-snippet:-1","max-image-preview":"max-image-preview:large","max-video-preview":"max-video-preview:-1"},"canonical":"https:\/\/aliso.fr\/reseau\/adherer-a-aliso-pourquoi-pour-quoi\/","og_locale":"fr_FR","og_type":"article","og_title":"Adh\u00e9rer \u00e0 ALISO : pourquoi ? pour quoi ? - Aliso R\u00e9seau","og_description":"Adh\u00e9rer \u00e0 ALISO c&rsquo;est pouvoir faire partie d&rsquo;un collectif associatif reconnu, soutenu et influent sur le d\u00e9partement de la Creuse et en r\u00e9gion Nouvelle-Aquitaine et ainsi se familiariser avec un tissu de partenaires op\u00e9rationnels, techniques, financiers, institutionnels et priv\u00e9s. La dynamique de r\u00e9seau s&rsquo;adresse aussi bien aux personnes salari\u00e9es, quelque soit leur poste, qu&rsquo;aux b\u00e9n\u00e9voles... En savoir plus &raquo;","og_url":"https:\/\/aliso.fr\/reseau\/adherer-a-aliso-pourquoi-pour-quoi\/","og_site_name":"Aliso R\u00e9seau","article_published_time":"2026-04-16T14:02:15+00:00","article_modified_time":"2026-04-16T14:03:14+00:00","og_image":[{"width":900,"height":970,"url":"https:\/\/aliso.fr\/reseau\/wp-content\/uploads\/sites\/4\/2025\/03\/Logo-ALISO-Reseau-2.png","type":"image\/png"}],"author":"laure","twitter_card":"summary_large_image","schema":{"@context":"https:\/\/schema.org","@graph":[{"@type":"Article","@id":"https:\/\/aliso.fr\/reseau\/adherer-a-aliso-pourquoi-pour-quoi\/#article","isPartOf":{"@id":"https:\/\/aliso.fr\/reseau\/adherer-a-aliso-pourquoi-pour-quoi\/"},"author":{"name":"laure","@id":"https:\/\/aliso.fr\/reseau\/#\/schema\/person\/056af145b9c52eee21a9f739489104a5"},"headline":"Adh\u00e9rer \u00e0 ALISO : pourquoi ? pour quoi ?","datePublished":"2026-04-16T14:02:15+00:00","dateModified":"2026-04-16T14:03:14+00:00","mainEntityOfPage":{"@id":"https:\/\/aliso.fr\/reseau\/adherer-a-aliso-pourquoi-pour-quoi\/"},"wordCount":602,"publisher":{"@id":"https:\/\/aliso.fr\/reseau\/#organization"},"image":{"@id":"https:\/\/aliso.fr\/reseau\/adherer-a-aliso-pourquoi-pour-quoi\/#primaryimage"},"thumbnailUrl":"https:\/\/aliso.fr\/reseau\/wp-content\/uploads\/sites\/4\/2025\/03\/Logo-ALISO-Reseau-2.png","articleSection":["Actualit\u00e9"],"inLanguage":"fr-FR"},{"@type":"WebPage","@id":"https:\/\/aliso.fr\/reseau\/adherer-a-aliso-pourquoi-pour-quoi\/","url":"https:\/\/aliso.fr\/reseau\/adherer-a-aliso-pourquoi-pour-quoi\/","name":"Adh\u00e9rer \u00e0 ALISO : pourquoi ? pour quoi ? - Aliso R\u00e9seau","isPartOf":{"@id":"https:\/\/aliso.fr\/reseau\/#website"},"primaryImageOfPage":{"@id":"https:\/\/aliso.fr\/reseau\/adherer-a-aliso-pourquoi-pour-quoi\/#primaryimage"},"image":{"@id":"https:\/\/aliso.fr\/reseau\/adherer-a-aliso-pourquoi-pour-quoi\/#primaryimage"},"thumbnailUrl":"https:\/\/aliso.fr\/reseau\/wp-content\/uploads\/sites\/4\/2025\/03\/Logo-ALISO-Reseau-2.png","datePublished":"2026-04-16T14:02:15+00:00","dateModified":"2026-04-16T14:03:14+00:00","breadcrumb":{"@id":"https:\/\/aliso.fr\/reseau\/adherer-a-aliso-pourquoi-pour-quoi\/#breadcrumb"},"inLanguage":"fr-FR","potentialAction":[{"@type":"ReadAction","target":["https:\/\/aliso.fr\/reseau\/adherer-a-aliso-pourquoi-pour-quoi\/"]}]},{"@type":"ImageObject","inLanguage":"fr-FR","@id":"https:\/\/aliso.fr\/reseau\/adherer-a-aliso-pourquoi-pour-quoi\/#primaryimage","url":"https:\/\/aliso.fr\/reseau\/wp-content\/uploads\/sites\/4\/2025\/03\/Logo-ALISO-Reseau-2.png","contentUrl":"https:\/\/aliso.fr\/reseau\/wp-content\/uploads\/sites\/4\/2025\/03\/Logo-ALISO-Reseau-2.png","width":900,"height":970},{"@type":"BreadcrumbList","@id":"https:\/\/aliso.fr\/reseau\/adherer-a-aliso-pourquoi-pour-quoi\/#breadcrumb","itemListElement":[{"@type":"ListItem","position":1,"name":"Accueil","item":"https:\/\/aliso.fr\/reseau\/"},{"@type":"ListItem","position":2,"name":"Actualit\u00e9","item":"https:\/\/aliso.fr\/reseau\/actualite\/"},{"@type":"ListItem","position":3,"name":"Adh\u00e9rer \u00e0 ALISO : pourquoi ? pour quoi ?"}]},{"@type":"WebSite","@id":"https:\/\/aliso.fr\/reseau\/#website","url":"https:\/\/aliso.fr\/reseau\/","name":"Aliso R\u00e9seau","description":"R\u00e9seau Creusois des acteurs du lien social","publisher":{"@id":"https:\/\/aliso.fr\/reseau\/#organization"},"potentialAction":[{"@type":"SearchAction","target":{"@type":"EntryPoint","urlTemplate":"https:\/\/aliso.fr\/reseau\/?s={search_term_string}"},"query-input":{"@type":"PropertyValueSpecification","valueRequired":true,"valueName":"search_term_string"}}],"inLanguage":"fr-FR"},{"@type":"Organization","@id":"https:\/\/aliso.fr\/reseau\/#organization","name":"Aliso R\u00e9seau","url":"https:\/\/aliso.fr\/reseau\/","logo":{"@type":"ImageObject","inLanguage":"fr-FR","@id":"https:\/\/aliso.fr\/reseau\/#\/schema\/logo\/image\/","url":"https:\/\/aliso.fr\/reseau\/wp-content\/uploads\/sites\/4\/2022\/01\/Logo-ALISO-Reseau-2.png","contentUrl":"https:\/\/aliso.fr\/reseau\/wp-content\/uploads\/sites\/4\/2022\/01\/Logo-ALISO-Reseau-2.png","width":900,"height":970,"caption":"Aliso R\u00e9seau"},"image":{"@id":"https:\/\/aliso.fr\/reseau\/#\/schema\/logo\/image\/"}},{"@type":"Person","@id":"https:\/\/aliso.fr\/reseau\/#\/schema\/person\/056af145b9c52eee21a9f739489104a5","name":"laure"}]}},"_links":{"self":[{"href":"https:\/\/aliso.fr\/reseau\/wp-json\/wp\/v2\/posts\/3412","targetHints":{"allow":["GET"]}}],"collection":[{"href":"https:\/\/aliso.fr\/reseau\/wp-json\/wp\/v2\/posts"}],"about":[{"href":"https:\/\/aliso.fr\/reseau\/wp-json\/wp\/v2\/types\/post"}],"author":[{"embeddable":true,"href":"https:\/\/aliso.fr\/reseau\/wp-json\/wp\/v2\/users\/3"}],"replies":[{"embeddable":true,"href":"https:\/\/aliso.fr\/reseau\/wp-json\/wp\/v2\/comments?post=3412"}],"version-history":[{"count":2,"href":"https:\/\/aliso.fr\/reseau\/wp-json\/wp\/v2\/posts\/3412\/revisions"}],"predecessor-version":[{"id":3414,"href":"https:\/\/aliso.fr\/reseau\/wp-json\/wp\/v2\/posts\/3412\/revisions\/3414"}],"wp:featuredmedia":[{"embeddable":true,"href":"https:\/\/aliso.fr\/reseau\/wp-json\/wp\/v2\/media\/2814"}],"wp:attachment":[{"href":"https:\/\/aliso.fr\/reseau\/wp-json\/wp\/v2\/media?parent=3412"}],"wp:term":[{"taxonomy":"category","embeddable":true,"href":"https:\/\/aliso.fr\/reseau\/wp-json\/wp\/v2\/categories?post=3412"},{"taxonomy":"post_tag","embeddable":true,"href":"https:\/\/aliso.fr\/reseau\/wp-json\/wp\/v2\/tags?post=3412"}],"curies":[{"name":"wp","href":"https:\/\/api.w.org\/{rel}","templated":true}]}}