{"id":3415,"date":"2026-04-16T16:13:58","date_gmt":"2026-04-16T14:13:58","guid":{"rendered":"https:\/\/aliso.fr\/reseau\/?p=3415"},"modified":"2026-04-16T16:13:59","modified_gmt":"2026-04-16T14:13:59","slug":"journee-de-lavs-2026","status":"publish","type":"post","link":"https:\/\/aliso.fr\/reseau\/journee-de-lavs-2026\/","title":{"rendered":"JOURNEE DE L&rsquo;AVS 2026"},"content":{"rendered":"\n<p><a href=\"https:\/\/nuage.aliso.fr\/index.php\/apps\/forms\/s\/yBMqrj9T8JF7sn59ZXmks9T8\" target=\"_blank\" rel=\"noreferrer noopener\">Inscrivez-vous<\/a> d\u00e8s maintenant pour participer \u00e0 la journ\u00e9e du Vendredi 29 mai \u00e0 Gu\u00e9ret (Espace Tremplin Nature).<\/p>\n\n\n\n<p>Cette ann\u00e9e, la CAF et ALISO vous invitent entre 9h et 16h30 \u00e0 vous retrouver, vous rencontrer et vous familiariser avec la nouvelle circulaire de l&rsquo;Animation de la Vie Sociale qui entrera en vigueur d\u00e9but 2027.<br><\/p>\n\n\n\n<p>Voici un aper\u00e7u du programme.<\/p>\n\n\n\n<ul class=\"wp-block-list\">\n<li>9h15 : accueil caf\u00e9 <\/li>\n\n\n\n<li>9h45\u00a0: interconnaissance<\/li>\n\n\n\n<li>10h00 : pr\u00e9sentation du d\u00e9roul\u00e9 de la journ\u00e9e <\/li>\n\n\n\n<li>10h10\u00a0: pr\u00e9sentation de la nouvelle circulaire AVS<\/li>\n\n\n\n<li>11h15 : pause-caf\u00e9<\/li>\n\n\n\n<li>11h30 : \u00e9changes en sous-groupes pour formuler questionnements<\/li>\n\n\n\n<li>12h15 : repas sur place au r\u00e9fectoire de Tremplin nature<\/li>\n\n\n\n<li>14h00 : retour en pl\u00e9ni\u00e8re, restitution des \u00e9changes et questions<\/li>\n\n\n\n<li>14h45 : ateliers sur trois th\u00e9matiques :\n<ul class=\"wp-block-list\">\n<li><strong>Transversalit\u00e9 :<\/strong> \u00e0 quel(s) endroit(s) d\u00e9cloisonner ? T\u00eate dans le guidon ? Nez dans le budget ? Comment redonner du sens \u00e0 votre projet en cultivant la transversalit\u00e9 ? A partir de nos v\u00e9cus nous identifierons les diff\u00e9rents leviers qui permettent de d\u00e9cloisonner nos actions. Nous pourrons aborder les questions d&rsquo;aller vers, de travail en \u00e9quipe et en r\u00e9seau\u2026<\/li>\n\n\n\n<li><strong>Evaluation :<\/strong> une contrainte ou une opportunit\u00e9 ? Evaluer c\u2019est compter ou c\u2019est rendre compte ? Si on en profitait pour cerner nos enjeux ? Et si on repartait avec des exp\u00e9riences \u00e0 tenter, des outils \u00e0 tester\u2026 Bref, un sens \u00e0 donner \u00e0 notre propre \u00e9valuation ?<\/li>\n\n\n\n<li><strong>Dynamiser l\u2019animation de la vie sociale sur les territoires :<\/strong> Comment devenir un acteur cl\u00e9 ? Comment transformer les conventionnements en levier d\u2019action ? Croisons nos id\u00e9es, nos regards.<\/li>\n<\/ul>\n<\/li>\n\n\n\n<li>16h15 : retour pl\u00e9ni\u00e8re, conclusion et suites donn\u00e9es \u00e0 la journ\u00e9e\u00a0<\/li>\n\n\n\n<li>16h30\u00a0: fin de journ\u00e9e<\/li>\n<\/ul>\n","protected":false},"excerpt":{"rendered":"<p>Inscrivez-vous d\u00e8s maintenant pour participer \u00e0 la journ\u00e9e du Vendredi 29 mai \u00e0 Gu\u00e9ret (Espace Tremplin Nature). Cette ann\u00e9e, la CAF et ALISO vous invitent entre 9h et 16h30 \u00e0 vous retrouver, vous rencontrer et vous familiariser avec la nouvelle circulaire de l&rsquo;Animation de la Vie Sociale qui entrera en vigueur d\u00e9but 2027. Voici un&#8230; <a class=\"excerpt-read-more button\" href=\"https:\/\/aliso.fr\/reseau\/journee-de-lavs-2026\/\" title=\"ReadJOURNEE DE L&rsquo;AVS 2026\">En savoir plus &raquo;<\/a><\/p>\n","protected":false},"author":3,"featured_media":3416,"comment_status":"closed","ping_status":"open","sticky":false,"template":"","format":"standard","meta":{"footnotes":""},"categories":[3,7],"tags":[],"class_list":["post-3415","post","type-post","status-publish","format-standard","has-post-thumbnail","hentry","category-actualite","category-nos-actions"],"yoast_head":"<!-- This site is optimized with the Yoast SEO plugin v27.4 - https:\/\/yoast.com\/product\/yoast-seo-wordpress\/ -->\n<title>JOURNEE DE L&#039;AVS 2026 - Aliso R\u00e9seau<\/title>\n<meta name=\"robots\" content=\"index, follow, max-snippet:-1, max-image-preview:large, max-video-preview:-1\" \/>\n<link rel=\"canonical\" href=\"https:\/\/aliso.fr\/reseau\/journee-de-lavs-2026\/\" \/>\n<meta property=\"og:locale\" content=\"fr_FR\" \/>\n<meta property=\"og:type\" content=\"article\" \/>\n<meta property=\"og:title\" content=\"JOURNEE DE L&#039;AVS 2026 - Aliso R\u00e9seau\" \/>\n<meta property=\"og:description\" content=\"Inscrivez-vous d\u00e8s maintenant pour participer \u00e0 la journ\u00e9e du Vendredi 29 mai \u00e0 Gu\u00e9ret (Espace Tremplin Nature). Cette ann\u00e9e, la CAF et ALISO vous invitent entre 9h et 16h30 \u00e0 vous retrouver, vous rencontrer et vous familiariser avec la nouvelle circulaire de l&rsquo;Animation de la Vie Sociale qui entrera en vigueur d\u00e9but 2027. Voici un... En savoir plus &raquo;\" \/>\n<meta property=\"og:url\" content=\"https:\/\/aliso.fr\/reseau\/journee-de-lavs-2026\/\" \/>\n<meta property=\"og:site_name\" content=\"Aliso R\u00e9seau\" \/>\n<meta property=\"article:published_time\" content=\"2026-04-16T14:13:58+00:00\" \/>\n<meta property=\"article:modified_time\" content=\"2026-04-16T14:13:59+00:00\" \/>\n<meta property=\"og:image\" content=\"https:\/\/aliso.fr\/reseau\/wp-content\/uploads\/sites\/4\/2026\/04\/Merci-de-vous-inscrire-avant-lundi-11-mai-au-soir-Contact-lauremasson@aliso.fr3_.png\" \/>\n\t<meta property=\"og:image:width\" content=\"976\" \/>\n\t<meta property=\"og:image:height\" content=\"976\" \/>\n\t<meta property=\"og:image:type\" content=\"image\/png\" \/>\n<meta name=\"author\" content=\"laure\" \/>\n<meta name=\"twitter:card\" content=\"summary_large_image\" \/>\n<script type=\"application\/ld+json\" class=\"yoast-schema-graph\">{\"@context\":\"https:\\\/\\\/schema.org\",\"@graph\":[{\"@type\":\"Article\",\"@id\":\"https:\\\/\\\/aliso.fr\\\/reseau\\\/journee-de-lavs-2026\\\/#article\",\"isPartOf\":{\"@id\":\"https:\\\/\\\/aliso.fr\\\/reseau\\\/journee-de-lavs-2026\\\/\"},\"author\":{\"name\":\"laure\",\"@id\":\"https:\\\/\\\/aliso.fr\\\/reseau\\\/#\\\/schema\\\/person\\\/056af145b9c52eee21a9f739489104a5\"},\"headline\":\"JOURNEE DE L&rsquo;AVS 2026\",\"datePublished\":\"2026-04-16T14:13:58+00:00\",\"dateModified\":\"2026-04-16T14:13:59+00:00\",\"mainEntityOfPage\":{\"@id\":\"https:\\\/\\\/aliso.fr\\\/reseau\\\/journee-de-lavs-2026\\\/\"},\"wordCount\":273,\"publisher\":{\"@id\":\"https:\\\/\\\/aliso.fr\\\/reseau\\\/#organization\"},\"image\":{\"@id\":\"https:\\\/\\\/aliso.fr\\\/reseau\\\/journee-de-lavs-2026\\\/#primaryimage\"},\"thumbnailUrl\":\"https:\\\/\\\/aliso.fr\\\/reseau\\\/wp-content\\\/uploads\\\/sites\\\/4\\\/2026\\\/04\\\/Merci-de-vous-inscrire-avant-lundi-11-mai-au-soir-Contact-lauremasson@aliso.fr3_.png\",\"articleSection\":[\"Actualit\u00e9\",\"Nos actions\"],\"inLanguage\":\"fr-FR\"},{\"@type\":\"WebPage\",\"@id\":\"https:\\\/\\\/aliso.fr\\\/reseau\\\/journee-de-lavs-2026\\\/\",\"url\":\"https:\\\/\\\/aliso.fr\\\/reseau\\\/journee-de-lavs-2026\\\/\",\"name\":\"JOURNEE DE L'AVS 2026 - Aliso R\u00e9seau\",\"isPartOf\":{\"@id\":\"https:\\\/\\\/aliso.fr\\\/reseau\\\/#website\"},\"primaryImageOfPage\":{\"@id\":\"https:\\\/\\\/aliso.fr\\\/reseau\\\/journee-de-lavs-2026\\\/#primaryimage\"},\"image\":{\"@id\":\"https:\\\/\\\/aliso.fr\\\/reseau\\\/journee-de-lavs-2026\\\/#primaryimage\"},\"thumbnailUrl\":\"https:\\\/\\\/aliso.fr\\\/reseau\\\/wp-content\\\/uploads\\\/sites\\\/4\\\/2026\\\/04\\\/Merci-de-vous-inscrire-avant-lundi-11-mai-au-soir-Contact-lauremasson@aliso.fr3_.png\",\"datePublished\":\"2026-04-16T14:13:58+00:00\",\"dateModified\":\"2026-04-16T14:13:59+00:00\",\"breadcrumb\":{\"@id\":\"https:\\\/\\\/aliso.fr\\\/reseau\\\/journee-de-lavs-2026\\\/#breadcrumb\"},\"inLanguage\":\"fr-FR\",\"potentialAction\":[{\"@type\":\"ReadAction\",\"target\":[\"https:\\\/\\\/aliso.fr\\\/reseau\\\/journee-de-lavs-2026\\\/\"]}]},{\"@type\":\"ImageObject\",\"inLanguage\":\"fr-FR\",\"@id\":\"https:\\\/\\\/aliso.fr\\\/reseau\\\/journee-de-lavs-2026\\\/#primaryimage\",\"url\":\"https:\\\/\\\/aliso.fr\\\/reseau\\\/wp-content\\\/uploads\\\/sites\\\/4\\\/2026\\\/04\\\/Merci-de-vous-inscrire-avant-lundi-11-mai-au-soir-Contact-lauremasson@aliso.fr3_.png\",\"contentUrl\":\"https:\\\/\\\/aliso.fr\\\/reseau\\\/wp-content\\\/uploads\\\/sites\\\/4\\\/2026\\\/04\\\/Merci-de-vous-inscrire-avant-lundi-11-mai-au-soir-Contact-lauremasson@aliso.fr3_.png\",\"width\":976,\"height\":976},{\"@type\":\"BreadcrumbList\",\"@id\":\"https:\\\/\\\/aliso.fr\\\/reseau\\\/journee-de-lavs-2026\\\/#breadcrumb\",\"itemListElement\":[{\"@type\":\"ListItem\",\"position\":1,\"name\":\"Accueil\",\"item\":\"https:\\\/\\\/aliso.fr\\\/reseau\\\/\"},{\"@type\":\"ListItem\",\"position\":2,\"name\":\"Actualit\u00e9\",\"item\":\"https:\\\/\\\/aliso.fr\\\/reseau\\\/actualite\\\/\"},{\"@type\":\"ListItem\",\"position\":3,\"name\":\"JOURNEE DE L&rsquo;AVS 2026\"}]},{\"@type\":\"WebSite\",\"@id\":\"https:\\\/\\\/aliso.fr\\\/reseau\\\/#website\",\"url\":\"https:\\\/\\\/aliso.fr\\\/reseau\\\/\",\"name\":\"Aliso R\u00e9seau\",\"description\":\"R\u00e9seau Creusois des acteurs du lien social\",\"publisher\":{\"@id\":\"https:\\\/\\\/aliso.fr\\\/reseau\\\/#organization\"},\"potentialAction\":[{\"@type\":\"SearchAction\",\"target\":{\"@type\":\"EntryPoint\",\"urlTemplate\":\"https:\\\/\\\/aliso.fr\\\/reseau\\\/?s={search_term_string}\"},\"query-input\":{\"@type\":\"PropertyValueSpecification\",\"valueRequired\":true,\"valueName\":\"search_term_string\"}}],\"inLanguage\":\"fr-FR\"},{\"@type\":\"Organization\",\"@id\":\"https:\\\/\\\/aliso.fr\\\/reseau\\\/#organization\",\"name\":\"Aliso R\u00e9seau\",\"url\":\"https:\\\/\\\/aliso.fr\\\/reseau\\\/\",\"logo\":{\"@type\":\"ImageObject\",\"inLanguage\":\"fr-FR\",\"@id\":\"https:\\\/\\\/aliso.fr\\\/reseau\\\/#\\\/schema\\\/logo\\\/image\\\/\",\"url\":\"https:\\\/\\\/aliso.fr\\\/reseau\\\/wp-content\\\/uploads\\\/sites\\\/4\\\/2022\\\/01\\\/Logo-ALISO-Reseau-2.png\",\"contentUrl\":\"https:\\\/\\\/aliso.fr\\\/reseau\\\/wp-content\\\/uploads\\\/sites\\\/4\\\/2022\\\/01\\\/Logo-ALISO-Reseau-2.png\",\"width\":900,\"height\":970,\"caption\":\"Aliso R\u00e9seau\"},\"image\":{\"@id\":\"https:\\\/\\\/aliso.fr\\\/reseau\\\/#\\\/schema\\\/logo\\\/image\\\/\"}},{\"@type\":\"Person\",\"@id\":\"https:\\\/\\\/aliso.fr\\\/reseau\\\/#\\\/schema\\\/person\\\/056af145b9c52eee21a9f739489104a5\",\"name\":\"laure\"}]}<\/script>\n<!-- \/ Yoast SEO plugin. -->","yoast_head_json":{"title":"JOURNEE DE L'AVS 2026 - Aliso R\u00e9seau","robots":{"index":"index","follow":"follow","max-snippet":"max-snippet:-1","max-image-preview":"max-image-preview:large","max-video-preview":"max-video-preview:-1"},"canonical":"https:\/\/aliso.fr\/reseau\/journee-de-lavs-2026\/","og_locale":"fr_FR","og_type":"article","og_title":"JOURNEE DE L'AVS 2026 - Aliso R\u00e9seau","og_description":"Inscrivez-vous d\u00e8s maintenant pour participer \u00e0 la journ\u00e9e du Vendredi 29 mai \u00e0 Gu\u00e9ret (Espace Tremplin Nature). Cette ann\u00e9e, la CAF et ALISO vous invitent entre 9h et 16h30 \u00e0 vous retrouver, vous rencontrer et vous familiariser avec la nouvelle circulaire de l&rsquo;Animation de la Vie Sociale qui entrera en vigueur d\u00e9but 2027. Voici un... En savoir plus &raquo;","og_url":"https:\/\/aliso.fr\/reseau\/journee-de-lavs-2026\/","og_site_name":"Aliso R\u00e9seau","article_published_time":"2026-04-16T14:13:58+00:00","article_modified_time":"2026-04-16T14:13:59+00:00","og_image":[{"width":976,"height":976,"url":"https:\/\/aliso.fr\/reseau\/wp-content\/uploads\/sites\/4\/2026\/04\/Merci-de-vous-inscrire-avant-lundi-11-mai-au-soir-Contact-lauremasson@aliso.fr3_.png","type":"image\/png"}],"author":"laure","twitter_card":"summary_large_image","schema":{"@context":"https:\/\/schema.org","@graph":[{"@type":"Article","@id":"https:\/\/aliso.fr\/reseau\/journee-de-lavs-2026\/#article","isPartOf":{"@id":"https:\/\/aliso.fr\/reseau\/journee-de-lavs-2026\/"},"author":{"name":"laure","@id":"https:\/\/aliso.fr\/reseau\/#\/schema\/person\/056af145b9c52eee21a9f739489104a5"},"headline":"JOURNEE DE L&rsquo;AVS 2026","datePublished":"2026-04-16T14:13:58+00:00","dateModified":"2026-04-16T14:13:59+00:00","mainEntityOfPage":{"@id":"https:\/\/aliso.fr\/reseau\/journee-de-lavs-2026\/"},"wordCount":273,"publisher":{"@id":"https:\/\/aliso.fr\/reseau\/#organization"},"image":{"@id":"https:\/\/aliso.fr\/reseau\/journee-de-lavs-2026\/#primaryimage"},"thumbnailUrl":"https:\/\/aliso.fr\/reseau\/wp-content\/uploads\/sites\/4\/2026\/04\/Merci-de-vous-inscrire-avant-lundi-11-mai-au-soir-Contact-lauremasson@aliso.fr3_.png","articleSection":["Actualit\u00e9","Nos actions"],"inLanguage":"fr-FR"},{"@type":"WebPage","@id":"https:\/\/aliso.fr\/reseau\/journee-de-lavs-2026\/","url":"https:\/\/aliso.fr\/reseau\/journee-de-lavs-2026\/","name":"JOURNEE DE L'AVS 2026 - Aliso R\u00e9seau","isPartOf":{"@id":"https:\/\/aliso.fr\/reseau\/#website"},"primaryImageOfPage":{"@id":"https:\/\/aliso.fr\/reseau\/journee-de-lavs-2026\/#primaryimage"},"image":{"@id":"https:\/\/aliso.fr\/reseau\/journee-de-lavs-2026\/#primaryimage"},"thumbnailUrl":"https:\/\/aliso.fr\/reseau\/wp-content\/uploads\/sites\/4\/2026\/04\/Merci-de-vous-inscrire-avant-lundi-11-mai-au-soir-Contact-lauremasson@aliso.fr3_.png","datePublished":"2026-04-16T14:13:58+00:00","dateModified":"2026-04-16T14:13:59+00:00","breadcrumb":{"@id":"https:\/\/aliso.fr\/reseau\/journee-de-lavs-2026\/#breadcrumb"},"inLanguage":"fr-FR","potentialAction":[{"@type":"ReadAction","target":["https:\/\/aliso.fr\/reseau\/journee-de-lavs-2026\/"]}]},{"@type":"ImageObject","inLanguage":"fr-FR","@id":"https:\/\/aliso.fr\/reseau\/journee-de-lavs-2026\/#primaryimage","url":"https:\/\/aliso.fr\/reseau\/wp-content\/uploads\/sites\/4\/2026\/04\/Merci-de-vous-inscrire-avant-lundi-11-mai-au-soir-Contact-lauremasson@aliso.fr3_.png","contentUrl":"https:\/\/aliso.fr\/reseau\/wp-content\/uploads\/sites\/4\/2026\/04\/Merci-de-vous-inscrire-avant-lundi-11-mai-au-soir-Contact-lauremasson@aliso.fr3_.png","width":976,"height":976},{"@type":"BreadcrumbList","@id":"https:\/\/aliso.fr\/reseau\/journee-de-lavs-2026\/#breadcrumb","itemListElement":[{"@type":"ListItem","position":1,"name":"Accueil","item":"https:\/\/aliso.fr\/reseau\/"},{"@type":"ListItem","position":2,"name":"Actualit\u00e9","item":"https:\/\/aliso.fr\/reseau\/actualite\/"},{"@type":"ListItem","position":3,"name":"JOURNEE DE L&rsquo;AVS 2026"}]},{"@type":"WebSite","@id":"https:\/\/aliso.fr\/reseau\/#website","url":"https:\/\/aliso.fr\/reseau\/","name":"Aliso R\u00e9seau","description":"R\u00e9seau Creusois des acteurs du lien social","publisher":{"@id":"https:\/\/aliso.fr\/reseau\/#organization"},"potentialAction":[{"@type":"SearchAction","target":{"@type":"EntryPoint","urlTemplate":"https:\/\/aliso.fr\/reseau\/?s={search_term_string}"},"query-input":{"@type":"PropertyValueSpecification","valueRequired":true,"valueName":"search_term_string"}}],"inLanguage":"fr-FR"},{"@type":"Organization","@id":"https:\/\/aliso.fr\/reseau\/#organization","name":"Aliso R\u00e9seau","url":"https:\/\/aliso.fr\/reseau\/","logo":{"@type":"ImageObject","inLanguage":"fr-FR","@id":"https:\/\/aliso.fr\/reseau\/#\/schema\/logo\/image\/","url":"https:\/\/aliso.fr\/reseau\/wp-content\/uploads\/sites\/4\/2022\/01\/Logo-ALISO-Reseau-2.png","contentUrl":"https:\/\/aliso.fr\/reseau\/wp-content\/uploads\/sites\/4\/2022\/01\/Logo-ALISO-Reseau-2.png","width":900,"height":970,"caption":"Aliso R\u00e9seau"},"image":{"@id":"https:\/\/aliso.fr\/reseau\/#\/schema\/logo\/image\/"}},{"@type":"Person","@id":"https:\/\/aliso.fr\/reseau\/#\/schema\/person\/056af145b9c52eee21a9f739489104a5","name":"laure"}]}},"_links":{"self":[{"href":"https:\/\/aliso.fr\/reseau\/wp-json\/wp\/v2\/posts\/3415","targetHints":{"allow":["GET"]}}],"collection":[{"href":"https:\/\/aliso.fr\/reseau\/wp-json\/wp\/v2\/posts"}],"about":[{"href":"https:\/\/aliso.fr\/reseau\/wp-json\/wp\/v2\/types\/post"}],"author":[{"embeddable":true,"href":"https:\/\/aliso.fr\/reseau\/wp-json\/wp\/v2\/users\/3"}],"replies":[{"embeddable":true,"href":"https:\/\/aliso.fr\/reseau\/wp-json\/wp\/v2\/comments?post=3415"}],"version-history":[{"count":1,"href":"https:\/\/aliso.fr\/reseau\/wp-json\/wp\/v2\/posts\/3415\/revisions"}],"predecessor-version":[{"id":3417,"href":"https:\/\/aliso.fr\/reseau\/wp-json\/wp\/v2\/posts\/3415\/revisions\/3417"}],"wp:featuredmedia":[{"embeddable":true,"href":"https:\/\/aliso.fr\/reseau\/wp-json\/wp\/v2\/media\/3416"}],"wp:attachment":[{"href":"https:\/\/aliso.fr\/reseau\/wp-json\/wp\/v2\/media?parent=3415"}],"wp:term":[{"taxonomy":"category","embeddable":true,"href":"https:\/\/aliso.fr\/reseau\/wp-json\/wp\/v2\/categories?post=3415"},{"taxonomy":"post_tag","embeddable":true,"href":"https:\/\/aliso.fr\/reseau\/wp-json\/wp\/v2\/tags?post=3415"}],"curies":[{"name":"wp","href":"https:\/\/api.w.org\/{rel}","templated":true}]}}