{"id":3418,"date":"2026-04-16T16:40:27","date_gmt":"2026-04-16T14:40:27","guid":{"rendered":"https:\/\/aliso.fr\/reseau\/?p=3418"},"modified":"2026-04-16T16:40:28","modified_gmt":"2026-04-16T14:40:28","slug":"accompagner-le-bien-veillir-et-la-qualite-de-vie-au-travail","status":"publish","type":"post","link":"https:\/\/aliso.fr\/reseau\/accompagner-le-bien-veillir-et-la-qualite-de-vie-au-travail\/","title":{"rendered":"Accompagner le Bien-veillir et la Qualit\u00e9 de Vie au Travail"},"content":{"rendered":"\n<p>ALISO a \u00e9t\u00e9 contact\u00e9 par Happy Visio, une entreprise agr\u00e9ment\u00e9e solidaire d&rsquo;utilit\u00e9 sociale, en qu\u00eate de partenaires pour \u00e9largir son action au profit de la population creusoise. Il s&rsquo;agit concr\u00e8tement d&rsquo;une plateforme nationale en ligne, soutenue financi\u00e8rement par de nombreux acteurs, anim\u00e9e par de vrais animateurs et animatrices \u00e0 distance. Cela permet \u00e0 ce service d&rsquo;\u00eatre rendu sans impliquer de frais pour ses utilisateurs et utilisatrices. <\/p>\n\n\n\n<p>Il s&rsquo;agit de profiter d&rsquo;actions en distanciel (dans un premier temps en tous cas), en faveur du bien-vieillir en Creuse mais aussi pour les personnes aidantes ou des personnes soucieuses du bien-\u00eatre et de la qualit\u00e9 de vie au travail. Si nous n&rsquo;avons pas vu cela comme une \u00e9vidence au premier abord, la pr\u00e9sentation en ligne du<a href=\"https:\/\/www.happyvisio.com\/\" target=\"_blank\" rel=\"noreferrer noopener\"> site happy visio<\/a> nous a finalement convaincues que cela pouvait \u00eatre une pr\u00e9cieuse ressource pour les structures du r\u00e9seau. <br><br>Pour aller \u00e0 l&rsquo;essentiel, voici un aper\u00e7u de programmes propos\u00e9s pour les personnes s\u00e9niors qui fr\u00e9quentent vos structures ou pour des personnes qui ne les fr\u00e9quentent pas encore : <\/p>\n\n\n\n<div data-wp-interactive=\"core\/file\" class=\"wp-block-file\"><object data-wp-bind--hidden=\"!state.hasPdfPreview\" hidden class=\"wp-block-file__embed\" data=\"https:\/\/aliso.fr\/reseau\/wp-content\/uploads\/sites\/4\/2026\/04\/Programme-Seniors-2026-CARSAT23.pdf\" type=\"application\/pdf\" style=\"width:100%;height:600px\" aria-label=\"Contenu embarqu\u00e9 Programme Seniors 2026 - CARSAT23.\"><\/object><a id=\"wp-block-file--media-c6e605f8-31f6-4ecb-9efb-e60bce1dc403\" href=\"https:\/\/aliso.fr\/reseau\/wp-content\/uploads\/sites\/4\/2026\/04\/Programme-Seniors-2026-CARSAT23.pdf\">Programme Seniors 2026 &#8211; CARSAT23<\/a><a href=\"https:\/\/aliso.fr\/reseau\/wp-content\/uploads\/sites\/4\/2026\/04\/Programme-Seniors-2026-CARSAT23.pdf\" class=\"wp-block-file__button wp-element-button\" download aria-describedby=\"wp-block-file--media-c6e605f8-31f6-4ecb-9efb-e60bce1dc403\">T\u00e9l\u00e9charger<\/a><\/div>\n\n\n\n<p>&#8230; et pour des personnes aidantes : <\/p>\n\n\n\n<div data-wp-interactive=\"core\/file\" class=\"wp-block-file\"><object data-wp-bind--hidden=\"!state.hasPdfPreview\" hidden class=\"wp-block-file__embed\" data=\"https:\/\/aliso.fr\/reseau\/wp-content\/uploads\/sites\/4\/2026\/04\/Programme-Aidants-S1-2026-AIDANTS23.pdf\" type=\"application\/pdf\" style=\"width:100%;height:600px\" aria-label=\"Contenu embarqu\u00e9 Programme Aidants S1 2026 - AIDANTS23.\"><\/object><a id=\"wp-block-file--media-6595dbdf-e3a4-4104-b074-39c4afa88b6b\" href=\"https:\/\/aliso.fr\/reseau\/wp-content\/uploads\/sites\/4\/2026\/04\/Programme-Aidants-S1-2026-AIDANTS23.pdf\">Programme Aidants S1 2026 &#8211; AIDANTS23<\/a><a href=\"https:\/\/aliso.fr\/reseau\/wp-content\/uploads\/sites\/4\/2026\/04\/Programme-Aidants-S1-2026-AIDANTS23.pdf\" class=\"wp-block-file__button wp-element-button\" download aria-describedby=\"wp-block-file--media-6595dbdf-e3a4-4104-b074-39c4afa88b6b\">T\u00e9l\u00e9charger<\/a><\/div>\n\n\n\n<p>-Le lien vers le <a href=\"https:\/\/d12w-K04.na1.hs-sales-engage.com\/Ctc\/2M+23284\/d12w-K04\/JkM2-6qcW6N1vHY6lZ3p8W3zdmFD9hbPb-W7FTyWf5wrM_WW3hTz811r1BKVW4FkW9_3tC481W2M6GSL4wl7kdW7Nms9968CzrbW1B8sKc8yK93zW7xR6yC4Wpv4vN97w4h957Q6HW4d166F82j39_N6CLM8rm4gkSN6R6TbflTbRNW1P7hx38sdRYrW3F0xjC8ND-ygW8WySW078YTMNVZ7bj-42GnMKW8KQPY616LjPWW93Z_Mr5RdmG0W9g9Lj73wVn05W2pfYsC5l63l9W3Gr0KL3CBb5DN3mYnX47sbyPf2sbBw204\">formulaire d&rsquo;inscription<\/a><a href=\"https:\/\/d12w-K04.na1.hs-sales-engage.com\/Ctc\/2M+23284\/d12w-K04\/JkM2-6qcW6N1vHY6lZ3p8W3zdmFD9hbPb-W7FTyWf5wrM_WW3hTz811r1BKVW4FkW9_3tC481W2M6GSL4wl7kdW7Nms9968CzrbW1B8sKc8yK93zW7xR6yC4Wpv4vN97w4h957Q6HW4d166F82j39_N6CLM8rm4gkSN6R6TbflTbRNW1P7hx38sdRYrW3F0xjC8ND-ygW8WySW078YTMNVZ7bj-42GnMKW8KQPY616LjPWW93Z_Mr5RdmG0W9g9Lj73wVn05W2pfYsC5l63l9W3Gr0KL3CBb5DN3mYnX47sbyPf2sbBw204\">&nbsp;<\/a><\/p>\n\n\n\n<p>-Les codes partenaires : CARSAT23 pour le programme Seniors \/ AIDANTS23 pour le programme Aidants. Pour b\u00e9n\u00e9ficier des deux programmes, il suffit d&rsquo;ajouter le code partenaire manquant depuis son espace d&rsquo;accueil.&nbsp;<\/p>\n\n\n\n<p>-Le <a href=\"https:\/\/d12w-K04.na1.hs-sales-engage.com\/Ctc\/2M+23284\/d12w-K04\/JlY2-6qcW95jsWP6lZ3nGVXB3V48bCHVfW60pqMN7swTwbW1XB1mD1vrckkW16L_g85ZlBG0W1vYjSR1WZzglW5vk73M81K96bW3N73P_1W5J9nW3HhYt63t629HW82xqM-3yckMMW2_P9RM7t-dDyN3nRq4fmJqfhW1vGzYB6B-qtMW16KNkH9dpn6bW8_5kt86RVFJzW19wN8r49Q9x6W5qvZyX6F5t_QW2mW3bF3VG_3fW43PQDn1r2BXkW4jfmJD7MgT08W6wpMNh4ZKdg2N2vkJPk8yjTvW3svxnb66Z1x3W7yNxv62N5-9MW1f2SF46lBBgNW2KYk7d2g-G7yW8LQ9cg5LCf1rW8879zS8vVvWBW3GDC-c4wM1QkW1P2Dxm35j53MW8YGW2g70nSTydcM2HW04\">kit de communication num\u00e9rique<\/a><a href=\"https:\/\/d12w-K04.na1.hs-sales-engage.com\/Ctc\/2M+23284\/d12w-K04\/JlY2-6qcW95jsWP6lZ3nGVXB3V48bCHVfW60pqMN7swTwbW1XB1mD1vrckkW16L_g85ZlBG0W1vYjSR1WZzglW5vk73M81K96bW3N73P_1W5J9nW3HhYt63t629HW82xqM-3yckMMW2_P9RM7t-dDyN3nRq4fmJqfhW1vGzYB6B-qtMW16KNkH9dpn6bW8_5kt86RVFJzW19wN8r49Q9x6W5qvZyX6F5t_QW2mW3bF3VG_3fW43PQDn1r2BXkW4jfmJD7MgT08W6wpMNh4ZKdg2N2vkJPk8yjTvW3svxnb66Z1x3W7yNxv62N5-9MW1f2SF46lBBgNW2KYk7d2g-G7yW8LQ9cg5LCf1rW8879zS8vVvWBW3GDC-c4wM1QkW1P2Dxm35j53MW8YGW2g70nSTydcM2HW04\">&nbsp;<\/a><\/p>\n\n\n\n<p>-Le num\u00e9ro de l&rsquo;assistance t\u00e9l\u00e9phonique : 01 76 28 40 84<\/p>\n\n\n\n<p>-Nos infographies d&rsquo;impact 2025 <a href=\"https:\/\/d12w-K04.na1.hs-sales-engage.com\/Ctc\/2M+23284\/d12w-K04\/JlY2-6qcW95jsWP6lZ3lNW4RHZKN16SrYVW8XZRzR63bbYVN4-3qQX-NVh-W2zpWRb3hkzFBW31xPSv1r4pPDN4F1zTZmg_ZgW2RqF0s7c6XcWV1lp3M84gVzzVqNshh5bdXCCW43JrBX4BwdnwN5MJBHY3gRgdMZQ_JMqThDFW6Lmcy75YvgllW81y81F4cS-PxW5Y9r876_BN7sW8kP45L5R4-hbW6hVpxm6nS3vZW2_9nvj5D6Bn4W5twn1D3_M_6cW7mkNCY6k9sX_W2k7xdJ1f18WKW7hzmtb8wyyG_N6vfdkJJBpcpW8jdwvS8WQbVgVY3YMP19kxZdW81pF388mbmWsW3bHFLz2pSfqjW7BzZyF6wpN48W8DMzKt4vfcSQW4G8fd31-xvd0f933r0R04\">Seniors<\/a> <a href=\"https:\/\/d12w-K04.na1.hs-sales-engage.com\/Ctc\/2M+23284\/d12w-K04\/JlY2-6qcW95jsWP6lZ3lNW4RHZKN16SrYVW8XZRzR63bbYVN4-3qQX-NVh-W2zpWRb3hkzFBW31xPSv1r4pPDN4F1zTZmg_ZgW2RqF0s7c6XcWV1lp3M84gVzzVqNshh5bdXCCW43JrBX4BwdnwN5MJBHY3gRgdMZQ_JMqThDFW6Lmcy75YvgllW81y81F4cS-PxW5Y9r876_BN7sW8kP45L5R4-hbW6hVpxm6nS3vZW2_9nvj5D6Bn4W5twn1D3_M_6cW7mkNCY6k9sX_W2k7xdJ1f18WKW7hzmtb8wyyG_N6vfdkJJBpcpW8jdwvS8WQbVgVY3YMP19kxZdW81pF388mbmWsW3bHFLz2pSfqjW7BzZyF6wpN48W8DMzKt4vfcSQW4G8fd31-xvd0f933r0R04\"><\/a>et <a href=\"https:\/\/d12w-K04.na1.hs-sales-engage.com\/Ctc\/2M+23284\/d12w-K04\/JlY2-6qcW95jsWP6lZ3lCW88LwYZ7wDV-hV79PF06T5rS-VtssZG35jXsWW2s6ch54_MQx9W2Y6ptc59ttspW7h3yz96WbZ34W7wCd2N8dHJr2VpsNHl8Lx2hyN267bnp7LH8hW3rj3X43MSH16W1qdvz76LfFzmW6P75-p26nFblW5861zM1xZ7LsW2cyKBW3Gz7c3W6dqGTR3bqwTNW4yJv_T2LL36DW3XhxcF7VmG1hW4_DHv_6-DsrjW5lKdGk7yvncxVWxpQT3yxZz1W1mpQR58z--SYW5bWHYv1Tz176W3_rGqg26jllGW3GxfCd25hCFJV405367VKlj3W5hTpBp72xwRyVNY60n87TwvmW4WxXXn6PZQKYW3qJSHW6GB_l7VBVfnm1HL_KDf3HT4f204\">Aidants\u00a0<\/a><\/p>\n\n\n\n<p>Cette plateforme pourrait \u00e9galement devenir une ressource \u00e0 utiliser dans le cadre de la mise en palce du dispositif Cohabilis, auquel travaille ALISO pour favoriser l&rsquo;habitat interg\u00e9n\u00e9rationnel depuis ce d\u00e9but d&rsquo;ann\u00e9e.<br><br>Quoiqu&rsquo;il en soit, nous avons trouv\u00e9 cette pr\u00e9sentation tout \u00e0 fait int\u00e9ressante. Il ne s&rsquo;agit pas seulement de compter sur l&rsquo;utilisation d&rsquo;outils num\u00e9riques car des \u00e9volutions vers des temps de pr\u00e9sence sont imagin\u00e9es, notamment pour cr\u00e9er du collectif et des rencontres entre les personnes. A ce jour, d\u00e9j\u00e0 plus de 200 creusois sont inscrits sur Happy Visio par le biais d&rsquo;autres partenaires et l&rsquo;utilisent.<br><br>Si vous avez des questions ou envie d&rsquo;en savoir plus : contactez Laure ou Christelle.<\/p>\n\n\n\n<p>Laure <\/p>\n\n\n\n<p><\/p>\n","protected":false},"excerpt":{"rendered":"<p>ALISO a \u00e9t\u00e9 contact\u00e9 par Happy Visio, une entreprise agr\u00e9ment\u00e9e solidaire d&rsquo;utilit\u00e9 sociale, en qu\u00eate de partenaires pour \u00e9largir son action au profit de la population creusoise. Il s&rsquo;agit concr\u00e8tement d&rsquo;une plateforme nationale en ligne, soutenue financi\u00e8rement par de nombreux acteurs, anim\u00e9e par de vrais animateurs et animatrices \u00e0 distance. Cela permet \u00e0 ce service&#8230; <a class=\"excerpt-read-more button\" href=\"https:\/\/aliso.fr\/reseau\/accompagner-le-bien-veillir-et-la-qualite-de-vie-au-travail\/\" title=\"ReadAccompagner le Bien-veillir et la Qualit\u00e9 de Vie au Travail\">En savoir plus &raquo;<\/a><\/p>\n","protected":false},"author":3,"featured_media":3420,"comment_status":"closed","ping_status":"open","sticky":false,"template":"","format":"standard","meta":{"footnotes":""},"categories":[3],"tags":[],"class_list":["post-3418","post","type-post","status-publish","format-standard","has-post-thumbnail","hentry","category-actualite"],"yoast_head":"<!-- This site is optimized with the Yoast SEO plugin v27.4 - https:\/\/yoast.com\/product\/yoast-seo-wordpress\/ -->\n<title>Accompagner le Bien-veillir et la Qualit\u00e9 de Vie au Travail - Aliso R\u00e9seau<\/title>\n<meta name=\"robots\" content=\"index, follow, max-snippet:-1, max-image-preview:large, max-video-preview:-1\" \/>\n<link rel=\"canonical\" href=\"https:\/\/aliso.fr\/reseau\/accompagner-le-bien-veillir-et-la-qualite-de-vie-au-travail\/\" \/>\n<meta property=\"og:locale\" content=\"fr_FR\" \/>\n<meta property=\"og:type\" content=\"article\" \/>\n<meta property=\"og:title\" content=\"Accompagner le Bien-veillir et la Qualit\u00e9 de Vie au Travail - Aliso R\u00e9seau\" \/>\n<meta property=\"og:description\" content=\"ALISO a \u00e9t\u00e9 contact\u00e9 par Happy Visio, une entreprise agr\u00e9ment\u00e9e solidaire d&rsquo;utilit\u00e9 sociale, en qu\u00eate de partenaires pour \u00e9largir son action au profit de la population creusoise. Il s&rsquo;agit concr\u00e8tement d&rsquo;une plateforme nationale en ligne, soutenue financi\u00e8rement par de nombreux acteurs, anim\u00e9e par de vrais animateurs et animatrices \u00e0 distance. Cela permet \u00e0 ce service... En savoir plus &raquo;\" \/>\n<meta property=\"og:url\" content=\"https:\/\/aliso.fr\/reseau\/accompagner-le-bien-veillir-et-la-qualite-de-vie-au-travail\/\" \/>\n<meta property=\"og:site_name\" content=\"Aliso R\u00e9seau\" \/>\n<meta property=\"article:published_time\" content=\"2026-04-16T14:40:27+00:00\" \/>\n<meta property=\"article:modified_time\" content=\"2026-04-16T14:40:28+00:00\" \/>\n<meta property=\"og:image\" content=\"https:\/\/aliso.fr\/reseau\/wp-content\/uploads\/sites\/4\/2026\/04\/Sans-titre.png\" \/>\n\t<meta property=\"og:image:width\" content=\"241\" \/>\n\t<meta property=\"og:image:height\" content=\"135\" \/>\n\t<meta property=\"og:image:type\" content=\"image\/png\" \/>\n<meta name=\"author\" content=\"laure\" \/>\n<meta name=\"twitter:card\" content=\"summary_large_image\" \/>\n<script type=\"application\/ld+json\" class=\"yoast-schema-graph\">{\"@context\":\"https:\\\/\\\/schema.org\",\"@graph\":[{\"@type\":\"Article\",\"@id\":\"https:\\\/\\\/aliso.fr\\\/reseau\\\/accompagner-le-bien-veillir-et-la-qualite-de-vie-au-travail\\\/#article\",\"isPartOf\":{\"@id\":\"https:\\\/\\\/aliso.fr\\\/reseau\\\/accompagner-le-bien-veillir-et-la-qualite-de-vie-au-travail\\\/\"},\"author\":{\"name\":\"laure\",\"@id\":\"https:\\\/\\\/aliso.fr\\\/reseau\\\/#\\\/schema\\\/person\\\/056af145b9c52eee21a9f739489104a5\"},\"headline\":\"Accompagner le Bien-veillir et la Qualit\u00e9 de Vie au Travail\",\"datePublished\":\"2026-04-16T14:40:27+00:00\",\"dateModified\":\"2026-04-16T14:40:28+00:00\",\"mainEntityOfPage\":{\"@id\":\"https:\\\/\\\/aliso.fr\\\/reseau\\\/accompagner-le-bien-veillir-et-la-qualite-de-vie-au-travail\\\/\"},\"wordCount\":412,\"publisher\":{\"@id\":\"https:\\\/\\\/aliso.fr\\\/reseau\\\/#organization\"},\"image\":{\"@id\":\"https:\\\/\\\/aliso.fr\\\/reseau\\\/accompagner-le-bien-veillir-et-la-qualite-de-vie-au-travail\\\/#primaryimage\"},\"thumbnailUrl\":\"https:\\\/\\\/aliso.fr\\\/reseau\\\/wp-content\\\/uploads\\\/sites\\\/4\\\/2026\\\/04\\\/Sans-titre.png\",\"articleSection\":[\"Actualit\u00e9\"],\"inLanguage\":\"fr-FR\"},{\"@type\":\"WebPage\",\"@id\":\"https:\\\/\\\/aliso.fr\\\/reseau\\\/accompagner-le-bien-veillir-et-la-qualite-de-vie-au-travail\\\/\",\"url\":\"https:\\\/\\\/aliso.fr\\\/reseau\\\/accompagner-le-bien-veillir-et-la-qualite-de-vie-au-travail\\\/\",\"name\":\"Accompagner le Bien-veillir et la Qualit\u00e9 de Vie au Travail - Aliso R\u00e9seau\",\"isPartOf\":{\"@id\":\"https:\\\/\\\/aliso.fr\\\/reseau\\\/#website\"},\"primaryImageOfPage\":{\"@id\":\"https:\\\/\\\/aliso.fr\\\/reseau\\\/accompagner-le-bien-veillir-et-la-qualite-de-vie-au-travail\\\/#primaryimage\"},\"image\":{\"@id\":\"https:\\\/\\\/aliso.fr\\\/reseau\\\/accompagner-le-bien-veillir-et-la-qualite-de-vie-au-travail\\\/#primaryimage\"},\"thumbnailUrl\":\"https:\\\/\\\/aliso.fr\\\/reseau\\\/wp-content\\\/uploads\\\/sites\\\/4\\\/2026\\\/04\\\/Sans-titre.png\",\"datePublished\":\"2026-04-16T14:40:27+00:00\",\"dateModified\":\"2026-04-16T14:40:28+00:00\",\"breadcrumb\":{\"@id\":\"https:\\\/\\\/aliso.fr\\\/reseau\\\/accompagner-le-bien-veillir-et-la-qualite-de-vie-au-travail\\\/#breadcrumb\"},\"inLanguage\":\"fr-FR\",\"potentialAction\":[{\"@type\":\"ReadAction\",\"target\":[\"https:\\\/\\\/aliso.fr\\\/reseau\\\/accompagner-le-bien-veillir-et-la-qualite-de-vie-au-travail\\\/\"]}]},{\"@type\":\"ImageObject\",\"inLanguage\":\"fr-FR\",\"@id\":\"https:\\\/\\\/aliso.fr\\\/reseau\\\/accompagner-le-bien-veillir-et-la-qualite-de-vie-au-travail\\\/#primaryimage\",\"url\":\"https:\\\/\\\/aliso.fr\\\/reseau\\\/wp-content\\\/uploads\\\/sites\\\/4\\\/2026\\\/04\\\/Sans-titre.png\",\"contentUrl\":\"https:\\\/\\\/aliso.fr\\\/reseau\\\/wp-content\\\/uploads\\\/sites\\\/4\\\/2026\\\/04\\\/Sans-titre.png\",\"width\":241,\"height\":135},{\"@type\":\"BreadcrumbList\",\"@id\":\"https:\\\/\\\/aliso.fr\\\/reseau\\\/accompagner-le-bien-veillir-et-la-qualite-de-vie-au-travail\\\/#breadcrumb\",\"itemListElement\":[{\"@type\":\"ListItem\",\"position\":1,\"name\":\"Accueil\",\"item\":\"https:\\\/\\\/aliso.fr\\\/reseau\\\/\"},{\"@type\":\"ListItem\",\"position\":2,\"name\":\"Actualit\u00e9\",\"item\":\"https:\\\/\\\/aliso.fr\\\/reseau\\\/actualite\\\/\"},{\"@type\":\"ListItem\",\"position\":3,\"name\":\"Accompagner le Bien-veillir et la Qualit\u00e9 de Vie au Travail\"}]},{\"@type\":\"WebSite\",\"@id\":\"https:\\\/\\\/aliso.fr\\\/reseau\\\/#website\",\"url\":\"https:\\\/\\\/aliso.fr\\\/reseau\\\/\",\"name\":\"Aliso R\u00e9seau\",\"description\":\"R\u00e9seau Creusois des acteurs du lien social\",\"publisher\":{\"@id\":\"https:\\\/\\\/aliso.fr\\\/reseau\\\/#organization\"},\"potentialAction\":[{\"@type\":\"SearchAction\",\"target\":{\"@type\":\"EntryPoint\",\"urlTemplate\":\"https:\\\/\\\/aliso.fr\\\/reseau\\\/?s={search_term_string}\"},\"query-input\":{\"@type\":\"PropertyValueSpecification\",\"valueRequired\":true,\"valueName\":\"search_term_string\"}}],\"inLanguage\":\"fr-FR\"},{\"@type\":\"Organization\",\"@id\":\"https:\\\/\\\/aliso.fr\\\/reseau\\\/#organization\",\"name\":\"Aliso R\u00e9seau\",\"url\":\"https:\\\/\\\/aliso.fr\\\/reseau\\\/\",\"logo\":{\"@type\":\"ImageObject\",\"inLanguage\":\"fr-FR\",\"@id\":\"https:\\\/\\\/aliso.fr\\\/reseau\\\/#\\\/schema\\\/logo\\\/image\\\/\",\"url\":\"https:\\\/\\\/aliso.fr\\\/reseau\\\/wp-content\\\/uploads\\\/sites\\\/4\\\/2022\\\/01\\\/Logo-ALISO-Reseau-2.png\",\"contentUrl\":\"https:\\\/\\\/aliso.fr\\\/reseau\\\/wp-content\\\/uploads\\\/sites\\\/4\\\/2022\\\/01\\\/Logo-ALISO-Reseau-2.png\",\"width\":900,\"height\":970,\"caption\":\"Aliso R\u00e9seau\"},\"image\":{\"@id\":\"https:\\\/\\\/aliso.fr\\\/reseau\\\/#\\\/schema\\\/logo\\\/image\\\/\"}},{\"@type\":\"Person\",\"@id\":\"https:\\\/\\\/aliso.fr\\\/reseau\\\/#\\\/schema\\\/person\\\/056af145b9c52eee21a9f739489104a5\",\"name\":\"laure\"}]}<\/script>\n<!-- \/ Yoast SEO plugin. -->","yoast_head_json":{"title":"Accompagner le Bien-veillir et la Qualit\u00e9 de Vie au Travail - Aliso R\u00e9seau","robots":{"index":"index","follow":"follow","max-snippet":"max-snippet:-1","max-image-preview":"max-image-preview:large","max-video-preview":"max-video-preview:-1"},"canonical":"https:\/\/aliso.fr\/reseau\/accompagner-le-bien-veillir-et-la-qualite-de-vie-au-travail\/","og_locale":"fr_FR","og_type":"article","og_title":"Accompagner le Bien-veillir et la Qualit\u00e9 de Vie au Travail - Aliso R\u00e9seau","og_description":"ALISO a \u00e9t\u00e9 contact\u00e9 par Happy Visio, une entreprise agr\u00e9ment\u00e9e solidaire d&rsquo;utilit\u00e9 sociale, en qu\u00eate de partenaires pour \u00e9largir son action au profit de la population creusoise. Il s&rsquo;agit concr\u00e8tement d&rsquo;une plateforme nationale en ligne, soutenue financi\u00e8rement par de nombreux acteurs, anim\u00e9e par de vrais animateurs et animatrices \u00e0 distance. Cela permet \u00e0 ce service... En savoir plus &raquo;","og_url":"https:\/\/aliso.fr\/reseau\/accompagner-le-bien-veillir-et-la-qualite-de-vie-au-travail\/","og_site_name":"Aliso R\u00e9seau","article_published_time":"2026-04-16T14:40:27+00:00","article_modified_time":"2026-04-16T14:40:28+00:00","og_image":[{"width":241,"height":135,"url":"https:\/\/aliso.fr\/reseau\/wp-content\/uploads\/sites\/4\/2026\/04\/Sans-titre.png","type":"image\/png"}],"author":"laure","twitter_card":"summary_large_image","schema":{"@context":"https:\/\/schema.org","@graph":[{"@type":"Article","@id":"https:\/\/aliso.fr\/reseau\/accompagner-le-bien-veillir-et-la-qualite-de-vie-au-travail\/#article","isPartOf":{"@id":"https:\/\/aliso.fr\/reseau\/accompagner-le-bien-veillir-et-la-qualite-de-vie-au-travail\/"},"author":{"name":"laure","@id":"https:\/\/aliso.fr\/reseau\/#\/schema\/person\/056af145b9c52eee21a9f739489104a5"},"headline":"Accompagner le Bien-veillir et la Qualit\u00e9 de Vie au Travail","datePublished":"2026-04-16T14:40:27+00:00","dateModified":"2026-04-16T14:40:28+00:00","mainEntityOfPage":{"@id":"https:\/\/aliso.fr\/reseau\/accompagner-le-bien-veillir-et-la-qualite-de-vie-au-travail\/"},"wordCount":412,"publisher":{"@id":"https:\/\/aliso.fr\/reseau\/#organization"},"image":{"@id":"https:\/\/aliso.fr\/reseau\/accompagner-le-bien-veillir-et-la-qualite-de-vie-au-travail\/#primaryimage"},"thumbnailUrl":"https:\/\/aliso.fr\/reseau\/wp-content\/uploads\/sites\/4\/2026\/04\/Sans-titre.png","articleSection":["Actualit\u00e9"],"inLanguage":"fr-FR"},{"@type":"WebPage","@id":"https:\/\/aliso.fr\/reseau\/accompagner-le-bien-veillir-et-la-qualite-de-vie-au-travail\/","url":"https:\/\/aliso.fr\/reseau\/accompagner-le-bien-veillir-et-la-qualite-de-vie-au-travail\/","name":"Accompagner le Bien-veillir et la Qualit\u00e9 de Vie au Travail - Aliso R\u00e9seau","isPartOf":{"@id":"https:\/\/aliso.fr\/reseau\/#website"},"primaryImageOfPage":{"@id":"https:\/\/aliso.fr\/reseau\/accompagner-le-bien-veillir-et-la-qualite-de-vie-au-travail\/#primaryimage"},"image":{"@id":"https:\/\/aliso.fr\/reseau\/accompagner-le-bien-veillir-et-la-qualite-de-vie-au-travail\/#primaryimage"},"thumbnailUrl":"https:\/\/aliso.fr\/reseau\/wp-content\/uploads\/sites\/4\/2026\/04\/Sans-titre.png","datePublished":"2026-04-16T14:40:27+00:00","dateModified":"2026-04-16T14:40:28+00:00","breadcrumb":{"@id":"https:\/\/aliso.fr\/reseau\/accompagner-le-bien-veillir-et-la-qualite-de-vie-au-travail\/#breadcrumb"},"inLanguage":"fr-FR","potentialAction":[{"@type":"ReadAction","target":["https:\/\/aliso.fr\/reseau\/accompagner-le-bien-veillir-et-la-qualite-de-vie-au-travail\/"]}]},{"@type":"ImageObject","inLanguage":"fr-FR","@id":"https:\/\/aliso.fr\/reseau\/accompagner-le-bien-veillir-et-la-qualite-de-vie-au-travail\/#primaryimage","url":"https:\/\/aliso.fr\/reseau\/wp-content\/uploads\/sites\/4\/2026\/04\/Sans-titre.png","contentUrl":"https:\/\/aliso.fr\/reseau\/wp-content\/uploads\/sites\/4\/2026\/04\/Sans-titre.png","width":241,"height":135},{"@type":"BreadcrumbList","@id":"https:\/\/aliso.fr\/reseau\/accompagner-le-bien-veillir-et-la-qualite-de-vie-au-travail\/#breadcrumb","itemListElement":[{"@type":"ListItem","position":1,"name":"Accueil","item":"https:\/\/aliso.fr\/reseau\/"},{"@type":"ListItem","position":2,"name":"Actualit\u00e9","item":"https:\/\/aliso.fr\/reseau\/actualite\/"},{"@type":"ListItem","position":3,"name":"Accompagner le Bien-veillir et la Qualit\u00e9 de Vie au Travail"}]},{"@type":"WebSite","@id":"https:\/\/aliso.fr\/reseau\/#website","url":"https:\/\/aliso.fr\/reseau\/","name":"Aliso R\u00e9seau","description":"R\u00e9seau Creusois des acteurs du lien social","publisher":{"@id":"https:\/\/aliso.fr\/reseau\/#organization"},"potentialAction":[{"@type":"SearchAction","target":{"@type":"EntryPoint","urlTemplate":"https:\/\/aliso.fr\/reseau\/?s={search_term_string}"},"query-input":{"@type":"PropertyValueSpecification","valueRequired":true,"valueName":"search_term_string"}}],"inLanguage":"fr-FR"},{"@type":"Organization","@id":"https:\/\/aliso.fr\/reseau\/#organization","name":"Aliso R\u00e9seau","url":"https:\/\/aliso.fr\/reseau\/","logo":{"@type":"ImageObject","inLanguage":"fr-FR","@id":"https:\/\/aliso.fr\/reseau\/#\/schema\/logo\/image\/","url":"https:\/\/aliso.fr\/reseau\/wp-content\/uploads\/sites\/4\/2022\/01\/Logo-ALISO-Reseau-2.png","contentUrl":"https:\/\/aliso.fr\/reseau\/wp-content\/uploads\/sites\/4\/2022\/01\/Logo-ALISO-Reseau-2.png","width":900,"height":970,"caption":"Aliso R\u00e9seau"},"image":{"@id":"https:\/\/aliso.fr\/reseau\/#\/schema\/logo\/image\/"}},{"@type":"Person","@id":"https:\/\/aliso.fr\/reseau\/#\/schema\/person\/056af145b9c52eee21a9f739489104a5","name":"laure"}]}},"_links":{"self":[{"href":"https:\/\/aliso.fr\/reseau\/wp-json\/wp\/v2\/posts\/3418","targetHints":{"allow":["GET"]}}],"collection":[{"href":"https:\/\/aliso.fr\/reseau\/wp-json\/wp\/v2\/posts"}],"about":[{"href":"https:\/\/aliso.fr\/reseau\/wp-json\/wp\/v2\/types\/post"}],"author":[{"embeddable":true,"href":"https:\/\/aliso.fr\/reseau\/wp-json\/wp\/v2\/users\/3"}],"replies":[{"embeddable":true,"href":"https:\/\/aliso.fr\/reseau\/wp-json\/wp\/v2\/comments?post=3418"}],"version-history":[{"count":1,"href":"https:\/\/aliso.fr\/reseau\/wp-json\/wp\/v2\/posts\/3418\/revisions"}],"predecessor-version":[{"id":3423,"href":"https:\/\/aliso.fr\/reseau\/wp-json\/wp\/v2\/posts\/3418\/revisions\/3423"}],"wp:featuredmedia":[{"embeddable":true,"href":"https:\/\/aliso.fr\/reseau\/wp-json\/wp\/v2\/media\/3420"}],"wp:attachment":[{"href":"https:\/\/aliso.fr\/reseau\/wp-json\/wp\/v2\/media?parent=3418"}],"wp:term":[{"taxonomy":"category","embeddable":true,"href":"https:\/\/aliso.fr\/reseau\/wp-json\/wp\/v2\/categories?post=3418"},{"taxonomy":"post_tag","embeddable":true,"href":"https:\/\/aliso.fr\/reseau\/wp-json\/wp\/v2\/tags?post=3418"}],"curies":[{"name":"wp","href":"https:\/\/api.w.org\/{rel}","templated":true}]}}