{"id":3424,"date":"2026-04-16T17:01:25","date_gmt":"2026-04-16T15:01:25","guid":{"rendered":"https:\/\/aliso.fr\/reseau\/?p=3424"},"modified":"2026-04-16T17:01:26","modified_gmt":"2026-04-16T15:01:26","slug":"alisopop-prochaine-prepa-18-mai","status":"publish","type":"post","link":"https:\/\/aliso.fr\/reseau\/alisopop-prochaine-prepa-18-mai\/","title":{"rendered":"ALISO&rsquo;POP &#8211; Prochaine pr\u00e9pa : 18 mai !"},"content":{"rendered":"\n<p>Suite \u00e0 la r\u00e9union de pr\u00e9paration du 27 mars dernier, nous avons pu clarifier la couleur de la prochaine journ\u00e9e d&rsquo;ALISO&rsquo;POP.<\/p>\n\n\n\n<p>Merci pour votre participation au questionnaire de recueil d&rsquo;avis en amont ! Cela nous a \u00e9t\u00e9 tr\u00e8s pr\u00e9cieux.<br>Merci \u00e9galement pour l&rsquo;implication des personnes pr\u00e9sentes \u00e0 la r\u00e9union, repr\u00e9sentant 5 structures du r\u00e9seau, ainsi qu&rsquo;une partie de l&rsquo;\u00e9quipe salari\u00e9e et une personne membre du bureau d&rsquo;ALISO.<\/p>\n\n\n\n<p>Ca se passera \u00e0 Ch\u00e2telus-le-Marcheix, avec l&rsquo;accueil des associations membres du r\u00e9seau Les Moussus du Thaurion et Aux Berges du Thaurion, soutenues par la commune. <br>Le menu semble se pr\u00e9ciser. <br>Concernant le contenu de la journ\u00e9e, nous avons pass\u00e9 du temps sur cette question pour nous entendre \u00e0 dire qu&rsquo;on voulait valoriser ce moment comme : <br>&#8211; un lieu d&rsquo;accueil dans le r\u00e9seau, de rencontre, d&rsquo;interconnaissance et de retrouvaille<br>&#8211; un espace d&rsquo;apprentissage et de partage<br>&#8211; un pr\u00e9texte de construction en r\u00e9seau<br>&#8211; un endroit o\u00f9 chaque membre du r\u00e9seau puisse trouver sa place quelque soit son engagement<br>&#8211; un aper\u00e7u de la diversit\u00e9 des ressources du r\u00e9seau <\/p>\n\n\n\n<p>Ainsi, nous ne pr\u00e9voyons pas de faire un focus sur une seule et unique th\u00e9matique sur ce jour mais bien de proposer plusieurs groupes et moments pour se rencontrer autour de discussions, ateliers, d\u00e9couvertes et enseignements. <\/p>\n\n\n\n<p><strong>Nous sommes donc en train de mettre au travail les id\u00e9es, envies, propositions pour que ces aspirations deviennent r\u00e9alit\u00e9s. Je vous invite encore \u00e0 me faire savoir si vous vous sentez d&rsquo;animer un atelier, si vous connaissez quelqu&rsquo;un dans le coin qui le ferait vraiment super bien, ou si vous pensez que votre coll\u00e8gue serait vraiment le plus adapt\u00e9 pour venir nous faire d\u00e9battre d&rsquo;un sujet ou d&rsquo;un autre, ou m\u00eame si vous avez envie de mettre le r\u00e9seau autour de la table sur un projet particulier&#8230; <\/strong>Racontez-nous cela comme \u00e7a vient en m&rsquo;\u00e9crivant.<\/p>\n\n\n\n<p>Contactez-moi \u00e9galement si vous avez besoin d&rsquo;\u00e9claircir ce qu&rsquo;est cette journ\u00e9e et la pertinence de votre participation \u00e0 celle-ci.<\/p>\n\n\n\n<p><a href=\"&#109;&#x61;&#105;&#x6c;t&#111;&#x3a;&#108;&#x61;u&#x72;e&#109;&#x61;&#115;&#x73;o&#x6e;&#x40;&#97;&#x6c;i&#x73;o&#46;&#x66;&#114;\">Laure <\/a><\/p>\n\n\n\n<p><\/p>\n","protected":false},"excerpt":{"rendered":"<p>Suite \u00e0 la r\u00e9union de pr\u00e9paration du 27 mars dernier, nous avons pu clarifier la couleur de la prochaine journ\u00e9e d&rsquo;ALISO&rsquo;POP. Merci pour votre participation au questionnaire de recueil d&rsquo;avis en amont ! Cela nous a \u00e9t\u00e9 tr\u00e8s pr\u00e9cieux.Merci \u00e9galement pour l&rsquo;implication des personnes pr\u00e9sentes \u00e0 la r\u00e9union, repr\u00e9sentant 5 structures du r\u00e9seau, ainsi qu&rsquo;une&#8230; <a class=\"excerpt-read-more button\" href=\"https:\/\/aliso.fr\/reseau\/alisopop-prochaine-prepa-18-mai\/\" title=\"ReadALISO&rsquo;POP &#8211; Prochaine pr\u00e9pa : 18 mai !\">En savoir plus &raquo;<\/a><\/p>\n","protected":false},"author":3,"featured_media":3329,"comment_status":"closed","ping_status":"open","sticky":false,"template":"","format":"standard","meta":{"footnotes":""},"categories":[3,7],"tags":[],"class_list":["post-3424","post","type-post","status-publish","format-standard","has-post-thumbnail","hentry","category-actualite","category-nos-actions"],"yoast_head":"<!-- This site is optimized with the Yoast SEO plugin v27.4 - https:\/\/yoast.com\/product\/yoast-seo-wordpress\/ -->\n<title>ALISO&#039;POP - Prochaine pr\u00e9pa : 18 mai ! - Aliso R\u00e9seau<\/title>\n<meta name=\"robots\" content=\"index, follow, max-snippet:-1, max-image-preview:large, max-video-preview:-1\" \/>\n<link rel=\"canonical\" href=\"https:\/\/aliso.fr\/reseau\/alisopop-prochaine-prepa-18-mai\/\" \/>\n<meta property=\"og:locale\" content=\"fr_FR\" \/>\n<meta property=\"og:type\" content=\"article\" \/>\n<meta property=\"og:title\" content=\"ALISO&#039;POP - Prochaine pr\u00e9pa : 18 mai ! - Aliso R\u00e9seau\" \/>\n<meta property=\"og:description\" content=\"Suite \u00e0 la r\u00e9union de pr\u00e9paration du 27 mars dernier, nous avons pu clarifier la couleur de la prochaine journ\u00e9e d&rsquo;ALISO&rsquo;POP. Merci pour votre participation au questionnaire de recueil d&rsquo;avis en amont ! Cela nous a \u00e9t\u00e9 tr\u00e8s pr\u00e9cieux.Merci \u00e9galement pour l&rsquo;implication des personnes pr\u00e9sentes \u00e0 la r\u00e9union, repr\u00e9sentant 5 structures du r\u00e9seau, ainsi qu&rsquo;une... En savoir plus &raquo;\" \/>\n<meta property=\"og:url\" content=\"https:\/\/aliso.fr\/reseau\/alisopop-prochaine-prepa-18-mai\/\" \/>\n<meta property=\"og:site_name\" content=\"Aliso R\u00e9seau\" \/>\n<meta property=\"article:published_time\" content=\"2026-04-16T15:01:25+00:00\" \/>\n<meta property=\"article:modified_time\" content=\"2026-04-16T15:01:26+00:00\" \/>\n<meta property=\"og:image\" content=\"https:\/\/aliso.fr\/reseau\/wp-content\/uploads\/sites\/4\/2026\/02\/Copie-de-AlisoPop-41.jpg\" \/>\n\t<meta property=\"og:image:width\" content=\"1600\" \/>\n\t<meta property=\"og:image:height\" content=\"2000\" \/>\n\t<meta property=\"og:image:type\" content=\"image\/jpeg\" \/>\n<meta name=\"author\" content=\"laure\" \/>\n<meta name=\"twitter:card\" content=\"summary_large_image\" \/>\n<script type=\"application\/ld+json\" class=\"yoast-schema-graph\">{\"@context\":\"https:\\\/\\\/schema.org\",\"@graph\":[{\"@type\":\"Article\",\"@id\":\"https:\\\/\\\/aliso.fr\\\/reseau\\\/alisopop-prochaine-prepa-18-mai\\\/#article\",\"isPartOf\":{\"@id\":\"https:\\\/\\\/aliso.fr\\\/reseau\\\/alisopop-prochaine-prepa-18-mai\\\/\"},\"author\":{\"name\":\"laure\",\"@id\":\"https:\\\/\\\/aliso.fr\\\/reseau\\\/#\\\/schema\\\/person\\\/056af145b9c52eee21a9f739489104a5\"},\"headline\":\"ALISO&rsquo;POP &#8211; Prochaine pr\u00e9pa : 18 mai !\",\"datePublished\":\"2026-04-16T15:01:25+00:00\",\"dateModified\":\"2026-04-16T15:01:26+00:00\",\"mainEntityOfPage\":{\"@id\":\"https:\\\/\\\/aliso.fr\\\/reseau\\\/alisopop-prochaine-prepa-18-mai\\\/\"},\"wordCount\":369,\"publisher\":{\"@id\":\"https:\\\/\\\/aliso.fr\\\/reseau\\\/#organization\"},\"image\":{\"@id\":\"https:\\\/\\\/aliso.fr\\\/reseau\\\/alisopop-prochaine-prepa-18-mai\\\/#primaryimage\"},\"thumbnailUrl\":\"https:\\\/\\\/aliso.fr\\\/reseau\\\/wp-content\\\/uploads\\\/sites\\\/4\\\/2026\\\/02\\\/Copie-de-AlisoPop-41.jpg\",\"articleSection\":[\"Actualit\u00e9\",\"Nos actions\"],\"inLanguage\":\"fr-FR\"},{\"@type\":\"WebPage\",\"@id\":\"https:\\\/\\\/aliso.fr\\\/reseau\\\/alisopop-prochaine-prepa-18-mai\\\/\",\"url\":\"https:\\\/\\\/aliso.fr\\\/reseau\\\/alisopop-prochaine-prepa-18-mai\\\/\",\"name\":\"ALISO'POP - Prochaine pr\u00e9pa : 18 mai ! - Aliso R\u00e9seau\",\"isPartOf\":{\"@id\":\"https:\\\/\\\/aliso.fr\\\/reseau\\\/#website\"},\"primaryImageOfPage\":{\"@id\":\"https:\\\/\\\/aliso.fr\\\/reseau\\\/alisopop-prochaine-prepa-18-mai\\\/#primaryimage\"},\"image\":{\"@id\":\"https:\\\/\\\/aliso.fr\\\/reseau\\\/alisopop-prochaine-prepa-18-mai\\\/#primaryimage\"},\"thumbnailUrl\":\"https:\\\/\\\/aliso.fr\\\/reseau\\\/wp-content\\\/uploads\\\/sites\\\/4\\\/2026\\\/02\\\/Copie-de-AlisoPop-41.jpg\",\"datePublished\":\"2026-04-16T15:01:25+00:00\",\"dateModified\":\"2026-04-16T15:01:26+00:00\",\"breadcrumb\":{\"@id\":\"https:\\\/\\\/aliso.fr\\\/reseau\\\/alisopop-prochaine-prepa-18-mai\\\/#breadcrumb\"},\"inLanguage\":\"fr-FR\",\"potentialAction\":[{\"@type\":\"ReadAction\",\"target\":[\"https:\\\/\\\/aliso.fr\\\/reseau\\\/alisopop-prochaine-prepa-18-mai\\\/\"]}]},{\"@type\":\"ImageObject\",\"inLanguage\":\"fr-FR\",\"@id\":\"https:\\\/\\\/aliso.fr\\\/reseau\\\/alisopop-prochaine-prepa-18-mai\\\/#primaryimage\",\"url\":\"https:\\\/\\\/aliso.fr\\\/reseau\\\/wp-content\\\/uploads\\\/sites\\\/4\\\/2026\\\/02\\\/Copie-de-AlisoPop-41.jpg\",\"contentUrl\":\"https:\\\/\\\/aliso.fr\\\/reseau\\\/wp-content\\\/uploads\\\/sites\\\/4\\\/2026\\\/02\\\/Copie-de-AlisoPop-41.jpg\",\"width\":1600,\"height\":2000},{\"@type\":\"BreadcrumbList\",\"@id\":\"https:\\\/\\\/aliso.fr\\\/reseau\\\/alisopop-prochaine-prepa-18-mai\\\/#breadcrumb\",\"itemListElement\":[{\"@type\":\"ListItem\",\"position\":1,\"name\":\"Accueil\",\"item\":\"https:\\\/\\\/aliso.fr\\\/reseau\\\/\"},{\"@type\":\"ListItem\",\"position\":2,\"name\":\"Actualit\u00e9\",\"item\":\"https:\\\/\\\/aliso.fr\\\/reseau\\\/actualite\\\/\"},{\"@type\":\"ListItem\",\"position\":3,\"name\":\"ALISO&rsquo;POP &#8211; Prochaine pr\u00e9pa : 18 mai !\"}]},{\"@type\":\"WebSite\",\"@id\":\"https:\\\/\\\/aliso.fr\\\/reseau\\\/#website\",\"url\":\"https:\\\/\\\/aliso.fr\\\/reseau\\\/\",\"name\":\"Aliso R\u00e9seau\",\"description\":\"R\u00e9seau Creusois des acteurs du lien social\",\"publisher\":{\"@id\":\"https:\\\/\\\/aliso.fr\\\/reseau\\\/#organization\"},\"potentialAction\":[{\"@type\":\"SearchAction\",\"target\":{\"@type\":\"EntryPoint\",\"urlTemplate\":\"https:\\\/\\\/aliso.fr\\\/reseau\\\/?s={search_term_string}\"},\"query-input\":{\"@type\":\"PropertyValueSpecification\",\"valueRequired\":true,\"valueName\":\"search_term_string\"}}],\"inLanguage\":\"fr-FR\"},{\"@type\":\"Organization\",\"@id\":\"https:\\\/\\\/aliso.fr\\\/reseau\\\/#organization\",\"name\":\"Aliso R\u00e9seau\",\"url\":\"https:\\\/\\\/aliso.fr\\\/reseau\\\/\",\"logo\":{\"@type\":\"ImageObject\",\"inLanguage\":\"fr-FR\",\"@id\":\"https:\\\/\\\/aliso.fr\\\/reseau\\\/#\\\/schema\\\/logo\\\/image\\\/\",\"url\":\"https:\\\/\\\/aliso.fr\\\/reseau\\\/wp-content\\\/uploads\\\/sites\\\/4\\\/2022\\\/01\\\/Logo-ALISO-Reseau-2.png\",\"contentUrl\":\"https:\\\/\\\/aliso.fr\\\/reseau\\\/wp-content\\\/uploads\\\/sites\\\/4\\\/2022\\\/01\\\/Logo-ALISO-Reseau-2.png\",\"width\":900,\"height\":970,\"caption\":\"Aliso R\u00e9seau\"},\"image\":{\"@id\":\"https:\\\/\\\/aliso.fr\\\/reseau\\\/#\\\/schema\\\/logo\\\/image\\\/\"}},{\"@type\":\"Person\",\"@id\":\"https:\\\/\\\/aliso.fr\\\/reseau\\\/#\\\/schema\\\/person\\\/056af145b9c52eee21a9f739489104a5\",\"name\":\"laure\"}]}<\/script>\n<!-- \/ Yoast SEO plugin. -->","yoast_head_json":{"title":"ALISO'POP - Prochaine pr\u00e9pa : 18 mai ! - Aliso R\u00e9seau","robots":{"index":"index","follow":"follow","max-snippet":"max-snippet:-1","max-image-preview":"max-image-preview:large","max-video-preview":"max-video-preview:-1"},"canonical":"https:\/\/aliso.fr\/reseau\/alisopop-prochaine-prepa-18-mai\/","og_locale":"fr_FR","og_type":"article","og_title":"ALISO'POP - Prochaine pr\u00e9pa : 18 mai ! - Aliso R\u00e9seau","og_description":"Suite \u00e0 la r\u00e9union de pr\u00e9paration du 27 mars dernier, nous avons pu clarifier la couleur de la prochaine journ\u00e9e d&rsquo;ALISO&rsquo;POP. Merci pour votre participation au questionnaire de recueil d&rsquo;avis en amont ! Cela nous a \u00e9t\u00e9 tr\u00e8s pr\u00e9cieux.Merci \u00e9galement pour l&rsquo;implication des personnes pr\u00e9sentes \u00e0 la r\u00e9union, repr\u00e9sentant 5 structures du r\u00e9seau, ainsi qu&rsquo;une... En savoir plus &raquo;","og_url":"https:\/\/aliso.fr\/reseau\/alisopop-prochaine-prepa-18-mai\/","og_site_name":"Aliso R\u00e9seau","article_published_time":"2026-04-16T15:01:25+00:00","article_modified_time":"2026-04-16T15:01:26+00:00","og_image":[{"width":1600,"height":2000,"url":"https:\/\/aliso.fr\/reseau\/wp-content\/uploads\/sites\/4\/2026\/02\/Copie-de-AlisoPop-41.jpg","type":"image\/jpeg"}],"author":"laure","twitter_card":"summary_large_image","schema":{"@context":"https:\/\/schema.org","@graph":[{"@type":"Article","@id":"https:\/\/aliso.fr\/reseau\/alisopop-prochaine-prepa-18-mai\/#article","isPartOf":{"@id":"https:\/\/aliso.fr\/reseau\/alisopop-prochaine-prepa-18-mai\/"},"author":{"name":"laure","@id":"https:\/\/aliso.fr\/reseau\/#\/schema\/person\/056af145b9c52eee21a9f739489104a5"},"headline":"ALISO&rsquo;POP &#8211; Prochaine pr\u00e9pa : 18 mai !","datePublished":"2026-04-16T15:01:25+00:00","dateModified":"2026-04-16T15:01:26+00:00","mainEntityOfPage":{"@id":"https:\/\/aliso.fr\/reseau\/alisopop-prochaine-prepa-18-mai\/"},"wordCount":369,"publisher":{"@id":"https:\/\/aliso.fr\/reseau\/#organization"},"image":{"@id":"https:\/\/aliso.fr\/reseau\/alisopop-prochaine-prepa-18-mai\/#primaryimage"},"thumbnailUrl":"https:\/\/aliso.fr\/reseau\/wp-content\/uploads\/sites\/4\/2026\/02\/Copie-de-AlisoPop-41.jpg","articleSection":["Actualit\u00e9","Nos actions"],"inLanguage":"fr-FR"},{"@type":"WebPage","@id":"https:\/\/aliso.fr\/reseau\/alisopop-prochaine-prepa-18-mai\/","url":"https:\/\/aliso.fr\/reseau\/alisopop-prochaine-prepa-18-mai\/","name":"ALISO'POP - Prochaine pr\u00e9pa : 18 mai ! - Aliso R\u00e9seau","isPartOf":{"@id":"https:\/\/aliso.fr\/reseau\/#website"},"primaryImageOfPage":{"@id":"https:\/\/aliso.fr\/reseau\/alisopop-prochaine-prepa-18-mai\/#primaryimage"},"image":{"@id":"https:\/\/aliso.fr\/reseau\/alisopop-prochaine-prepa-18-mai\/#primaryimage"},"thumbnailUrl":"https:\/\/aliso.fr\/reseau\/wp-content\/uploads\/sites\/4\/2026\/02\/Copie-de-AlisoPop-41.jpg","datePublished":"2026-04-16T15:01:25+00:00","dateModified":"2026-04-16T15:01:26+00:00","breadcrumb":{"@id":"https:\/\/aliso.fr\/reseau\/alisopop-prochaine-prepa-18-mai\/#breadcrumb"},"inLanguage":"fr-FR","potentialAction":[{"@type":"ReadAction","target":["https:\/\/aliso.fr\/reseau\/alisopop-prochaine-prepa-18-mai\/"]}]},{"@type":"ImageObject","inLanguage":"fr-FR","@id":"https:\/\/aliso.fr\/reseau\/alisopop-prochaine-prepa-18-mai\/#primaryimage","url":"https:\/\/aliso.fr\/reseau\/wp-content\/uploads\/sites\/4\/2026\/02\/Copie-de-AlisoPop-41.jpg","contentUrl":"https:\/\/aliso.fr\/reseau\/wp-content\/uploads\/sites\/4\/2026\/02\/Copie-de-AlisoPop-41.jpg","width":1600,"height":2000},{"@type":"BreadcrumbList","@id":"https:\/\/aliso.fr\/reseau\/alisopop-prochaine-prepa-18-mai\/#breadcrumb","itemListElement":[{"@type":"ListItem","position":1,"name":"Accueil","item":"https:\/\/aliso.fr\/reseau\/"},{"@type":"ListItem","position":2,"name":"Actualit\u00e9","item":"https:\/\/aliso.fr\/reseau\/actualite\/"},{"@type":"ListItem","position":3,"name":"ALISO&rsquo;POP &#8211; Prochaine pr\u00e9pa : 18 mai !"}]},{"@type":"WebSite","@id":"https:\/\/aliso.fr\/reseau\/#website","url":"https:\/\/aliso.fr\/reseau\/","name":"Aliso R\u00e9seau","description":"R\u00e9seau Creusois des acteurs du lien social","publisher":{"@id":"https:\/\/aliso.fr\/reseau\/#organization"},"potentialAction":[{"@type":"SearchAction","target":{"@type":"EntryPoint","urlTemplate":"https:\/\/aliso.fr\/reseau\/?s={search_term_string}"},"query-input":{"@type":"PropertyValueSpecification","valueRequired":true,"valueName":"search_term_string"}}],"inLanguage":"fr-FR"},{"@type":"Organization","@id":"https:\/\/aliso.fr\/reseau\/#organization","name":"Aliso R\u00e9seau","url":"https:\/\/aliso.fr\/reseau\/","logo":{"@type":"ImageObject","inLanguage":"fr-FR","@id":"https:\/\/aliso.fr\/reseau\/#\/schema\/logo\/image\/","url":"https:\/\/aliso.fr\/reseau\/wp-content\/uploads\/sites\/4\/2022\/01\/Logo-ALISO-Reseau-2.png","contentUrl":"https:\/\/aliso.fr\/reseau\/wp-content\/uploads\/sites\/4\/2022\/01\/Logo-ALISO-Reseau-2.png","width":900,"height":970,"caption":"Aliso R\u00e9seau"},"image":{"@id":"https:\/\/aliso.fr\/reseau\/#\/schema\/logo\/image\/"}},{"@type":"Person","@id":"https:\/\/aliso.fr\/reseau\/#\/schema\/person\/056af145b9c52eee21a9f739489104a5","name":"laure"}]}},"_links":{"self":[{"href":"https:\/\/aliso.fr\/reseau\/wp-json\/wp\/v2\/posts\/3424","targetHints":{"allow":["GET"]}}],"collection":[{"href":"https:\/\/aliso.fr\/reseau\/wp-json\/wp\/v2\/posts"}],"about":[{"href":"https:\/\/aliso.fr\/reseau\/wp-json\/wp\/v2\/types\/post"}],"author":[{"embeddable":true,"href":"https:\/\/aliso.fr\/reseau\/wp-json\/wp\/v2\/users\/3"}],"replies":[{"embeddable":true,"href":"https:\/\/aliso.fr\/reseau\/wp-json\/wp\/v2\/comments?post=3424"}],"version-history":[{"count":1,"href":"https:\/\/aliso.fr\/reseau\/wp-json\/wp\/v2\/posts\/3424\/revisions"}],"predecessor-version":[{"id":3425,"href":"https:\/\/aliso.fr\/reseau\/wp-json\/wp\/v2\/posts\/3424\/revisions\/3425"}],"wp:featuredmedia":[{"embeddable":true,"href":"https:\/\/aliso.fr\/reseau\/wp-json\/wp\/v2\/media\/3329"}],"wp:attachment":[{"href":"https:\/\/aliso.fr\/reseau\/wp-json\/wp\/v2\/media?parent=3424"}],"wp:term":[{"taxonomy":"category","embeddable":true,"href":"https:\/\/aliso.fr\/reseau\/wp-json\/wp\/v2\/categories?post=3424"},{"taxonomy":"post_tag","embeddable":true,"href":"https:\/\/aliso.fr\/reseau\/wp-json\/wp\/v2\/tags?post=3424"}],"curies":[{"name":"wp","href":"https:\/\/api.w.org\/{rel}","templated":true}]}}