{"id":37,"date":"2021-10-12T15:41:30","date_gmt":"2021-10-12T13:41:30","guid":{"rendered":"https:\/\/aliso.fr\/reseau\/?p=37"},"modified":"2022-03-07T09:54:03","modified_gmt":"2022-03-07T08:54:03","slug":"journee-de-lanimation-de-la-vie-sociale","status":"publish","type":"post","link":"https:\/\/aliso.fr\/reseau\/journee-de-lanimation-de-la-vie-sociale\/","title":{"rendered":"Journ\u00e9e de l&rsquo;animation de la vie sociale"},"content":{"rendered":"\n<p>La CAF, l&rsquo;URNACS et le r\u00e9seau ALISO se mobilisent pour cr\u00e9er un temps d&rsquo;\u00e9change entre les structures creusoises qui font vivre notre territoire. Ce sont les centres sociaux et espaces de vie sociale de Creuse, lieux de partage entre les habitants, avec les habitants.<\/p>\n\n\n\n<p>La journ\u00e9e a eu lieu \u00e0 Jarnages le<strong> 10 d\u00e9cembre 2021<\/strong><br>Th\u00e8me: \u00e9valuer les effets de l\u2019animation de la vie sociale sur les territoires.<\/p>\n\n\n\n<p>Cette journ\u00e9e est ouverte aux salari\u00e9s et membres des structures concern\u00e9es.<\/p>\n","protected":false},"excerpt":{"rendered":"<p>La CAF, l&rsquo;URNACS et le r\u00e9seau ALISO se mobilisent pour cr\u00e9er un temps d&rsquo;\u00e9change entre les structures creusoises qui font vivre notre territoire. Ce sont les centres sociaux et espaces de vie sociale de Creuse, lieux de partage entre les habitants, avec les habitants. La journ\u00e9e a eu lieu \u00e0 Jarnages le 10 d\u00e9cembre 2021Th\u00e8me:&#8230; <a class=\"excerpt-read-more button\" href=\"https:\/\/aliso.fr\/reseau\/journee-de-lanimation-de-la-vie-sociale\/\" title=\"ReadJourn\u00e9e de l&rsquo;animation de la vie sociale\">En savoir plus &raquo;<\/a><\/p>\n","protected":false},"author":2,"featured_media":117,"comment_status":"closed","ping_status":"open","sticky":false,"template":"","format":"standard","meta":{"footnotes":""},"categories":[3],"tags":[],"class_list":["post-37","post","type-post","status-publish","format-standard","has-post-thumbnail","hentry","category-actualite"],"yoast_head":"<!-- This site is optimized with the Yoast SEO plugin v27.5 - https:\/\/yoast.com\/product\/yoast-seo-wordpress\/ -->\n<title>Journ\u00e9e de l&#039;animation de la vie sociale - Aliso R\u00e9seau<\/title>\n<meta name=\"description\" content=\"Programme de la journ\u00e9e, organis\u00e9e sous forme de d\u00e9bats et d&#039;ateliers.\" \/>\n<meta name=\"robots\" content=\"index, follow, max-snippet:-1, max-image-preview:large, max-video-preview:-1\" \/>\n<link rel=\"canonical\" href=\"https:\/\/aliso.fr\/reseau\/journee-de-lanimation-de-la-vie-sociale\/\" \/>\n<meta property=\"og:locale\" content=\"fr_FR\" \/>\n<meta property=\"og:type\" content=\"article\" \/>\n<meta property=\"og:title\" content=\"Journ\u00e9e de l&#039;animation de la vie sociale - Aliso R\u00e9seau\" \/>\n<meta property=\"og:description\" content=\"Programme de la journ\u00e9e, organis\u00e9e sous forme de d\u00e9bats et d&#039;ateliers.\" \/>\n<meta property=\"og:url\" content=\"https:\/\/aliso.fr\/reseau\/journee-de-lanimation-de-la-vie-sociale\/\" \/>\n<meta property=\"og:site_name\" content=\"Aliso R\u00e9seau\" \/>\n<meta property=\"article:published_time\" content=\"2021-10-12T13:41:30+00:00\" \/>\n<meta property=\"article:modified_time\" content=\"2022-03-07T08:54:03+00:00\" \/>\n<meta property=\"og:image\" content=\"https:\/\/aliso.fr\/reseau\/wp-content\/uploads\/sites\/4\/2021\/10\/invitation_avs_10-12-21.jpg\" \/>\n\t<meta property=\"og:image:width\" content=\"1446\" \/>\n\t<meta property=\"og:image:height\" content=\"1018\" \/>\n\t<meta property=\"og:image:type\" content=\"image\/jpeg\" \/>\n<meta name=\"author\" content=\"christelle\" \/>\n<meta name=\"twitter:card\" content=\"summary_large_image\" \/>\n<script type=\"application\/ld+json\" class=\"yoast-schema-graph\">{\"@context\":\"https:\\\/\\\/schema.org\",\"@graph\":[{\"@type\":\"Article\",\"@id\":\"https:\\\/\\\/aliso.fr\\\/reseau\\\/journee-de-lanimation-de-la-vie-sociale\\\/#article\",\"isPartOf\":{\"@id\":\"https:\\\/\\\/aliso.fr\\\/reseau\\\/journee-de-lanimation-de-la-vie-sociale\\\/\"},\"author\":{\"name\":\"christelle\",\"@id\":\"https:\\\/\\\/aliso.fr\\\/reseau\\\/#\\\/schema\\\/person\\\/3a2058d0bbacc09bceadec421e515a51\"},\"headline\":\"Journ\u00e9e de l&rsquo;animation de la vie sociale\",\"datePublished\":\"2021-10-12T13:41:30+00:00\",\"dateModified\":\"2022-03-07T08:54:03+00:00\",\"mainEntityOfPage\":{\"@id\":\"https:\\\/\\\/aliso.fr\\\/reseau\\\/journee-de-lanimation-de-la-vie-sociale\\\/\"},\"wordCount\":96,\"publisher\":{\"@id\":\"https:\\\/\\\/aliso.fr\\\/reseau\\\/#organization\"},\"image\":{\"@id\":\"https:\\\/\\\/aliso.fr\\\/reseau\\\/journee-de-lanimation-de-la-vie-sociale\\\/#primaryimage\"},\"thumbnailUrl\":\"https:\\\/\\\/aliso.fr\\\/reseau\\\/wp-content\\\/uploads\\\/sites\\\/4\\\/2021\\\/10\\\/invitation_avs_10-12-21.jpg\",\"articleSection\":[\"Actualit\u00e9\"],\"inLanguage\":\"fr-FR\"},{\"@type\":\"WebPage\",\"@id\":\"https:\\\/\\\/aliso.fr\\\/reseau\\\/journee-de-lanimation-de-la-vie-sociale\\\/\",\"url\":\"https:\\\/\\\/aliso.fr\\\/reseau\\\/journee-de-lanimation-de-la-vie-sociale\\\/\",\"name\":\"Journ\u00e9e de l'animation de la vie sociale - Aliso R\u00e9seau\",\"isPartOf\":{\"@id\":\"https:\\\/\\\/aliso.fr\\\/reseau\\\/#website\"},\"primaryImageOfPage\":{\"@id\":\"https:\\\/\\\/aliso.fr\\\/reseau\\\/journee-de-lanimation-de-la-vie-sociale\\\/#primaryimage\"},\"image\":{\"@id\":\"https:\\\/\\\/aliso.fr\\\/reseau\\\/journee-de-lanimation-de-la-vie-sociale\\\/#primaryimage\"},\"thumbnailUrl\":\"https:\\\/\\\/aliso.fr\\\/reseau\\\/wp-content\\\/uploads\\\/sites\\\/4\\\/2021\\\/10\\\/invitation_avs_10-12-21.jpg\",\"datePublished\":\"2021-10-12T13:41:30+00:00\",\"dateModified\":\"2022-03-07T08:54:03+00:00\",\"description\":\"Programme de la journ\u00e9e, organis\u00e9e sous forme de d\u00e9bats et d'ateliers.\",\"breadcrumb\":{\"@id\":\"https:\\\/\\\/aliso.fr\\\/reseau\\\/journee-de-lanimation-de-la-vie-sociale\\\/#breadcrumb\"},\"inLanguage\":\"fr-FR\",\"potentialAction\":[{\"@type\":\"ReadAction\",\"target\":[\"https:\\\/\\\/aliso.fr\\\/reseau\\\/journee-de-lanimation-de-la-vie-sociale\\\/\"]}]},{\"@type\":\"ImageObject\",\"inLanguage\":\"fr-FR\",\"@id\":\"https:\\\/\\\/aliso.fr\\\/reseau\\\/journee-de-lanimation-de-la-vie-sociale\\\/#primaryimage\",\"url\":\"https:\\\/\\\/aliso.fr\\\/reseau\\\/wp-content\\\/uploads\\\/sites\\\/4\\\/2021\\\/10\\\/invitation_avs_10-12-21.jpg\",\"contentUrl\":\"https:\\\/\\\/aliso.fr\\\/reseau\\\/wp-content\\\/uploads\\\/sites\\\/4\\\/2021\\\/10\\\/invitation_avs_10-12-21.jpg\",\"width\":1446,\"height\":1018},{\"@type\":\"BreadcrumbList\",\"@id\":\"https:\\\/\\\/aliso.fr\\\/reseau\\\/journee-de-lanimation-de-la-vie-sociale\\\/#breadcrumb\",\"itemListElement\":[{\"@type\":\"ListItem\",\"position\":1,\"name\":\"Accueil\",\"item\":\"https:\\\/\\\/aliso.fr\\\/reseau\\\/\"},{\"@type\":\"ListItem\",\"position\":2,\"name\":\"Actualit\u00e9\",\"item\":\"https:\\\/\\\/aliso.fr\\\/reseau\\\/actualite\\\/\"},{\"@type\":\"ListItem\",\"position\":3,\"name\":\"Journ\u00e9e de l&rsquo;animation de la vie sociale\"}]},{\"@type\":\"WebSite\",\"@id\":\"https:\\\/\\\/aliso.fr\\\/reseau\\\/#website\",\"url\":\"https:\\\/\\\/aliso.fr\\\/reseau\\\/\",\"name\":\"Aliso R\u00e9seau\",\"description\":\"R\u00e9seau Creusois des acteurs du lien social\",\"publisher\":{\"@id\":\"https:\\\/\\\/aliso.fr\\\/reseau\\\/#organization\"},\"potentialAction\":[{\"@type\":\"SearchAction\",\"target\":{\"@type\":\"EntryPoint\",\"urlTemplate\":\"https:\\\/\\\/aliso.fr\\\/reseau\\\/?s={search_term_string}\"},\"query-input\":{\"@type\":\"PropertyValueSpecification\",\"valueRequired\":true,\"valueName\":\"search_term_string\"}}],\"inLanguage\":\"fr-FR\"},{\"@type\":\"Organization\",\"@id\":\"https:\\\/\\\/aliso.fr\\\/reseau\\\/#organization\",\"name\":\"Aliso R\u00e9seau\",\"url\":\"https:\\\/\\\/aliso.fr\\\/reseau\\\/\",\"logo\":{\"@type\":\"ImageObject\",\"inLanguage\":\"fr-FR\",\"@id\":\"https:\\\/\\\/aliso.fr\\\/reseau\\\/#\\\/schema\\\/logo\\\/image\\\/\",\"url\":\"https:\\\/\\\/aliso.fr\\\/reseau\\\/wp-content\\\/uploads\\\/sites\\\/4\\\/2022\\\/01\\\/Logo-ALISO-Reseau-2.png\",\"contentUrl\":\"https:\\\/\\\/aliso.fr\\\/reseau\\\/wp-content\\\/uploads\\\/sites\\\/4\\\/2022\\\/01\\\/Logo-ALISO-Reseau-2.png\",\"width\":900,\"height\":970,\"caption\":\"Aliso R\u00e9seau\"},\"image\":{\"@id\":\"https:\\\/\\\/aliso.fr\\\/reseau\\\/#\\\/schema\\\/logo\\\/image\\\/\"}},{\"@type\":\"Person\",\"@id\":\"https:\\\/\\\/aliso.fr\\\/reseau\\\/#\\\/schema\\\/person\\\/3a2058d0bbacc09bceadec421e515a51\",\"name\":\"christelle\"}]}<\/script>\n<!-- \/ Yoast SEO plugin. -->","yoast_head_json":{"title":"Journ\u00e9e de l'animation de la vie sociale - Aliso R\u00e9seau","description":"Programme de la journ\u00e9e, organis\u00e9e sous forme de d\u00e9bats et d'ateliers.","robots":{"index":"index","follow":"follow","max-snippet":"max-snippet:-1","max-image-preview":"max-image-preview:large","max-video-preview":"max-video-preview:-1"},"canonical":"https:\/\/aliso.fr\/reseau\/journee-de-lanimation-de-la-vie-sociale\/","og_locale":"fr_FR","og_type":"article","og_title":"Journ\u00e9e de l'animation de la vie sociale - Aliso R\u00e9seau","og_description":"Programme de la journ\u00e9e, organis\u00e9e sous forme de d\u00e9bats et d'ateliers.","og_url":"https:\/\/aliso.fr\/reseau\/journee-de-lanimation-de-la-vie-sociale\/","og_site_name":"Aliso R\u00e9seau","article_published_time":"2021-10-12T13:41:30+00:00","article_modified_time":"2022-03-07T08:54:03+00:00","og_image":[{"width":1446,"height":1018,"url":"https:\/\/aliso.fr\/reseau\/wp-content\/uploads\/sites\/4\/2021\/10\/invitation_avs_10-12-21.jpg","type":"image\/jpeg"}],"author":"christelle","twitter_card":"summary_large_image","schema":{"@context":"https:\/\/schema.org","@graph":[{"@type":"Article","@id":"https:\/\/aliso.fr\/reseau\/journee-de-lanimation-de-la-vie-sociale\/#article","isPartOf":{"@id":"https:\/\/aliso.fr\/reseau\/journee-de-lanimation-de-la-vie-sociale\/"},"author":{"name":"christelle","@id":"https:\/\/aliso.fr\/reseau\/#\/schema\/person\/3a2058d0bbacc09bceadec421e515a51"},"headline":"Journ\u00e9e de l&rsquo;animation de la vie sociale","datePublished":"2021-10-12T13:41:30+00:00","dateModified":"2022-03-07T08:54:03+00:00","mainEntityOfPage":{"@id":"https:\/\/aliso.fr\/reseau\/journee-de-lanimation-de-la-vie-sociale\/"},"wordCount":96,"publisher":{"@id":"https:\/\/aliso.fr\/reseau\/#organization"},"image":{"@id":"https:\/\/aliso.fr\/reseau\/journee-de-lanimation-de-la-vie-sociale\/#primaryimage"},"thumbnailUrl":"https:\/\/aliso.fr\/reseau\/wp-content\/uploads\/sites\/4\/2021\/10\/invitation_avs_10-12-21.jpg","articleSection":["Actualit\u00e9"],"inLanguage":"fr-FR"},{"@type":"WebPage","@id":"https:\/\/aliso.fr\/reseau\/journee-de-lanimation-de-la-vie-sociale\/","url":"https:\/\/aliso.fr\/reseau\/journee-de-lanimation-de-la-vie-sociale\/","name":"Journ\u00e9e de l'animation de la vie sociale - Aliso R\u00e9seau","isPartOf":{"@id":"https:\/\/aliso.fr\/reseau\/#website"},"primaryImageOfPage":{"@id":"https:\/\/aliso.fr\/reseau\/journee-de-lanimation-de-la-vie-sociale\/#primaryimage"},"image":{"@id":"https:\/\/aliso.fr\/reseau\/journee-de-lanimation-de-la-vie-sociale\/#primaryimage"},"thumbnailUrl":"https:\/\/aliso.fr\/reseau\/wp-content\/uploads\/sites\/4\/2021\/10\/invitation_avs_10-12-21.jpg","datePublished":"2021-10-12T13:41:30+00:00","dateModified":"2022-03-07T08:54:03+00:00","description":"Programme de la journ\u00e9e, organis\u00e9e sous forme de d\u00e9bats et d'ateliers.","breadcrumb":{"@id":"https:\/\/aliso.fr\/reseau\/journee-de-lanimation-de-la-vie-sociale\/#breadcrumb"},"inLanguage":"fr-FR","potentialAction":[{"@type":"ReadAction","target":["https:\/\/aliso.fr\/reseau\/journee-de-lanimation-de-la-vie-sociale\/"]}]},{"@type":"ImageObject","inLanguage":"fr-FR","@id":"https:\/\/aliso.fr\/reseau\/journee-de-lanimation-de-la-vie-sociale\/#primaryimage","url":"https:\/\/aliso.fr\/reseau\/wp-content\/uploads\/sites\/4\/2021\/10\/invitation_avs_10-12-21.jpg","contentUrl":"https:\/\/aliso.fr\/reseau\/wp-content\/uploads\/sites\/4\/2021\/10\/invitation_avs_10-12-21.jpg","width":1446,"height":1018},{"@type":"BreadcrumbList","@id":"https:\/\/aliso.fr\/reseau\/journee-de-lanimation-de-la-vie-sociale\/#breadcrumb","itemListElement":[{"@type":"ListItem","position":1,"name":"Accueil","item":"https:\/\/aliso.fr\/reseau\/"},{"@type":"ListItem","position":2,"name":"Actualit\u00e9","item":"https:\/\/aliso.fr\/reseau\/actualite\/"},{"@type":"ListItem","position":3,"name":"Journ\u00e9e de l&rsquo;animation de la vie sociale"}]},{"@type":"WebSite","@id":"https:\/\/aliso.fr\/reseau\/#website","url":"https:\/\/aliso.fr\/reseau\/","name":"Aliso R\u00e9seau","description":"R\u00e9seau Creusois des acteurs du lien social","publisher":{"@id":"https:\/\/aliso.fr\/reseau\/#organization"},"potentialAction":[{"@type":"SearchAction","target":{"@type":"EntryPoint","urlTemplate":"https:\/\/aliso.fr\/reseau\/?s={search_term_string}"},"query-input":{"@type":"PropertyValueSpecification","valueRequired":true,"valueName":"search_term_string"}}],"inLanguage":"fr-FR"},{"@type":"Organization","@id":"https:\/\/aliso.fr\/reseau\/#organization","name":"Aliso R\u00e9seau","url":"https:\/\/aliso.fr\/reseau\/","logo":{"@type":"ImageObject","inLanguage":"fr-FR","@id":"https:\/\/aliso.fr\/reseau\/#\/schema\/logo\/image\/","url":"https:\/\/aliso.fr\/reseau\/wp-content\/uploads\/sites\/4\/2022\/01\/Logo-ALISO-Reseau-2.png","contentUrl":"https:\/\/aliso.fr\/reseau\/wp-content\/uploads\/sites\/4\/2022\/01\/Logo-ALISO-Reseau-2.png","width":900,"height":970,"caption":"Aliso R\u00e9seau"},"image":{"@id":"https:\/\/aliso.fr\/reseau\/#\/schema\/logo\/image\/"}},{"@type":"Person","@id":"https:\/\/aliso.fr\/reseau\/#\/schema\/person\/3a2058d0bbacc09bceadec421e515a51","name":"christelle"}]}},"_links":{"self":[{"href":"https:\/\/aliso.fr\/reseau\/wp-json\/wp\/v2\/posts\/37","targetHints":{"allow":["GET"]}}],"collection":[{"href":"https:\/\/aliso.fr\/reseau\/wp-json\/wp\/v2\/posts"}],"about":[{"href":"https:\/\/aliso.fr\/reseau\/wp-json\/wp\/v2\/types\/post"}],"author":[{"embeddable":true,"href":"https:\/\/aliso.fr\/reseau\/wp-json\/wp\/v2\/users\/2"}],"replies":[{"embeddable":true,"href":"https:\/\/aliso.fr\/reseau\/wp-json\/wp\/v2\/comments?post=37"}],"version-history":[{"count":5,"href":"https:\/\/aliso.fr\/reseau\/wp-json\/wp\/v2\/posts\/37\/revisions"}],"predecessor-version":[{"id":300,"href":"https:\/\/aliso.fr\/reseau\/wp-json\/wp\/v2\/posts\/37\/revisions\/300"}],"wp:featuredmedia":[{"embeddable":true,"href":"https:\/\/aliso.fr\/reseau\/wp-json\/wp\/v2\/media\/117"}],"wp:attachment":[{"href":"https:\/\/aliso.fr\/reseau\/wp-json\/wp\/v2\/media?parent=37"}],"wp:term":[{"taxonomy":"category","embeddable":true,"href":"https:\/\/aliso.fr\/reseau\/wp-json\/wp\/v2\/categories?post=37"},{"taxonomy":"post_tag","embeddable":true,"href":"https:\/\/aliso.fr\/reseau\/wp-json\/wp\/v2\/tags?post=37"}],"curies":[{"name":"wp","href":"https:\/\/api.w.org\/{rel}","templated":true}]}}