{"id":382,"date":"2022-03-10T15:05:39","date_gmt":"2022-03-10T14:05:39","guid":{"rendered":"https:\/\/aliso.fr\/reseau\/?p=382"},"modified":"2022-03-16T12:33:19","modified_gmt":"2022-03-16T11:33:19","slug":"agora","status":"publish","type":"post","link":"https:\/\/aliso.fr\/reseau\/agora\/","title":{"rendered":"Agora"},"content":{"rendered":"\n<p><strong>\u00ab\u00a0Mettre en vie et \u00eatre acteur du d\u00e9veloppement local. \u00catre porteurs de projets.\u00a0\u00bb<\/strong><\/p>\n\n\n\n<p>Centre Social, Centre d&rsquo;Animation de la Vie Locale. <\/p>\n\n\n\n<ul class=\"wp-block-list\"><li><strong>Groupe d&rsquo;Entraide Mutuelle <\/strong>depuis juin 2020&nbsp;: sorties, march\u00e9 de No\u00ebl, activit\u00e9s (importante fr\u00e9quentation). N\u00e9 d\u2019un contrat local de sant\u00e9 avec CADA, H\u00f4pital de Jour, ARS, partenaires locaux.<\/li><\/ul>\n\n\n\n<ul class=\"wp-block-list\"><li><strong>ALSH Ado<\/strong> (la commune s\u2019occupe des 4-11 ans), local, accueil en autonomie ou avec r\u00e9f\u00e9rent.<br><\/li><li><strong>Accompagnement \u00e0 la scolarit\u00e9 <\/strong><\/li><\/ul>\n\n\n\n<ul class=\"wp-block-list\"><li><strong>Activit\u00e9s <\/strong>port\u00e9es par des intervenants ext\u00e9rieurs + 1 animateur sportif et des b\u00e9n\u00e9voles.<\/li><\/ul>\n\n\n\n<ul class=\"wp-block-list\"><li><strong>Accueil d\u2019associations<\/strong> pour des espaces et de l\u2019accompagnement pour le d\u00e9veloppement local (exemple&nbsp;: projets de tiers-lieux d\u2019une association etc)<\/li><\/ul>\n\n\n\n<p><strong>3 secteurs transversaux&nbsp;:<\/strong><\/p>\n\n\n\n<ul class=\"wp-block-list\"><li>Jeunesse et Citoyennet\u00e9<\/li><\/ul>\n\n\n\n<ul class=\"wp-block-list\"><li>Famille Solidarit\u00e9&nbsp;: FLE, GEM\u2026 <\/li><\/ul>\n\n\n\n<ul class=\"wp-block-list\"><li>Accueil\u00a0: France Services<\/li><\/ul>\n\n\n\n<p>Contactez Philippe, directeur : <br>05.55.64.24.33 <br><a href=\"&#x6d;a&#x69;&#108;&#x74;&#111;:&#x63;&#111;&#x6e;&#116;a&#x63;&#116;&#x40;&#99;a&#x76;l&#x2d;&#97;&#x67;&#x6f;r&#x61;&#46;&#x61;&#115;s&#x6f;&#46;&#x66;&#114;\">&#x63;&#111;n&#x74;&#97;&#99;&#x74;&#x40;&#99;a&#x76;&#108;-&#x61;&#x67;&#111;r&#x61;&#46;a&#x73;&#x73;&#111;&#46;&#x66;&#114;<\/a><br>Centre Alain Gouzes, Maison des associations, 2 avenue du Dr BUTAUD, 23400 Bourganeuf<\/p>\n\n\n\n<p>Pour en savoir plus, visitez <a href=\"https:\/\/www.cavl-agora.asso.fr\/\" target=\"_blank\" rel=\"noreferrer noopener\">leur site internet<\/a> ou <a href=\"https:\/\/www.facebook.com\/cavl.agora\" target=\"_blank\" rel=\"noreferrer noopener\">leur page Facebook<\/a>.<\/p>\n","protected":false},"excerpt":{"rendered":"<p>\u00ab\u00a0Mettre en vie et \u00eatre acteur du d\u00e9veloppement local. \u00catre porteurs de projets.\u00a0\u00bb Centre Social, Centre d&rsquo;Animation de la Vie Locale. Groupe d&rsquo;Entraide Mutuelle depuis juin 2020&nbsp;: sorties, march\u00e9 de No\u00ebl, activit\u00e9s (importante fr\u00e9quentation). N\u00e9 d\u2019un contrat local de sant\u00e9 avec CADA, H\u00f4pital de Jour, ARS, partenaires locaux. ALSH Ado (la commune s\u2019occupe des 4-11&#8230; <a class=\"excerpt-read-more button\" href=\"https:\/\/aliso.fr\/reseau\/agora\/\" title=\"ReadAgora\">En savoir plus &raquo;<\/a><\/p>\n","protected":false},"author":3,"featured_media":235,"comment_status":"closed","ping_status":"open","sticky":false,"template":"","format":"standard","meta":{"footnotes":""},"categories":[4],"tags":[],"class_list":["post-382","post","type-post","status-publish","format-standard","has-post-thumbnail","hentry","category-les-adherents"],"yoast_head":"<!-- This site is optimized with the Yoast SEO plugin v27.5 - https:\/\/yoast.com\/product\/yoast-seo-wordpress\/ -->\n<title>Agora - Aliso R\u00e9seau<\/title>\n<meta name=\"robots\" content=\"index, follow, max-snippet:-1, max-image-preview:large, max-video-preview:-1\" \/>\n<link rel=\"canonical\" href=\"https:\/\/aliso.fr\/reseau\/agora\/\" \/>\n<meta property=\"og:locale\" content=\"fr_FR\" \/>\n<meta property=\"og:type\" content=\"article\" \/>\n<meta property=\"og:title\" content=\"Agora - Aliso R\u00e9seau\" \/>\n<meta property=\"og:description\" content=\"\u00ab\u00a0Mettre en vie et \u00eatre acteur du d\u00e9veloppement local. \u00catre porteurs de projets.\u00a0\u00bb Centre Social, Centre d&rsquo;Animation de la Vie Locale. Groupe d&rsquo;Entraide Mutuelle depuis juin 2020&nbsp;: sorties, march\u00e9 de No\u00ebl, activit\u00e9s (importante fr\u00e9quentation). N\u00e9 d\u2019un contrat local de sant\u00e9 avec CADA, H\u00f4pital de Jour, ARS, partenaires locaux. ALSH Ado (la commune s\u2019occupe des 4-11... En savoir plus &raquo;\" \/>\n<meta property=\"og:url\" content=\"https:\/\/aliso.fr\/reseau\/agora\/\" \/>\n<meta property=\"og:site_name\" content=\"Aliso R\u00e9seau\" \/>\n<meta property=\"article:published_time\" content=\"2022-03-10T14:05:39+00:00\" \/>\n<meta property=\"article:modified_time\" content=\"2022-03-16T11:33:19+00:00\" \/>\n<meta property=\"og:image\" content=\"https:\/\/aliso.fr\/reseau\/wp-content\/uploads\/sites\/4\/2022\/01\/agora.png\" \/>\n\t<meta property=\"og:image:width\" content=\"162\" \/>\n\t<meta property=\"og:image:height\" content=\"250\" \/>\n\t<meta property=\"og:image:type\" content=\"image\/png\" \/>\n<meta name=\"author\" content=\"laure\" \/>\n<meta name=\"twitter:card\" content=\"summary_large_image\" \/>\n<script type=\"application\/ld+json\" class=\"yoast-schema-graph\">{\"@context\":\"https:\\\/\\\/schema.org\",\"@graph\":[{\"@type\":\"Article\",\"@id\":\"https:\\\/\\\/aliso.fr\\\/reseau\\\/agora\\\/#article\",\"isPartOf\":{\"@id\":\"https:\\\/\\\/aliso.fr\\\/reseau\\\/agora\\\/\"},\"author\":{\"name\":\"laure\",\"@id\":\"https:\\\/\\\/aliso.fr\\\/reseau\\\/#\\\/schema\\\/person\\\/056af145b9c52eee21a9f739489104a5\"},\"headline\":\"Agora\",\"datePublished\":\"2022-03-10T14:05:39+00:00\",\"dateModified\":\"2022-03-16T11:33:19+00:00\",\"mainEntityOfPage\":{\"@id\":\"https:\\\/\\\/aliso.fr\\\/reseau\\\/agora\\\/\"},\"wordCount\":162,\"publisher\":{\"@id\":\"https:\\\/\\\/aliso.fr\\\/reseau\\\/#organization\"},\"image\":{\"@id\":\"https:\\\/\\\/aliso.fr\\\/reseau\\\/agora\\\/#primaryimage\"},\"thumbnailUrl\":\"https:\\\/\\\/aliso.fr\\\/reseau\\\/wp-content\\\/uploads\\\/sites\\\/4\\\/2022\\\/01\\\/agora.png\",\"articleSection\":[\"Les adh\u00e9rents\"],\"inLanguage\":\"fr-FR\"},{\"@type\":\"WebPage\",\"@id\":\"https:\\\/\\\/aliso.fr\\\/reseau\\\/agora\\\/\",\"url\":\"https:\\\/\\\/aliso.fr\\\/reseau\\\/agora\\\/\",\"name\":\"Agora - Aliso R\u00e9seau\",\"isPartOf\":{\"@id\":\"https:\\\/\\\/aliso.fr\\\/reseau\\\/#website\"},\"primaryImageOfPage\":{\"@id\":\"https:\\\/\\\/aliso.fr\\\/reseau\\\/agora\\\/#primaryimage\"},\"image\":{\"@id\":\"https:\\\/\\\/aliso.fr\\\/reseau\\\/agora\\\/#primaryimage\"},\"thumbnailUrl\":\"https:\\\/\\\/aliso.fr\\\/reseau\\\/wp-content\\\/uploads\\\/sites\\\/4\\\/2022\\\/01\\\/agora.png\",\"datePublished\":\"2022-03-10T14:05:39+00:00\",\"dateModified\":\"2022-03-16T11:33:19+00:00\",\"breadcrumb\":{\"@id\":\"https:\\\/\\\/aliso.fr\\\/reseau\\\/agora\\\/#breadcrumb\"},\"inLanguage\":\"fr-FR\",\"potentialAction\":[{\"@type\":\"ReadAction\",\"target\":[\"https:\\\/\\\/aliso.fr\\\/reseau\\\/agora\\\/\"]}]},{\"@type\":\"ImageObject\",\"inLanguage\":\"fr-FR\",\"@id\":\"https:\\\/\\\/aliso.fr\\\/reseau\\\/agora\\\/#primaryimage\",\"url\":\"https:\\\/\\\/aliso.fr\\\/reseau\\\/wp-content\\\/uploads\\\/sites\\\/4\\\/2022\\\/01\\\/agora.png\",\"contentUrl\":\"https:\\\/\\\/aliso.fr\\\/reseau\\\/wp-content\\\/uploads\\\/sites\\\/4\\\/2022\\\/01\\\/agora.png\",\"width\":162,\"height\":250},{\"@type\":\"BreadcrumbList\",\"@id\":\"https:\\\/\\\/aliso.fr\\\/reseau\\\/agora\\\/#breadcrumb\",\"itemListElement\":[{\"@type\":\"ListItem\",\"position\":1,\"name\":\"Accueil\",\"item\":\"https:\\\/\\\/aliso.fr\\\/reseau\\\/\"},{\"@type\":\"ListItem\",\"position\":2,\"name\":\"Les adh\u00e9rents\",\"item\":\"https:\\\/\\\/aliso.fr\\\/reseau\\\/les-adherents\\\/\"},{\"@type\":\"ListItem\",\"position\":3,\"name\":\"Agora\"}]},{\"@type\":\"WebSite\",\"@id\":\"https:\\\/\\\/aliso.fr\\\/reseau\\\/#website\",\"url\":\"https:\\\/\\\/aliso.fr\\\/reseau\\\/\",\"name\":\"Aliso R\u00e9seau\",\"description\":\"R\u00e9seau Creusois des acteurs du lien social\",\"publisher\":{\"@id\":\"https:\\\/\\\/aliso.fr\\\/reseau\\\/#organization\"},\"potentialAction\":[{\"@type\":\"SearchAction\",\"target\":{\"@type\":\"EntryPoint\",\"urlTemplate\":\"https:\\\/\\\/aliso.fr\\\/reseau\\\/?s={search_term_string}\"},\"query-input\":{\"@type\":\"PropertyValueSpecification\",\"valueRequired\":true,\"valueName\":\"search_term_string\"}}],\"inLanguage\":\"fr-FR\"},{\"@type\":\"Organization\",\"@id\":\"https:\\\/\\\/aliso.fr\\\/reseau\\\/#organization\",\"name\":\"Aliso R\u00e9seau\",\"url\":\"https:\\\/\\\/aliso.fr\\\/reseau\\\/\",\"logo\":{\"@type\":\"ImageObject\",\"inLanguage\":\"fr-FR\",\"@id\":\"https:\\\/\\\/aliso.fr\\\/reseau\\\/#\\\/schema\\\/logo\\\/image\\\/\",\"url\":\"https:\\\/\\\/aliso.fr\\\/reseau\\\/wp-content\\\/uploads\\\/sites\\\/4\\\/2022\\\/01\\\/Logo-ALISO-Reseau-2.png\",\"contentUrl\":\"https:\\\/\\\/aliso.fr\\\/reseau\\\/wp-content\\\/uploads\\\/sites\\\/4\\\/2022\\\/01\\\/Logo-ALISO-Reseau-2.png\",\"width\":900,\"height\":970,\"caption\":\"Aliso R\u00e9seau\"},\"image\":{\"@id\":\"https:\\\/\\\/aliso.fr\\\/reseau\\\/#\\\/schema\\\/logo\\\/image\\\/\"}},{\"@type\":\"Person\",\"@id\":\"https:\\\/\\\/aliso.fr\\\/reseau\\\/#\\\/schema\\\/person\\\/056af145b9c52eee21a9f739489104a5\",\"name\":\"laure\"}]}<\/script>\n<!-- \/ Yoast SEO plugin. -->","yoast_head_json":{"title":"Agora - Aliso R\u00e9seau","robots":{"index":"index","follow":"follow","max-snippet":"max-snippet:-1","max-image-preview":"max-image-preview:large","max-video-preview":"max-video-preview:-1"},"canonical":"https:\/\/aliso.fr\/reseau\/agora\/","og_locale":"fr_FR","og_type":"article","og_title":"Agora - Aliso R\u00e9seau","og_description":"\u00ab\u00a0Mettre en vie et \u00eatre acteur du d\u00e9veloppement local. \u00catre porteurs de projets.\u00a0\u00bb Centre Social, Centre d&rsquo;Animation de la Vie Locale. Groupe d&rsquo;Entraide Mutuelle depuis juin 2020&nbsp;: sorties, march\u00e9 de No\u00ebl, activit\u00e9s (importante fr\u00e9quentation). N\u00e9 d\u2019un contrat local de sant\u00e9 avec CADA, H\u00f4pital de Jour, ARS, partenaires locaux. ALSH Ado (la commune s\u2019occupe des 4-11... En savoir plus &raquo;","og_url":"https:\/\/aliso.fr\/reseau\/agora\/","og_site_name":"Aliso R\u00e9seau","article_published_time":"2022-03-10T14:05:39+00:00","article_modified_time":"2022-03-16T11:33:19+00:00","og_image":[{"width":162,"height":250,"url":"https:\/\/aliso.fr\/reseau\/wp-content\/uploads\/sites\/4\/2022\/01\/agora.png","type":"image\/png"}],"author":"laure","twitter_card":"summary_large_image","schema":{"@context":"https:\/\/schema.org","@graph":[{"@type":"Article","@id":"https:\/\/aliso.fr\/reseau\/agora\/#article","isPartOf":{"@id":"https:\/\/aliso.fr\/reseau\/agora\/"},"author":{"name":"laure","@id":"https:\/\/aliso.fr\/reseau\/#\/schema\/person\/056af145b9c52eee21a9f739489104a5"},"headline":"Agora","datePublished":"2022-03-10T14:05:39+00:00","dateModified":"2022-03-16T11:33:19+00:00","mainEntityOfPage":{"@id":"https:\/\/aliso.fr\/reseau\/agora\/"},"wordCount":162,"publisher":{"@id":"https:\/\/aliso.fr\/reseau\/#organization"},"image":{"@id":"https:\/\/aliso.fr\/reseau\/agora\/#primaryimage"},"thumbnailUrl":"https:\/\/aliso.fr\/reseau\/wp-content\/uploads\/sites\/4\/2022\/01\/agora.png","articleSection":["Les adh\u00e9rents"],"inLanguage":"fr-FR"},{"@type":"WebPage","@id":"https:\/\/aliso.fr\/reseau\/agora\/","url":"https:\/\/aliso.fr\/reseau\/agora\/","name":"Agora - Aliso R\u00e9seau","isPartOf":{"@id":"https:\/\/aliso.fr\/reseau\/#website"},"primaryImageOfPage":{"@id":"https:\/\/aliso.fr\/reseau\/agora\/#primaryimage"},"image":{"@id":"https:\/\/aliso.fr\/reseau\/agora\/#primaryimage"},"thumbnailUrl":"https:\/\/aliso.fr\/reseau\/wp-content\/uploads\/sites\/4\/2022\/01\/agora.png","datePublished":"2022-03-10T14:05:39+00:00","dateModified":"2022-03-16T11:33:19+00:00","breadcrumb":{"@id":"https:\/\/aliso.fr\/reseau\/agora\/#breadcrumb"},"inLanguage":"fr-FR","potentialAction":[{"@type":"ReadAction","target":["https:\/\/aliso.fr\/reseau\/agora\/"]}]},{"@type":"ImageObject","inLanguage":"fr-FR","@id":"https:\/\/aliso.fr\/reseau\/agora\/#primaryimage","url":"https:\/\/aliso.fr\/reseau\/wp-content\/uploads\/sites\/4\/2022\/01\/agora.png","contentUrl":"https:\/\/aliso.fr\/reseau\/wp-content\/uploads\/sites\/4\/2022\/01\/agora.png","width":162,"height":250},{"@type":"BreadcrumbList","@id":"https:\/\/aliso.fr\/reseau\/agora\/#breadcrumb","itemListElement":[{"@type":"ListItem","position":1,"name":"Accueil","item":"https:\/\/aliso.fr\/reseau\/"},{"@type":"ListItem","position":2,"name":"Les adh\u00e9rents","item":"https:\/\/aliso.fr\/reseau\/les-adherents\/"},{"@type":"ListItem","position":3,"name":"Agora"}]},{"@type":"WebSite","@id":"https:\/\/aliso.fr\/reseau\/#website","url":"https:\/\/aliso.fr\/reseau\/","name":"Aliso R\u00e9seau","description":"R\u00e9seau Creusois des acteurs du lien social","publisher":{"@id":"https:\/\/aliso.fr\/reseau\/#organization"},"potentialAction":[{"@type":"SearchAction","target":{"@type":"EntryPoint","urlTemplate":"https:\/\/aliso.fr\/reseau\/?s={search_term_string}"},"query-input":{"@type":"PropertyValueSpecification","valueRequired":true,"valueName":"search_term_string"}}],"inLanguage":"fr-FR"},{"@type":"Organization","@id":"https:\/\/aliso.fr\/reseau\/#organization","name":"Aliso R\u00e9seau","url":"https:\/\/aliso.fr\/reseau\/","logo":{"@type":"ImageObject","inLanguage":"fr-FR","@id":"https:\/\/aliso.fr\/reseau\/#\/schema\/logo\/image\/","url":"https:\/\/aliso.fr\/reseau\/wp-content\/uploads\/sites\/4\/2022\/01\/Logo-ALISO-Reseau-2.png","contentUrl":"https:\/\/aliso.fr\/reseau\/wp-content\/uploads\/sites\/4\/2022\/01\/Logo-ALISO-Reseau-2.png","width":900,"height":970,"caption":"Aliso R\u00e9seau"},"image":{"@id":"https:\/\/aliso.fr\/reseau\/#\/schema\/logo\/image\/"}},{"@type":"Person","@id":"https:\/\/aliso.fr\/reseau\/#\/schema\/person\/056af145b9c52eee21a9f739489104a5","name":"laure"}]}},"_links":{"self":[{"href":"https:\/\/aliso.fr\/reseau\/wp-json\/wp\/v2\/posts\/382","targetHints":{"allow":["GET"]}}],"collection":[{"href":"https:\/\/aliso.fr\/reseau\/wp-json\/wp\/v2\/posts"}],"about":[{"href":"https:\/\/aliso.fr\/reseau\/wp-json\/wp\/v2\/types\/post"}],"author":[{"embeddable":true,"href":"https:\/\/aliso.fr\/reseau\/wp-json\/wp\/v2\/users\/3"}],"replies":[{"embeddable":true,"href":"https:\/\/aliso.fr\/reseau\/wp-json\/wp\/v2\/comments?post=382"}],"version-history":[{"count":5,"href":"https:\/\/aliso.fr\/reseau\/wp-json\/wp\/v2\/posts\/382\/revisions"}],"predecessor-version":[{"id":673,"href":"https:\/\/aliso.fr\/reseau\/wp-json\/wp\/v2\/posts\/382\/revisions\/673"}],"wp:featuredmedia":[{"embeddable":true,"href":"https:\/\/aliso.fr\/reseau\/wp-json\/wp\/v2\/media\/235"}],"wp:attachment":[{"href":"https:\/\/aliso.fr\/reseau\/wp-json\/wp\/v2\/media?parent=382"}],"wp:term":[{"taxonomy":"category","embeddable":true,"href":"https:\/\/aliso.fr\/reseau\/wp-json\/wp\/v2\/categories?post=382"},{"taxonomy":"post_tag","embeddable":true,"href":"https:\/\/aliso.fr\/reseau\/wp-json\/wp\/v2\/tags?post=382"}],"curies":[{"name":"wp","href":"https:\/\/api.w.org\/{rel}","templated":true}]}}