{"id":384,"date":"2022-03-10T15:06:27","date_gmt":"2022-03-10T14:06:27","guid":{"rendered":"https:\/\/aliso.fr\/reseau\/?p=384"},"modified":"2025-03-17T14:16:30","modified_gmt":"2025-03-17T13:16:30","slug":"agir","status":"publish","type":"post","link":"https:\/\/aliso.fr\/reseau\/agir\/","title":{"rendered":"Agir"},"content":{"rendered":"\n<p><a href=\"https:\/\/aliso.fr\/reseau\/agir-a-auzances\/\">Trouvez leur interview ici !<\/a><\/p>\n\n\n\n<p>Centre social, Centre d&rsquo;Animation de la Vie Locale, Jeunesse, Education Populaire<\/p>\n\n\n\n<p>Travail avec le rectorat, agr\u00e9ment pour intervenir en milieu scolaire<\/p>\n\n\n\n<p>5 grands champs&nbsp;:<\/p>\n\n\n\n<ul class=\"wp-block-list\">\n<li>Petite Enfance<\/li>\n\n\n\n<li>Enfance<\/li>\n\n\n\n<li>Jeunesse<\/li>\n\n\n\n<li>Famille<\/li>\n\n\n\n<li>Insertion et Inclusion sociale et professionnelle<\/li>\n<\/ul>\n\n\n\n<p><strong>Petite Enfance<\/strong>&nbsp;: agr\u00e9ment Relais Petite Enfance, et Bus itin\u00e9rant<\/p>\n\n\n\n<p><strong>Accueil de Loisirs<\/strong>&nbsp;: 3-10 ans, 1 accueil de Loisirs et P\u00e9riscolaire sur la commune d\u2019Auzances (si\u00e8ge social), comp\u00e9tence communale + 1 autre ALSH extrascolaire pour les 3-10 ans avec une comp\u00e9tence intercommunale.<\/p>\n\n\n\n<p><strong>Jeunesse&nbsp;<\/strong>: 11-25 ans, Loisirs ado au RDC du si\u00e8ge social, ouvert les mercredis.<\/p>\n\n\n\n<p>+ Animation promeneurs du net <\/p>\n\n\n\n<p>+ P\u00e9riscolaire&nbsp;: pr\u00e9vention IJ dans les \u00e9tablissements sur r\u00e9cr\u00e9ations, \u00e9tudes ou temps am\u00e9nag\u00e9s construits avec l&rsquo;\u00e9quipe p\u00e9dagogique. Travail sur le harc\u00e8lement scolaire avec des compagnies de th\u00e9\u00e2tre et les coll\u00e8ges de Crocq et Auzances.<\/p>\n\n\n\n<p>+ accompagnement IJ<\/p>\n\n\n\n<p>+ SNU<\/p>\n\n\n\n<p><strong>Famille<\/strong>&nbsp;: parentalit\u00e9, tisser du lien, se rencontrer, un peu en sommeil (arr\u00eat maladie depuis juillet).<br>+CLAS \u00e0 Auzances. <br>+Insertion Inclusion<br>+ Dispositif d\u2019accompagnement \u00e0 la Mobilit\u00e9<br>+ Pass Num\u00e9rique<\/p>\n\n\n\n<p><strong>Tous les se<\/strong>r<strong>vices sont rendus itin\u00e9rants<\/strong> (sauf l\u2019accueil de loisirs)<\/p>\n\n\n\n<ul class=\"wp-block-list\">\n<li>Relais Petite Enfance<\/li>\n\n\n\n<li>Ateliers<\/li>\n\n\n\n<li>France Service<\/li>\n\n\n\n<li>GUID&rsquo;ASSO<\/li>\n\n\n\n<li>PIJ<\/li>\n<\/ul>\n\n\n\n<p>Bus sur 18 communes (exp\u00e9rimentation depuis le 16 octobre 2021)&nbsp;: 9 communes par semaine (paires\/impaires) par demi-journ\u00e9es \u00e0 partir d\u2019une cartographie, issu du projet social 2018-2022<\/p>\n\n\n\n<p><strong>Perspectives :<\/strong><br>Changements de locaux, exp\u00e9rimentation du bus, r\u00e9flexion autour d&rsquo;une formule ind\u00e9pendante des divers dispositifs existants pour l&rsquo;accompagnement scolaire sur diff\u00e9rentes communes, projet de proposer une formule plus ad\u00e9quate avec le territoire pour remplacer le R\u00e9seau Citoyen de Services.<\/p>\n\n\n\n<p><strong>Mat\u00e9riel :<\/strong> <br>mini bus 9 places<\/p>\n\n\n\n<p>Nombreux partenariats.<\/p>\n\n\n\n<p>Contact : <br>05.55.82.80.47<br><a href=\"&#109;&#x61;&#105;&#x6c;&#116;&#x6f;:&#x69;n&#102;&#x6f;&#46;&#x73;&#101;&#x72;v&#x69;c&#101;&#x73;&#64;&#x63;&#97;&#x76;&#108;&#x61;g&#x69;r&#46;&#x66;&#114;\" target=\"_blank\" rel=\"noreferrer noopener\">&#x69;&#x6e;&#x66;&#x6f;&#x2e;&#115;&#101;&#114;&#118;ice&#x73;&#x40;&#x63;&#x61;&#x76;&#x6c;&#97;&#103;&#105;r&#46;f&#x72;<\/a> <br>nouvelle adresse : 12 rue Saint-Jacques \/ 23700 AUZANCES<\/p>\n\n\n\n<p>Pour en savoir plus, visitez <a href=\"https:\/\/cavlagir.com\/\" target=\"_blank\" rel=\"noreferrer noopener\">leur site web<\/a> ou <a href=\"https:\/\/fr-fr.facebook.com\/cavlagir\/\" target=\"_blank\" rel=\"noreferrer noopener\">leur page Facebook.<\/a><\/p>\n","protected":false},"excerpt":{"rendered":"<p>Trouvez leur interview ici ! Centre social, Centre d&rsquo;Animation de la Vie Locale, Jeunesse, Education Populaire Travail avec le rectorat, agr\u00e9ment pour intervenir en milieu scolaire 5 grands champs&nbsp;: Petite Enfance&nbsp;: agr\u00e9ment Relais Petite Enfance, et Bus itin\u00e9rant Accueil de Loisirs&nbsp;: 3-10 ans, 1 accueil de Loisirs et P\u00e9riscolaire sur la commune d\u2019Auzances (si\u00e8ge social),&#8230; <a class=\"excerpt-read-more button\" href=\"https:\/\/aliso.fr\/reseau\/agir\/\" title=\"ReadAgir\">En savoir plus &raquo;<\/a><\/p>\n","protected":false},"author":3,"featured_media":234,"comment_status":"closed","ping_status":"open","sticky":false,"template":"","format":"standard","meta":{"footnotes":""},"categories":[4],"tags":[],"class_list":["post-384","post","type-post","status-publish","format-standard","has-post-thumbnail","hentry","category-les-adherents"],"yoast_head":"<!-- This site is optimized with the Yoast SEO plugin v27.5 - https:\/\/yoast.com\/product\/yoast-seo-wordpress\/ -->\n<title>Agir - Aliso R\u00e9seau<\/title>\n<meta name=\"robots\" content=\"index, follow, max-snippet:-1, max-image-preview:large, max-video-preview:-1\" \/>\n<link rel=\"canonical\" href=\"https:\/\/aliso.fr\/reseau\/agir\/\" \/>\n<meta property=\"og:locale\" content=\"fr_FR\" \/>\n<meta property=\"og:type\" content=\"article\" \/>\n<meta property=\"og:title\" content=\"Agir - Aliso R\u00e9seau\" \/>\n<meta property=\"og:description\" content=\"Trouvez leur interview ici ! Centre social, Centre d&rsquo;Animation de la Vie Locale, Jeunesse, Education Populaire Travail avec le rectorat, agr\u00e9ment pour intervenir en milieu scolaire 5 grands champs&nbsp;: Petite Enfance&nbsp;: agr\u00e9ment Relais Petite Enfance, et Bus itin\u00e9rant Accueil de Loisirs&nbsp;: 3-10 ans, 1 accueil de Loisirs et P\u00e9riscolaire sur la commune d\u2019Auzances (si\u00e8ge social),... En savoir plus &raquo;\" \/>\n<meta property=\"og:url\" content=\"https:\/\/aliso.fr\/reseau\/agir\/\" \/>\n<meta property=\"og:site_name\" content=\"Aliso R\u00e9seau\" \/>\n<meta property=\"article:published_time\" content=\"2022-03-10T14:06:27+00:00\" \/>\n<meta property=\"article:modified_time\" content=\"2025-03-17T13:16:30+00:00\" \/>\n<meta property=\"og:image\" content=\"https:\/\/aliso.fr\/reseau\/wp-content\/uploads\/sites\/4\/2022\/01\/agir.jpg\" \/>\n\t<meta property=\"og:image:width\" content=\"225\" \/>\n\t<meta property=\"og:image:height\" content=\"225\" \/>\n\t<meta property=\"og:image:type\" content=\"image\/jpeg\" \/>\n<meta name=\"author\" content=\"laure\" \/>\n<meta name=\"twitter:card\" content=\"summary_large_image\" \/>\n<script type=\"application\/ld+json\" class=\"yoast-schema-graph\">{\"@context\":\"https:\\\/\\\/schema.org\",\"@graph\":[{\"@type\":\"Article\",\"@id\":\"https:\\\/\\\/aliso.fr\\\/reseau\\\/agir\\\/#article\",\"isPartOf\":{\"@id\":\"https:\\\/\\\/aliso.fr\\\/reseau\\\/agir\\\/\"},\"author\":{\"name\":\"laure\",\"@id\":\"https:\\\/\\\/aliso.fr\\\/reseau\\\/#\\\/schema\\\/person\\\/056af145b9c52eee21a9f739489104a5\"},\"headline\":\"Agir\",\"datePublished\":\"2022-03-10T14:06:27+00:00\",\"dateModified\":\"2025-03-17T13:16:30+00:00\",\"mainEntityOfPage\":{\"@id\":\"https:\\\/\\\/aliso.fr\\\/reseau\\\/agir\\\/\"},\"wordCount\":308,\"publisher\":{\"@id\":\"https:\\\/\\\/aliso.fr\\\/reseau\\\/#organization\"},\"image\":{\"@id\":\"https:\\\/\\\/aliso.fr\\\/reseau\\\/agir\\\/#primaryimage\"},\"thumbnailUrl\":\"https:\\\/\\\/aliso.fr\\\/reseau\\\/wp-content\\\/uploads\\\/sites\\\/4\\\/2022\\\/01\\\/agir.jpg\",\"articleSection\":[\"Les adh\u00e9rents\"],\"inLanguage\":\"fr-FR\"},{\"@type\":\"WebPage\",\"@id\":\"https:\\\/\\\/aliso.fr\\\/reseau\\\/agir\\\/\",\"url\":\"https:\\\/\\\/aliso.fr\\\/reseau\\\/agir\\\/\",\"name\":\"Agir - Aliso R\u00e9seau\",\"isPartOf\":{\"@id\":\"https:\\\/\\\/aliso.fr\\\/reseau\\\/#website\"},\"primaryImageOfPage\":{\"@id\":\"https:\\\/\\\/aliso.fr\\\/reseau\\\/agir\\\/#primaryimage\"},\"image\":{\"@id\":\"https:\\\/\\\/aliso.fr\\\/reseau\\\/agir\\\/#primaryimage\"},\"thumbnailUrl\":\"https:\\\/\\\/aliso.fr\\\/reseau\\\/wp-content\\\/uploads\\\/sites\\\/4\\\/2022\\\/01\\\/agir.jpg\",\"datePublished\":\"2022-03-10T14:06:27+00:00\",\"dateModified\":\"2025-03-17T13:16:30+00:00\",\"breadcrumb\":{\"@id\":\"https:\\\/\\\/aliso.fr\\\/reseau\\\/agir\\\/#breadcrumb\"},\"inLanguage\":\"fr-FR\",\"potentialAction\":[{\"@type\":\"ReadAction\",\"target\":[\"https:\\\/\\\/aliso.fr\\\/reseau\\\/agir\\\/\"]}]},{\"@type\":\"ImageObject\",\"inLanguage\":\"fr-FR\",\"@id\":\"https:\\\/\\\/aliso.fr\\\/reseau\\\/agir\\\/#primaryimage\",\"url\":\"https:\\\/\\\/aliso.fr\\\/reseau\\\/wp-content\\\/uploads\\\/sites\\\/4\\\/2022\\\/01\\\/agir.jpg\",\"contentUrl\":\"https:\\\/\\\/aliso.fr\\\/reseau\\\/wp-content\\\/uploads\\\/sites\\\/4\\\/2022\\\/01\\\/agir.jpg\",\"width\":225,\"height\":225},{\"@type\":\"BreadcrumbList\",\"@id\":\"https:\\\/\\\/aliso.fr\\\/reseau\\\/agir\\\/#breadcrumb\",\"itemListElement\":[{\"@type\":\"ListItem\",\"position\":1,\"name\":\"Accueil\",\"item\":\"https:\\\/\\\/aliso.fr\\\/reseau\\\/\"},{\"@type\":\"ListItem\",\"position\":2,\"name\":\"Les adh\u00e9rents\",\"item\":\"https:\\\/\\\/aliso.fr\\\/reseau\\\/les-adherents\\\/\"},{\"@type\":\"ListItem\",\"position\":3,\"name\":\"Agir\"}]},{\"@type\":\"WebSite\",\"@id\":\"https:\\\/\\\/aliso.fr\\\/reseau\\\/#website\",\"url\":\"https:\\\/\\\/aliso.fr\\\/reseau\\\/\",\"name\":\"Aliso R\u00e9seau\",\"description\":\"R\u00e9seau Creusois des acteurs du lien social\",\"publisher\":{\"@id\":\"https:\\\/\\\/aliso.fr\\\/reseau\\\/#organization\"},\"potentialAction\":[{\"@type\":\"SearchAction\",\"target\":{\"@type\":\"EntryPoint\",\"urlTemplate\":\"https:\\\/\\\/aliso.fr\\\/reseau\\\/?s={search_term_string}\"},\"query-input\":{\"@type\":\"PropertyValueSpecification\",\"valueRequired\":true,\"valueName\":\"search_term_string\"}}],\"inLanguage\":\"fr-FR\"},{\"@type\":\"Organization\",\"@id\":\"https:\\\/\\\/aliso.fr\\\/reseau\\\/#organization\",\"name\":\"Aliso R\u00e9seau\",\"url\":\"https:\\\/\\\/aliso.fr\\\/reseau\\\/\",\"logo\":{\"@type\":\"ImageObject\",\"inLanguage\":\"fr-FR\",\"@id\":\"https:\\\/\\\/aliso.fr\\\/reseau\\\/#\\\/schema\\\/logo\\\/image\\\/\",\"url\":\"https:\\\/\\\/aliso.fr\\\/reseau\\\/wp-content\\\/uploads\\\/sites\\\/4\\\/2022\\\/01\\\/Logo-ALISO-Reseau-2.png\",\"contentUrl\":\"https:\\\/\\\/aliso.fr\\\/reseau\\\/wp-content\\\/uploads\\\/sites\\\/4\\\/2022\\\/01\\\/Logo-ALISO-Reseau-2.png\",\"width\":900,\"height\":970,\"caption\":\"Aliso R\u00e9seau\"},\"image\":{\"@id\":\"https:\\\/\\\/aliso.fr\\\/reseau\\\/#\\\/schema\\\/logo\\\/image\\\/\"}},{\"@type\":\"Person\",\"@id\":\"https:\\\/\\\/aliso.fr\\\/reseau\\\/#\\\/schema\\\/person\\\/056af145b9c52eee21a9f739489104a5\",\"name\":\"laure\"}]}<\/script>\n<!-- \/ Yoast SEO plugin. -->","yoast_head_json":{"title":"Agir - Aliso R\u00e9seau","robots":{"index":"index","follow":"follow","max-snippet":"max-snippet:-1","max-image-preview":"max-image-preview:large","max-video-preview":"max-video-preview:-1"},"canonical":"https:\/\/aliso.fr\/reseau\/agir\/","og_locale":"fr_FR","og_type":"article","og_title":"Agir - Aliso R\u00e9seau","og_description":"Trouvez leur interview ici ! Centre social, Centre d&rsquo;Animation de la Vie Locale, Jeunesse, Education Populaire Travail avec le rectorat, agr\u00e9ment pour intervenir en milieu scolaire 5 grands champs&nbsp;: Petite Enfance&nbsp;: agr\u00e9ment Relais Petite Enfance, et Bus itin\u00e9rant Accueil de Loisirs&nbsp;: 3-10 ans, 1 accueil de Loisirs et P\u00e9riscolaire sur la commune d\u2019Auzances (si\u00e8ge social),... En savoir plus &raquo;","og_url":"https:\/\/aliso.fr\/reseau\/agir\/","og_site_name":"Aliso R\u00e9seau","article_published_time":"2022-03-10T14:06:27+00:00","article_modified_time":"2025-03-17T13:16:30+00:00","og_image":[{"width":225,"height":225,"url":"https:\/\/aliso.fr\/reseau\/wp-content\/uploads\/sites\/4\/2022\/01\/agir.jpg","type":"image\/jpeg"}],"author":"laure","twitter_card":"summary_large_image","schema":{"@context":"https:\/\/schema.org","@graph":[{"@type":"Article","@id":"https:\/\/aliso.fr\/reseau\/agir\/#article","isPartOf":{"@id":"https:\/\/aliso.fr\/reseau\/agir\/"},"author":{"name":"laure","@id":"https:\/\/aliso.fr\/reseau\/#\/schema\/person\/056af145b9c52eee21a9f739489104a5"},"headline":"Agir","datePublished":"2022-03-10T14:06:27+00:00","dateModified":"2025-03-17T13:16:30+00:00","mainEntityOfPage":{"@id":"https:\/\/aliso.fr\/reseau\/agir\/"},"wordCount":308,"publisher":{"@id":"https:\/\/aliso.fr\/reseau\/#organization"},"image":{"@id":"https:\/\/aliso.fr\/reseau\/agir\/#primaryimage"},"thumbnailUrl":"https:\/\/aliso.fr\/reseau\/wp-content\/uploads\/sites\/4\/2022\/01\/agir.jpg","articleSection":["Les adh\u00e9rents"],"inLanguage":"fr-FR"},{"@type":"WebPage","@id":"https:\/\/aliso.fr\/reseau\/agir\/","url":"https:\/\/aliso.fr\/reseau\/agir\/","name":"Agir - Aliso R\u00e9seau","isPartOf":{"@id":"https:\/\/aliso.fr\/reseau\/#website"},"primaryImageOfPage":{"@id":"https:\/\/aliso.fr\/reseau\/agir\/#primaryimage"},"image":{"@id":"https:\/\/aliso.fr\/reseau\/agir\/#primaryimage"},"thumbnailUrl":"https:\/\/aliso.fr\/reseau\/wp-content\/uploads\/sites\/4\/2022\/01\/agir.jpg","datePublished":"2022-03-10T14:06:27+00:00","dateModified":"2025-03-17T13:16:30+00:00","breadcrumb":{"@id":"https:\/\/aliso.fr\/reseau\/agir\/#breadcrumb"},"inLanguage":"fr-FR","potentialAction":[{"@type":"ReadAction","target":["https:\/\/aliso.fr\/reseau\/agir\/"]}]},{"@type":"ImageObject","inLanguage":"fr-FR","@id":"https:\/\/aliso.fr\/reseau\/agir\/#primaryimage","url":"https:\/\/aliso.fr\/reseau\/wp-content\/uploads\/sites\/4\/2022\/01\/agir.jpg","contentUrl":"https:\/\/aliso.fr\/reseau\/wp-content\/uploads\/sites\/4\/2022\/01\/agir.jpg","width":225,"height":225},{"@type":"BreadcrumbList","@id":"https:\/\/aliso.fr\/reseau\/agir\/#breadcrumb","itemListElement":[{"@type":"ListItem","position":1,"name":"Accueil","item":"https:\/\/aliso.fr\/reseau\/"},{"@type":"ListItem","position":2,"name":"Les adh\u00e9rents","item":"https:\/\/aliso.fr\/reseau\/les-adherents\/"},{"@type":"ListItem","position":3,"name":"Agir"}]},{"@type":"WebSite","@id":"https:\/\/aliso.fr\/reseau\/#website","url":"https:\/\/aliso.fr\/reseau\/","name":"Aliso R\u00e9seau","description":"R\u00e9seau Creusois des acteurs du lien social","publisher":{"@id":"https:\/\/aliso.fr\/reseau\/#organization"},"potentialAction":[{"@type":"SearchAction","target":{"@type":"EntryPoint","urlTemplate":"https:\/\/aliso.fr\/reseau\/?s={search_term_string}"},"query-input":{"@type":"PropertyValueSpecification","valueRequired":true,"valueName":"search_term_string"}}],"inLanguage":"fr-FR"},{"@type":"Organization","@id":"https:\/\/aliso.fr\/reseau\/#organization","name":"Aliso R\u00e9seau","url":"https:\/\/aliso.fr\/reseau\/","logo":{"@type":"ImageObject","inLanguage":"fr-FR","@id":"https:\/\/aliso.fr\/reseau\/#\/schema\/logo\/image\/","url":"https:\/\/aliso.fr\/reseau\/wp-content\/uploads\/sites\/4\/2022\/01\/Logo-ALISO-Reseau-2.png","contentUrl":"https:\/\/aliso.fr\/reseau\/wp-content\/uploads\/sites\/4\/2022\/01\/Logo-ALISO-Reseau-2.png","width":900,"height":970,"caption":"Aliso R\u00e9seau"},"image":{"@id":"https:\/\/aliso.fr\/reseau\/#\/schema\/logo\/image\/"}},{"@type":"Person","@id":"https:\/\/aliso.fr\/reseau\/#\/schema\/person\/056af145b9c52eee21a9f739489104a5","name":"laure"}]}},"_links":{"self":[{"href":"https:\/\/aliso.fr\/reseau\/wp-json\/wp\/v2\/posts\/384","targetHints":{"allow":["GET"]}}],"collection":[{"href":"https:\/\/aliso.fr\/reseau\/wp-json\/wp\/v2\/posts"}],"about":[{"href":"https:\/\/aliso.fr\/reseau\/wp-json\/wp\/v2\/types\/post"}],"author":[{"embeddable":true,"href":"https:\/\/aliso.fr\/reseau\/wp-json\/wp\/v2\/users\/3"}],"replies":[{"embeddable":true,"href":"https:\/\/aliso.fr\/reseau\/wp-json\/wp\/v2\/comments?post=384"}],"version-history":[{"count":5,"href":"https:\/\/aliso.fr\/reseau\/wp-json\/wp\/v2\/posts\/384\/revisions"}],"predecessor-version":[{"id":2902,"href":"https:\/\/aliso.fr\/reseau\/wp-json\/wp\/v2\/posts\/384\/revisions\/2902"}],"wp:featuredmedia":[{"embeddable":true,"href":"https:\/\/aliso.fr\/reseau\/wp-json\/wp\/v2\/media\/234"}],"wp:attachment":[{"href":"https:\/\/aliso.fr\/reseau\/wp-json\/wp\/v2\/media?parent=384"}],"wp:term":[{"taxonomy":"category","embeddable":true,"href":"https:\/\/aliso.fr\/reseau\/wp-json\/wp\/v2\/categories?post=384"},{"taxonomy":"post_tag","embeddable":true,"href":"https:\/\/aliso.fr\/reseau\/wp-json\/wp\/v2\/tags?post=384"}],"curies":[{"name":"wp","href":"https:\/\/api.w.org\/{rel}","templated":true}]}}