{"id":414,"date":"2022-03-10T16:07:58","date_gmt":"2022-03-10T15:07:58","guid":{"rendered":"https:\/\/aliso.fr\/reseau\/?p=414"},"modified":"2022-12-19T10:21:59","modified_gmt":"2022-12-19T09:21:59","slug":"la-palette","status":"publish","type":"post","link":"https:\/\/aliso.fr\/reseau\/la-palette\/","title":{"rendered":"La Palette"},"content":{"rendered":"\n<h1 class=\"has-medium-font-size wp-block-heading\">\u00ab\u00a0Si tu as une pomme, que j\u2019ai une pomme, et que l\u2019on \u00e9change nos pommes, nous aurons chacun une pomme. Mais si tu as une id\u00e9e, que j\u2019ai une id\u00e9e et que l\u2019on \u00e9change nos id\u00e9es, nous aurons chacun deux id\u00e9es.\u00a0\u00bb George Bernard Shaw<\/h1>\n\n\n\n<p><strong>La Palette, le panel des possibles <\/strong>: centre social et tiers-lieu, dynamique b\u00e9n\u00e9vole autour des s\u00e9niors notamment, \u00e9change de services, point d\u2019accueil num\u00e9rique et d\u2019orientation sociale, information relative \u00e0 la vie associative, accueil de loisirs enfants et adolescents, animation locale, citoyennet\u00e9 et espace de travail partag\u00e9.<\/p>\n\n\n\n<ul class=\"wp-block-list\">\n<li>P\u00f4le ressource : initiatives citoyenne, coworking, point permanences (physique ou visio), GUID&rsquo;ASSO, Information Jeunesse, France Service, point num\u00e9rique public et ateliers <\/li>\n\n\n\n<li>P\u00f4le familles : S\u00e9niors \u00ab\u00a0Paul et Paulette\u00a0\u00bb, ateliers, r\u00e9seau baby-sitting, bourses aux v\u00eatements.<\/li>\n\n\n\n<li>P\u00f4le enfance\/ jeunesse : accueil de loisirs ALSH (3-11 ans), local ados mercredi et vendredi. <\/li>\n<\/ul>\n\n\n\n<p>Salle potentiellement disponible pour location ou pr\u00eat.<br><br>Contactez Pauline, directrice, ou Elodie, charg\u00e9e d&rsquo;accueil : <br>05.87.66.00.00<br><a href=\"&#x6d;&#x61;&#x69;&#x6c;&#x74;&#x6f;&#58;&#99;&#111;&#110;tact&#x40;&#x6c;&#x61;&#x70;&#x61;&#x6c;&#101;&#116;&#116;&#101;&#50;3&#46;f&#x72;\">&#99;o&#x6e;t&#x61;c&#x74;&#64;&#x6c;a&#x70;a&#x6c;&#101;&#x74;&#116;&#x65;&#50;&#x33;&#46;&#x66;&#114;<\/a> <br>9, place de la poste, 23800 Dun-le-Palestel<\/p>\n\n\n\n<p>Pour en savoir plus, visitez <a href=\"https:\/\/www.lapalette.tl\" target=\"_blank\" rel=\"noreferrer noopener\">leur site web<\/a> ou <a href=\"https:\/\/www.facebook.com\/LaPalette23\/\" target=\"_blank\" rel=\"noreferrer noopener\">leur page Facebook<\/a>.<\/p>\n","protected":false},"excerpt":{"rendered":"<p>\u00ab\u00a0Si tu as une pomme, que j\u2019ai une pomme, et que l\u2019on \u00e9change nos pommes, nous aurons chacun une pomme. Mais si tu as une id\u00e9e, que j\u2019ai une id\u00e9e et que l\u2019on \u00e9change nos id\u00e9es, nous aurons chacun deux id\u00e9es.\u00a0\u00bb George Bernard Shaw La Palette, le panel des possibles : centre social et tiers-lieu,&#8230; <a class=\"excerpt-read-more button\" href=\"https:\/\/aliso.fr\/reseau\/la-palette\/\" title=\"ReadLa Palette\">En savoir plus &raquo;<\/a><\/p>\n","protected":false},"author":3,"featured_media":138,"comment_status":"closed","ping_status":"open","sticky":false,"template":"","format":"standard","meta":{"footnotes":""},"categories":[4],"tags":[],"class_list":["post-414","post","type-post","status-publish","format-standard","has-post-thumbnail","hentry","category-les-adherents"],"yoast_head":"<!-- This site is optimized with the Yoast SEO plugin v27.5 - https:\/\/yoast.com\/product\/yoast-seo-wordpress\/ -->\n<title>La Palette - Aliso R\u00e9seau<\/title>\n<meta name=\"robots\" content=\"index, follow, max-snippet:-1, max-image-preview:large, max-video-preview:-1\" \/>\n<link rel=\"canonical\" href=\"https:\/\/aliso.fr\/reseau\/la-palette\/\" \/>\n<meta property=\"og:locale\" content=\"fr_FR\" \/>\n<meta property=\"og:type\" content=\"article\" \/>\n<meta property=\"og:title\" content=\"La Palette - Aliso R\u00e9seau\" \/>\n<meta property=\"og:description\" content=\"\u00ab\u00a0Si tu as une pomme, que j\u2019ai une pomme, et que l\u2019on \u00e9change nos pommes, nous aurons chacun une pomme. Mais si tu as une id\u00e9e, que j\u2019ai une id\u00e9e et que l\u2019on \u00e9change nos id\u00e9es, nous aurons chacun deux id\u00e9es.\u00a0\u00bb George Bernard Shaw La Palette, le panel des possibles : centre social et tiers-lieu,... En savoir plus &raquo;\" \/>\n<meta property=\"og:url\" content=\"https:\/\/aliso.fr\/reseau\/la-palette\/\" \/>\n<meta property=\"og:site_name\" content=\"Aliso R\u00e9seau\" \/>\n<meta property=\"article:published_time\" content=\"2022-03-10T15:07:58+00:00\" \/>\n<meta property=\"article:modified_time\" content=\"2022-12-19T09:21:59+00:00\" \/>\n<meta property=\"og:image\" content=\"https:\/\/aliso.fr\/reseau\/wp-content\/uploads\/sites\/4\/2022\/01\/logo-la-palette.jpeg\" \/>\n\t<meta property=\"og:image:width\" content=\"567\" \/>\n\t<meta property=\"og:image:height\" content=\"567\" \/>\n\t<meta property=\"og:image:type\" content=\"image\/jpeg\" \/>\n<meta name=\"author\" content=\"laure\" \/>\n<meta name=\"twitter:card\" content=\"summary_large_image\" \/>\n<script type=\"application\/ld+json\" class=\"yoast-schema-graph\">{\"@context\":\"https:\\\/\\\/schema.org\",\"@graph\":[{\"@type\":\"Article\",\"@id\":\"https:\\\/\\\/aliso.fr\\\/reseau\\\/la-palette\\\/#article\",\"isPartOf\":{\"@id\":\"https:\\\/\\\/aliso.fr\\\/reseau\\\/la-palette\\\/\"},\"author\":{\"name\":\"laure\",\"@id\":\"https:\\\/\\\/aliso.fr\\\/reseau\\\/#\\\/schema\\\/person\\\/056af145b9c52eee21a9f739489104a5\"},\"headline\":\"La Palette\",\"datePublished\":\"2022-03-10T15:07:58+00:00\",\"dateModified\":\"2022-12-19T09:21:59+00:00\",\"mainEntityOfPage\":{\"@id\":\"https:\\\/\\\/aliso.fr\\\/reseau\\\/la-palette\\\/\"},\"wordCount\":195,\"publisher\":{\"@id\":\"https:\\\/\\\/aliso.fr\\\/reseau\\\/#organization\"},\"image\":{\"@id\":\"https:\\\/\\\/aliso.fr\\\/reseau\\\/la-palette\\\/#primaryimage\"},\"thumbnailUrl\":\"https:\\\/\\\/aliso.fr\\\/reseau\\\/wp-content\\\/uploads\\\/sites\\\/4\\\/2022\\\/01\\\/logo-la-palette.jpeg\",\"articleSection\":[\"Les adh\u00e9rents\"],\"inLanguage\":\"fr-FR\"},{\"@type\":\"WebPage\",\"@id\":\"https:\\\/\\\/aliso.fr\\\/reseau\\\/la-palette\\\/\",\"url\":\"https:\\\/\\\/aliso.fr\\\/reseau\\\/la-palette\\\/\",\"name\":\"La Palette - Aliso R\u00e9seau\",\"isPartOf\":{\"@id\":\"https:\\\/\\\/aliso.fr\\\/reseau\\\/#website\"},\"primaryImageOfPage\":{\"@id\":\"https:\\\/\\\/aliso.fr\\\/reseau\\\/la-palette\\\/#primaryimage\"},\"image\":{\"@id\":\"https:\\\/\\\/aliso.fr\\\/reseau\\\/la-palette\\\/#primaryimage\"},\"thumbnailUrl\":\"https:\\\/\\\/aliso.fr\\\/reseau\\\/wp-content\\\/uploads\\\/sites\\\/4\\\/2022\\\/01\\\/logo-la-palette.jpeg\",\"datePublished\":\"2022-03-10T15:07:58+00:00\",\"dateModified\":\"2022-12-19T09:21:59+00:00\",\"breadcrumb\":{\"@id\":\"https:\\\/\\\/aliso.fr\\\/reseau\\\/la-palette\\\/#breadcrumb\"},\"inLanguage\":\"fr-FR\",\"potentialAction\":[{\"@type\":\"ReadAction\",\"target\":[\"https:\\\/\\\/aliso.fr\\\/reseau\\\/la-palette\\\/\"]}]},{\"@type\":\"ImageObject\",\"inLanguage\":\"fr-FR\",\"@id\":\"https:\\\/\\\/aliso.fr\\\/reseau\\\/la-palette\\\/#primaryimage\",\"url\":\"https:\\\/\\\/aliso.fr\\\/reseau\\\/wp-content\\\/uploads\\\/sites\\\/4\\\/2022\\\/01\\\/logo-la-palette.jpeg\",\"contentUrl\":\"https:\\\/\\\/aliso.fr\\\/reseau\\\/wp-content\\\/uploads\\\/sites\\\/4\\\/2022\\\/01\\\/logo-la-palette.jpeg\",\"width\":567,\"height\":567},{\"@type\":\"BreadcrumbList\",\"@id\":\"https:\\\/\\\/aliso.fr\\\/reseau\\\/la-palette\\\/#breadcrumb\",\"itemListElement\":[{\"@type\":\"ListItem\",\"position\":1,\"name\":\"Accueil\",\"item\":\"https:\\\/\\\/aliso.fr\\\/reseau\\\/\"},{\"@type\":\"ListItem\",\"position\":2,\"name\":\"Les adh\u00e9rents\",\"item\":\"https:\\\/\\\/aliso.fr\\\/reseau\\\/les-adherents\\\/\"},{\"@type\":\"ListItem\",\"position\":3,\"name\":\"La Palette\"}]},{\"@type\":\"WebSite\",\"@id\":\"https:\\\/\\\/aliso.fr\\\/reseau\\\/#website\",\"url\":\"https:\\\/\\\/aliso.fr\\\/reseau\\\/\",\"name\":\"Aliso R\u00e9seau\",\"description\":\"R\u00e9seau Creusois des acteurs du lien social\",\"publisher\":{\"@id\":\"https:\\\/\\\/aliso.fr\\\/reseau\\\/#organization\"},\"potentialAction\":[{\"@type\":\"SearchAction\",\"target\":{\"@type\":\"EntryPoint\",\"urlTemplate\":\"https:\\\/\\\/aliso.fr\\\/reseau\\\/?s={search_term_string}\"},\"query-input\":{\"@type\":\"PropertyValueSpecification\",\"valueRequired\":true,\"valueName\":\"search_term_string\"}}],\"inLanguage\":\"fr-FR\"},{\"@type\":\"Organization\",\"@id\":\"https:\\\/\\\/aliso.fr\\\/reseau\\\/#organization\",\"name\":\"Aliso R\u00e9seau\",\"url\":\"https:\\\/\\\/aliso.fr\\\/reseau\\\/\",\"logo\":{\"@type\":\"ImageObject\",\"inLanguage\":\"fr-FR\",\"@id\":\"https:\\\/\\\/aliso.fr\\\/reseau\\\/#\\\/schema\\\/logo\\\/image\\\/\",\"url\":\"https:\\\/\\\/aliso.fr\\\/reseau\\\/wp-content\\\/uploads\\\/sites\\\/4\\\/2022\\\/01\\\/Logo-ALISO-Reseau-2.png\",\"contentUrl\":\"https:\\\/\\\/aliso.fr\\\/reseau\\\/wp-content\\\/uploads\\\/sites\\\/4\\\/2022\\\/01\\\/Logo-ALISO-Reseau-2.png\",\"width\":900,\"height\":970,\"caption\":\"Aliso R\u00e9seau\"},\"image\":{\"@id\":\"https:\\\/\\\/aliso.fr\\\/reseau\\\/#\\\/schema\\\/logo\\\/image\\\/\"}},{\"@type\":\"Person\",\"@id\":\"https:\\\/\\\/aliso.fr\\\/reseau\\\/#\\\/schema\\\/person\\\/056af145b9c52eee21a9f739489104a5\",\"name\":\"laure\"}]}<\/script>\n<!-- \/ Yoast SEO plugin. -->","yoast_head_json":{"title":"La Palette - Aliso R\u00e9seau","robots":{"index":"index","follow":"follow","max-snippet":"max-snippet:-1","max-image-preview":"max-image-preview:large","max-video-preview":"max-video-preview:-1"},"canonical":"https:\/\/aliso.fr\/reseau\/la-palette\/","og_locale":"fr_FR","og_type":"article","og_title":"La Palette - Aliso R\u00e9seau","og_description":"\u00ab\u00a0Si tu as une pomme, que j\u2019ai une pomme, et que l\u2019on \u00e9change nos pommes, nous aurons chacun une pomme. Mais si tu as une id\u00e9e, que j\u2019ai une id\u00e9e et que l\u2019on \u00e9change nos id\u00e9es, nous aurons chacun deux id\u00e9es.\u00a0\u00bb George Bernard Shaw La Palette, le panel des possibles : centre social et tiers-lieu,... En savoir plus &raquo;","og_url":"https:\/\/aliso.fr\/reseau\/la-palette\/","og_site_name":"Aliso R\u00e9seau","article_published_time":"2022-03-10T15:07:58+00:00","article_modified_time":"2022-12-19T09:21:59+00:00","og_image":[{"width":567,"height":567,"url":"https:\/\/aliso.fr\/reseau\/wp-content\/uploads\/sites\/4\/2022\/01\/logo-la-palette.jpeg","type":"image\/jpeg"}],"author":"laure","twitter_card":"summary_large_image","schema":{"@context":"https:\/\/schema.org","@graph":[{"@type":"Article","@id":"https:\/\/aliso.fr\/reseau\/la-palette\/#article","isPartOf":{"@id":"https:\/\/aliso.fr\/reseau\/la-palette\/"},"author":{"name":"laure","@id":"https:\/\/aliso.fr\/reseau\/#\/schema\/person\/056af145b9c52eee21a9f739489104a5"},"headline":"La Palette","datePublished":"2022-03-10T15:07:58+00:00","dateModified":"2022-12-19T09:21:59+00:00","mainEntityOfPage":{"@id":"https:\/\/aliso.fr\/reseau\/la-palette\/"},"wordCount":195,"publisher":{"@id":"https:\/\/aliso.fr\/reseau\/#organization"},"image":{"@id":"https:\/\/aliso.fr\/reseau\/la-palette\/#primaryimage"},"thumbnailUrl":"https:\/\/aliso.fr\/reseau\/wp-content\/uploads\/sites\/4\/2022\/01\/logo-la-palette.jpeg","articleSection":["Les adh\u00e9rents"],"inLanguage":"fr-FR"},{"@type":"WebPage","@id":"https:\/\/aliso.fr\/reseau\/la-palette\/","url":"https:\/\/aliso.fr\/reseau\/la-palette\/","name":"La Palette - Aliso R\u00e9seau","isPartOf":{"@id":"https:\/\/aliso.fr\/reseau\/#website"},"primaryImageOfPage":{"@id":"https:\/\/aliso.fr\/reseau\/la-palette\/#primaryimage"},"image":{"@id":"https:\/\/aliso.fr\/reseau\/la-palette\/#primaryimage"},"thumbnailUrl":"https:\/\/aliso.fr\/reseau\/wp-content\/uploads\/sites\/4\/2022\/01\/logo-la-palette.jpeg","datePublished":"2022-03-10T15:07:58+00:00","dateModified":"2022-12-19T09:21:59+00:00","breadcrumb":{"@id":"https:\/\/aliso.fr\/reseau\/la-palette\/#breadcrumb"},"inLanguage":"fr-FR","potentialAction":[{"@type":"ReadAction","target":["https:\/\/aliso.fr\/reseau\/la-palette\/"]}]},{"@type":"ImageObject","inLanguage":"fr-FR","@id":"https:\/\/aliso.fr\/reseau\/la-palette\/#primaryimage","url":"https:\/\/aliso.fr\/reseau\/wp-content\/uploads\/sites\/4\/2022\/01\/logo-la-palette.jpeg","contentUrl":"https:\/\/aliso.fr\/reseau\/wp-content\/uploads\/sites\/4\/2022\/01\/logo-la-palette.jpeg","width":567,"height":567},{"@type":"BreadcrumbList","@id":"https:\/\/aliso.fr\/reseau\/la-palette\/#breadcrumb","itemListElement":[{"@type":"ListItem","position":1,"name":"Accueil","item":"https:\/\/aliso.fr\/reseau\/"},{"@type":"ListItem","position":2,"name":"Les adh\u00e9rents","item":"https:\/\/aliso.fr\/reseau\/les-adherents\/"},{"@type":"ListItem","position":3,"name":"La Palette"}]},{"@type":"WebSite","@id":"https:\/\/aliso.fr\/reseau\/#website","url":"https:\/\/aliso.fr\/reseau\/","name":"Aliso R\u00e9seau","description":"R\u00e9seau Creusois des acteurs du lien social","publisher":{"@id":"https:\/\/aliso.fr\/reseau\/#organization"},"potentialAction":[{"@type":"SearchAction","target":{"@type":"EntryPoint","urlTemplate":"https:\/\/aliso.fr\/reseau\/?s={search_term_string}"},"query-input":{"@type":"PropertyValueSpecification","valueRequired":true,"valueName":"search_term_string"}}],"inLanguage":"fr-FR"},{"@type":"Organization","@id":"https:\/\/aliso.fr\/reseau\/#organization","name":"Aliso R\u00e9seau","url":"https:\/\/aliso.fr\/reseau\/","logo":{"@type":"ImageObject","inLanguage":"fr-FR","@id":"https:\/\/aliso.fr\/reseau\/#\/schema\/logo\/image\/","url":"https:\/\/aliso.fr\/reseau\/wp-content\/uploads\/sites\/4\/2022\/01\/Logo-ALISO-Reseau-2.png","contentUrl":"https:\/\/aliso.fr\/reseau\/wp-content\/uploads\/sites\/4\/2022\/01\/Logo-ALISO-Reseau-2.png","width":900,"height":970,"caption":"Aliso R\u00e9seau"},"image":{"@id":"https:\/\/aliso.fr\/reseau\/#\/schema\/logo\/image\/"}},{"@type":"Person","@id":"https:\/\/aliso.fr\/reseau\/#\/schema\/person\/056af145b9c52eee21a9f739489104a5","name":"laure"}]}},"_links":{"self":[{"href":"https:\/\/aliso.fr\/reseau\/wp-json\/wp\/v2\/posts\/414","targetHints":{"allow":["GET"]}}],"collection":[{"href":"https:\/\/aliso.fr\/reseau\/wp-json\/wp\/v2\/posts"}],"about":[{"href":"https:\/\/aliso.fr\/reseau\/wp-json\/wp\/v2\/types\/post"}],"author":[{"embeddable":true,"href":"https:\/\/aliso.fr\/reseau\/wp-json\/wp\/v2\/users\/3"}],"replies":[{"embeddable":true,"href":"https:\/\/aliso.fr\/reseau\/wp-json\/wp\/v2\/comments?post=414"}],"version-history":[{"count":5,"href":"https:\/\/aliso.fr\/reseau\/wp-json\/wp\/v2\/posts\/414\/revisions"}],"predecessor-version":[{"id":1351,"href":"https:\/\/aliso.fr\/reseau\/wp-json\/wp\/v2\/posts\/414\/revisions\/1351"}],"wp:featuredmedia":[{"embeddable":true,"href":"https:\/\/aliso.fr\/reseau\/wp-json\/wp\/v2\/media\/138"}],"wp:attachment":[{"href":"https:\/\/aliso.fr\/reseau\/wp-json\/wp\/v2\/media?parent=414"}],"wp:term":[{"taxonomy":"category","embeddable":true,"href":"https:\/\/aliso.fr\/reseau\/wp-json\/wp\/v2\/categories?post=414"},{"taxonomy":"post_tag","embeddable":true,"href":"https:\/\/aliso.fr\/reseau\/wp-json\/wp\/v2\/tags?post=414"}],"curies":[{"name":"wp","href":"https:\/\/api.w.org\/{rel}","templated":true}]}}