{"id":70,"date":"2022-03-31T16:14:00","date_gmt":"2022-03-31T14:14:00","guid":{"rendered":"https:\/\/aliso.fr\/reseau\/?p=70"},"modified":"2022-04-01T09:40:09","modified_gmt":"2022-04-01T07:40:09","slug":"rendez-vous-chez-vous","status":"publish","type":"post","link":"https:\/\/aliso.fr\/reseau\/rendez-vous-chez-vous\/","title":{"rendered":"Rendez-vous chez vous !"},"content":{"rendered":"\n<p>La tourn\u00e9e <a href=\"https:\/\/aliso.fr\/reseau\/categorie\/les-adherents\/\">des adh\u00e9rents<\/a> est en cours depuis mercredi 27 octobre 2021. <br>Nous venons \u00e0 la rencontre des adh\u00e9rents d&rsquo;Aliso dans les structures. L&rsquo;objectif est d&rsquo;affiner notre travail ensemble. <\/p>\n\n\n\n<p>On vous parle de notre actualit\u00e9, vous de la v\u00f4tre et on rel\u00e8ve ensemble d&rsquo;\u00e9ventuelles attentes ou suggestions que vous auriez pour am\u00e9liorer le quotidien du r\u00e9seau creusois des acteurs du lien social, dont vous faites partie. <\/p>\n\n\n\n<p>Fin de la tourn\u00e9e pr\u00e9vue courant mars 2022. On vous en dira des nouvelles. <br>Restitution pr\u00e9vue lors d&rsquo;ap\u00e9ros-r\u00e9seau les Jeudi 7 avril \u00e0 Gu\u00e9ret au Bakao de 18h \u00e0 20h, et Jeudi 14 avril \u00e0 Masgot \u00e0 la m\u00eame heure. A vous de choisir.<\/p>\n\n\n\n<div class=\"wp-block-columns is-layout-flex wp-container-core-columns-is-layout-9d6595d7 wp-block-columns-is-layout-flex\">\n<div class=\"wp-block-column is-layout-flow wp-block-column-is-layout-flow\">\n<div class=\"wp-block-image\"><figure class=\"aligncenter size-large\"><img loading=\"lazy\" decoding=\"async\" width=\"233\" height=\"330\" src=\"https:\/\/aliso.fr\/reseau\/wp-content\/uploads\/sites\/4\/2022\/03\/7-avril-parole-de-reseau-2-pdf-233x330.jpg\" alt=\"\" class=\"wp-image-806\" \/><\/figure><\/div>\n<\/div>\n\n\n\n<div class=\"wp-block-column is-layout-flow wp-block-column-is-layout-flow\">\n<div class=\"wp-block-image\"><figure class=\"aligncenter size-large\"><img loading=\"lazy\" decoding=\"async\" width=\"233\" height=\"330\" src=\"https:\/\/aliso.fr\/reseau\/wp-content\/uploads\/sites\/4\/2022\/03\/14-avril-parole-de-reseau-1-pdf-233x330.jpg\" alt=\"\" class=\"wp-image-807\" \/><\/figure><\/div>\n<\/div>\n<\/div>\n\n\n\n<figure class=\"wp-block-image size-large\"><img loading=\"lazy\" decoding=\"async\" width=\"1024\" height=\"724\" src=\"https:\/\/aliso.fr\/reseau\/wp-content\/uploads\/sites\/4\/2021\/12\/Carte-reseau-LM-dec21-1024x724.jpg\" alt=\"\" class=\"wp-image-106\" srcset=\"https:\/\/aliso.fr\/reseau\/wp-content\/uploads\/sites\/4\/2021\/12\/Carte-reseau-LM-dec21-1024x724.jpg 1024w, https:\/\/aliso.fr\/reseau\/wp-content\/uploads\/sites\/4\/2021\/12\/Carte-reseau-LM-dec21-300x212.jpg 300w, https:\/\/aliso.fr\/reseau\/wp-content\/uploads\/sites\/4\/2021\/12\/Carte-reseau-LM-dec21-768x543.jpg 768w, https:\/\/aliso.fr\/reseau\/wp-content\/uploads\/sites\/4\/2021\/12\/Carte-reseau-LM-dec21-1536x1086.jpg 1536w, https:\/\/aliso.fr\/reseau\/wp-content\/uploads\/sites\/4\/2021\/12\/Carte-reseau-LM-dec21-1568x1109.jpg 1568w, https:\/\/aliso.fr\/reseau\/wp-content\/uploads\/sites\/4\/2021\/12\/Carte-reseau-LM-dec21.jpg 1754w\" sizes=\"auto, (max-width: 1024px) 100vw, 1024px\" \/><\/figure>\n\n\n\n<p> <\/p>\n","protected":false},"excerpt":{"rendered":"<p>La tourn\u00e9e des adh\u00e9rents est en cours depuis mercredi 27 octobre 2021. Nous venons \u00e0 la rencontre des adh\u00e9rents d&rsquo;Aliso dans les structures. L&rsquo;objectif est d&rsquo;affiner notre travail ensemble. On vous parle de notre actualit\u00e9, vous de la v\u00f4tre et on rel\u00e8ve ensemble d&rsquo;\u00e9ventuelles attentes ou suggestions que vous auriez pour am\u00e9liorer le quotidien du&#8230; <a class=\"excerpt-read-more button\" href=\"https:\/\/aliso.fr\/reseau\/rendez-vous-chez-vous\/\" title=\"ReadRendez-vous chez vous !\">En savoir plus &raquo;<\/a><\/p>\n","protected":false},"author":3,"featured_media":106,"comment_status":"closed","ping_status":"open","sticky":false,"template":"","format":"standard","meta":{"footnotes":""},"categories":[3],"tags":[],"class_list":["post-70","post","type-post","status-publish","format-standard","has-post-thumbnail","hentry","category-actualite"],"yoast_head":"<!-- This site is optimized with the Yoast SEO plugin v27.4 - https:\/\/yoast.com\/product\/yoast-seo-wordpress\/ -->\n<title>Rendez-vous chez vous ! - Aliso R\u00e9seau<\/title>\n<meta name=\"robots\" content=\"index, follow, max-snippet:-1, max-image-preview:large, max-video-preview:-1\" \/>\n<link rel=\"canonical\" href=\"https:\/\/aliso.fr\/reseau\/rendez-vous-chez-vous\/\" \/>\n<meta property=\"og:locale\" content=\"fr_FR\" \/>\n<meta property=\"og:type\" content=\"article\" \/>\n<meta property=\"og:title\" content=\"Rendez-vous chez vous ! - Aliso R\u00e9seau\" \/>\n<meta property=\"og:description\" content=\"La tourn\u00e9e des adh\u00e9rents est en cours depuis mercredi 27 octobre 2021. Nous venons \u00e0 la rencontre des adh\u00e9rents d&rsquo;Aliso dans les structures. L&rsquo;objectif est d&rsquo;affiner notre travail ensemble. On vous parle de notre actualit\u00e9, vous de la v\u00f4tre et on rel\u00e8ve ensemble d&rsquo;\u00e9ventuelles attentes ou suggestions que vous auriez pour am\u00e9liorer le quotidien du... En savoir plus &raquo;\" \/>\n<meta property=\"og:url\" content=\"https:\/\/aliso.fr\/reseau\/rendez-vous-chez-vous\/\" \/>\n<meta property=\"og:site_name\" content=\"Aliso R\u00e9seau\" \/>\n<meta property=\"article:published_time\" content=\"2022-03-31T14:14:00+00:00\" \/>\n<meta property=\"article:modified_time\" content=\"2022-04-01T07:40:09+00:00\" \/>\n<meta property=\"og:image\" content=\"https:\/\/aliso.fr\/reseau\/wp-content\/uploads\/sites\/4\/2021\/12\/Carte-reseau-LM-dec21.jpg\" \/>\n\t<meta property=\"og:image:width\" content=\"1754\" \/>\n\t<meta property=\"og:image:height\" content=\"1240\" \/>\n\t<meta property=\"og:image:type\" content=\"image\/jpeg\" \/>\n<meta name=\"author\" content=\"laure\" \/>\n<meta name=\"twitter:card\" content=\"summary_large_image\" \/>\n<script type=\"application\/ld+json\" class=\"yoast-schema-graph\">{\"@context\":\"https:\\\/\\\/schema.org\",\"@graph\":[{\"@type\":\"Article\",\"@id\":\"https:\\\/\\\/aliso.fr\\\/reseau\\\/rendez-vous-chez-vous\\\/#article\",\"isPartOf\":{\"@id\":\"https:\\\/\\\/aliso.fr\\\/reseau\\\/rendez-vous-chez-vous\\\/\"},\"author\":{\"name\":\"laure\",\"@id\":\"https:\\\/\\\/aliso.fr\\\/reseau\\\/#\\\/schema\\\/person\\\/056af145b9c52eee21a9f739489104a5\"},\"headline\":\"Rendez-vous chez vous !\",\"datePublished\":\"2022-03-31T14:14:00+00:00\",\"dateModified\":\"2022-04-01T07:40:09+00:00\",\"mainEntityOfPage\":{\"@id\":\"https:\\\/\\\/aliso.fr\\\/reseau\\\/rendez-vous-chez-vous\\\/\"},\"wordCount\":122,\"publisher\":{\"@id\":\"https:\\\/\\\/aliso.fr\\\/reseau\\\/#organization\"},\"image\":{\"@id\":\"https:\\\/\\\/aliso.fr\\\/reseau\\\/rendez-vous-chez-vous\\\/#primaryimage\"},\"thumbnailUrl\":\"https:\\\/\\\/aliso.fr\\\/reseau\\\/wp-content\\\/uploads\\\/sites\\\/4\\\/2021\\\/12\\\/Carte-reseau-LM-dec21.jpg\",\"articleSection\":[\"Actualit\u00e9\"],\"inLanguage\":\"fr-FR\"},{\"@type\":\"WebPage\",\"@id\":\"https:\\\/\\\/aliso.fr\\\/reseau\\\/rendez-vous-chez-vous\\\/\",\"url\":\"https:\\\/\\\/aliso.fr\\\/reseau\\\/rendez-vous-chez-vous\\\/\",\"name\":\"Rendez-vous chez vous ! - Aliso R\u00e9seau\",\"isPartOf\":{\"@id\":\"https:\\\/\\\/aliso.fr\\\/reseau\\\/#website\"},\"primaryImageOfPage\":{\"@id\":\"https:\\\/\\\/aliso.fr\\\/reseau\\\/rendez-vous-chez-vous\\\/#primaryimage\"},\"image\":{\"@id\":\"https:\\\/\\\/aliso.fr\\\/reseau\\\/rendez-vous-chez-vous\\\/#primaryimage\"},\"thumbnailUrl\":\"https:\\\/\\\/aliso.fr\\\/reseau\\\/wp-content\\\/uploads\\\/sites\\\/4\\\/2021\\\/12\\\/Carte-reseau-LM-dec21.jpg\",\"datePublished\":\"2022-03-31T14:14:00+00:00\",\"dateModified\":\"2022-04-01T07:40:09+00:00\",\"breadcrumb\":{\"@id\":\"https:\\\/\\\/aliso.fr\\\/reseau\\\/rendez-vous-chez-vous\\\/#breadcrumb\"},\"inLanguage\":\"fr-FR\",\"potentialAction\":[{\"@type\":\"ReadAction\",\"target\":[\"https:\\\/\\\/aliso.fr\\\/reseau\\\/rendez-vous-chez-vous\\\/\"]}]},{\"@type\":\"ImageObject\",\"inLanguage\":\"fr-FR\",\"@id\":\"https:\\\/\\\/aliso.fr\\\/reseau\\\/rendez-vous-chez-vous\\\/#primaryimage\",\"url\":\"https:\\\/\\\/aliso.fr\\\/reseau\\\/wp-content\\\/uploads\\\/sites\\\/4\\\/2021\\\/12\\\/Carte-reseau-LM-dec21.jpg\",\"contentUrl\":\"https:\\\/\\\/aliso.fr\\\/reseau\\\/wp-content\\\/uploads\\\/sites\\\/4\\\/2021\\\/12\\\/Carte-reseau-LM-dec21.jpg\",\"width\":1754,\"height\":1240},{\"@type\":\"BreadcrumbList\",\"@id\":\"https:\\\/\\\/aliso.fr\\\/reseau\\\/rendez-vous-chez-vous\\\/#breadcrumb\",\"itemListElement\":[{\"@type\":\"ListItem\",\"position\":1,\"name\":\"Accueil\",\"item\":\"https:\\\/\\\/aliso.fr\\\/reseau\\\/\"},{\"@type\":\"ListItem\",\"position\":2,\"name\":\"Actualit\u00e9\",\"item\":\"https:\\\/\\\/aliso.fr\\\/reseau\\\/actualite\\\/\"},{\"@type\":\"ListItem\",\"position\":3,\"name\":\"Rendez-vous chez vous !\"}]},{\"@type\":\"WebSite\",\"@id\":\"https:\\\/\\\/aliso.fr\\\/reseau\\\/#website\",\"url\":\"https:\\\/\\\/aliso.fr\\\/reseau\\\/\",\"name\":\"Aliso R\u00e9seau\",\"description\":\"R\u00e9seau Creusois des acteurs du lien social\",\"publisher\":{\"@id\":\"https:\\\/\\\/aliso.fr\\\/reseau\\\/#organization\"},\"potentialAction\":[{\"@type\":\"SearchAction\",\"target\":{\"@type\":\"EntryPoint\",\"urlTemplate\":\"https:\\\/\\\/aliso.fr\\\/reseau\\\/?s={search_term_string}\"},\"query-input\":{\"@type\":\"PropertyValueSpecification\",\"valueRequired\":true,\"valueName\":\"search_term_string\"}}],\"inLanguage\":\"fr-FR\"},{\"@type\":\"Organization\",\"@id\":\"https:\\\/\\\/aliso.fr\\\/reseau\\\/#organization\",\"name\":\"Aliso R\u00e9seau\",\"url\":\"https:\\\/\\\/aliso.fr\\\/reseau\\\/\",\"logo\":{\"@type\":\"ImageObject\",\"inLanguage\":\"fr-FR\",\"@id\":\"https:\\\/\\\/aliso.fr\\\/reseau\\\/#\\\/schema\\\/logo\\\/image\\\/\",\"url\":\"https:\\\/\\\/aliso.fr\\\/reseau\\\/wp-content\\\/uploads\\\/sites\\\/4\\\/2022\\\/01\\\/Logo-ALISO-Reseau-2.png\",\"contentUrl\":\"https:\\\/\\\/aliso.fr\\\/reseau\\\/wp-content\\\/uploads\\\/sites\\\/4\\\/2022\\\/01\\\/Logo-ALISO-Reseau-2.png\",\"width\":900,\"height\":970,\"caption\":\"Aliso R\u00e9seau\"},\"image\":{\"@id\":\"https:\\\/\\\/aliso.fr\\\/reseau\\\/#\\\/schema\\\/logo\\\/image\\\/\"}},{\"@type\":\"Person\",\"@id\":\"https:\\\/\\\/aliso.fr\\\/reseau\\\/#\\\/schema\\\/person\\\/056af145b9c52eee21a9f739489104a5\",\"name\":\"laure\"}]}<\/script>\n<!-- \/ Yoast SEO plugin. -->","yoast_head_json":{"title":"Rendez-vous chez vous ! - Aliso R\u00e9seau","robots":{"index":"index","follow":"follow","max-snippet":"max-snippet:-1","max-image-preview":"max-image-preview:large","max-video-preview":"max-video-preview:-1"},"canonical":"https:\/\/aliso.fr\/reseau\/rendez-vous-chez-vous\/","og_locale":"fr_FR","og_type":"article","og_title":"Rendez-vous chez vous ! - Aliso R\u00e9seau","og_description":"La tourn\u00e9e des adh\u00e9rents est en cours depuis mercredi 27 octobre 2021. Nous venons \u00e0 la rencontre des adh\u00e9rents d&rsquo;Aliso dans les structures. L&rsquo;objectif est d&rsquo;affiner notre travail ensemble. On vous parle de notre actualit\u00e9, vous de la v\u00f4tre et on rel\u00e8ve ensemble d&rsquo;\u00e9ventuelles attentes ou suggestions que vous auriez pour am\u00e9liorer le quotidien du... En savoir plus &raquo;","og_url":"https:\/\/aliso.fr\/reseau\/rendez-vous-chez-vous\/","og_site_name":"Aliso R\u00e9seau","article_published_time":"2022-03-31T14:14:00+00:00","article_modified_time":"2022-04-01T07:40:09+00:00","og_image":[{"width":1754,"height":1240,"url":"https:\/\/aliso.fr\/reseau\/wp-content\/uploads\/sites\/4\/2021\/12\/Carte-reseau-LM-dec21.jpg","type":"image\/jpeg"}],"author":"laure","twitter_card":"summary_large_image","schema":{"@context":"https:\/\/schema.org","@graph":[{"@type":"Article","@id":"https:\/\/aliso.fr\/reseau\/rendez-vous-chez-vous\/#article","isPartOf":{"@id":"https:\/\/aliso.fr\/reseau\/rendez-vous-chez-vous\/"},"author":{"name":"laure","@id":"https:\/\/aliso.fr\/reseau\/#\/schema\/person\/056af145b9c52eee21a9f739489104a5"},"headline":"Rendez-vous chez vous !","datePublished":"2022-03-31T14:14:00+00:00","dateModified":"2022-04-01T07:40:09+00:00","mainEntityOfPage":{"@id":"https:\/\/aliso.fr\/reseau\/rendez-vous-chez-vous\/"},"wordCount":122,"publisher":{"@id":"https:\/\/aliso.fr\/reseau\/#organization"},"image":{"@id":"https:\/\/aliso.fr\/reseau\/rendez-vous-chez-vous\/#primaryimage"},"thumbnailUrl":"https:\/\/aliso.fr\/reseau\/wp-content\/uploads\/sites\/4\/2021\/12\/Carte-reseau-LM-dec21.jpg","articleSection":["Actualit\u00e9"],"inLanguage":"fr-FR"},{"@type":"WebPage","@id":"https:\/\/aliso.fr\/reseau\/rendez-vous-chez-vous\/","url":"https:\/\/aliso.fr\/reseau\/rendez-vous-chez-vous\/","name":"Rendez-vous chez vous ! - Aliso R\u00e9seau","isPartOf":{"@id":"https:\/\/aliso.fr\/reseau\/#website"},"primaryImageOfPage":{"@id":"https:\/\/aliso.fr\/reseau\/rendez-vous-chez-vous\/#primaryimage"},"image":{"@id":"https:\/\/aliso.fr\/reseau\/rendez-vous-chez-vous\/#primaryimage"},"thumbnailUrl":"https:\/\/aliso.fr\/reseau\/wp-content\/uploads\/sites\/4\/2021\/12\/Carte-reseau-LM-dec21.jpg","datePublished":"2022-03-31T14:14:00+00:00","dateModified":"2022-04-01T07:40:09+00:00","breadcrumb":{"@id":"https:\/\/aliso.fr\/reseau\/rendez-vous-chez-vous\/#breadcrumb"},"inLanguage":"fr-FR","potentialAction":[{"@type":"ReadAction","target":["https:\/\/aliso.fr\/reseau\/rendez-vous-chez-vous\/"]}]},{"@type":"ImageObject","inLanguage":"fr-FR","@id":"https:\/\/aliso.fr\/reseau\/rendez-vous-chez-vous\/#primaryimage","url":"https:\/\/aliso.fr\/reseau\/wp-content\/uploads\/sites\/4\/2021\/12\/Carte-reseau-LM-dec21.jpg","contentUrl":"https:\/\/aliso.fr\/reseau\/wp-content\/uploads\/sites\/4\/2021\/12\/Carte-reseau-LM-dec21.jpg","width":1754,"height":1240},{"@type":"BreadcrumbList","@id":"https:\/\/aliso.fr\/reseau\/rendez-vous-chez-vous\/#breadcrumb","itemListElement":[{"@type":"ListItem","position":1,"name":"Accueil","item":"https:\/\/aliso.fr\/reseau\/"},{"@type":"ListItem","position":2,"name":"Actualit\u00e9","item":"https:\/\/aliso.fr\/reseau\/actualite\/"},{"@type":"ListItem","position":3,"name":"Rendez-vous chez vous !"}]},{"@type":"WebSite","@id":"https:\/\/aliso.fr\/reseau\/#website","url":"https:\/\/aliso.fr\/reseau\/","name":"Aliso R\u00e9seau","description":"R\u00e9seau Creusois des acteurs du lien social","publisher":{"@id":"https:\/\/aliso.fr\/reseau\/#organization"},"potentialAction":[{"@type":"SearchAction","target":{"@type":"EntryPoint","urlTemplate":"https:\/\/aliso.fr\/reseau\/?s={search_term_string}"},"query-input":{"@type":"PropertyValueSpecification","valueRequired":true,"valueName":"search_term_string"}}],"inLanguage":"fr-FR"},{"@type":"Organization","@id":"https:\/\/aliso.fr\/reseau\/#organization","name":"Aliso R\u00e9seau","url":"https:\/\/aliso.fr\/reseau\/","logo":{"@type":"ImageObject","inLanguage":"fr-FR","@id":"https:\/\/aliso.fr\/reseau\/#\/schema\/logo\/image\/","url":"https:\/\/aliso.fr\/reseau\/wp-content\/uploads\/sites\/4\/2022\/01\/Logo-ALISO-Reseau-2.png","contentUrl":"https:\/\/aliso.fr\/reseau\/wp-content\/uploads\/sites\/4\/2022\/01\/Logo-ALISO-Reseau-2.png","width":900,"height":970,"caption":"Aliso R\u00e9seau"},"image":{"@id":"https:\/\/aliso.fr\/reseau\/#\/schema\/logo\/image\/"}},{"@type":"Person","@id":"https:\/\/aliso.fr\/reseau\/#\/schema\/person\/056af145b9c52eee21a9f739489104a5","name":"laure"}]}},"_links":{"self":[{"href":"https:\/\/aliso.fr\/reseau\/wp-json\/wp\/v2\/posts\/70","targetHints":{"allow":["GET"]}}],"collection":[{"href":"https:\/\/aliso.fr\/reseau\/wp-json\/wp\/v2\/posts"}],"about":[{"href":"https:\/\/aliso.fr\/reseau\/wp-json\/wp\/v2\/types\/post"}],"author":[{"embeddable":true,"href":"https:\/\/aliso.fr\/reseau\/wp-json\/wp\/v2\/users\/3"}],"replies":[{"embeddable":true,"href":"https:\/\/aliso.fr\/reseau\/wp-json\/wp\/v2\/comments?post=70"}],"version-history":[{"count":5,"href":"https:\/\/aliso.fr\/reseau\/wp-json\/wp\/v2\/posts\/70\/revisions"}],"predecessor-version":[{"id":808,"href":"https:\/\/aliso.fr\/reseau\/wp-json\/wp\/v2\/posts\/70\/revisions\/808"}],"wp:featuredmedia":[{"embeddable":true,"href":"https:\/\/aliso.fr\/reseau\/wp-json\/wp\/v2\/media\/106"}],"wp:attachment":[{"href":"https:\/\/aliso.fr\/reseau\/wp-json\/wp\/v2\/media?parent=70"}],"wp:term":[{"taxonomy":"category","embeddable":true,"href":"https:\/\/aliso.fr\/reseau\/wp-json\/wp\/v2\/categories?post=70"},{"taxonomy":"post_tag","embeddable":true,"href":"https:\/\/aliso.fr\/reseau\/wp-json\/wp\/v2\/tags?post=70"}],"curies":[{"name":"wp","href":"https:\/\/api.w.org\/{rel}","templated":true}]}}