{"id":801,"date":"2022-04-26T09:32:00","date_gmt":"2022-04-26T07:32:00","guid":{"rendered":"https:\/\/aliso.fr\/reseau\/?p=801"},"modified":"2022-04-27T12:52:31","modified_gmt":"2022-04-27T10:52:31","slug":"alisopop-la-fete-du-reseau","status":"publish","type":"post","link":"https:\/\/aliso.fr\/reseau\/alisopop-la-fete-du-reseau\/","title":{"rendered":"ALISO&rsquo;POP : la f\u00eate du r\u00e9seau"},"content":{"rendered":"\n<p>Convivialit\u00e9, l\u00e9g\u00e8ret\u00e9, prise de recul, rencontres, \u00e9changes sur nos histoires, parler d&rsquo;\u00e9ducation populaire, savoir ce que font les uns et les autres, comprendre ce qui nous rassemble, discuter de ce qui nous fait faire r\u00e9seau, prendre le temps, boire un verre, partager une bonne bouffe, simplement, faire la f\u00eate, se faire un bon concert, arr\u00eater de travailler un peu&#8230;.<\/p>\n\n\n\n<p>&#8230;Autant de choses que vous avez pu formuler pour motiver l&rsquo;apparition dans nos agendas d&rsquo;Aliso&rsquo;Pop qui nous r\u00e9unira \u00e0 la Naute, \u00e0 Champagnat, vendredi 20 mai de 10h \u00e0 minuit ou plus.<\/p>\n\n\n\n<p>Ceux qui ont le temps, l&rsquo;envie et l&rsquo;\u00e9nergie, pourront aider en amont, notamment avec un RDV le 6 avril \u00e0 Fursac \u00e0 10h, \u00e0 Gu\u00e9ret le 6 mai \u00e0 10h, ou encore apr\u00e8s, et le jour j, passer toute la journ\u00e9e, ou juste venir pour une demi-journ\u00e9e, un repas, un ap\u00e9ro, le concert&#8230;<\/p>\n\n\n\n<p>C&rsquo;est un moment pour vous : salari\u00e9s, b\u00e9n\u00e9voles, administrateurs. Parlez-en dans vos structures en \u00e9quipe, au caf\u00e9, en r\u00e9union, au bureau, en conseil d&rsquo;administration.<\/p>\n\n\n\n<p>Vous pouvez vous s&rsquo;inscrire en cliquant <a href=\"https:\/\/nuage.aliso.fr\/index.php\/apps\/forms\/8pjCs5NJieZgTp4Z\" target=\"_blank\" rel=\"noreferrer noopener\">ici<\/a> ou en appelant Laure au 07.89.01.69.72.<\/p>\n","protected":false},"excerpt":{"rendered":"<p>Convivialit\u00e9, l\u00e9g\u00e8ret\u00e9, prise de recul, rencontres, \u00e9changes sur nos histoires, parler d&rsquo;\u00e9ducation populaire, savoir ce que font les uns et les autres, comprendre ce qui nous rassemble, discuter de ce qui nous fait faire r\u00e9seau, prendre le temps, boire un verre, partager une bonne bouffe, simplement, faire la f\u00eate, se faire un bon concert, arr\u00eater&#8230; <a class=\"excerpt-read-more button\" href=\"https:\/\/aliso.fr\/reseau\/alisopop-la-fete-du-reseau\/\" title=\"ReadALISO&rsquo;POP : la f\u00eate du r\u00e9seau\">En savoir plus &raquo;<\/a><\/p>\n","protected":false},"author":3,"featured_media":803,"comment_status":"closed","ping_status":"open","sticky":false,"template":"","format":"standard","meta":{"footnotes":""},"categories":[3],"tags":[],"class_list":["post-801","post","type-post","status-publish","format-standard","has-post-thumbnail","hentry","category-actualite"],"yoast_head":"<!-- This site is optimized with the Yoast SEO plugin v27.4 - https:\/\/yoast.com\/product\/yoast-seo-wordpress\/ -->\n<title>ALISO&#039;POP : la f\u00eate du r\u00e9seau - Aliso R\u00e9seau<\/title>\n<meta name=\"robots\" content=\"index, follow, max-snippet:-1, max-image-preview:large, max-video-preview:-1\" \/>\n<link rel=\"canonical\" href=\"https:\/\/aliso.fr\/reseau\/alisopop-la-fete-du-reseau\/\" \/>\n<meta property=\"og:locale\" content=\"fr_FR\" \/>\n<meta property=\"og:type\" content=\"article\" \/>\n<meta property=\"og:title\" content=\"ALISO&#039;POP : la f\u00eate du r\u00e9seau - Aliso R\u00e9seau\" \/>\n<meta property=\"og:description\" content=\"Convivialit\u00e9, l\u00e9g\u00e8ret\u00e9, prise de recul, rencontres, \u00e9changes sur nos histoires, parler d&rsquo;\u00e9ducation populaire, savoir ce que font les uns et les autres, comprendre ce qui nous rassemble, discuter de ce qui nous fait faire r\u00e9seau, prendre le temps, boire un verre, partager une bonne bouffe, simplement, faire la f\u00eate, se faire un bon concert, arr\u00eater... En savoir plus &raquo;\" \/>\n<meta property=\"og:url\" content=\"https:\/\/aliso.fr\/reseau\/alisopop-la-fete-du-reseau\/\" \/>\n<meta property=\"og:site_name\" content=\"Aliso R\u00e9seau\" \/>\n<meta property=\"article:published_time\" content=\"2022-04-26T07:32:00+00:00\" \/>\n<meta property=\"article:modified_time\" content=\"2022-04-27T10:52:31+00:00\" \/>\n<meta name=\"author\" content=\"laure\" \/>\n<meta name=\"twitter:card\" content=\"summary_large_image\" \/>\n<script type=\"application\/ld+json\" class=\"yoast-schema-graph\">{\"@context\":\"https:\\\/\\\/schema.org\",\"@graph\":[{\"@type\":\"Article\",\"@id\":\"https:\\\/\\\/aliso.fr\\\/reseau\\\/alisopop-la-fete-du-reseau\\\/#article\",\"isPartOf\":{\"@id\":\"https:\\\/\\\/aliso.fr\\\/reseau\\\/alisopop-la-fete-du-reseau\\\/\"},\"author\":{\"name\":\"laure\",\"@id\":\"https:\\\/\\\/aliso.fr\\\/reseau\\\/#\\\/schema\\\/person\\\/056af145b9c52eee21a9f739489104a5\"},\"headline\":\"ALISO&rsquo;POP : la f\u00eate du r\u00e9seau\",\"datePublished\":\"2022-04-26T07:32:00+00:00\",\"dateModified\":\"2022-04-27T10:52:31+00:00\",\"mainEntityOfPage\":{\"@id\":\"https:\\\/\\\/aliso.fr\\\/reseau\\\/alisopop-la-fete-du-reseau\\\/\"},\"wordCount\":201,\"publisher\":{\"@id\":\"https:\\\/\\\/aliso.fr\\\/reseau\\\/#organization\"},\"image\":{\"@id\":\"https:\\\/\\\/aliso.fr\\\/reseau\\\/alisopop-la-fete-du-reseau\\\/#primaryimage\"},\"thumbnailUrl\":\"https:\\\/\\\/aliso.fr\\\/reseau\\\/wp-content\\\/uploads\\\/sites\\\/4\\\/2022\\\/04\\\/AlisoPop-pdf.jpg\",\"articleSection\":[\"Actualit\u00e9\"],\"inLanguage\":\"fr-FR\"},{\"@type\":\"WebPage\",\"@id\":\"https:\\\/\\\/aliso.fr\\\/reseau\\\/alisopop-la-fete-du-reseau\\\/\",\"url\":\"https:\\\/\\\/aliso.fr\\\/reseau\\\/alisopop-la-fete-du-reseau\\\/\",\"name\":\"ALISO'POP : la f\u00eate du r\u00e9seau - Aliso R\u00e9seau\",\"isPartOf\":{\"@id\":\"https:\\\/\\\/aliso.fr\\\/reseau\\\/#website\"},\"primaryImageOfPage\":{\"@id\":\"https:\\\/\\\/aliso.fr\\\/reseau\\\/alisopop-la-fete-du-reseau\\\/#primaryimage\"},\"image\":{\"@id\":\"https:\\\/\\\/aliso.fr\\\/reseau\\\/alisopop-la-fete-du-reseau\\\/#primaryimage\"},\"thumbnailUrl\":\"https:\\\/\\\/aliso.fr\\\/reseau\\\/wp-content\\\/uploads\\\/sites\\\/4\\\/2022\\\/04\\\/AlisoPop-pdf.jpg\",\"datePublished\":\"2022-04-26T07:32:00+00:00\",\"dateModified\":\"2022-04-27T10:52:31+00:00\",\"breadcrumb\":{\"@id\":\"https:\\\/\\\/aliso.fr\\\/reseau\\\/alisopop-la-fete-du-reseau\\\/#breadcrumb\"},\"inLanguage\":\"fr-FR\",\"potentialAction\":[{\"@type\":\"ReadAction\",\"target\":[\"https:\\\/\\\/aliso.fr\\\/reseau\\\/alisopop-la-fete-du-reseau\\\/\"]}]},{\"@type\":\"ImageObject\",\"inLanguage\":\"fr-FR\",\"@id\":\"https:\\\/\\\/aliso.fr\\\/reseau\\\/alisopop-la-fete-du-reseau\\\/#primaryimage\",\"url\":\"https:\\\/\\\/aliso.fr\\\/reseau\\\/wp-content\\\/uploads\\\/sites\\\/4\\\/2022\\\/04\\\/AlisoPop-pdf.jpg\",\"contentUrl\":\"https:\\\/\\\/aliso.fr\\\/reseau\\\/wp-content\\\/uploads\\\/sites\\\/4\\\/2022\\\/04\\\/AlisoPop-pdf.jpg\"},{\"@type\":\"BreadcrumbList\",\"@id\":\"https:\\\/\\\/aliso.fr\\\/reseau\\\/alisopop-la-fete-du-reseau\\\/#breadcrumb\",\"itemListElement\":[{\"@type\":\"ListItem\",\"position\":1,\"name\":\"Accueil\",\"item\":\"https:\\\/\\\/aliso.fr\\\/reseau\\\/\"},{\"@type\":\"ListItem\",\"position\":2,\"name\":\"Actualit\u00e9\",\"item\":\"https:\\\/\\\/aliso.fr\\\/reseau\\\/actualite\\\/\"},{\"@type\":\"ListItem\",\"position\":3,\"name\":\"ALISO&rsquo;POP : la f\u00eate du r\u00e9seau\"}]},{\"@type\":\"WebSite\",\"@id\":\"https:\\\/\\\/aliso.fr\\\/reseau\\\/#website\",\"url\":\"https:\\\/\\\/aliso.fr\\\/reseau\\\/\",\"name\":\"Aliso R\u00e9seau\",\"description\":\"R\u00e9seau Creusois des acteurs du lien social\",\"publisher\":{\"@id\":\"https:\\\/\\\/aliso.fr\\\/reseau\\\/#organization\"},\"potentialAction\":[{\"@type\":\"SearchAction\",\"target\":{\"@type\":\"EntryPoint\",\"urlTemplate\":\"https:\\\/\\\/aliso.fr\\\/reseau\\\/?s={search_term_string}\"},\"query-input\":{\"@type\":\"PropertyValueSpecification\",\"valueRequired\":true,\"valueName\":\"search_term_string\"}}],\"inLanguage\":\"fr-FR\"},{\"@type\":\"Organization\",\"@id\":\"https:\\\/\\\/aliso.fr\\\/reseau\\\/#organization\",\"name\":\"Aliso R\u00e9seau\",\"url\":\"https:\\\/\\\/aliso.fr\\\/reseau\\\/\",\"logo\":{\"@type\":\"ImageObject\",\"inLanguage\":\"fr-FR\",\"@id\":\"https:\\\/\\\/aliso.fr\\\/reseau\\\/#\\\/schema\\\/logo\\\/image\\\/\",\"url\":\"https:\\\/\\\/aliso.fr\\\/reseau\\\/wp-content\\\/uploads\\\/sites\\\/4\\\/2022\\\/01\\\/Logo-ALISO-Reseau-2.png\",\"contentUrl\":\"https:\\\/\\\/aliso.fr\\\/reseau\\\/wp-content\\\/uploads\\\/sites\\\/4\\\/2022\\\/01\\\/Logo-ALISO-Reseau-2.png\",\"width\":900,\"height\":970,\"caption\":\"Aliso R\u00e9seau\"},\"image\":{\"@id\":\"https:\\\/\\\/aliso.fr\\\/reseau\\\/#\\\/schema\\\/logo\\\/image\\\/\"}},{\"@type\":\"Person\",\"@id\":\"https:\\\/\\\/aliso.fr\\\/reseau\\\/#\\\/schema\\\/person\\\/056af145b9c52eee21a9f739489104a5\",\"name\":\"laure\"}]}<\/script>\n<!-- \/ Yoast SEO plugin. -->","yoast_head_json":{"title":"ALISO'POP : la f\u00eate du r\u00e9seau - Aliso R\u00e9seau","robots":{"index":"index","follow":"follow","max-snippet":"max-snippet:-1","max-image-preview":"max-image-preview:large","max-video-preview":"max-video-preview:-1"},"canonical":"https:\/\/aliso.fr\/reseau\/alisopop-la-fete-du-reseau\/","og_locale":"fr_FR","og_type":"article","og_title":"ALISO'POP : la f\u00eate du r\u00e9seau - Aliso R\u00e9seau","og_description":"Convivialit\u00e9, l\u00e9g\u00e8ret\u00e9, prise de recul, rencontres, \u00e9changes sur nos histoires, parler d&rsquo;\u00e9ducation populaire, savoir ce que font les uns et les autres, comprendre ce qui nous rassemble, discuter de ce qui nous fait faire r\u00e9seau, prendre le temps, boire un verre, partager une bonne bouffe, simplement, faire la f\u00eate, se faire un bon concert, arr\u00eater... En savoir plus &raquo;","og_url":"https:\/\/aliso.fr\/reseau\/alisopop-la-fete-du-reseau\/","og_site_name":"Aliso R\u00e9seau","article_published_time":"2022-04-26T07:32:00+00:00","article_modified_time":"2022-04-27T10:52:31+00:00","author":"laure","twitter_card":"summary_large_image","schema":{"@context":"https:\/\/schema.org","@graph":[{"@type":"Article","@id":"https:\/\/aliso.fr\/reseau\/alisopop-la-fete-du-reseau\/#article","isPartOf":{"@id":"https:\/\/aliso.fr\/reseau\/alisopop-la-fete-du-reseau\/"},"author":{"name":"laure","@id":"https:\/\/aliso.fr\/reseau\/#\/schema\/person\/056af145b9c52eee21a9f739489104a5"},"headline":"ALISO&rsquo;POP : la f\u00eate du r\u00e9seau","datePublished":"2022-04-26T07:32:00+00:00","dateModified":"2022-04-27T10:52:31+00:00","mainEntityOfPage":{"@id":"https:\/\/aliso.fr\/reseau\/alisopop-la-fete-du-reseau\/"},"wordCount":201,"publisher":{"@id":"https:\/\/aliso.fr\/reseau\/#organization"},"image":{"@id":"https:\/\/aliso.fr\/reseau\/alisopop-la-fete-du-reseau\/#primaryimage"},"thumbnailUrl":"https:\/\/aliso.fr\/reseau\/wp-content\/uploads\/sites\/4\/2022\/04\/AlisoPop-pdf.jpg","articleSection":["Actualit\u00e9"],"inLanguage":"fr-FR"},{"@type":"WebPage","@id":"https:\/\/aliso.fr\/reseau\/alisopop-la-fete-du-reseau\/","url":"https:\/\/aliso.fr\/reseau\/alisopop-la-fete-du-reseau\/","name":"ALISO'POP : la f\u00eate du r\u00e9seau - Aliso R\u00e9seau","isPartOf":{"@id":"https:\/\/aliso.fr\/reseau\/#website"},"primaryImageOfPage":{"@id":"https:\/\/aliso.fr\/reseau\/alisopop-la-fete-du-reseau\/#primaryimage"},"image":{"@id":"https:\/\/aliso.fr\/reseau\/alisopop-la-fete-du-reseau\/#primaryimage"},"thumbnailUrl":"https:\/\/aliso.fr\/reseau\/wp-content\/uploads\/sites\/4\/2022\/04\/AlisoPop-pdf.jpg","datePublished":"2022-04-26T07:32:00+00:00","dateModified":"2022-04-27T10:52:31+00:00","breadcrumb":{"@id":"https:\/\/aliso.fr\/reseau\/alisopop-la-fete-du-reseau\/#breadcrumb"},"inLanguage":"fr-FR","potentialAction":[{"@type":"ReadAction","target":["https:\/\/aliso.fr\/reseau\/alisopop-la-fete-du-reseau\/"]}]},{"@type":"ImageObject","inLanguage":"fr-FR","@id":"https:\/\/aliso.fr\/reseau\/alisopop-la-fete-du-reseau\/#primaryimage","url":"https:\/\/aliso.fr\/reseau\/wp-content\/uploads\/sites\/4\/2022\/04\/AlisoPop-pdf.jpg","contentUrl":"https:\/\/aliso.fr\/reseau\/wp-content\/uploads\/sites\/4\/2022\/04\/AlisoPop-pdf.jpg"},{"@type":"BreadcrumbList","@id":"https:\/\/aliso.fr\/reseau\/alisopop-la-fete-du-reseau\/#breadcrumb","itemListElement":[{"@type":"ListItem","position":1,"name":"Accueil","item":"https:\/\/aliso.fr\/reseau\/"},{"@type":"ListItem","position":2,"name":"Actualit\u00e9","item":"https:\/\/aliso.fr\/reseau\/actualite\/"},{"@type":"ListItem","position":3,"name":"ALISO&rsquo;POP : la f\u00eate du r\u00e9seau"}]},{"@type":"WebSite","@id":"https:\/\/aliso.fr\/reseau\/#website","url":"https:\/\/aliso.fr\/reseau\/","name":"Aliso R\u00e9seau","description":"R\u00e9seau Creusois des acteurs du lien social","publisher":{"@id":"https:\/\/aliso.fr\/reseau\/#organization"},"potentialAction":[{"@type":"SearchAction","target":{"@type":"EntryPoint","urlTemplate":"https:\/\/aliso.fr\/reseau\/?s={search_term_string}"},"query-input":{"@type":"PropertyValueSpecification","valueRequired":true,"valueName":"search_term_string"}}],"inLanguage":"fr-FR"},{"@type":"Organization","@id":"https:\/\/aliso.fr\/reseau\/#organization","name":"Aliso R\u00e9seau","url":"https:\/\/aliso.fr\/reseau\/","logo":{"@type":"ImageObject","inLanguage":"fr-FR","@id":"https:\/\/aliso.fr\/reseau\/#\/schema\/logo\/image\/","url":"https:\/\/aliso.fr\/reseau\/wp-content\/uploads\/sites\/4\/2022\/01\/Logo-ALISO-Reseau-2.png","contentUrl":"https:\/\/aliso.fr\/reseau\/wp-content\/uploads\/sites\/4\/2022\/01\/Logo-ALISO-Reseau-2.png","width":900,"height":970,"caption":"Aliso R\u00e9seau"},"image":{"@id":"https:\/\/aliso.fr\/reseau\/#\/schema\/logo\/image\/"}},{"@type":"Person","@id":"https:\/\/aliso.fr\/reseau\/#\/schema\/person\/056af145b9c52eee21a9f739489104a5","name":"laure"}]}},"_links":{"self":[{"href":"https:\/\/aliso.fr\/reseau\/wp-json\/wp\/v2\/posts\/801","targetHints":{"allow":["GET"]}}],"collection":[{"href":"https:\/\/aliso.fr\/reseau\/wp-json\/wp\/v2\/posts"}],"about":[{"href":"https:\/\/aliso.fr\/reseau\/wp-json\/wp\/v2\/types\/post"}],"author":[{"embeddable":true,"href":"https:\/\/aliso.fr\/reseau\/wp-json\/wp\/v2\/users\/3"}],"replies":[{"embeddable":true,"href":"https:\/\/aliso.fr\/reseau\/wp-json\/wp\/v2\/comments?post=801"}],"version-history":[{"count":2,"href":"https:\/\/aliso.fr\/reseau\/wp-json\/wp\/v2\/posts\/801\/revisions"}],"predecessor-version":[{"id":855,"href":"https:\/\/aliso.fr\/reseau\/wp-json\/wp\/v2\/posts\/801\/revisions\/855"}],"wp:featuredmedia":[{"embeddable":true,"href":"https:\/\/aliso.fr\/reseau\/wp-json\/wp\/v2\/media\/803"}],"wp:attachment":[{"href":"https:\/\/aliso.fr\/reseau\/wp-json\/wp\/v2\/media?parent=801"}],"wp:term":[{"taxonomy":"category","embeddable":true,"href":"https:\/\/aliso.fr\/reseau\/wp-json\/wp\/v2\/categories?post=801"},{"taxonomy":"post_tag","embeddable":true,"href":"https:\/\/aliso.fr\/reseau\/wp-json\/wp\/v2\/tags?post=801"}],"curies":[{"name":"wp","href":"https:\/\/api.w.org\/{rel}","templated":true}]}}