{"id":825,"date":"2022-04-14T10:37:05","date_gmt":"2022-04-14T08:37:05","guid":{"rendered":"https:\/\/aliso.fr\/reseau\/?p=825"},"modified":"2022-07-19T15:51:06","modified_gmt":"2022-07-19T13:51:06","slug":"projet-dejeps-animation-en-creuse","status":"publish","type":"post","link":"https:\/\/aliso.fr\/reseau\/projet-dejeps-animation-en-creuse\/","title":{"rendered":"DEJEPS Animation en Creuse"},"content":{"rendered":"\n<p>Un DEJEPS animation socio-educative ou culturelle va ouvrir ses portes en d\u00e9cembre 2022 \u00e0 La Souterraine. Il aura pour double mention  D\u00c9VELOPPEMENT DE PROJETS TERRITOIRES ET R\u00c9SEAUX OU ANIMATION SOCIALE.<\/p>\n\n\n\n<p>Pour toutes informations, contactez les CEMEA Nouvelle Aquitaine <a href=\"https:\/\/www.cemea-nouvelle-aquitaine.fr\/les-formations-des-cemea-de-nouvelle-aquitaine\/les-formations-professionnelles\/la-formation-dejeps\/dejeps-animation-sociale\" target=\"_blank\" rel=\"noreferrer noopener\">https:\/\/www.cemea-nouvelle-aquitaine.fr\/les-formations-des-cemea-de-nouvelle-aquitaine\/les-formations-professionnelles\/la-formation-dejeps\/dejeps-animation-sociale<\/a> <\/p>\n\n\n\n<p><\/p>\n","protected":false},"excerpt":{"rendered":"<p>Un DEJEPS animation socio-educative ou culturelle va ouvrir ses portes en d\u00e9cembre 2022 \u00e0 La Souterraine. Il aura pour double mention D\u00c9VELOPPEMENT DE PROJETS TERRITOIRES ET R\u00c9SEAUX OU ANIMATION SOCIALE. Pour toutes informations, contactez les CEMEA Nouvelle Aquitaine https:\/\/www.cemea-nouvelle-aquitaine.fr\/les-formations-des-cemea-de-nouvelle-aquitaine\/les-formations-professionnelles\/la-formation-dejeps\/dejeps-animation-sociale<\/p>\n","protected":false},"author":2,"featured_media":72,"comment_status":"closed","ping_status":"open","sticky":false,"template":"","format":"standard","meta":{"footnotes":""},"categories":[3,1],"tags":[21,20,19],"class_list":["post-825","post","type-post","status-publish","format-standard","has-post-thumbnail","hentry","category-actualite","category-non-classe","tag-animation","tag-dejeps","tag-formation"],"yoast_head":"<!-- This site is optimized with the Yoast SEO plugin v27.5 - https:\/\/yoast.com\/product\/yoast-seo-wordpress\/ -->\n<title>DEJEPS Animation en Creuse - Aliso R\u00e9seau<\/title>\n<meta name=\"description\" content=\"Projet de formation ouvert aux salari\u00e9s ou demandeurs d&#039;emploi. R\u00e9union d&#039;information le 9 mai. Inscription obligatoire\" \/>\n<meta name=\"robots\" content=\"index, follow, max-snippet:-1, max-image-preview:large, max-video-preview:-1\" \/>\n<link rel=\"canonical\" href=\"https:\/\/aliso.fr\/reseau\/projet-dejeps-animation-en-creuse\/\" \/>\n<meta property=\"og:locale\" content=\"fr_FR\" \/>\n<meta property=\"og:type\" content=\"article\" \/>\n<meta property=\"og:title\" content=\"DEJEPS Animation en Creuse - Aliso R\u00e9seau\" \/>\n<meta property=\"og:description\" content=\"Projet de formation ouvert aux salari\u00e9s ou demandeurs d&#039;emploi. R\u00e9union d&#039;information le 9 mai. Inscription obligatoire\" \/>\n<meta property=\"og:url\" content=\"https:\/\/aliso.fr\/reseau\/projet-dejeps-animation-en-creuse\/\" \/>\n<meta property=\"og:site_name\" content=\"Aliso R\u00e9seau\" \/>\n<meta property=\"article:published_time\" content=\"2022-04-14T08:37:05+00:00\" \/>\n<meta property=\"article:modified_time\" content=\"2022-07-19T13:51:06+00:00\" \/>\n<meta property=\"og:image\" content=\"https:\/\/aliso.fr\/reseau\/wp-content\/uploads\/sites\/4\/2021\/10\/Gerd-Altmann-de-pixabay-enquete.jpg\" \/>\n\t<meta property=\"og:image:width\" content=\"1920\" \/>\n\t<meta property=\"og:image:height\" content=\"855\" \/>\n\t<meta property=\"og:image:type\" content=\"image\/jpeg\" \/>\n<meta name=\"author\" content=\"christelle\" \/>\n<meta name=\"twitter:card\" content=\"summary_large_image\" \/>\n<script type=\"application\/ld+json\" class=\"yoast-schema-graph\">{\"@context\":\"https:\\\/\\\/schema.org\",\"@graph\":[{\"@type\":\"Article\",\"@id\":\"https:\\\/\\\/aliso.fr\\\/reseau\\\/projet-dejeps-animation-en-creuse\\\/#article\",\"isPartOf\":{\"@id\":\"https:\\\/\\\/aliso.fr\\\/reseau\\\/projet-dejeps-animation-en-creuse\\\/\"},\"author\":{\"name\":\"christelle\",\"@id\":\"https:\\\/\\\/aliso.fr\\\/reseau\\\/#\\\/schema\\\/person\\\/3a2058d0bbacc09bceadec421e515a51\"},\"headline\":\"DEJEPS Animation en Creuse\",\"datePublished\":\"2022-04-14T08:37:05+00:00\",\"dateModified\":\"2022-07-19T13:51:06+00:00\",\"mainEntityOfPage\":{\"@id\":\"https:\\\/\\\/aliso.fr\\\/reseau\\\/projet-dejeps-animation-en-creuse\\\/\"},\"wordCount\":51,\"publisher\":{\"@id\":\"https:\\\/\\\/aliso.fr\\\/reseau\\\/#organization\"},\"image\":{\"@id\":\"https:\\\/\\\/aliso.fr\\\/reseau\\\/projet-dejeps-animation-en-creuse\\\/#primaryimage\"},\"thumbnailUrl\":\"https:\\\/\\\/aliso.fr\\\/reseau\\\/wp-content\\\/uploads\\\/sites\\\/4\\\/2021\\\/10\\\/Gerd-Altmann-de-pixabay-enquete.jpg\",\"keywords\":[\"animation\",\"DEJEPS\",\"formation\"],\"articleSection\":[\"Actualit\u00e9\"],\"inLanguage\":\"fr-FR\"},{\"@type\":\"WebPage\",\"@id\":\"https:\\\/\\\/aliso.fr\\\/reseau\\\/projet-dejeps-animation-en-creuse\\\/\",\"url\":\"https:\\\/\\\/aliso.fr\\\/reseau\\\/projet-dejeps-animation-en-creuse\\\/\",\"name\":\"DEJEPS Animation en Creuse - Aliso R\u00e9seau\",\"isPartOf\":{\"@id\":\"https:\\\/\\\/aliso.fr\\\/reseau\\\/#website\"},\"primaryImageOfPage\":{\"@id\":\"https:\\\/\\\/aliso.fr\\\/reseau\\\/projet-dejeps-animation-en-creuse\\\/#primaryimage\"},\"image\":{\"@id\":\"https:\\\/\\\/aliso.fr\\\/reseau\\\/projet-dejeps-animation-en-creuse\\\/#primaryimage\"},\"thumbnailUrl\":\"https:\\\/\\\/aliso.fr\\\/reseau\\\/wp-content\\\/uploads\\\/sites\\\/4\\\/2021\\\/10\\\/Gerd-Altmann-de-pixabay-enquete.jpg\",\"datePublished\":\"2022-04-14T08:37:05+00:00\",\"dateModified\":\"2022-07-19T13:51:06+00:00\",\"description\":\"Projet de formation ouvert aux salari\u00e9s ou demandeurs d'emploi. R\u00e9union d'information le 9 mai. Inscription obligatoire\",\"breadcrumb\":{\"@id\":\"https:\\\/\\\/aliso.fr\\\/reseau\\\/projet-dejeps-animation-en-creuse\\\/#breadcrumb\"},\"inLanguage\":\"fr-FR\",\"potentialAction\":[{\"@type\":\"ReadAction\",\"target\":[\"https:\\\/\\\/aliso.fr\\\/reseau\\\/projet-dejeps-animation-en-creuse\\\/\"]}]},{\"@type\":\"ImageObject\",\"inLanguage\":\"fr-FR\",\"@id\":\"https:\\\/\\\/aliso.fr\\\/reseau\\\/projet-dejeps-animation-en-creuse\\\/#primaryimage\",\"url\":\"https:\\\/\\\/aliso.fr\\\/reseau\\\/wp-content\\\/uploads\\\/sites\\\/4\\\/2021\\\/10\\\/Gerd-Altmann-de-pixabay-enquete.jpg\",\"contentUrl\":\"https:\\\/\\\/aliso.fr\\\/reseau\\\/wp-content\\\/uploads\\\/sites\\\/4\\\/2021\\\/10\\\/Gerd-Altmann-de-pixabay-enquete.jpg\",\"width\":1920,\"height\":855},{\"@type\":\"BreadcrumbList\",\"@id\":\"https:\\\/\\\/aliso.fr\\\/reseau\\\/projet-dejeps-animation-en-creuse\\\/#breadcrumb\",\"itemListElement\":[{\"@type\":\"ListItem\",\"position\":1,\"name\":\"Accueil\",\"item\":\"https:\\\/\\\/aliso.fr\\\/reseau\\\/\"},{\"@type\":\"ListItem\",\"position\":2,\"name\":\"Actualit\u00e9\",\"item\":\"https:\\\/\\\/aliso.fr\\\/reseau\\\/actualite\\\/\"},{\"@type\":\"ListItem\",\"position\":3,\"name\":\"DEJEPS Animation en Creuse\"}]},{\"@type\":\"WebSite\",\"@id\":\"https:\\\/\\\/aliso.fr\\\/reseau\\\/#website\",\"url\":\"https:\\\/\\\/aliso.fr\\\/reseau\\\/\",\"name\":\"Aliso R\u00e9seau\",\"description\":\"R\u00e9seau Creusois des acteurs du lien social\",\"publisher\":{\"@id\":\"https:\\\/\\\/aliso.fr\\\/reseau\\\/#organization\"},\"potentialAction\":[{\"@type\":\"SearchAction\",\"target\":{\"@type\":\"EntryPoint\",\"urlTemplate\":\"https:\\\/\\\/aliso.fr\\\/reseau\\\/?s={search_term_string}\"},\"query-input\":{\"@type\":\"PropertyValueSpecification\",\"valueRequired\":true,\"valueName\":\"search_term_string\"}}],\"inLanguage\":\"fr-FR\"},{\"@type\":\"Organization\",\"@id\":\"https:\\\/\\\/aliso.fr\\\/reseau\\\/#organization\",\"name\":\"Aliso R\u00e9seau\",\"url\":\"https:\\\/\\\/aliso.fr\\\/reseau\\\/\",\"logo\":{\"@type\":\"ImageObject\",\"inLanguage\":\"fr-FR\",\"@id\":\"https:\\\/\\\/aliso.fr\\\/reseau\\\/#\\\/schema\\\/logo\\\/image\\\/\",\"url\":\"https:\\\/\\\/aliso.fr\\\/reseau\\\/wp-content\\\/uploads\\\/sites\\\/4\\\/2022\\\/01\\\/Logo-ALISO-Reseau-2.png\",\"contentUrl\":\"https:\\\/\\\/aliso.fr\\\/reseau\\\/wp-content\\\/uploads\\\/sites\\\/4\\\/2022\\\/01\\\/Logo-ALISO-Reseau-2.png\",\"width\":900,\"height\":970,\"caption\":\"Aliso R\u00e9seau\"},\"image\":{\"@id\":\"https:\\\/\\\/aliso.fr\\\/reseau\\\/#\\\/schema\\\/logo\\\/image\\\/\"}},{\"@type\":\"Person\",\"@id\":\"https:\\\/\\\/aliso.fr\\\/reseau\\\/#\\\/schema\\\/person\\\/3a2058d0bbacc09bceadec421e515a51\",\"name\":\"christelle\"}]}<\/script>\n<!-- \/ Yoast SEO plugin. -->","yoast_head_json":{"title":"DEJEPS Animation en Creuse - Aliso R\u00e9seau","description":"Projet de formation ouvert aux salari\u00e9s ou demandeurs d'emploi. R\u00e9union d'information le 9 mai. Inscription obligatoire","robots":{"index":"index","follow":"follow","max-snippet":"max-snippet:-1","max-image-preview":"max-image-preview:large","max-video-preview":"max-video-preview:-1"},"canonical":"https:\/\/aliso.fr\/reseau\/projet-dejeps-animation-en-creuse\/","og_locale":"fr_FR","og_type":"article","og_title":"DEJEPS Animation en Creuse - Aliso R\u00e9seau","og_description":"Projet de formation ouvert aux salari\u00e9s ou demandeurs d'emploi. R\u00e9union d'information le 9 mai. Inscription obligatoire","og_url":"https:\/\/aliso.fr\/reseau\/projet-dejeps-animation-en-creuse\/","og_site_name":"Aliso R\u00e9seau","article_published_time":"2022-04-14T08:37:05+00:00","article_modified_time":"2022-07-19T13:51:06+00:00","og_image":[{"width":1920,"height":855,"url":"https:\/\/aliso.fr\/reseau\/wp-content\/uploads\/sites\/4\/2021\/10\/Gerd-Altmann-de-pixabay-enquete.jpg","type":"image\/jpeg"}],"author":"christelle","twitter_card":"summary_large_image","schema":{"@context":"https:\/\/schema.org","@graph":[{"@type":"Article","@id":"https:\/\/aliso.fr\/reseau\/projet-dejeps-animation-en-creuse\/#article","isPartOf":{"@id":"https:\/\/aliso.fr\/reseau\/projet-dejeps-animation-en-creuse\/"},"author":{"name":"christelle","@id":"https:\/\/aliso.fr\/reseau\/#\/schema\/person\/3a2058d0bbacc09bceadec421e515a51"},"headline":"DEJEPS Animation en Creuse","datePublished":"2022-04-14T08:37:05+00:00","dateModified":"2022-07-19T13:51:06+00:00","mainEntityOfPage":{"@id":"https:\/\/aliso.fr\/reseau\/projet-dejeps-animation-en-creuse\/"},"wordCount":51,"publisher":{"@id":"https:\/\/aliso.fr\/reseau\/#organization"},"image":{"@id":"https:\/\/aliso.fr\/reseau\/projet-dejeps-animation-en-creuse\/#primaryimage"},"thumbnailUrl":"https:\/\/aliso.fr\/reseau\/wp-content\/uploads\/sites\/4\/2021\/10\/Gerd-Altmann-de-pixabay-enquete.jpg","keywords":["animation","DEJEPS","formation"],"articleSection":["Actualit\u00e9"],"inLanguage":"fr-FR"},{"@type":"WebPage","@id":"https:\/\/aliso.fr\/reseau\/projet-dejeps-animation-en-creuse\/","url":"https:\/\/aliso.fr\/reseau\/projet-dejeps-animation-en-creuse\/","name":"DEJEPS Animation en Creuse - Aliso R\u00e9seau","isPartOf":{"@id":"https:\/\/aliso.fr\/reseau\/#website"},"primaryImageOfPage":{"@id":"https:\/\/aliso.fr\/reseau\/projet-dejeps-animation-en-creuse\/#primaryimage"},"image":{"@id":"https:\/\/aliso.fr\/reseau\/projet-dejeps-animation-en-creuse\/#primaryimage"},"thumbnailUrl":"https:\/\/aliso.fr\/reseau\/wp-content\/uploads\/sites\/4\/2021\/10\/Gerd-Altmann-de-pixabay-enquete.jpg","datePublished":"2022-04-14T08:37:05+00:00","dateModified":"2022-07-19T13:51:06+00:00","description":"Projet de formation ouvert aux salari\u00e9s ou demandeurs d'emploi. R\u00e9union d'information le 9 mai. Inscription obligatoire","breadcrumb":{"@id":"https:\/\/aliso.fr\/reseau\/projet-dejeps-animation-en-creuse\/#breadcrumb"},"inLanguage":"fr-FR","potentialAction":[{"@type":"ReadAction","target":["https:\/\/aliso.fr\/reseau\/projet-dejeps-animation-en-creuse\/"]}]},{"@type":"ImageObject","inLanguage":"fr-FR","@id":"https:\/\/aliso.fr\/reseau\/projet-dejeps-animation-en-creuse\/#primaryimage","url":"https:\/\/aliso.fr\/reseau\/wp-content\/uploads\/sites\/4\/2021\/10\/Gerd-Altmann-de-pixabay-enquete.jpg","contentUrl":"https:\/\/aliso.fr\/reseau\/wp-content\/uploads\/sites\/4\/2021\/10\/Gerd-Altmann-de-pixabay-enquete.jpg","width":1920,"height":855},{"@type":"BreadcrumbList","@id":"https:\/\/aliso.fr\/reseau\/projet-dejeps-animation-en-creuse\/#breadcrumb","itemListElement":[{"@type":"ListItem","position":1,"name":"Accueil","item":"https:\/\/aliso.fr\/reseau\/"},{"@type":"ListItem","position":2,"name":"Actualit\u00e9","item":"https:\/\/aliso.fr\/reseau\/actualite\/"},{"@type":"ListItem","position":3,"name":"DEJEPS Animation en Creuse"}]},{"@type":"WebSite","@id":"https:\/\/aliso.fr\/reseau\/#website","url":"https:\/\/aliso.fr\/reseau\/","name":"Aliso R\u00e9seau","description":"R\u00e9seau Creusois des acteurs du lien social","publisher":{"@id":"https:\/\/aliso.fr\/reseau\/#organization"},"potentialAction":[{"@type":"SearchAction","target":{"@type":"EntryPoint","urlTemplate":"https:\/\/aliso.fr\/reseau\/?s={search_term_string}"},"query-input":{"@type":"PropertyValueSpecification","valueRequired":true,"valueName":"search_term_string"}}],"inLanguage":"fr-FR"},{"@type":"Organization","@id":"https:\/\/aliso.fr\/reseau\/#organization","name":"Aliso R\u00e9seau","url":"https:\/\/aliso.fr\/reseau\/","logo":{"@type":"ImageObject","inLanguage":"fr-FR","@id":"https:\/\/aliso.fr\/reseau\/#\/schema\/logo\/image\/","url":"https:\/\/aliso.fr\/reseau\/wp-content\/uploads\/sites\/4\/2022\/01\/Logo-ALISO-Reseau-2.png","contentUrl":"https:\/\/aliso.fr\/reseau\/wp-content\/uploads\/sites\/4\/2022\/01\/Logo-ALISO-Reseau-2.png","width":900,"height":970,"caption":"Aliso R\u00e9seau"},"image":{"@id":"https:\/\/aliso.fr\/reseau\/#\/schema\/logo\/image\/"}},{"@type":"Person","@id":"https:\/\/aliso.fr\/reseau\/#\/schema\/person\/3a2058d0bbacc09bceadec421e515a51","name":"christelle"}]}},"_links":{"self":[{"href":"https:\/\/aliso.fr\/reseau\/wp-json\/wp\/v2\/posts\/825","targetHints":{"allow":["GET"]}}],"collection":[{"href":"https:\/\/aliso.fr\/reseau\/wp-json\/wp\/v2\/posts"}],"about":[{"href":"https:\/\/aliso.fr\/reseau\/wp-json\/wp\/v2\/types\/post"}],"author":[{"embeddable":true,"href":"https:\/\/aliso.fr\/reseau\/wp-json\/wp\/v2\/users\/2"}],"replies":[{"embeddable":true,"href":"https:\/\/aliso.fr\/reseau\/wp-json\/wp\/v2\/comments?post=825"}],"version-history":[{"count":5,"href":"https:\/\/aliso.fr\/reseau\/wp-json\/wp\/v2\/posts\/825\/revisions"}],"predecessor-version":[{"id":1031,"href":"https:\/\/aliso.fr\/reseau\/wp-json\/wp\/v2\/posts\/825\/revisions\/1031"}],"wp:featuredmedia":[{"embeddable":true,"href":"https:\/\/aliso.fr\/reseau\/wp-json\/wp\/v2\/media\/72"}],"wp:attachment":[{"href":"https:\/\/aliso.fr\/reseau\/wp-json\/wp\/v2\/media?parent=825"}],"wp:term":[{"taxonomy":"category","embeddable":true,"href":"https:\/\/aliso.fr\/reseau\/wp-json\/wp\/v2\/categories?post=825"},{"taxonomy":"post_tag","embeddable":true,"href":"https:\/\/aliso.fr\/reseau\/wp-json\/wp\/v2\/tags?post=825"}],"curies":[{"name":"wp","href":"https:\/\/api.w.org\/{rel}","templated":true}]}}