{"id":899,"date":"2022-04-25T12:37:00","date_gmt":"2022-04-25T10:37:00","guid":{"rendered":"https:\/\/aliso.fr\/reseau\/?p=899"},"modified":"2022-04-27T15:18:42","modified_gmt":"2022-04-27T13:18:42","slug":"accompagnement-des-projets-avs","status":"publish","type":"post","link":"https:\/\/aliso.fr\/reseau\/accompagnement-des-projets-avs\/","title":{"rendered":"Accompagnement des projets AVS"},"content":{"rendered":"\n<h2 class=\"wp-block-heading\">Partenariat avec la CAF de la Creuse<\/h2>\n\n\n\n<div class=\"wp-block-media-text alignwide is-stacked-on-mobile\" style=\"grid-template-columns:48% auto\"><figure class=\"wp-block-media-text__media\"><img loading=\"lazy\" decoding=\"async\" width=\"186\" height=\"271\" src=\"https:\/\/aliso.fr\/reseau\/wp-content\/uploads\/sites\/4\/2022\/04\/logo-caf.png\" alt=\"\" class=\"wp-image-903 size-full\" srcset=\"https:\/\/aliso.fr\/reseau\/wp-content\/uploads\/sites\/4\/2022\/04\/logo-caf.png 186w, https:\/\/aliso.fr\/reseau\/wp-content\/uploads\/sites\/4\/2022\/04\/logo-caf-130x190.png 130w\" sizes=\"auto, (max-width: 186px) 100vw, 186px\" \/><\/figure><div class=\"wp-block-media-text__content\">\n<p class=\"has-text-align-center has-medium-font-size\">Nous nous sommes retrouv\u00e9s jeudi 14 avril 2022 entre 13h45 et 16h30 pour une apr\u00e8s-midi d&rsquo;atelier, d&rsquo;information et de construction autour de l&rsquo;accompagnement des structures de l&rsquo;animation de la vie sociale de Creuse concernant leur projet social. <br>Nous vous partagerons tr\u00e8s prochainement les perspectives donn\u00e9es \u00e0 cette premi\u00e8re rencontre.<\/p>\n<\/div><\/div>\n","protected":false},"excerpt":{"rendered":"<p>Partenariat avec la CAF de la Creuse Nous nous sommes retrouv\u00e9s jeudi 14 avril 2022 entre 13h45 et 16h30 pour une apr\u00e8s-midi d&rsquo;atelier, d&rsquo;information et de construction autour de l&rsquo;accompagnement des structures de l&rsquo;animation de la vie sociale de Creuse concernant leur projet social. Nous vous partagerons tr\u00e8s prochainement les perspectives donn\u00e9es \u00e0 cette premi\u00e8re&#8230; <a class=\"excerpt-read-more button\" href=\"https:\/\/aliso.fr\/reseau\/accompagnement-des-projets-avs\/\" title=\"ReadAccompagnement des projets AVS\">En savoir plus &raquo;<\/a><\/p>\n","protected":false},"author":3,"featured_media":903,"comment_status":"closed","ping_status":"open","sticky":false,"template":"","format":"standard","meta":{"footnotes":""},"categories":[3,7],"tags":[],"class_list":["post-899","post","type-post","status-publish","format-standard","has-post-thumbnail","hentry","category-actualite","category-nos-actions"],"yoast_head":"<!-- This site is optimized with the Yoast SEO plugin v27.4 - https:\/\/yoast.com\/product\/yoast-seo-wordpress\/ -->\n<title>Accompagnement des projets AVS - Aliso R\u00e9seau<\/title>\n<meta name=\"description\" content=\"partenariat entre ALISO et la CAF de la Creuse - accompagnement des structures pour les projets d&#039;animation de la vie sociale.14 avril Gu\u00e9ret\" \/>\n<meta name=\"robots\" content=\"index, follow, max-snippet:-1, max-image-preview:large, max-video-preview:-1\" \/>\n<link rel=\"canonical\" href=\"https:\/\/aliso.fr\/reseau\/accompagnement-des-projets-avs\/\" \/>\n<meta property=\"og:locale\" content=\"fr_FR\" \/>\n<meta property=\"og:type\" content=\"article\" \/>\n<meta property=\"og:title\" content=\"Accompagnement des projets AVS - Aliso R\u00e9seau\" \/>\n<meta property=\"og:description\" content=\"partenariat entre ALISO et la CAF de la Creuse - accompagnement des structures pour les projets d&#039;animation de la vie sociale.14 avril Gu\u00e9ret\" \/>\n<meta property=\"og:url\" content=\"https:\/\/aliso.fr\/reseau\/accompagnement-des-projets-avs\/\" \/>\n<meta property=\"og:site_name\" content=\"Aliso R\u00e9seau\" \/>\n<meta property=\"article:published_time\" content=\"2022-04-25T10:37:00+00:00\" \/>\n<meta property=\"article:modified_time\" content=\"2022-04-27T13:18:42+00:00\" \/>\n<meta property=\"og:image\" content=\"https:\/\/aliso.fr\/reseau\/wp-content\/uploads\/sites\/4\/2022\/04\/logo-caf.png\" \/>\n\t<meta property=\"og:image:width\" content=\"186\" \/>\n\t<meta property=\"og:image:height\" content=\"271\" \/>\n\t<meta property=\"og:image:type\" content=\"image\/png\" \/>\n<meta name=\"author\" content=\"laure\" \/>\n<meta name=\"twitter:card\" content=\"summary_large_image\" \/>\n<script type=\"application\/ld+json\" class=\"yoast-schema-graph\">{\"@context\":\"https:\\\/\\\/schema.org\",\"@graph\":[{\"@type\":\"Article\",\"@id\":\"https:\\\/\\\/aliso.fr\\\/reseau\\\/accompagnement-des-projets-avs\\\/#article\",\"isPartOf\":{\"@id\":\"https:\\\/\\\/aliso.fr\\\/reseau\\\/accompagnement-des-projets-avs\\\/\"},\"author\":{\"name\":\"laure\",\"@id\":\"https:\\\/\\\/aliso.fr\\\/reseau\\\/#\\\/schema\\\/person\\\/056af145b9c52eee21a9f739489104a5\"},\"headline\":\"Accompagnement des projets AVS\",\"datePublished\":\"2022-04-25T10:37:00+00:00\",\"dateModified\":\"2022-04-27T13:18:42+00:00\",\"mainEntityOfPage\":{\"@id\":\"https:\\\/\\\/aliso.fr\\\/reseau\\\/accompagnement-des-projets-avs\\\/\"},\"wordCount\":66,\"publisher\":{\"@id\":\"https:\\\/\\\/aliso.fr\\\/reseau\\\/#organization\"},\"image\":{\"@id\":\"https:\\\/\\\/aliso.fr\\\/reseau\\\/accompagnement-des-projets-avs\\\/#primaryimage\"},\"thumbnailUrl\":\"https:\\\/\\\/aliso.fr\\\/reseau\\\/wp-content\\\/uploads\\\/sites\\\/4\\\/2022\\\/04\\\/logo-caf.png\",\"articleSection\":[\"Actualit\u00e9\",\"Nos actions\"],\"inLanguage\":\"fr-FR\"},{\"@type\":\"WebPage\",\"@id\":\"https:\\\/\\\/aliso.fr\\\/reseau\\\/accompagnement-des-projets-avs\\\/\",\"url\":\"https:\\\/\\\/aliso.fr\\\/reseau\\\/accompagnement-des-projets-avs\\\/\",\"name\":\"Accompagnement des projets AVS - Aliso R\u00e9seau\",\"isPartOf\":{\"@id\":\"https:\\\/\\\/aliso.fr\\\/reseau\\\/#website\"},\"primaryImageOfPage\":{\"@id\":\"https:\\\/\\\/aliso.fr\\\/reseau\\\/accompagnement-des-projets-avs\\\/#primaryimage\"},\"image\":{\"@id\":\"https:\\\/\\\/aliso.fr\\\/reseau\\\/accompagnement-des-projets-avs\\\/#primaryimage\"},\"thumbnailUrl\":\"https:\\\/\\\/aliso.fr\\\/reseau\\\/wp-content\\\/uploads\\\/sites\\\/4\\\/2022\\\/04\\\/logo-caf.png\",\"datePublished\":\"2022-04-25T10:37:00+00:00\",\"dateModified\":\"2022-04-27T13:18:42+00:00\",\"description\":\"partenariat entre ALISO et la CAF de la Creuse - accompagnement des structures pour les projets d'animation de la vie sociale.14 avril Gu\u00e9ret\",\"breadcrumb\":{\"@id\":\"https:\\\/\\\/aliso.fr\\\/reseau\\\/accompagnement-des-projets-avs\\\/#breadcrumb\"},\"inLanguage\":\"fr-FR\",\"potentialAction\":[{\"@type\":\"ReadAction\",\"target\":[\"https:\\\/\\\/aliso.fr\\\/reseau\\\/accompagnement-des-projets-avs\\\/\"]}]},{\"@type\":\"ImageObject\",\"inLanguage\":\"fr-FR\",\"@id\":\"https:\\\/\\\/aliso.fr\\\/reseau\\\/accompagnement-des-projets-avs\\\/#primaryimage\",\"url\":\"https:\\\/\\\/aliso.fr\\\/reseau\\\/wp-content\\\/uploads\\\/sites\\\/4\\\/2022\\\/04\\\/logo-caf.png\",\"contentUrl\":\"https:\\\/\\\/aliso.fr\\\/reseau\\\/wp-content\\\/uploads\\\/sites\\\/4\\\/2022\\\/04\\\/logo-caf.png\",\"width\":186,\"height\":271},{\"@type\":\"BreadcrumbList\",\"@id\":\"https:\\\/\\\/aliso.fr\\\/reseau\\\/accompagnement-des-projets-avs\\\/#breadcrumb\",\"itemListElement\":[{\"@type\":\"ListItem\",\"position\":1,\"name\":\"Accueil\",\"item\":\"https:\\\/\\\/aliso.fr\\\/reseau\\\/\"},{\"@type\":\"ListItem\",\"position\":2,\"name\":\"Actualit\u00e9\",\"item\":\"https:\\\/\\\/aliso.fr\\\/reseau\\\/actualite\\\/\"},{\"@type\":\"ListItem\",\"position\":3,\"name\":\"Accompagnement des projets AVS\"}]},{\"@type\":\"WebSite\",\"@id\":\"https:\\\/\\\/aliso.fr\\\/reseau\\\/#website\",\"url\":\"https:\\\/\\\/aliso.fr\\\/reseau\\\/\",\"name\":\"Aliso R\u00e9seau\",\"description\":\"R\u00e9seau Creusois des acteurs du lien social\",\"publisher\":{\"@id\":\"https:\\\/\\\/aliso.fr\\\/reseau\\\/#organization\"},\"potentialAction\":[{\"@type\":\"SearchAction\",\"target\":{\"@type\":\"EntryPoint\",\"urlTemplate\":\"https:\\\/\\\/aliso.fr\\\/reseau\\\/?s={search_term_string}\"},\"query-input\":{\"@type\":\"PropertyValueSpecification\",\"valueRequired\":true,\"valueName\":\"search_term_string\"}}],\"inLanguage\":\"fr-FR\"},{\"@type\":\"Organization\",\"@id\":\"https:\\\/\\\/aliso.fr\\\/reseau\\\/#organization\",\"name\":\"Aliso R\u00e9seau\",\"url\":\"https:\\\/\\\/aliso.fr\\\/reseau\\\/\",\"logo\":{\"@type\":\"ImageObject\",\"inLanguage\":\"fr-FR\",\"@id\":\"https:\\\/\\\/aliso.fr\\\/reseau\\\/#\\\/schema\\\/logo\\\/image\\\/\",\"url\":\"https:\\\/\\\/aliso.fr\\\/reseau\\\/wp-content\\\/uploads\\\/sites\\\/4\\\/2022\\\/01\\\/Logo-ALISO-Reseau-2.png\",\"contentUrl\":\"https:\\\/\\\/aliso.fr\\\/reseau\\\/wp-content\\\/uploads\\\/sites\\\/4\\\/2022\\\/01\\\/Logo-ALISO-Reseau-2.png\",\"width\":900,\"height\":970,\"caption\":\"Aliso R\u00e9seau\"},\"image\":{\"@id\":\"https:\\\/\\\/aliso.fr\\\/reseau\\\/#\\\/schema\\\/logo\\\/image\\\/\"}},{\"@type\":\"Person\",\"@id\":\"https:\\\/\\\/aliso.fr\\\/reseau\\\/#\\\/schema\\\/person\\\/056af145b9c52eee21a9f739489104a5\",\"name\":\"laure\"}]}<\/script>\n<!-- \/ Yoast SEO plugin. -->","yoast_head_json":{"title":"Accompagnement des projets AVS - Aliso R\u00e9seau","description":"partenariat entre ALISO et la CAF de la Creuse - accompagnement des structures pour les projets d'animation de la vie sociale.14 avril Gu\u00e9ret","robots":{"index":"index","follow":"follow","max-snippet":"max-snippet:-1","max-image-preview":"max-image-preview:large","max-video-preview":"max-video-preview:-1"},"canonical":"https:\/\/aliso.fr\/reseau\/accompagnement-des-projets-avs\/","og_locale":"fr_FR","og_type":"article","og_title":"Accompagnement des projets AVS - Aliso R\u00e9seau","og_description":"partenariat entre ALISO et la CAF de la Creuse - accompagnement des structures pour les projets d'animation de la vie sociale.14 avril Gu\u00e9ret","og_url":"https:\/\/aliso.fr\/reseau\/accompagnement-des-projets-avs\/","og_site_name":"Aliso R\u00e9seau","article_published_time":"2022-04-25T10:37:00+00:00","article_modified_time":"2022-04-27T13:18:42+00:00","og_image":[{"width":186,"height":271,"url":"https:\/\/aliso.fr\/reseau\/wp-content\/uploads\/sites\/4\/2022\/04\/logo-caf.png","type":"image\/png"}],"author":"laure","twitter_card":"summary_large_image","schema":{"@context":"https:\/\/schema.org","@graph":[{"@type":"Article","@id":"https:\/\/aliso.fr\/reseau\/accompagnement-des-projets-avs\/#article","isPartOf":{"@id":"https:\/\/aliso.fr\/reseau\/accompagnement-des-projets-avs\/"},"author":{"name":"laure","@id":"https:\/\/aliso.fr\/reseau\/#\/schema\/person\/056af145b9c52eee21a9f739489104a5"},"headline":"Accompagnement des projets AVS","datePublished":"2022-04-25T10:37:00+00:00","dateModified":"2022-04-27T13:18:42+00:00","mainEntityOfPage":{"@id":"https:\/\/aliso.fr\/reseau\/accompagnement-des-projets-avs\/"},"wordCount":66,"publisher":{"@id":"https:\/\/aliso.fr\/reseau\/#organization"},"image":{"@id":"https:\/\/aliso.fr\/reseau\/accompagnement-des-projets-avs\/#primaryimage"},"thumbnailUrl":"https:\/\/aliso.fr\/reseau\/wp-content\/uploads\/sites\/4\/2022\/04\/logo-caf.png","articleSection":["Actualit\u00e9","Nos actions"],"inLanguage":"fr-FR"},{"@type":"WebPage","@id":"https:\/\/aliso.fr\/reseau\/accompagnement-des-projets-avs\/","url":"https:\/\/aliso.fr\/reseau\/accompagnement-des-projets-avs\/","name":"Accompagnement des projets AVS - Aliso R\u00e9seau","isPartOf":{"@id":"https:\/\/aliso.fr\/reseau\/#website"},"primaryImageOfPage":{"@id":"https:\/\/aliso.fr\/reseau\/accompagnement-des-projets-avs\/#primaryimage"},"image":{"@id":"https:\/\/aliso.fr\/reseau\/accompagnement-des-projets-avs\/#primaryimage"},"thumbnailUrl":"https:\/\/aliso.fr\/reseau\/wp-content\/uploads\/sites\/4\/2022\/04\/logo-caf.png","datePublished":"2022-04-25T10:37:00+00:00","dateModified":"2022-04-27T13:18:42+00:00","description":"partenariat entre ALISO et la CAF de la Creuse - accompagnement des structures pour les projets d'animation de la vie sociale.14 avril Gu\u00e9ret","breadcrumb":{"@id":"https:\/\/aliso.fr\/reseau\/accompagnement-des-projets-avs\/#breadcrumb"},"inLanguage":"fr-FR","potentialAction":[{"@type":"ReadAction","target":["https:\/\/aliso.fr\/reseau\/accompagnement-des-projets-avs\/"]}]},{"@type":"ImageObject","inLanguage":"fr-FR","@id":"https:\/\/aliso.fr\/reseau\/accompagnement-des-projets-avs\/#primaryimage","url":"https:\/\/aliso.fr\/reseau\/wp-content\/uploads\/sites\/4\/2022\/04\/logo-caf.png","contentUrl":"https:\/\/aliso.fr\/reseau\/wp-content\/uploads\/sites\/4\/2022\/04\/logo-caf.png","width":186,"height":271},{"@type":"BreadcrumbList","@id":"https:\/\/aliso.fr\/reseau\/accompagnement-des-projets-avs\/#breadcrumb","itemListElement":[{"@type":"ListItem","position":1,"name":"Accueil","item":"https:\/\/aliso.fr\/reseau\/"},{"@type":"ListItem","position":2,"name":"Actualit\u00e9","item":"https:\/\/aliso.fr\/reseau\/actualite\/"},{"@type":"ListItem","position":3,"name":"Accompagnement des projets AVS"}]},{"@type":"WebSite","@id":"https:\/\/aliso.fr\/reseau\/#website","url":"https:\/\/aliso.fr\/reseau\/","name":"Aliso R\u00e9seau","description":"R\u00e9seau Creusois des acteurs du lien social","publisher":{"@id":"https:\/\/aliso.fr\/reseau\/#organization"},"potentialAction":[{"@type":"SearchAction","target":{"@type":"EntryPoint","urlTemplate":"https:\/\/aliso.fr\/reseau\/?s={search_term_string}"},"query-input":{"@type":"PropertyValueSpecification","valueRequired":true,"valueName":"search_term_string"}}],"inLanguage":"fr-FR"},{"@type":"Organization","@id":"https:\/\/aliso.fr\/reseau\/#organization","name":"Aliso R\u00e9seau","url":"https:\/\/aliso.fr\/reseau\/","logo":{"@type":"ImageObject","inLanguage":"fr-FR","@id":"https:\/\/aliso.fr\/reseau\/#\/schema\/logo\/image\/","url":"https:\/\/aliso.fr\/reseau\/wp-content\/uploads\/sites\/4\/2022\/01\/Logo-ALISO-Reseau-2.png","contentUrl":"https:\/\/aliso.fr\/reseau\/wp-content\/uploads\/sites\/4\/2022\/01\/Logo-ALISO-Reseau-2.png","width":900,"height":970,"caption":"Aliso R\u00e9seau"},"image":{"@id":"https:\/\/aliso.fr\/reseau\/#\/schema\/logo\/image\/"}},{"@type":"Person","@id":"https:\/\/aliso.fr\/reseau\/#\/schema\/person\/056af145b9c52eee21a9f739489104a5","name":"laure"}]}},"_links":{"self":[{"href":"https:\/\/aliso.fr\/reseau\/wp-json\/wp\/v2\/posts\/899","targetHints":{"allow":["GET"]}}],"collection":[{"href":"https:\/\/aliso.fr\/reseau\/wp-json\/wp\/v2\/posts"}],"about":[{"href":"https:\/\/aliso.fr\/reseau\/wp-json\/wp\/v2\/types\/post"}],"author":[{"embeddable":true,"href":"https:\/\/aliso.fr\/reseau\/wp-json\/wp\/v2\/users\/3"}],"replies":[{"embeddable":true,"href":"https:\/\/aliso.fr\/reseau\/wp-json\/wp\/v2\/comments?post=899"}],"version-history":[{"count":2,"href":"https:\/\/aliso.fr\/reseau\/wp-json\/wp\/v2\/posts\/899\/revisions"}],"predecessor-version":[{"id":905,"href":"https:\/\/aliso.fr\/reseau\/wp-json\/wp\/v2\/posts\/899\/revisions\/905"}],"wp:featuredmedia":[{"embeddable":true,"href":"https:\/\/aliso.fr\/reseau\/wp-json\/wp\/v2\/media\/903"}],"wp:attachment":[{"href":"https:\/\/aliso.fr\/reseau\/wp-json\/wp\/v2\/media?parent=899"}],"wp:term":[{"taxonomy":"category","embeddable":true,"href":"https:\/\/aliso.fr\/reseau\/wp-json\/wp\/v2\/categories?post=899"},{"taxonomy":"post_tag","embeddable":true,"href":"https:\/\/aliso.fr\/reseau\/wp-json\/wp\/v2\/tags?post=899"}],"curies":[{"name":"wp","href":"https:\/\/api.w.org\/{rel}","templated":true}]}}