{"id":906,"date":"2022-04-27T15:30:09","date_gmt":"2022-04-27T13:30:09","guid":{"rendered":"https:\/\/aliso.fr\/reseau\/?p=906"},"modified":"2022-04-27T15:57:40","modified_gmt":"2022-04-27T13:57:40","slug":"parole-de-reseau","status":"publish","type":"post","link":"https:\/\/aliso.fr\/reseau\/parole-de-reseau\/","title":{"rendered":"D\u00e9brief de \u00ab\u00a0Parole de r\u00e9seau\u00a0\u00bb"},"content":{"rendered":"\n<h2 class=\"wp-block-heading\">Ap\u00e9ro de restitution des visites \u00e0 travers le r\u00e9seau<\/h2>\n\n\n\n<p><em>Retour sur deux rencontres potentiellement moteurs pour la dynamique de r\u00e9seau :<\/em><br><strong>Jeudi 7 avril au Bakao, caf\u00e9 associatif de la r\u00e9sidence habitat jeunes \u00e0 Gu\u00e9ret<br>Jeudi 14 avril au Mange-Cailloux, bar restaurant du Village de Masgot \u00e0 Frans\u00e8ches<\/strong><\/p>\n\n\n\n<p>Vous \u00e9tiez l\u00e0 ou vous auriez aim\u00e9 y \u00eatre, ou en tous cas, savoir ce qui s&rsquo;est dit ?<br><\/p>\n\n\n\n<p>L\u2019horaire indiqu\u00e9 pour les deux ap\u00e9ritifs \u00e9tait 18h-20h.<br>Les personnes sont arriv\u00e9es de mani\u00e8re \u00e9chelonn\u00e9e entre 18h et 18h30.<br>Cela a permis de commencer \u00e0 discuter et se rencontrer avant de d\u00e9marrer la restitution.<br>L\u2019expos\u00e9, en appui sur un diaporama num\u00e9rique, a dur\u00e9 une heure, laissant place \u00e0 des \u00e9changes sur environ une heure, la soir\u00e9e se terminant entre 20h et 20h45 finalement.<\/p>\n\n\n\n<p>A Gu\u00e9ret, les interventions du r\u00e9seau se sont faites plut\u00f4t en fin d\u2019expos\u00e9 alors qu\u2019\u00e0 Masgot, les questions et remarques se sont int\u00e9gr\u00e9es aussi au cours de la pr\u00e9sentation.<\/p>\n\n\n\n<div class=\"wp-block-image\"><figure class=\"aligncenter size-large\"><img loading=\"lazy\" decoding=\"async\" width=\"241\" height=\"330\" src=\"https:\/\/aliso.fr\/reseau\/wp-content\/uploads\/sites\/4\/2022\/04\/Capture-decran-7-1-241x330.png\" alt=\"\" class=\"wp-image-908\" srcset=\"https:\/\/aliso.fr\/reseau\/wp-content\/uploads\/sites\/4\/2022\/04\/Capture-decran-7-1-241x330.png 241w, https:\/\/aliso.fr\/reseau\/wp-content\/uploads\/sites\/4\/2022\/04\/Capture-decran-7-1-139x190.png 139w, https:\/\/aliso.fr\/reseau\/wp-content\/uploads\/sites\/4\/2022\/04\/Capture-decran-7-1.png 511w\" sizes=\"auto, (max-width: 241px) 100vw, 241px\" \/><\/figure><\/div>\n\n\n\n<p><strong><u>Participation<\/u><\/strong><\/p>\n\n\n\n<p>La tenue de ses temps conviviaux informatifs et propices \u00e0 la rencontre et \u00e0 l\u2019\u00e9change, a \u00e9t\u00e9 communiqu\u00e9e dans un premier temps, environ un mois et demi \u00e0 l\u2019avance, par courrier \u00e9lectronique avec rappel quelques jours avant l\u2019\u00e9v\u00e8nement, par diffusion de l\u2019agenda des temps forts d\u2019Aliso juste avant l\u2019Assembl\u00e9e G\u00e9n\u00e9rale Ordinaire de fin mars, lors de l\u2019AG le 26 mars , apr\u00e8s l\u2019AG entre la fin mars et d\u00e9but avril (par courrier num\u00e9rique, \u00ab&nbsp;flying&nbsp;\u00bb \u00e0 l\u2019AG et lors de diff\u00e9rents groupes th\u00e9matiques ou autres rencontres, voie postale), et par t\u00e9l\u00e9phone entre d\u00e9but mars et mi-avril.<br>Les partenaires n\u2019ont pas \u00e9t\u00e9 directement invit\u00e9s dans un premier temps, si ce n\u2019est par l\u2019information transmise en AG. Enfin, la CAF a \u00e9t\u00e9 invit\u00e9e officiellement \u00e0 l\u2019approche du premier temps \u00e0 Gu\u00e9ret.<\/p>\n\n\n\n<p><strong>Les rendez-vous ont \u00e9t\u00e9 choisis sur les crit\u00e8res suivants&nbsp;:<\/strong><br>&#8211; En fin de semaine mais pas le vendredi<br>&#8211; En soir\u00e9e mais pas trop tard<br>&#8211; Des lieux conviviaux \u00e0 faire d\u00e9couvrir ou red\u00e9couvrir dans le r\u00e9seau<br>&#8211; Des endroits qui facilitent l\u2019acc\u00e8s au plus grand nombre<br>&#8211; Proposer deux temps pour laisser le choix<br>&#8211; Hors vacances scolaires pour faciliter la participation<br>&#8211; En avril pour donner un \u00e9lan au reste de l\u2019ann\u00e9e 2022<br><br><strong>A Gu\u00e9ret&nbsp;:<\/strong><br>8 structures ont fait savoir qu\u2019elles seraient susceptibles de participer.<br>Finalement, 4 structures et la CAF \u00e9taient repr\u00e9sent\u00e9es, soient 9 personnes.<br><br><strong>A Masgot&nbsp;:<\/strong><br>10 structures ont fait savoir qu\u2019elles \u00e9taient susceptibles de participer.<br>Finalement, 4 structures et ALISO ont \u00e9t\u00e9 repr\u00e9sent\u00e9es, soient 6 personnes.<br><br><em>Ce m\u00eame jour, en apr\u00e8s-midi, une r\u00e9union \u00e0 la CAF, \u00e0 Gu\u00e9ret, se tenait&nbsp;: entre 35 et 40 personnes du r\u00e9seau participaient. Cela a \u00e9t\u00e9 notamment l\u2019occasion de rappeler l\u2019ap\u00e9ro-r\u00e9seau du soir.<\/em><br><br>Ainsi, sur 15 participants, 13 personnes de 8 structures du r\u00e9seau, ont b\u00e9n\u00e9fici\u00e9 de ces espaces de discussion et de rendu, soit moins d\u2019un tiers, un peu plus d\u2019un quart des structures adh\u00e9rentes.<br><br><strong><u>Echanges, Remarques et Perspectives<\/u><\/strong><\/p>\n\n\n\n<p>Les personnes pr\u00e9sentes, sur le vif, ont fait des retours positifs sur leur exp\u00e9rience de ces ap\u00e9ro-r\u00e9seau&nbsp;: l\u2019occasion de voir d\u2019autres personnes du r\u00e9seau, rencontrer d\u2019autres structures, d\u2019avoir un regard clair sur les tendances, l\u2019actualit\u00e9, l\u2019activit\u00e9 et les pr\u00e9occupations du r\u00e9seau. Leur participation aux \u00e9changes a sembl\u00e9 montr\u00e9 un int\u00e9r\u00eat \u00e0 proposer des pistes d\u2019actions communes, \u00e9changer des informations et initier de nouvelles suggestions.<br>Pour certains, cela a pu \u00eatre un moyen de se mettre en lien et d\u2019envisager d\u2019\u00e9ventuelles collaborations futures. (FOL 23 et VASI)<br>Un des participants a propos\u00e9 de renouveler la formule de l\u2019ap\u00e9ro-r\u00e9seau localement sur un territoire, en esp\u00e9rant mobiliser et informer les adh\u00e9rents partenaires d\u2019une zone. (Agora)<br>Un sondage pourrait alimenter l\u2019\u00e9valuation du temps mais solliciterait une fois de plus les personnes.<\/p>\n\n\n\n<p>Toutefois, certains participants ont manifest\u00e9 la frustration de ne pas trouver plus de membres du r\u00e9seau mobilis\u00e9s pour l\u2019occasion.<br><br>L\u2019observation de la carte ensemble a r\u00e9v\u00e9l\u00e9 que les personnes pr\u00e9sentes pensaient connaitre globalement l\u2019ensemble des adh\u00e9rents et leur activit\u00e9, except\u00e9 une \u00e0 trois structures.<br><\/p>\n\n\n\n<p class=\"has-vivid-green-cyan-color has-text-color\"><strong>Th\u00e9matiques soulev\u00e9es lors des discussions\u00a0:<\/strong><\/p>\n\n\n\n<ul class=\"has-vivid-green-cyan-color has-text-color has-medium-font-size wp-block-list\"><li><strong>Aborder les \u00e9lus<\/strong>\u00a0: Il n\u2019y aurait pas d recette et la m\u00e9thode pourrait varier en fonction des territoires et des personnes. La CAF a rappel\u00e9 qu\u2019elle pouvait jouer le r\u00f4le de m\u00e9diation, soutenir, notamment dans le cadre des Conventions Territoriales Globales. Elle ne d\u00e9pend pas des mandats politiques mais peut aider \u00e0 montrer qu\u2019un appui institutionnel existe et \u00e9viter de sursolliciter pour gagner en pertinence et en efficacit\u00e9. Il a aussi \u00e9t\u00e9 sugg\u00e9r\u00e9 d\u2019\u00eatre parfois suffisamment patient pour accepter d\u2019attendre la fin d\u2019un cycle, d\u2019un mandat.<\/li><li><strong>Int\u00e9r\u00eat des r\u00e9seaux<\/strong>\u00a0: confronter ses difficult\u00e9s et ses r\u00e9ussites.<\/li><li><strong>A quels autres r\u00e9seaux sont rattach\u00e9s les diff\u00e9rents adh\u00e9rents d\u2019ALISO ?<\/strong> Cela permettrait notamment d\u2019observer que rares sont les structures \u00e0 ne s\u2019appuyer que sur un r\u00e9seau. Certaines structures oublient de mentionner certains r\u00e9seaux auxquels elles sont affili\u00e9es par habitude ou parce qu\u2019elles n\u2019ont pas toujours conscience qu\u2019il s\u2019agit d\u2019un r\u00e9seau d\u2019appui.<\/li><li><strong>Nouveaut\u00e9 avec le poste de facilitatrice de r\u00e9seau<\/strong>\u00a0: Cela relance une dynamique qu\u2019on voit bien appara\u00eetre et peut amener aussi un autre sens \u00e0 ALISO. Lorsqu\u2019un salari\u00e9 arrivait dans une structure, il pouvait facilement associer ALISO \u00e0 la formation et seulement la formation. Cela pouvait \u00e9ventuellement traduire un ph\u00e9nom\u00e8ne d\u2019oubli de ce que peut \u00eatre le r\u00e9seau car cette fonction \u00e9tait moins forte avant la prise de poste de la facilitatrice de r\u00e9seau, qui a permis de se rencontrer et de rendre concret cela.<\/li><li><strong>Solidarit\u00e9s des comp\u00e9tences<\/strong>\u00a0: Exemple donn\u00e9 de la situation de M\u00e9lanie de VASI avec les Moussus, qui a donn\u00e9, avec l\u2019aval de ses administrateurs, des heures d\u2019aide sur la comptabilit\u00e9. Occasion d\u2019\u00e9voquer le \u00ab\u00a0droit de tirage\u00a0\u00bb formul\u00e9 par Associations-nous (S\u2019extraire de sa structure pour aller en aider une autre ou participer \u00e0 son activit\u00e9).<\/li><li><strong>A propos du partage d\u2019un poste\u00a0<\/strong>(propos\u00e9 par deux structures lors des visites)<strong> : <\/strong>VASI pourrait \u00eatre int\u00e9ress\u00e9 par le partage d\u2019un comptable prochainement.<\/li><li><strong>Glossaire et Vulgarisation de la sph\u00e8re ESS\u00a0<\/strong>: La Dynamo a commenc\u00e9 un glossaire mais d\u2019autres structures aussi, Masgot a initi\u00e9 ou songe \u00e0 faire un sch\u00e9ma pour expliquer les fonctions des diff\u00e9rents partenaires et instances qui interf\u00e8rent dans cet univers. Encouragement \u00e0 r\u00e9unir ces travaux pour les diffuser.<\/li><li><strong>Se r\u00e9unir autour des dispositifs et \u00ab\u00a0bons plans\u00a0\u00bb\u00a0<\/strong>: La restitution du 14 avril \u00e0 Masgot a amen\u00e9 les pr\u00e9sents \u00e0 \u00e9changer autour des diff\u00e9rentes ficelles qu\u2019ils tirent pour mettre en place leurs projets, de les expliquer, les d\u00e9finir et donner un aper\u00e7u des m\u00e9thodes pour solliciter la mise \u00e0 disposition de financements, mat\u00e9riels, services, aides en tous genres. Invitation \u00e0 cr\u00e9er de la rencontre autour de cette pr\u00e9occupation.<\/li><li><strong>Solliciter l\u2019IREPS pour mettre en place des formations\u00a0: <\/strong>pas seulement sur de la pr\u00e9vention sant\u00e9 \u00ab\u00a0standard\u00a0\u00bb.<\/li><li><strong>Un dossier du r\u00e9seau\u00a0:<\/strong> Pour mettre \u00e0 l\u2019\u00e9preuve l\u2019absurdit\u00e9 de certaines d\u00e9marches d\u2019appels \u00e0 projets et de demandes de financements, mais aussi dans une dynamique solidaire et coh\u00e9rente de r\u00e9seau, il pourrait \u00eatre int\u00e9ressant de faire une demande de subvention commune \u00e0 l\u2019ensemble du r\u00e9seau.<br>La difficult\u00e9 abord\u00e9e a \u00e9t\u00e9 le fait que sur certaines demandes on n&rsquo;a pas l&rsquo;autorisation de mettre des salaires en charge : il est attendu de l&rsquo;achat de prestation, de mat\u00e9riel, etc etc<br>Parfois, il faudrait presque qu\u2019on demande \u00e0 une structure voisine de faire un dossier pour ensuite lui demander de solliciter notre structure sur une prestation pour parvenir \u00e0 justifier notre fa\u00e7on de d\u00e9penser des financements, dont on a pourtant besoin pour mettre en \u0153uvre ce qu\u2019on propose. Faire un dossier commun \u00e0 tous viendrait interroger la mise en concurrence et le manque de fluidit\u00e9 de ces demandes.<\/li><li><strong>Volont\u00e9 de permettre la rencontre entre salari\u00e9s du r\u00e9seau et salari\u00e9s de collectivit\u00e9s\u00a0:<\/strong> via la formation ou des groupes m\u00e9tiers et th\u00e9matiques, pour nourrir les uns des autres, et pas scinder.<\/li><li><strong>Ressources formation\u00a0:<\/strong> Scop Oc\u00e9ane \u00e0 Nantes (communication et comptabilit\u00e9 pour les b\u00e9n\u00e9voles d\u2019association), Canop\u00e9e (CLAS).<br><br><strong>En attendant un format plus complet, vous pouvez retrouver le diaporama <a href=\"https:\/\/nuage.aliso.fr\/index.php\/s\/DAS4oCfgtYgWdfN\" target=\"_blank\" rel=\"noreferrer noopener\">ici<\/a>, mais sans les explications pour le moment&#8230;<\/strong><br><br><\/li><\/ul>\n\n\n\n<p><\/p>\n","protected":false},"excerpt":{"rendered":"<p>Ap\u00e9ro de restitution des visites \u00e0 travers le r\u00e9seau Retour sur deux rencontres potentiellement moteurs pour la dynamique de r\u00e9seau :Jeudi 7 avril au Bakao, caf\u00e9 associatif de la r\u00e9sidence habitat jeunes \u00e0 Gu\u00e9retJeudi 14 avril au Mange-Cailloux, bar restaurant du Village de Masgot \u00e0 Frans\u00e8ches Vous \u00e9tiez l\u00e0 ou vous auriez aim\u00e9 y \u00eatre,&#8230; <a class=\"excerpt-read-more button\" href=\"https:\/\/aliso.fr\/reseau\/parole-de-reseau\/\" title=\"ReadD\u00e9brief de \u00ab\u00a0Parole de r\u00e9seau\u00a0\u00bb\">En savoir plus &raquo;<\/a><\/p>\n","protected":false},"author":3,"featured_media":907,"comment_status":"closed","ping_status":"open","sticky":false,"template":"","format":"standard","meta":{"footnotes":""},"categories":[3,7],"tags":[],"class_list":["post-906","post","type-post","status-publish","format-standard","has-post-thumbnail","hentry","category-actualite","category-nos-actions"],"yoast_head":"<!-- This site is optimized with the Yoast SEO plugin v27.5 - https:\/\/yoast.com\/product\/yoast-seo-wordpress\/ -->\n<title>D\u00e9brief de &quot;Parole de r\u00e9seau&quot; - Aliso R\u00e9seau<\/title>\n<meta name=\"description\" content=\"Retrouver le d\u00e9brief de l&#039;ap\u00e9ro de r\u00e9seau des visites dans les structures entre octobre 2021 et mars 2022 -\" \/>\n<meta name=\"robots\" content=\"index, follow, max-snippet:-1, max-image-preview:large, max-video-preview:-1\" \/>\n<link rel=\"canonical\" href=\"https:\/\/aliso.fr\/reseau\/parole-de-reseau\/\" \/>\n<meta property=\"og:locale\" content=\"fr_FR\" \/>\n<meta property=\"og:type\" content=\"article\" \/>\n<meta property=\"og:title\" content=\"D\u00e9brief de &quot;Parole de r\u00e9seau&quot; - Aliso R\u00e9seau\" \/>\n<meta property=\"og:description\" content=\"Retrouver le d\u00e9brief de l&#039;ap\u00e9ro de r\u00e9seau des visites dans les structures entre octobre 2021 et mars 2022 -\" \/>\n<meta property=\"og:url\" content=\"https:\/\/aliso.fr\/reseau\/parole-de-reseau\/\" \/>\n<meta property=\"og:site_name\" content=\"Aliso R\u00e9seau\" \/>\n<meta property=\"article:published_time\" content=\"2022-04-27T13:30:09+00:00\" \/>\n<meta property=\"article:modified_time\" content=\"2022-04-27T13:57:40+00:00\" \/>\n<meta property=\"og:image\" content=\"https:\/\/aliso.fr\/reseau\/wp-content\/uploads\/sites\/4\/2022\/04\/Capture-decran-7.png\" \/>\n\t<meta property=\"og:image:width\" content=\"511\" \/>\n\t<meta property=\"og:image:height\" content=\"699\" \/>\n\t<meta property=\"og:image:type\" content=\"image\/png\" \/>\n<meta name=\"author\" content=\"laure\" \/>\n<meta name=\"twitter:card\" content=\"summary_large_image\" \/>\n<script type=\"application\/ld+json\" class=\"yoast-schema-graph\">{\"@context\":\"https:\\\/\\\/schema.org\",\"@graph\":[{\"@type\":\"Article\",\"@id\":\"https:\\\/\\\/aliso.fr\\\/reseau\\\/parole-de-reseau\\\/#article\",\"isPartOf\":{\"@id\":\"https:\\\/\\\/aliso.fr\\\/reseau\\\/parole-de-reseau\\\/\"},\"author\":{\"name\":\"laure\",\"@id\":\"https:\\\/\\\/aliso.fr\\\/reseau\\\/#\\\/schema\\\/person\\\/056af145b9c52eee21a9f739489104a5\"},\"headline\":\"D\u00e9brief de \u00ab\u00a0Parole de r\u00e9seau\u00a0\u00bb\",\"datePublished\":\"2022-04-27T13:30:09+00:00\",\"dateModified\":\"2022-04-27T13:57:40+00:00\",\"mainEntityOfPage\":{\"@id\":\"https:\\\/\\\/aliso.fr\\\/reseau\\\/parole-de-reseau\\\/\"},\"wordCount\":1474,\"publisher\":{\"@id\":\"https:\\\/\\\/aliso.fr\\\/reseau\\\/#organization\"},\"image\":{\"@id\":\"https:\\\/\\\/aliso.fr\\\/reseau\\\/parole-de-reseau\\\/#primaryimage\"},\"thumbnailUrl\":\"https:\\\/\\\/aliso.fr\\\/reseau\\\/wp-content\\\/uploads\\\/sites\\\/4\\\/2022\\\/04\\\/Capture-decran-7.png\",\"articleSection\":[\"Actualit\u00e9\",\"Nos actions\"],\"inLanguage\":\"fr-FR\"},{\"@type\":\"WebPage\",\"@id\":\"https:\\\/\\\/aliso.fr\\\/reseau\\\/parole-de-reseau\\\/\",\"url\":\"https:\\\/\\\/aliso.fr\\\/reseau\\\/parole-de-reseau\\\/\",\"name\":\"D\u00e9brief de \\\"Parole de r\u00e9seau\\\" - Aliso R\u00e9seau\",\"isPartOf\":{\"@id\":\"https:\\\/\\\/aliso.fr\\\/reseau\\\/#website\"},\"primaryImageOfPage\":{\"@id\":\"https:\\\/\\\/aliso.fr\\\/reseau\\\/parole-de-reseau\\\/#primaryimage\"},\"image\":{\"@id\":\"https:\\\/\\\/aliso.fr\\\/reseau\\\/parole-de-reseau\\\/#primaryimage\"},\"thumbnailUrl\":\"https:\\\/\\\/aliso.fr\\\/reseau\\\/wp-content\\\/uploads\\\/sites\\\/4\\\/2022\\\/04\\\/Capture-decran-7.png\",\"datePublished\":\"2022-04-27T13:30:09+00:00\",\"dateModified\":\"2022-04-27T13:57:40+00:00\",\"description\":\"Retrouver le d\u00e9brief de l'ap\u00e9ro de r\u00e9seau des visites dans les structures entre octobre 2021 et mars 2022 -\",\"breadcrumb\":{\"@id\":\"https:\\\/\\\/aliso.fr\\\/reseau\\\/parole-de-reseau\\\/#breadcrumb\"},\"inLanguage\":\"fr-FR\",\"potentialAction\":[{\"@type\":\"ReadAction\",\"target\":[\"https:\\\/\\\/aliso.fr\\\/reseau\\\/parole-de-reseau\\\/\"]}]},{\"@type\":\"ImageObject\",\"inLanguage\":\"fr-FR\",\"@id\":\"https:\\\/\\\/aliso.fr\\\/reseau\\\/parole-de-reseau\\\/#primaryimage\",\"url\":\"https:\\\/\\\/aliso.fr\\\/reseau\\\/wp-content\\\/uploads\\\/sites\\\/4\\\/2022\\\/04\\\/Capture-decran-7.png\",\"contentUrl\":\"https:\\\/\\\/aliso.fr\\\/reseau\\\/wp-content\\\/uploads\\\/sites\\\/4\\\/2022\\\/04\\\/Capture-decran-7.png\",\"width\":511,\"height\":699},{\"@type\":\"BreadcrumbList\",\"@id\":\"https:\\\/\\\/aliso.fr\\\/reseau\\\/parole-de-reseau\\\/#breadcrumb\",\"itemListElement\":[{\"@type\":\"ListItem\",\"position\":1,\"name\":\"Accueil\",\"item\":\"https:\\\/\\\/aliso.fr\\\/reseau\\\/\"},{\"@type\":\"ListItem\",\"position\":2,\"name\":\"Actualit\u00e9\",\"item\":\"https:\\\/\\\/aliso.fr\\\/reseau\\\/actualite\\\/\"},{\"@type\":\"ListItem\",\"position\":3,\"name\":\"D\u00e9brief de \u00ab\u00a0Parole de r\u00e9seau\u00a0\u00bb\"}]},{\"@type\":\"WebSite\",\"@id\":\"https:\\\/\\\/aliso.fr\\\/reseau\\\/#website\",\"url\":\"https:\\\/\\\/aliso.fr\\\/reseau\\\/\",\"name\":\"Aliso R\u00e9seau\",\"description\":\"R\u00e9seau Creusois des acteurs du lien social\",\"publisher\":{\"@id\":\"https:\\\/\\\/aliso.fr\\\/reseau\\\/#organization\"},\"potentialAction\":[{\"@type\":\"SearchAction\",\"target\":{\"@type\":\"EntryPoint\",\"urlTemplate\":\"https:\\\/\\\/aliso.fr\\\/reseau\\\/?s={search_term_string}\"},\"query-input\":{\"@type\":\"PropertyValueSpecification\",\"valueRequired\":true,\"valueName\":\"search_term_string\"}}],\"inLanguage\":\"fr-FR\"},{\"@type\":\"Organization\",\"@id\":\"https:\\\/\\\/aliso.fr\\\/reseau\\\/#organization\",\"name\":\"Aliso R\u00e9seau\",\"url\":\"https:\\\/\\\/aliso.fr\\\/reseau\\\/\",\"logo\":{\"@type\":\"ImageObject\",\"inLanguage\":\"fr-FR\",\"@id\":\"https:\\\/\\\/aliso.fr\\\/reseau\\\/#\\\/schema\\\/logo\\\/image\\\/\",\"url\":\"https:\\\/\\\/aliso.fr\\\/reseau\\\/wp-content\\\/uploads\\\/sites\\\/4\\\/2022\\\/01\\\/Logo-ALISO-Reseau-2.png\",\"contentUrl\":\"https:\\\/\\\/aliso.fr\\\/reseau\\\/wp-content\\\/uploads\\\/sites\\\/4\\\/2022\\\/01\\\/Logo-ALISO-Reseau-2.png\",\"width\":900,\"height\":970,\"caption\":\"Aliso R\u00e9seau\"},\"image\":{\"@id\":\"https:\\\/\\\/aliso.fr\\\/reseau\\\/#\\\/schema\\\/logo\\\/image\\\/\"}},{\"@type\":\"Person\",\"@id\":\"https:\\\/\\\/aliso.fr\\\/reseau\\\/#\\\/schema\\\/person\\\/056af145b9c52eee21a9f739489104a5\",\"name\":\"laure\"}]}<\/script>\n<!-- \/ Yoast SEO plugin. -->","yoast_head_json":{"title":"D\u00e9brief de \"Parole de r\u00e9seau\" - Aliso R\u00e9seau","description":"Retrouver le d\u00e9brief de l'ap\u00e9ro de r\u00e9seau des visites dans les structures entre octobre 2021 et mars 2022 -","robots":{"index":"index","follow":"follow","max-snippet":"max-snippet:-1","max-image-preview":"max-image-preview:large","max-video-preview":"max-video-preview:-1"},"canonical":"https:\/\/aliso.fr\/reseau\/parole-de-reseau\/","og_locale":"fr_FR","og_type":"article","og_title":"D\u00e9brief de \"Parole de r\u00e9seau\" - Aliso R\u00e9seau","og_description":"Retrouver le d\u00e9brief de l'ap\u00e9ro de r\u00e9seau des visites dans les structures entre octobre 2021 et mars 2022 -","og_url":"https:\/\/aliso.fr\/reseau\/parole-de-reseau\/","og_site_name":"Aliso R\u00e9seau","article_published_time":"2022-04-27T13:30:09+00:00","article_modified_time":"2022-04-27T13:57:40+00:00","og_image":[{"width":511,"height":699,"url":"https:\/\/aliso.fr\/reseau\/wp-content\/uploads\/sites\/4\/2022\/04\/Capture-decran-7.png","type":"image\/png"}],"author":"laure","twitter_card":"summary_large_image","schema":{"@context":"https:\/\/schema.org","@graph":[{"@type":"Article","@id":"https:\/\/aliso.fr\/reseau\/parole-de-reseau\/#article","isPartOf":{"@id":"https:\/\/aliso.fr\/reseau\/parole-de-reseau\/"},"author":{"name":"laure","@id":"https:\/\/aliso.fr\/reseau\/#\/schema\/person\/056af145b9c52eee21a9f739489104a5"},"headline":"D\u00e9brief de \u00ab\u00a0Parole de r\u00e9seau\u00a0\u00bb","datePublished":"2022-04-27T13:30:09+00:00","dateModified":"2022-04-27T13:57:40+00:00","mainEntityOfPage":{"@id":"https:\/\/aliso.fr\/reseau\/parole-de-reseau\/"},"wordCount":1474,"publisher":{"@id":"https:\/\/aliso.fr\/reseau\/#organization"},"image":{"@id":"https:\/\/aliso.fr\/reseau\/parole-de-reseau\/#primaryimage"},"thumbnailUrl":"https:\/\/aliso.fr\/reseau\/wp-content\/uploads\/sites\/4\/2022\/04\/Capture-decran-7.png","articleSection":["Actualit\u00e9","Nos actions"],"inLanguage":"fr-FR"},{"@type":"WebPage","@id":"https:\/\/aliso.fr\/reseau\/parole-de-reseau\/","url":"https:\/\/aliso.fr\/reseau\/parole-de-reseau\/","name":"D\u00e9brief de \"Parole de r\u00e9seau\" - Aliso R\u00e9seau","isPartOf":{"@id":"https:\/\/aliso.fr\/reseau\/#website"},"primaryImageOfPage":{"@id":"https:\/\/aliso.fr\/reseau\/parole-de-reseau\/#primaryimage"},"image":{"@id":"https:\/\/aliso.fr\/reseau\/parole-de-reseau\/#primaryimage"},"thumbnailUrl":"https:\/\/aliso.fr\/reseau\/wp-content\/uploads\/sites\/4\/2022\/04\/Capture-decran-7.png","datePublished":"2022-04-27T13:30:09+00:00","dateModified":"2022-04-27T13:57:40+00:00","description":"Retrouver le d\u00e9brief de l'ap\u00e9ro de r\u00e9seau des visites dans les structures entre octobre 2021 et mars 2022 -","breadcrumb":{"@id":"https:\/\/aliso.fr\/reseau\/parole-de-reseau\/#breadcrumb"},"inLanguage":"fr-FR","potentialAction":[{"@type":"ReadAction","target":["https:\/\/aliso.fr\/reseau\/parole-de-reseau\/"]}]},{"@type":"ImageObject","inLanguage":"fr-FR","@id":"https:\/\/aliso.fr\/reseau\/parole-de-reseau\/#primaryimage","url":"https:\/\/aliso.fr\/reseau\/wp-content\/uploads\/sites\/4\/2022\/04\/Capture-decran-7.png","contentUrl":"https:\/\/aliso.fr\/reseau\/wp-content\/uploads\/sites\/4\/2022\/04\/Capture-decran-7.png","width":511,"height":699},{"@type":"BreadcrumbList","@id":"https:\/\/aliso.fr\/reseau\/parole-de-reseau\/#breadcrumb","itemListElement":[{"@type":"ListItem","position":1,"name":"Accueil","item":"https:\/\/aliso.fr\/reseau\/"},{"@type":"ListItem","position":2,"name":"Actualit\u00e9","item":"https:\/\/aliso.fr\/reseau\/actualite\/"},{"@type":"ListItem","position":3,"name":"D\u00e9brief de \u00ab\u00a0Parole de r\u00e9seau\u00a0\u00bb"}]},{"@type":"WebSite","@id":"https:\/\/aliso.fr\/reseau\/#website","url":"https:\/\/aliso.fr\/reseau\/","name":"Aliso R\u00e9seau","description":"R\u00e9seau Creusois des acteurs du lien social","publisher":{"@id":"https:\/\/aliso.fr\/reseau\/#organization"},"potentialAction":[{"@type":"SearchAction","target":{"@type":"EntryPoint","urlTemplate":"https:\/\/aliso.fr\/reseau\/?s={search_term_string}"},"query-input":{"@type":"PropertyValueSpecification","valueRequired":true,"valueName":"search_term_string"}}],"inLanguage":"fr-FR"},{"@type":"Organization","@id":"https:\/\/aliso.fr\/reseau\/#organization","name":"Aliso R\u00e9seau","url":"https:\/\/aliso.fr\/reseau\/","logo":{"@type":"ImageObject","inLanguage":"fr-FR","@id":"https:\/\/aliso.fr\/reseau\/#\/schema\/logo\/image\/","url":"https:\/\/aliso.fr\/reseau\/wp-content\/uploads\/sites\/4\/2022\/01\/Logo-ALISO-Reseau-2.png","contentUrl":"https:\/\/aliso.fr\/reseau\/wp-content\/uploads\/sites\/4\/2022\/01\/Logo-ALISO-Reseau-2.png","width":900,"height":970,"caption":"Aliso R\u00e9seau"},"image":{"@id":"https:\/\/aliso.fr\/reseau\/#\/schema\/logo\/image\/"}},{"@type":"Person","@id":"https:\/\/aliso.fr\/reseau\/#\/schema\/person\/056af145b9c52eee21a9f739489104a5","name":"laure"}]}},"_links":{"self":[{"href":"https:\/\/aliso.fr\/reseau\/wp-json\/wp\/v2\/posts\/906","targetHints":{"allow":["GET"]}}],"collection":[{"href":"https:\/\/aliso.fr\/reseau\/wp-json\/wp\/v2\/posts"}],"about":[{"href":"https:\/\/aliso.fr\/reseau\/wp-json\/wp\/v2\/types\/post"}],"author":[{"embeddable":true,"href":"https:\/\/aliso.fr\/reseau\/wp-json\/wp\/v2\/users\/3"}],"replies":[{"embeddable":true,"href":"https:\/\/aliso.fr\/reseau\/wp-json\/wp\/v2\/comments?post=906"}],"version-history":[{"count":4,"href":"https:\/\/aliso.fr\/reseau\/wp-json\/wp\/v2\/posts\/906\/revisions"}],"predecessor-version":[{"id":914,"href":"https:\/\/aliso.fr\/reseau\/wp-json\/wp\/v2\/posts\/906\/revisions\/914"}],"wp:featuredmedia":[{"embeddable":true,"href":"https:\/\/aliso.fr\/reseau\/wp-json\/wp\/v2\/media\/907"}],"wp:attachment":[{"href":"https:\/\/aliso.fr\/reseau\/wp-json\/wp\/v2\/media?parent=906"}],"wp:term":[{"taxonomy":"category","embeddable":true,"href":"https:\/\/aliso.fr\/reseau\/wp-json\/wp\/v2\/categories?post=906"},{"taxonomy":"post_tag","embeddable":true,"href":"https:\/\/aliso.fr\/reseau\/wp-json\/wp\/v2\/tags?post=906"}],"curies":[{"name":"wp","href":"https:\/\/api.w.org\/{rel}","templated":true}]}}