{"id":934,"date":"2022-05-05T08:55:43","date_gmt":"2022-05-05T06:55:43","guid":{"rendered":"https:\/\/aliso.fr\/reseau\/?p=934"},"modified":"2022-05-05T09:53:42","modified_gmt":"2022-05-05T07:53:42","slug":"point-conseil-budget-a-ludaf-23","status":"publish","type":"post","link":"https:\/\/aliso.fr\/reseau\/point-conseil-budget-a-ludaf-23\/","title":{"rendered":"Point Conseil Budget \u00e0 l&rsquo;UDAF 23"},"content":{"rendered":"\n<p>Les Points conseil budget (PCB) figurent parmi les mesures cl\u00e9s de la Strat\u00e9gie nationale de pr\u00e9vention et de lutte contre la pauvret\u00e9. C\u2019est un service gratuit labellis\u00e9 par l\u2019\u00c9tat, pour pr\u00e9venir le surendettement et renforcer l\u2019accompagnement des personnes pouvant rencontrer des difficult\u00e9s financi\u00e8res.<\/p>\n\n\n\n<p>50 avenue d\u2019Auvergne<br>BP 142<br>23003 Gu\u00e9ret<\/p>\n\n\n\n<p>Nous vous proposons un temps d&rsquo;\u00e9change avec\u00a0Malvina Hivonnet , Sabine Baudy,\u00a0 et Marie-Line Norre de l&rsquo;UDAF 23 pour vous pr\u00e9senter le Point Conseil Budget pr\u00e9sent sur l&rsquo;ensemble du territoire Creusois pouvant \u00eatre sollicit\u00e9 par vos publics.<\/p>\n\n\n\n<p>Pour conna\u00eetre et comprendre ce dispositif et ses enjeux, nous vous invitons \u00e0 une visio&nbsp; <strong>Vendredi 13 Mai 2022 \u00e0 10h<\/strong>.<\/p>\n","protected":false},"excerpt":{"rendered":"<p>Les Points conseil budget (PCB) figurent parmi les mesures cl\u00e9s de la Strat\u00e9gie nationale de pr\u00e9vention et de lutte contre la pauvret\u00e9. C\u2019est un service gratuit labellis\u00e9 par l\u2019\u00c9tat, pour pr\u00e9venir le surendettement et renforcer l\u2019accompagnement des personnes pouvant rencontrer des difficult\u00e9s financi\u00e8res. 50 avenue d\u2019AuvergneBP 14223003 Gu\u00e9ret Nous vous proposons un temps d&rsquo;\u00e9change avec\u00a0Malvina&#8230; <a class=\"excerpt-read-more button\" href=\"https:\/\/aliso.fr\/reseau\/point-conseil-budget-a-ludaf-23\/\" title=\"ReadPoint Conseil Budget \u00e0 l&rsquo;UDAF 23\">En savoir plus &raquo;<\/a><\/p>\n","protected":false},"author":3,"featured_media":931,"comment_status":"closed","ping_status":"open","sticky":false,"template":"","format":"standard","meta":{"footnotes":""},"categories":[3],"tags":[],"class_list":["post-934","post","type-post","status-publish","format-standard","has-post-thumbnail","hentry","category-actualite"],"yoast_head":"<!-- This site is optimized with the Yoast SEO plugin v27.4 - https:\/\/yoast.com\/product\/yoast-seo-wordpress\/ -->\n<title>Point Conseil Budget \u00e0 l&#039;UDAF 23 - Aliso R\u00e9seau<\/title>\n<meta name=\"robots\" content=\"index, follow, max-snippet:-1, max-image-preview:large, max-video-preview:-1\" \/>\n<link rel=\"canonical\" href=\"https:\/\/aliso.fr\/reseau\/point-conseil-budget-a-ludaf-23\/\" \/>\n<meta property=\"og:locale\" content=\"fr_FR\" \/>\n<meta property=\"og:type\" content=\"article\" \/>\n<meta property=\"og:title\" content=\"Point Conseil Budget \u00e0 l&#039;UDAF 23 - Aliso R\u00e9seau\" \/>\n<meta property=\"og:description\" content=\"Les Points conseil budget (PCB) figurent parmi les mesures cl\u00e9s de la Strat\u00e9gie nationale de pr\u00e9vention et de lutte contre la pauvret\u00e9. C\u2019est un service gratuit labellis\u00e9 par l\u2019\u00c9tat, pour pr\u00e9venir le surendettement et renforcer l\u2019accompagnement des personnes pouvant rencontrer des difficult\u00e9s financi\u00e8res. 50 avenue d\u2019AuvergneBP 14223003 Gu\u00e9ret Nous vous proposons un temps d&rsquo;\u00e9change avec\u00a0Malvina... En savoir plus &raquo;\" \/>\n<meta property=\"og:url\" content=\"https:\/\/aliso.fr\/reseau\/point-conseil-budget-a-ludaf-23\/\" \/>\n<meta property=\"og:site_name\" content=\"Aliso R\u00e9seau\" \/>\n<meta property=\"article:published_time\" content=\"2022-05-05T06:55:43+00:00\" \/>\n<meta property=\"article:modified_time\" content=\"2022-05-05T07:53:42+00:00\" \/>\n<meta property=\"og:image\" content=\"https:\/\/aliso.fr\/reseau\/wp-content\/uploads\/sites\/4\/\/2022\/05\/point-conseil-budget-udaf.png\" \/>\n\t<meta property=\"og:image:width\" content=\"1\" \/>\n\t<meta property=\"og:image:height\" content=\"1\" \/>\n\t<meta property=\"og:image:type\" content=\"image\/png\" \/>\n<meta name=\"author\" content=\"laure\" \/>\n<meta name=\"twitter:card\" content=\"summary_large_image\" \/>\n<script type=\"application\/ld+json\" class=\"yoast-schema-graph\">{\"@context\":\"https:\\\/\\\/schema.org\",\"@graph\":[{\"@type\":\"Article\",\"@id\":\"https:\\\/\\\/aliso.fr\\\/reseau\\\/point-conseil-budget-a-ludaf-23\\\/#article\",\"isPartOf\":{\"@id\":\"https:\\\/\\\/aliso.fr\\\/reseau\\\/point-conseil-budget-a-ludaf-23\\\/\"},\"author\":{\"name\":\"laure\",\"@id\":\"https:\\\/\\\/aliso.fr\\\/reseau\\\/#\\\/schema\\\/person\\\/056af145b9c52eee21a9f739489104a5\"},\"headline\":\"Point Conseil Budget \u00e0 l&rsquo;UDAF 23\",\"datePublished\":\"2022-05-05T06:55:43+00:00\",\"dateModified\":\"2022-05-05T07:53:42+00:00\",\"mainEntityOfPage\":{\"@id\":\"https:\\\/\\\/aliso.fr\\\/reseau\\\/point-conseil-budget-a-ludaf-23\\\/\"},\"wordCount\":121,\"publisher\":{\"@id\":\"https:\\\/\\\/aliso.fr\\\/reseau\\\/#organization\"},\"image\":{\"@id\":\"https:\\\/\\\/aliso.fr\\\/reseau\\\/point-conseil-budget-a-ludaf-23\\\/#primaryimage\"},\"thumbnailUrl\":\"https:\\\/\\\/aliso.fr\\\/reseau\\\/wp-content\\\/uploads\\\/sites\\\/4\\\/\\\/2022\\\/05\\\/point-conseil-budget-udaf.png\",\"articleSection\":[\"Actualit\u00e9\"],\"inLanguage\":\"fr-FR\"},{\"@type\":\"WebPage\",\"@id\":\"https:\\\/\\\/aliso.fr\\\/reseau\\\/point-conseil-budget-a-ludaf-23\\\/\",\"url\":\"https:\\\/\\\/aliso.fr\\\/reseau\\\/point-conseil-budget-a-ludaf-23\\\/\",\"name\":\"Point Conseil Budget \u00e0 l'UDAF 23 - Aliso R\u00e9seau\",\"isPartOf\":{\"@id\":\"https:\\\/\\\/aliso.fr\\\/reseau\\\/#website\"},\"primaryImageOfPage\":{\"@id\":\"https:\\\/\\\/aliso.fr\\\/reseau\\\/point-conseil-budget-a-ludaf-23\\\/#primaryimage\"},\"image\":{\"@id\":\"https:\\\/\\\/aliso.fr\\\/reseau\\\/point-conseil-budget-a-ludaf-23\\\/#primaryimage\"},\"thumbnailUrl\":\"https:\\\/\\\/aliso.fr\\\/reseau\\\/wp-content\\\/uploads\\\/sites\\\/4\\\/\\\/2022\\\/05\\\/point-conseil-budget-udaf.png\",\"datePublished\":\"2022-05-05T06:55:43+00:00\",\"dateModified\":\"2022-05-05T07:53:42+00:00\",\"breadcrumb\":{\"@id\":\"https:\\\/\\\/aliso.fr\\\/reseau\\\/point-conseil-budget-a-ludaf-23\\\/#breadcrumb\"},\"inLanguage\":\"fr-FR\",\"potentialAction\":[{\"@type\":\"ReadAction\",\"target\":[\"https:\\\/\\\/aliso.fr\\\/reseau\\\/point-conseil-budget-a-ludaf-23\\\/\"]}]},{\"@type\":\"ImageObject\",\"inLanguage\":\"fr-FR\",\"@id\":\"https:\\\/\\\/aliso.fr\\\/reseau\\\/point-conseil-budget-a-ludaf-23\\\/#primaryimage\",\"url\":\"https:\\\/\\\/aliso.fr\\\/reseau\\\/wp-content\\\/uploads\\\/sites\\\/4\\\/\\\/2022\\\/05\\\/point-conseil-budget-udaf.png\",\"contentUrl\":\"https:\\\/\\\/aliso.fr\\\/reseau\\\/wp-content\\\/uploads\\\/sites\\\/4\\\/\\\/2022\\\/05\\\/point-conseil-budget-udaf.png\"},{\"@type\":\"BreadcrumbList\",\"@id\":\"https:\\\/\\\/aliso.fr\\\/reseau\\\/point-conseil-budget-a-ludaf-23\\\/#breadcrumb\",\"itemListElement\":[{\"@type\":\"ListItem\",\"position\":1,\"name\":\"Accueil\",\"item\":\"https:\\\/\\\/aliso.fr\\\/reseau\\\/\"},{\"@type\":\"ListItem\",\"position\":2,\"name\":\"Actualit\u00e9\",\"item\":\"https:\\\/\\\/aliso.fr\\\/reseau\\\/actualite\\\/\"},{\"@type\":\"ListItem\",\"position\":3,\"name\":\"Point Conseil Budget \u00e0 l&rsquo;UDAF 23\"}]},{\"@type\":\"WebSite\",\"@id\":\"https:\\\/\\\/aliso.fr\\\/reseau\\\/#website\",\"url\":\"https:\\\/\\\/aliso.fr\\\/reseau\\\/\",\"name\":\"Aliso R\u00e9seau\",\"description\":\"R\u00e9seau Creusois des acteurs du lien social\",\"publisher\":{\"@id\":\"https:\\\/\\\/aliso.fr\\\/reseau\\\/#organization\"},\"potentialAction\":[{\"@type\":\"SearchAction\",\"target\":{\"@type\":\"EntryPoint\",\"urlTemplate\":\"https:\\\/\\\/aliso.fr\\\/reseau\\\/?s={search_term_string}\"},\"query-input\":{\"@type\":\"PropertyValueSpecification\",\"valueRequired\":true,\"valueName\":\"search_term_string\"}}],\"inLanguage\":\"fr-FR\"},{\"@type\":\"Organization\",\"@id\":\"https:\\\/\\\/aliso.fr\\\/reseau\\\/#organization\",\"name\":\"Aliso R\u00e9seau\",\"url\":\"https:\\\/\\\/aliso.fr\\\/reseau\\\/\",\"logo\":{\"@type\":\"ImageObject\",\"inLanguage\":\"fr-FR\",\"@id\":\"https:\\\/\\\/aliso.fr\\\/reseau\\\/#\\\/schema\\\/logo\\\/image\\\/\",\"url\":\"https:\\\/\\\/aliso.fr\\\/reseau\\\/wp-content\\\/uploads\\\/sites\\\/4\\\/2022\\\/01\\\/Logo-ALISO-Reseau-2.png\",\"contentUrl\":\"https:\\\/\\\/aliso.fr\\\/reseau\\\/wp-content\\\/uploads\\\/sites\\\/4\\\/2022\\\/01\\\/Logo-ALISO-Reseau-2.png\",\"width\":900,\"height\":970,\"caption\":\"Aliso R\u00e9seau\"},\"image\":{\"@id\":\"https:\\\/\\\/aliso.fr\\\/reseau\\\/#\\\/schema\\\/logo\\\/image\\\/\"}},{\"@type\":\"Person\",\"@id\":\"https:\\\/\\\/aliso.fr\\\/reseau\\\/#\\\/schema\\\/person\\\/056af145b9c52eee21a9f739489104a5\",\"name\":\"laure\"}]}<\/script>\n<!-- \/ Yoast SEO plugin. -->","yoast_head_json":{"title":"Point Conseil Budget \u00e0 l'UDAF 23 - Aliso R\u00e9seau","robots":{"index":"index","follow":"follow","max-snippet":"max-snippet:-1","max-image-preview":"max-image-preview:large","max-video-preview":"max-video-preview:-1"},"canonical":"https:\/\/aliso.fr\/reseau\/point-conseil-budget-a-ludaf-23\/","og_locale":"fr_FR","og_type":"article","og_title":"Point Conseil Budget \u00e0 l'UDAF 23 - Aliso R\u00e9seau","og_description":"Les Points conseil budget (PCB) figurent parmi les mesures cl\u00e9s de la Strat\u00e9gie nationale de pr\u00e9vention et de lutte contre la pauvret\u00e9. C\u2019est un service gratuit labellis\u00e9 par l\u2019\u00c9tat, pour pr\u00e9venir le surendettement et renforcer l\u2019accompagnement des personnes pouvant rencontrer des difficult\u00e9s financi\u00e8res. 50 avenue d\u2019AuvergneBP 14223003 Gu\u00e9ret Nous vous proposons un temps d&rsquo;\u00e9change avec\u00a0Malvina... En savoir plus &raquo;","og_url":"https:\/\/aliso.fr\/reseau\/point-conseil-budget-a-ludaf-23\/","og_site_name":"Aliso R\u00e9seau","article_published_time":"2022-05-05T06:55:43+00:00","article_modified_time":"2022-05-05T07:53:42+00:00","og_image":[{"url":"https:\/\/aliso.fr\/reseau\/wp-content\/uploads\/sites\/4\/\/2022\/05\/point-conseil-budget-udaf.png","width":1,"height":1,"type":"image\/png"}],"author":"laure","twitter_card":"summary_large_image","schema":{"@context":"https:\/\/schema.org","@graph":[{"@type":"Article","@id":"https:\/\/aliso.fr\/reseau\/point-conseil-budget-a-ludaf-23\/#article","isPartOf":{"@id":"https:\/\/aliso.fr\/reseau\/point-conseil-budget-a-ludaf-23\/"},"author":{"name":"laure","@id":"https:\/\/aliso.fr\/reseau\/#\/schema\/person\/056af145b9c52eee21a9f739489104a5"},"headline":"Point Conseil Budget \u00e0 l&rsquo;UDAF 23","datePublished":"2022-05-05T06:55:43+00:00","dateModified":"2022-05-05T07:53:42+00:00","mainEntityOfPage":{"@id":"https:\/\/aliso.fr\/reseau\/point-conseil-budget-a-ludaf-23\/"},"wordCount":121,"publisher":{"@id":"https:\/\/aliso.fr\/reseau\/#organization"},"image":{"@id":"https:\/\/aliso.fr\/reseau\/point-conseil-budget-a-ludaf-23\/#primaryimage"},"thumbnailUrl":"https:\/\/aliso.fr\/reseau\/wp-content\/uploads\/sites\/4\/\/2022\/05\/point-conseil-budget-udaf.png","articleSection":["Actualit\u00e9"],"inLanguage":"fr-FR"},{"@type":"WebPage","@id":"https:\/\/aliso.fr\/reseau\/point-conseil-budget-a-ludaf-23\/","url":"https:\/\/aliso.fr\/reseau\/point-conseil-budget-a-ludaf-23\/","name":"Point Conseil Budget \u00e0 l'UDAF 23 - Aliso R\u00e9seau","isPartOf":{"@id":"https:\/\/aliso.fr\/reseau\/#website"},"primaryImageOfPage":{"@id":"https:\/\/aliso.fr\/reseau\/point-conseil-budget-a-ludaf-23\/#primaryimage"},"image":{"@id":"https:\/\/aliso.fr\/reseau\/point-conseil-budget-a-ludaf-23\/#primaryimage"},"thumbnailUrl":"https:\/\/aliso.fr\/reseau\/wp-content\/uploads\/sites\/4\/\/2022\/05\/point-conseil-budget-udaf.png","datePublished":"2022-05-05T06:55:43+00:00","dateModified":"2022-05-05T07:53:42+00:00","breadcrumb":{"@id":"https:\/\/aliso.fr\/reseau\/point-conseil-budget-a-ludaf-23\/#breadcrumb"},"inLanguage":"fr-FR","potentialAction":[{"@type":"ReadAction","target":["https:\/\/aliso.fr\/reseau\/point-conseil-budget-a-ludaf-23\/"]}]},{"@type":"ImageObject","inLanguage":"fr-FR","@id":"https:\/\/aliso.fr\/reseau\/point-conseil-budget-a-ludaf-23\/#primaryimage","url":"https:\/\/aliso.fr\/reseau\/wp-content\/uploads\/sites\/4\/\/2022\/05\/point-conseil-budget-udaf.png","contentUrl":"https:\/\/aliso.fr\/reseau\/wp-content\/uploads\/sites\/4\/\/2022\/05\/point-conseil-budget-udaf.png"},{"@type":"BreadcrumbList","@id":"https:\/\/aliso.fr\/reseau\/point-conseil-budget-a-ludaf-23\/#breadcrumb","itemListElement":[{"@type":"ListItem","position":1,"name":"Accueil","item":"https:\/\/aliso.fr\/reseau\/"},{"@type":"ListItem","position":2,"name":"Actualit\u00e9","item":"https:\/\/aliso.fr\/reseau\/actualite\/"},{"@type":"ListItem","position":3,"name":"Point Conseil Budget \u00e0 l&rsquo;UDAF 23"}]},{"@type":"WebSite","@id":"https:\/\/aliso.fr\/reseau\/#website","url":"https:\/\/aliso.fr\/reseau\/","name":"Aliso R\u00e9seau","description":"R\u00e9seau Creusois des acteurs du lien social","publisher":{"@id":"https:\/\/aliso.fr\/reseau\/#organization"},"potentialAction":[{"@type":"SearchAction","target":{"@type":"EntryPoint","urlTemplate":"https:\/\/aliso.fr\/reseau\/?s={search_term_string}"},"query-input":{"@type":"PropertyValueSpecification","valueRequired":true,"valueName":"search_term_string"}}],"inLanguage":"fr-FR"},{"@type":"Organization","@id":"https:\/\/aliso.fr\/reseau\/#organization","name":"Aliso R\u00e9seau","url":"https:\/\/aliso.fr\/reseau\/","logo":{"@type":"ImageObject","inLanguage":"fr-FR","@id":"https:\/\/aliso.fr\/reseau\/#\/schema\/logo\/image\/","url":"https:\/\/aliso.fr\/reseau\/wp-content\/uploads\/sites\/4\/2022\/01\/Logo-ALISO-Reseau-2.png","contentUrl":"https:\/\/aliso.fr\/reseau\/wp-content\/uploads\/sites\/4\/2022\/01\/Logo-ALISO-Reseau-2.png","width":900,"height":970,"caption":"Aliso R\u00e9seau"},"image":{"@id":"https:\/\/aliso.fr\/reseau\/#\/schema\/logo\/image\/"}},{"@type":"Person","@id":"https:\/\/aliso.fr\/reseau\/#\/schema\/person\/056af145b9c52eee21a9f739489104a5","name":"laure"}]}},"_links":{"self":[{"href":"https:\/\/aliso.fr\/reseau\/wp-json\/wp\/v2\/posts\/934","targetHints":{"allow":["GET"]}}],"collection":[{"href":"https:\/\/aliso.fr\/reseau\/wp-json\/wp\/v2\/posts"}],"about":[{"href":"https:\/\/aliso.fr\/reseau\/wp-json\/wp\/v2\/types\/post"}],"author":[{"embeddable":true,"href":"https:\/\/aliso.fr\/reseau\/wp-json\/wp\/v2\/users\/3"}],"replies":[{"embeddable":true,"href":"https:\/\/aliso.fr\/reseau\/wp-json\/wp\/v2\/comments?post=934"}],"version-history":[{"count":2,"href":"https:\/\/aliso.fr\/reseau\/wp-json\/wp\/v2\/posts\/934\/revisions"}],"predecessor-version":[{"id":937,"href":"https:\/\/aliso.fr\/reseau\/wp-json\/wp\/v2\/posts\/934\/revisions\/937"}],"wp:featuredmedia":[{"embeddable":true,"href":"https:\/\/aliso.fr\/reseau\/wp-json\/wp\/v2\/media\/931"}],"wp:attachment":[{"href":"https:\/\/aliso.fr\/reseau\/wp-json\/wp\/v2\/media?parent=934"}],"wp:term":[{"taxonomy":"category","embeddable":true,"href":"https:\/\/aliso.fr\/reseau\/wp-json\/wp\/v2\/categories?post=934"},{"taxonomy":"post_tag","embeddable":true,"href":"https:\/\/aliso.fr\/reseau\/wp-json\/wp\/v2\/tags?post=934"}],"curies":[{"name":"wp","href":"https:\/\/api.w.org\/{rel}","templated":true}]}}